{"id":26518,"date":"2022-08-26T13:06:23","date_gmt":"2022-08-26T11:06:23","guid":{"rendered":"https:\/\/schoenstatt.com\/?p=26518"},"modified":"2025-05-15T20:21:45","modified_gmt":"2025-05-15T18:21:45","slug":"hoeren-auf-die-stimme-gottes","status":"publish","type":"post","link":"https:\/\/schoenstatt.com\/de\/hoeren-auf-die-stimme-gottes\/","title":{"rendered":"H\u00f6ren auf die Stimme Gottes"},"content":{"rendered":"<p>Am 1. September beginnt auf dem Josef-Kentenich-Hof in <a href=\"https:\/\/schoenstatt.com\/de\/schoenstatt-gemeinschaften\/internationale-gemeinschaften-der-schoenstatt-bewegung-stehen-vor-ihrem-generalkapitel\/\">Hillscheid<\/a> das 4. Generalkapitel des Internationalen Apostolischen Sch\u00f6nstatt-Familienbundes, das bis zum 11. September dauern wird. Vor 7 Jahren fand das 3. Generalkapitel statt. Wegen der Corona-Pandemie musste das bevorstehende Kapitel um ein Jahr verschoben werden.<\/p>\n<p>Am Kapitel nehmen 23 Ehepaare als Kapitulare teil, die aus 12 L\u00e4ndern kommen. Die Kapitulare vertreten etwa 2.000 Familien aus insgesamt 20 L\u00e4ndern. Aus Europa kommen 10 Ehepaare, aus Lateinamerika 13. Mit sechs Sprachen (deutsch, spanisch, portugiesisch, polnisch, tschechisch und ungarisch) ist eine gro\u00dfer Aufwand f\u00fcr \u00dcbersetzungen erforderlich, ein Zeichen f\u00fcr die Vielfalt der Bundesgemeinschaft. Insgesamt 26 Volont\u00e4re und Mitarbeiter werden die Kapitulare unterst\u00fctzen.<\/p>\n<h3>R\u00fcckblick und Ausblick<\/h3>\n<p>Die nun zu Ende gehende Leitungsperiode war gepr\u00e4gt vom Auf- und Ausbau des Sch\u00f6nstatt-Familienbundes in mehreren L\u00e4ndern und von der Begleitung der Gemeinschaften in der Gr\u00fcndungsphase. Bis heute haben acht Territorien ihre Autonomie erreicht.<\/p>\n<p>An Themen stehen beim Generalkapitel an: die Berichte der Territorien, die \u00dcberarbeitung der internationalen Satzung und die Behandlung der Antr\u00e4ge sowie die Wahl einer neuen Internationalen Leitung. Aber in besonderer Weise sucht die Gemeinschaft im Geist der Synodalit\u00e4t miteinander die Stimme Gottes zu h\u00f6ren durch einen Austausch zu brennenden Themen der Gemeinschaft wie z.B. der Causa Kentenich oder der Zusammenarbeit der Familiengemeinschaften Sch\u00f6nstatts. \u00dcberlegungen zur Begleitung und Erziehung von Kandidatenfamilien werden neben vielen anderen Themen ebenso im Fokus des Kapitels stehen wie die Frage nach der Sendung der Gemeinschaft in der Kirche und f\u00fcr die Kirche.<\/p>\n<h3>Offenheit f\u00fcreinander und f\u00fcr die leise Stimme Gottes<\/h3>\n<p>\u201eF\u00fcr alle Beratungen und Themen erbitten wir Bundesfamilien die Gaben des Heiligen Geistes\u201c, so Rosa-Maria und Josef Wieland, internationale Leiterfamilie, \u201eund eine gro\u00dfe Offenheit f\u00fcreinander und f\u00fcr die leise Stimme Gottes, so dass ein starker Impuls f\u00fcr die Zukunft des Internationalen Apostolischen Sch\u00f6nstatt-Familienbundes vom Kapitel ausgehen kann.\u201c Die Gemeinschaft freut sich \u00fcber begleitendes Gebet f\u00fcr das Generalkapitel in der ganzen Sch\u00f6nstatt-Bewegung.<\/p>\n<h6><em>Quelle: <a href=\"https:\/\/www.schoenstatt.de\/de\/news\/5781\/112\/Hoeren-auf-die-Stimme-Gottes-Das-Generalkapitel-des-Internationalen-Apostolischen-Schoenstatt-Familienbundes-tagt-im-September.htm\">schoenstatt.de<\/a> &#8211; Fotos: HBrehm<\/em><\/h6>\n","protected":false},"excerpt":{"rendered":"<p>Das Generalkapitel des Internationalen Apostolischen Sch\u00f6nstatt-Familienbundes tagt im September<\/p>\n","protected":false},"author":6,"featured_media":26519,"comment_status":"closed","ping_status":"closed","sticky":false,"template":"","format":"standard","meta":{"footnotes":""},"categories":[907],"tags":[],"class_list":["post-26518","post","type-post","status-publish","format-standard","has-post-thumbnail","hentry","category-schoenstatt-gemeinschaften-de"],"yoast_head":"<!-- This site is optimized with the Yoast SEO Premium plugin v27.4 (Yoast SEO v27.5) - https:\/\/yoast.com\/product\/yoast-seo-premium-wordpress\/ -->\n<title>H\u00f6ren auf die Stimme Gottes - Schoenstatt<\/title>\n<meta name=\"description\" content=\"Das Generalkapitel des Internationalen Apostolischen Sch\u00f6nstatt-Familienbundes tagt im September auf dem Josef-Kentenich-Hof in Hillscheid.\" \/>\n<meta name=\"robots\" content=\"index, follow, max-snippet:-1, max-image-preview:large, max-video-preview:-1\" \/>\n<link rel=\"canonical\" href=\"https:\/\/schoenstatt.com\/de\/hoeren-auf-die-stimme-gottes\/\" \/>\n<meta property=\"og:locale\" content=\"de_DE\" \/>\n<meta property=\"og:type\" content=\"article\" \/>\n<meta property=\"og:title\" content=\"H\u00f6ren auf die Stimme Gottes\" \/>\n<meta property=\"og:description\" content=\"Das Generalkapitel des Internationalen Apostolischen Sch\u00f6nstatt-Familienbundes tagt im September auf dem Josef-Kentenich-Hof in Hillscheid.\" \/>\n<meta property=\"og:url\" content=\"https:\/\/schoenstatt.com\/de\/hoeren-auf-die-stimme-gottes\/\" \/>\n<meta property=\"og:site_name\" content=\"Schoenstatt\" \/>\n<meta property=\"article:published_time\" content=\"2022-08-26T11:06:23+00:00\" \/>\n<meta property=\"article:modified_time\" content=\"2025-05-15T18:21:45+00:00\" \/>\n<meta property=\"og:image\" content=\"https:\/\/schoenstatt.com\/wp-content\/uploads\/2022\/08\/HIllscheid-Foto-Brehm-e1661511928930-1.png\" \/>\n\t<meta property=\"og:image:width\" content=\"1017\" \/>\n\t<meta property=\"og:image:height\" content=\"506\" \/>\n\t<meta property=\"og:image:type\" content=\"image\/png\" \/>\n<meta name=\"author\" content=\"Vanessa Franke\" \/>\n<meta name=\"twitter:card\" content=\"summary_large_image\" \/>\n<meta name=\"twitter:label1\" content=\"Verfasst von\" \/>\n\t<meta name=\"twitter:data1\" content=\"Vanessa Franke\" \/>\n\t<meta name=\"twitter:label2\" content=\"Gesch\u00e4tzte Lesezeit\" \/>\n\t<meta name=\"twitter:data2\" content=\"2\u00a0Minuten\" \/>\n<script type=\"application\/ld+json\" class=\"yoast-schema-graph\">{\"@context\":\"https:\\\/\\\/schema.org\",\"@graph\":[{\"@type\":\"Article\",\"@id\":\"https:\\\/\\\/schoenstatt.com\\\/de\\\/hoeren-auf-die-stimme-gottes\\\/#article\",\"isPartOf\":{\"@id\":\"https:\\\/\\\/schoenstatt.com\\\/de\\\/hoeren-auf-die-stimme-gottes\\\/\"},\"author\":{\"name\":\"Vanessa Franke\",\"@id\":\"https:\\\/\\\/schoenstatt.com\\\/de\\\/#\\\/schema\\\/person\\\/ea97a60c723e21c923e2177f0f3163f7\"},\"headline\":\"H\u00f6ren auf die Stimme Gottes\",\"datePublished\":\"2022-08-26T11:06:23+00:00\",\"dateModified\":\"2025-05-15T18:21:45+00:00\",\"mainEntityOfPage\":{\"@id\":\"https:\\\/\\\/schoenstatt.com\\\/de\\\/hoeren-auf-die-stimme-gottes\\\/\"},\"wordCount\":338,\"publisher\":{\"@id\":\"https:\\\/\\\/schoenstatt.com\\\/de\\\/#organization\"},\"image\":{\"@id\":\"https:\\\/\\\/schoenstatt.com\\\/de\\\/hoeren-auf-die-stimme-gottes\\\/#primaryimage\"},\"thumbnailUrl\":\"https:\\\/\\\/schoenstatt.com\\\/wp-content\\\/uploads\\\/2022\\\/08\\\/HIllscheid-Foto-Brehm-e1661511928930-1.png\",\"articleSection\":[\"Schoenstatt Gemeinschaften\"],\"inLanguage\":\"de\"},{\"@type\":\"WebPage\",\"@id\":\"https:\\\/\\\/schoenstatt.com\\\/de\\\/hoeren-auf-die-stimme-gottes\\\/\",\"url\":\"https:\\\/\\\/schoenstatt.com\\\/de\\\/hoeren-auf-die-stimme-gottes\\\/\",\"name\":\"H\u00f6ren auf die Stimme Gottes - Schoenstatt\",\"isPartOf\":{\"@id\":\"https:\\\/\\\/schoenstatt.com\\\/de\\\/#website\"},\"primaryImageOfPage\":{\"@id\":\"https:\\\/\\\/schoenstatt.com\\\/de\\\/hoeren-auf-die-stimme-gottes\\\/#primaryimage\"},\"image\":{\"@id\":\"https:\\\/\\\/schoenstatt.com\\\/de\\\/hoeren-auf-die-stimme-gottes\\\/#primaryimage\"},\"thumbnailUrl\":\"https:\\\/\\\/schoenstatt.com\\\/wp-content\\\/uploads\\\/2022\\\/08\\\/HIllscheid-Foto-Brehm-e1661511928930-1.png\",\"datePublished\":\"2022-08-26T11:06:23+00:00\",\"dateModified\":\"2025-05-15T18:21:45+00:00\",\"description\":\"Das Generalkapitel des Internationalen Apostolischen Sch\u00f6nstatt-Familienbundes tagt im September auf dem Josef-Kentenich-Hof in Hillscheid.\",\"breadcrumb\":{\"@id\":\"https:\\\/\\\/schoenstatt.com\\\/de\\\/hoeren-auf-die-stimme-gottes\\\/#breadcrumb\"},\"inLanguage\":\"de\",\"potentialAction\":[{\"@type\":\"ReadAction\",\"target\":[\"https:\\\/\\\/schoenstatt.com\\\/de\\\/hoeren-auf-die-stimme-gottes\\\/\"]}]},{\"@type\":\"ImageObject\",\"inLanguage\":\"de\",\"@id\":\"https:\\\/\\\/schoenstatt.com\\\/de\\\/hoeren-auf-die-stimme-gottes\\\/#primaryimage\",\"url\":\"https:\\\/\\\/schoenstatt.com\\\/wp-content\\\/uploads\\\/2022\\\/08\\\/HIllscheid-Foto-Brehm-e1661511928930-1.png\",\"contentUrl\":\"https:\\\/\\\/schoenstatt.com\\\/wp-content\\\/uploads\\\/2022\\\/08\\\/HIllscheid-Foto-Brehm-e1661511928930-1.png\",\"width\":1017,\"height\":506,\"caption\":\"Stimme Gottes\"},{\"@type\":\"BreadcrumbList\",\"@id\":\"https:\\\/\\\/schoenstatt.com\\\/de\\\/hoeren-auf-die-stimme-gottes\\\/#breadcrumb\",\"itemListElement\":[{\"@type\":\"ListItem\",\"position\":1,\"name\":\"Portada\",\"item\":\"https:\\\/\\\/schoenstatt.com\\\/de\\\/home\\\/\"},{\"@type\":\"ListItem\",\"position\":2,\"name\":\"H\u00f6ren auf die Stimme Gottes\"}]},{\"@type\":\"WebSite\",\"@id\":\"https:\\\/\\\/schoenstatt.com\\\/de\\\/#website\",\"url\":\"https:\\\/\\\/schoenstatt.com\\\/de\\\/\",\"name\":\"Schoenstatt\",\"description\":\"Apostolic Movement\",\"publisher\":{\"@id\":\"https:\\\/\\\/schoenstatt.com\\\/de\\\/#organization\"},\"potentialAction\":[{\"@type\":\"SearchAction\",\"target\":{\"@type\":\"EntryPoint\",\"urlTemplate\":\"https:\\\/\\\/schoenstatt.com\\\/de\\\/?s={search_term_string}\"},\"query-input\":{\"@type\":\"PropertyValueSpecification\",\"valueRequired\":true,\"valueName\":\"search_term_string\"}}],\"inLanguage\":\"de\"},{\"@type\":\"Organization\",\"@id\":\"https:\\\/\\\/schoenstatt.com\\\/de\\\/#organization\",\"name\":\"Schoenstatt\",\"url\":\"https:\\\/\\\/schoenstatt.com\\\/de\\\/\",\"logo\":{\"@type\":\"ImageObject\",\"inLanguage\":\"de\",\"@id\":\"https:\\\/\\\/schoenstatt.com\\\/de\\\/#\\\/schema\\\/logo\\\/image\\\/\",\"url\":\"https:\\\/\\\/schoenstatt.com\\\/wp-content\\\/uploads\\\/2025\\\/04\\\/logo-schoenstatt-white-696x696-1.png\",\"contentUrl\":\"https:\\\/\\\/schoenstatt.com\\\/wp-content\\\/uploads\\\/2025\\\/04\\\/logo-schoenstatt-white-696x696-1.png\",\"width\":696,\"height\":694,\"caption\":\"Schoenstatt\"},\"image\":{\"@id\":\"https:\\\/\\\/schoenstatt.com\\\/de\\\/#\\\/schema\\\/logo\\\/image\\\/\"}},{\"@type\":\"Person\",\"@id\":\"https:\\\/\\\/schoenstatt.com\\\/de\\\/#\\\/schema\\\/person\\\/ea97a60c723e21c923e2177f0f3163f7\",\"name\":\"Vanessa Franke\",\"image\":{\"@type\":\"ImageObject\",\"inLanguage\":\"de\",\"@id\":\"https:\\\/\\\/secure.gravatar.com\\\/avatar\\\/a9bcca3409928ccd3195eca11e2ccbb2e5d7c7912e9a945d4f326f81a0a5cb4a?s=96&d=mm&r=g\",\"url\":\"https:\\\/\\\/secure.gravatar.com\\\/avatar\\\/a9bcca3409928ccd3195eca11e2ccbb2e5d7c7912e9a945d4f326f81a0a5cb4a?s=96&d=mm&r=g\",\"contentUrl\":\"https:\\\/\\\/secure.gravatar.com\\\/avatar\\\/a9bcca3409928ccd3195eca11e2ccbb2e5d7c7912e9a945d4f326f81a0a5cb4a?s=96&d=mm&r=g\",\"caption\":\"Vanessa Franke\"},\"url\":\"https:\\\/\\\/schoenstatt.com\\\/de\\\/author\\\/vanessa-franke\\\/\"}]}<\/script>\n<!-- \/ Yoast SEO Premium plugin. -->","yoast_head_json":{"title":"H\u00f6ren auf die Stimme Gottes - Schoenstatt","description":"Das Generalkapitel des Internationalen Apostolischen Sch\u00f6nstatt-Familienbundes tagt im September auf dem Josef-Kentenich-Hof in Hillscheid.","robots":{"index":"index","follow":"follow","max-snippet":"max-snippet:-1","max-image-preview":"max-image-preview:large","max-video-preview":"max-video-preview:-1"},"canonical":"https:\/\/schoenstatt.com\/de\/hoeren-auf-die-stimme-gottes\/","og_locale":"de_DE","og_type":"article","og_title":"H\u00f6ren auf die Stimme Gottes","og_description":"Das Generalkapitel des Internationalen Apostolischen Sch\u00f6nstatt-Familienbundes tagt im September auf dem Josef-Kentenich-Hof in Hillscheid.","og_url":"https:\/\/schoenstatt.com\/de\/hoeren-auf-die-stimme-gottes\/","og_site_name":"Schoenstatt","article_published_time":"2022-08-26T11:06:23+00:00","article_modified_time":"2025-05-15T18:21:45+00:00","og_image":[{"width":1017,"height":506,"url":"https:\/\/schoenstatt.com\/wp-content\/uploads\/2022\/08\/HIllscheid-Foto-Brehm-e1661511928930-1.png","type":"image\/png"}],"author":"Vanessa Franke","twitter_card":"summary_large_image","twitter_misc":{"Verfasst von":"Vanessa Franke","Gesch\u00e4tzte Lesezeit":"2\u00a0Minuten"},"schema":{"@context":"https:\/\/schema.org","@graph":[{"@type":"Article","@id":"https:\/\/schoenstatt.com\/de\/hoeren-auf-die-stimme-gottes\/#article","isPartOf":{"@id":"https:\/\/schoenstatt.com\/de\/hoeren-auf-die-stimme-gottes\/"},"author":{"name":"Vanessa Franke","@id":"https:\/\/schoenstatt.com\/de\/#\/schema\/person\/ea97a60c723e21c923e2177f0f3163f7"},"headline":"H\u00f6ren auf die Stimme Gottes","datePublished":"2022-08-26T11:06:23+00:00","dateModified":"2025-05-15T18:21:45+00:00","mainEntityOfPage":{"@id":"https:\/\/schoenstatt.com\/de\/hoeren-auf-die-stimme-gottes\/"},"wordCount":338,"publisher":{"@id":"https:\/\/schoenstatt.com\/de\/#organization"},"image":{"@id":"https:\/\/schoenstatt.com\/de\/hoeren-auf-die-stimme-gottes\/#primaryimage"},"thumbnailUrl":"https:\/\/schoenstatt.com\/wp-content\/uploads\/2022\/08\/HIllscheid-Foto-Brehm-e1661511928930-1.png","articleSection":["Schoenstatt Gemeinschaften"],"inLanguage":"de"},{"@type":"WebPage","@id":"https:\/\/schoenstatt.com\/de\/hoeren-auf-die-stimme-gottes\/","url":"https:\/\/schoenstatt.com\/de\/hoeren-auf-die-stimme-gottes\/","name":"H\u00f6ren auf die Stimme Gottes - Schoenstatt","isPartOf":{"@id":"https:\/\/schoenstatt.com\/de\/#website"},"primaryImageOfPage":{"@id":"https:\/\/schoenstatt.com\/de\/hoeren-auf-die-stimme-gottes\/#primaryimage"},"image":{"@id":"https:\/\/schoenstatt.com\/de\/hoeren-auf-die-stimme-gottes\/#primaryimage"},"thumbnailUrl":"https:\/\/schoenstatt.com\/wp-content\/uploads\/2022\/08\/HIllscheid-Foto-Brehm-e1661511928930-1.png","datePublished":"2022-08-26T11:06:23+00:00","dateModified":"2025-05-15T18:21:45+00:00","description":"Das Generalkapitel des Internationalen Apostolischen Sch\u00f6nstatt-Familienbundes tagt im September auf dem Josef-Kentenich-Hof in Hillscheid.","breadcrumb":{"@id":"https:\/\/schoenstatt.com\/de\/hoeren-auf-die-stimme-gottes\/#breadcrumb"},"inLanguage":"de","potentialAction":[{"@type":"ReadAction","target":["https:\/\/schoenstatt.com\/de\/hoeren-auf-die-stimme-gottes\/"]}]},{"@type":"ImageObject","inLanguage":"de","@id":"https:\/\/schoenstatt.com\/de\/hoeren-auf-die-stimme-gottes\/#primaryimage","url":"https:\/\/schoenstatt.com\/wp-content\/uploads\/2022\/08\/HIllscheid-Foto-Brehm-e1661511928930-1.png","contentUrl":"https:\/\/schoenstatt.com\/wp-content\/uploads\/2022\/08\/HIllscheid-Foto-Brehm-e1661511928930-1.png","width":1017,"height":506,"caption":"Stimme Gottes"},{"@type":"BreadcrumbList","@id":"https:\/\/schoenstatt.com\/de\/hoeren-auf-die-stimme-gottes\/#breadcrumb","itemListElement":[{"@type":"ListItem","position":1,"name":"Portada","item":"https:\/\/schoenstatt.com\/de\/home\/"},{"@type":"ListItem","position":2,"name":"H\u00f6ren auf die Stimme Gottes"}]},{"@type":"WebSite","@id":"https:\/\/schoenstatt.com\/de\/#website","url":"https:\/\/schoenstatt.com\/de\/","name":"Schoenstatt","description":"Apostolic Movement","publisher":{"@id":"https:\/\/schoenstatt.com\/de\/#organization"},"potentialAction":[{"@type":"SearchAction","target":{"@type":"EntryPoint","urlTemplate":"https:\/\/schoenstatt.com\/de\/?s={search_term_string}"},"query-input":{"@type":"PropertyValueSpecification","valueRequired":true,"valueName":"search_term_string"}}],"inLanguage":"de"},{"@type":"Organization","@id":"https:\/\/schoenstatt.com\/de\/#organization","name":"Schoenstatt","url":"https:\/\/schoenstatt.com\/de\/","logo":{"@type":"ImageObject","inLanguage":"de","@id":"https:\/\/schoenstatt.com\/de\/#\/schema\/logo\/image\/","url":"https:\/\/schoenstatt.com\/wp-content\/uploads\/2025\/04\/logo-schoenstatt-white-696x696-1.png","contentUrl":"https:\/\/schoenstatt.com\/wp-content\/uploads\/2025\/04\/logo-schoenstatt-white-696x696-1.png","width":696,"height":694,"caption":"Schoenstatt"},"image":{"@id":"https:\/\/schoenstatt.com\/de\/#\/schema\/logo\/image\/"}},{"@type":"Person","@id":"https:\/\/schoenstatt.com\/de\/#\/schema\/person\/ea97a60c723e21c923e2177f0f3163f7","name":"Vanessa Franke","image":{"@type":"ImageObject","inLanguage":"de","@id":"https:\/\/secure.gravatar.com\/avatar\/a9bcca3409928ccd3195eca11e2ccbb2e5d7c7912e9a945d4f326f81a0a5cb4a?s=96&d=mm&r=g","url":"https:\/\/secure.gravatar.com\/avatar\/a9bcca3409928ccd3195eca11e2ccbb2e5d7c7912e9a945d4f326f81a0a5cb4a?s=96&d=mm&r=g","contentUrl":"https:\/\/secure.gravatar.com\/avatar\/a9bcca3409928ccd3195eca11e2ccbb2e5d7c7912e9a945d4f326f81a0a5cb4a?s=96&d=mm&r=g","caption":"Vanessa Franke"},"url":"https:\/\/schoenstatt.com\/de\/author\/vanessa-franke\/"}]}},"_links":{"self":[{"href":"https:\/\/schoenstatt.com\/de\/wp-json\/wp\/v2\/posts\/26518","targetHints":{"allow":["GET"]}}],"collection":[{"href":"https:\/\/schoenstatt.com\/de\/wp-json\/wp\/v2\/posts"}],"about":[{"href":"https:\/\/schoenstatt.com\/de\/wp-json\/wp\/v2\/types\/post"}],"author":[{"embeddable":true,"href":"https:\/\/schoenstatt.com\/de\/wp-json\/wp\/v2\/users\/6"}],"replies":[{"embeddable":true,"href":"https:\/\/schoenstatt.com\/de\/wp-json\/wp\/v2\/comments?post=26518"}],"version-history":[{"count":1,"href":"https:\/\/schoenstatt.com\/de\/wp-json\/wp\/v2\/posts\/26518\/revisions"}],"predecessor-version":[{"id":45450,"href":"https:\/\/schoenstatt.com\/de\/wp-json\/wp\/v2\/posts\/26518\/revisions\/45450"}],"wp:featuredmedia":[{"embeddable":true,"href":"https:\/\/schoenstatt.com\/de\/wp-json\/wp\/v2\/media\/26519"}],"wp:attachment":[{"href":"https:\/\/schoenstatt.com\/de\/wp-json\/wp\/v2\/media?parent=26518"}],"wp:term":[{"taxonomy":"category","embeddable":true,"href":"https:\/\/schoenstatt.com\/de\/wp-json\/wp\/v2\/categories?post=26518"},{"taxonomy":"post_tag","embeddable":true,"href":"https:\/\/schoenstatt.com\/de\/wp-json\/wp\/v2\/tags?post=26518"}],"curies":[{"name":"wp","href":"https:\/\/api.w.org\/{rel}","templated":true}]}}