{"id":26430,"date":"2022-08-21T09:00:39","date_gmt":"2022-08-21T07:00:39","guid":{"rendered":"https:\/\/schoenstatt.com\/?p=26430"},"modified":"2025-05-15T20:21:47","modified_gmt":"2025-05-15T18:21:47","slug":"saekular-instituts-schoenstatt-patres-waehlen-die-neue-general-leitung","status":"publish","type":"post","link":"https:\/\/schoenstatt.com\/de\/saekular-instituts-schoenstatt-patres-waehlen-die-neue-general-leitung\/","title":{"rendered":"S\u00e4kular-Instituts Sch\u00f6nstatt-Patres w\u00e4hlen die neue General Leitung"},"content":{"rendered":"<p>&nbsp;<\/p>\n<p><img fetchpriority=\"high\" decoding=\"async\" class=\"aligncenter size-full wp-image-26412\" src=\"https:\/\/schoenstatt.com\/wp-content\/uploads\/2022\/08\/Kopfbrief-1.jpg\" alt=\"\" width=\"985\" height=\"234\" \/><\/p>\n<p>Sch\u00f6nstatt den 21. August 2022<\/p>\n<p>&nbsp;<\/p>\n<p>Das 6. Generalkapitel des <a href=\"https:\/\/schoenstatt.com\/de\/familie\/gemeinschaften-in-der-schoenstattbewegung\/priester\/\">S\u00e4kular-Instituts Sch\u00f6nstatt-Patres<\/a>, das seit dem 3. August tagt, hat die neue Generalleitung der Gemeinschaft f\u00fcr die n\u00e4chsten sechs Jahre gew\u00e4hlt. Sie tritt ihr Amt mit sofortiger Wirkung an.<\/p>\n<p>&nbsp;<\/p>\n<p>Generaloberer:\u00a0\u00a0\u00a0\u00a0\u00a0\u00a0\u00a0\u00a0\u00a0\u00a0\u00a0\u00a0\u00a0\u00a0\u00a0\u00a0\u00a0\u00a0\u00a0\u00a0\u00a0\u00a0\u00a0\u00a0\u00a0\u00a0\u00a0\u00a0\u00a0\u00a0\u00a0\u00a0\u00a0\u00a0\u00a0\u00a0\u00a0\u00a0\u00a0\u00a0\u00a0\u00a0\u00a0\u00a0\u00a0\u00a0\u00a0\u00a0\u00a0\u00a0\u00a0\u00a0\u00a0\u00a0\u00a0\u00a0\u00a0\u00a0\u00a0\u00a0\u00a0\u00a0\u00a0\u00a0\u00a0 P. Alexandre Awi Mello (Brasilien)<\/p>\n<p>Erster Rat:\u00a0 \u00a0 \u00a0 \u00a0 \u00a0 \u00a0 \u00a0 \u00a0 \u00a0 \u00a0 \u00a0 \u00a0 \u00a0 \u00a0 \u00a0 \u00a0 \u00a0 \u00a0 \u00a0 \u00a0 \u00a0 \u00a0 \u00a0 \u00a0 \u00a0 \u00a0 \u00a0 \u00a0 \u00a0 \u00a0 \u00a0 \u00a0 \u00a0 \u00a0 \u00a0 \u00a0 \u00a0 P. Ignacio Camacho (Chile)<\/p>\n<p>Verantwortlich f\u00fcr die Freien Gemeinschaften:\u00a0 \u00a0 \u00a0 \u00a0 \u00a0 \u00a0 \u00a0 \u00a0 \u00a0P. Francisco da Cruz Sobral (Portugal)<\/p>\n<p>Rat:\u00a0 \u00a0 \u00a0 \u00a0 \u00a0 \u00a0 \u00a0 \u00a0 \u00a0 \u00a0 \u00a0 \u00a0 \u00a0 \u00a0 \u00a0 \u00a0 \u00a0 \u00a0 \u00a0 \u00a0 \u00a0 \u00a0 \u00a0 \u00a0 \u00a0 \u00a0 \u00a0 \u00a0 \u00a0 \u00a0 \u00a0 \u00a0 \u00a0 \u00a0 \u00a0 \u00a0 \u00a0 \u00a0 \u00a0 \u00a0 \u00a0 \u00a0 P. Joy Puthussery (Indien)<\/p>\n<p>Rat:\u00a0 \u00a0 \u00a0 \u00a0 \u00a0 \u00a0 \u00a0 \u00a0 \u00a0 \u00a0 \u00a0 \u00a0 \u00a0 \u00a0 \u00a0 \u00a0 \u00a0 \u00a0 \u00a0 \u00a0 \u00a0 \u00a0 \u00a0 \u00a0 \u00a0 \u00a0 \u00a0 \u00a0 \u00a0 \u00a0 \u00a0 \u00a0 \u00a0 \u00a0 \u00a0 \u00a0 \u00a0 \u00a0 \u00a0 \u00a0 \u00a0 \u00a0 P. Arkadiusz Sosna (Polen)<\/p>\n<p>&nbsp;<\/p>\n<p>&nbsp;<\/p>\n<figure id=\"attachment_26419\" aria-describedby=\"caption-attachment-26419\" style=\"width: 840px\" class=\"wp-caption aligncenter\"><img decoding=\"async\" class=\"size-large wp-image-26421\" src=\"https:\/\/schoenstatt.com\/wp-content\/uploads\/2022\/08\/Alexandre-Awi-Mello2-1024x575.jpeg\" alt=\"Padres de Schoenstatt\" width=\"840\" height=\"472\" \/><figcaption id=\"caption-attachment-26419\" class=\"wp-caption-text\">Foto: Beltr\u00e1n G\u00f3mez<\/figcaption><\/figure>\n<p>Der neue Generalobere, P. Alexandre Awi Mello, ist seit 2017 Sekret\u00e4r des <a href=\"http:\/\/www.laityfamilylife.va\/content\/laityfamilylife\/en.html\">Dikasteriums f\u00fcr die Laien, die Familie und das Leben<\/a> und wird dieses Amt in den n\u00e4chsten Monaten weiter aus\u00fcben.<\/p>\n<p>Am 1. September wird der Heilige Vater Papst Franziskus die neue Generalleitung und alle Mitglieder des Generalkapitels in einer Audienz empfangen.<\/p>\n<p>Vom Urheiligtum der Dreimal wunderbaren Mutter von Sch\u00f6nstatt aus danken wir der ganzen Sch\u00f6nstattfamilie und allen Freunde der Sch\u00f6nstattbewegung, die uns mit ihrem Gebet auf unserem Weg begleiten.<\/p>\n<p>&nbsp;<\/p>\n<p>&nbsp;<\/p>\n","protected":false},"excerpt":{"rendered":"<p>Pater Alexandre Awi de Melo ist neuer Generaloberer des Instituts der Sch\u00f6nstatt-Patres.<\/p>\n","protected":false},"author":1,"featured_media":26415,"comment_status":"closed","ping_status":"closed","sticky":false,"template":"","format":"standard","meta":{"footnotes":""},"categories":[907],"tags":[],"class_list":["post-26430","post","type-post","status-publish","format-standard","has-post-thumbnail","hentry","category-schoenstatt-gemeinschaften-de"],"yoast_head":"<!-- This site is optimized with the Yoast SEO Premium plugin v27.4 (Yoast SEO v27.4) - https:\/\/yoast.com\/product\/yoast-seo-premium-wordpress\/ -->\n<title>S\u00e4kular-Instituts Sch\u00f6nstatt-Patres w\u00e4hlen die neue General Leitung<\/title>\n<meta name=\"description\" content=\"Die Sch\u00f6nstatt-Patres w\u00e4hlen Pater Alexandre Awi Melo zu ihrem neuen Generaloberen. Am 1. September werden sie von Papst Franziskus empfangen werden.\" \/>\n<meta name=\"robots\" content=\"index, follow, max-snippet:-1, max-image-preview:large, max-video-preview:-1\" \/>\n<link rel=\"canonical\" href=\"https:\/\/schoenstatt.com\/de\/saekular-instituts-schoenstatt-patres-waehlen-die-neue-general-leitung\/\" \/>\n<meta property=\"og:locale\" content=\"de_DE\" \/>\n<meta property=\"og:type\" content=\"article\" \/>\n<meta property=\"og:title\" content=\"S\u00e4kular-Instituts Sch\u00f6nstatt-Patres w\u00e4hlen die neue General Leitung\" \/>\n<meta property=\"og:description\" content=\"Die Sch\u00f6nstatt-Patres w\u00e4hlen Pater Alexandre Awi Melo zu ihrem neuen Generaloberen. Am 1. September werden sie von Papst Franziskus empfangen werden.\" \/>\n<meta property=\"og:url\" content=\"https:\/\/schoenstatt.com\/de\/saekular-instituts-schoenstatt-patres-waehlen-die-neue-general-leitung\/\" \/>\n<meta property=\"og:site_name\" content=\"Schoenstatt\" \/>\n<meta property=\"article:published_time\" content=\"2022-08-21T07:00:39+00:00\" \/>\n<meta property=\"article:modified_time\" content=\"2025-05-15T18:21:47+00:00\" \/>\n<meta property=\"og:image\" content=\"https:\/\/schoenstatt.com\/wp-content\/uploads\/2022\/08\/Consejo-General-1-scaled-1.jpg\" \/>\n\t<meta property=\"og:image:width\" content=\"2560\" \/>\n\t<meta property=\"og:image:height\" content=\"1438\" \/>\n\t<meta property=\"og:image:type\" content=\"image\/jpeg\" \/>\n<meta name=\"author\" content=\"admin\" \/>\n<meta name=\"twitter:card\" content=\"summary_large_image\" \/>\n<meta name=\"twitter:label1\" content=\"Verfasst von\" \/>\n\t<meta name=\"twitter:data1\" content=\"admin\" \/>\n\t<meta name=\"twitter:label2\" content=\"Gesch\u00e4tzte Lesezeit\" \/>\n\t<meta name=\"twitter:data2\" content=\"2\u00a0Minuten\" \/>\n<script type=\"application\/ld+json\" class=\"yoast-schema-graph\">{\"@context\":\"https:\\\/\\\/schema.org\",\"@graph\":[{\"@type\":\"Article\",\"@id\":\"https:\\\/\\\/schoenstatt.com\\\/de\\\/saekular-instituts-schoenstatt-patres-waehlen-die-neue-general-leitung\\\/#article\",\"isPartOf\":{\"@id\":\"https:\\\/\\\/schoenstatt.com\\\/de\\\/saekular-instituts-schoenstatt-patres-waehlen-die-neue-general-leitung\\\/\"},\"author\":{\"name\":\"admin\",\"@id\":\"https:\\\/\\\/schoenstatt.com\\\/de\\\/#\\\/schema\\\/person\\\/489465b1850e7b216fe2c10dfc262551\"},\"headline\":\"S\u00e4kular-Instituts Sch\u00f6nstatt-Patres w\u00e4hlen die neue General Leitung\",\"datePublished\":\"2022-08-21T07:00:39+00:00\",\"dateModified\":\"2025-05-15T18:21:47+00:00\",\"mainEntityOfPage\":{\"@id\":\"https:\\\/\\\/schoenstatt.com\\\/de\\\/saekular-instituts-schoenstatt-patres-waehlen-die-neue-general-leitung\\\/\"},\"wordCount\":187,\"publisher\":{\"@id\":\"https:\\\/\\\/schoenstatt.com\\\/de\\\/#organization\"},\"image\":{\"@id\":\"https:\\\/\\\/schoenstatt.com\\\/de\\\/saekular-instituts-schoenstatt-patres-waehlen-die-neue-general-leitung\\\/#primaryimage\"},\"thumbnailUrl\":\"https:\\\/\\\/schoenstatt.com\\\/wp-content\\\/uploads\\\/2022\\\/08\\\/Consejo-General-1-scaled-1.jpg\",\"articleSection\":[\"Schoenstatt Gemeinschaften\"],\"inLanguage\":\"de\"},{\"@type\":\"WebPage\",\"@id\":\"https:\\\/\\\/schoenstatt.com\\\/de\\\/saekular-instituts-schoenstatt-patres-waehlen-die-neue-general-leitung\\\/\",\"url\":\"https:\\\/\\\/schoenstatt.com\\\/de\\\/saekular-instituts-schoenstatt-patres-waehlen-die-neue-general-leitung\\\/\",\"name\":\"S\u00e4kular-Instituts Sch\u00f6nstatt-Patres w\u00e4hlen die neue General Leitung\",\"isPartOf\":{\"@id\":\"https:\\\/\\\/schoenstatt.com\\\/de\\\/#website\"},\"primaryImageOfPage\":{\"@id\":\"https:\\\/\\\/schoenstatt.com\\\/de\\\/saekular-instituts-schoenstatt-patres-waehlen-die-neue-general-leitung\\\/#primaryimage\"},\"image\":{\"@id\":\"https:\\\/\\\/schoenstatt.com\\\/de\\\/saekular-instituts-schoenstatt-patres-waehlen-die-neue-general-leitung\\\/#primaryimage\"},\"thumbnailUrl\":\"https:\\\/\\\/schoenstatt.com\\\/wp-content\\\/uploads\\\/2022\\\/08\\\/Consejo-General-1-scaled-1.jpg\",\"datePublished\":\"2022-08-21T07:00:39+00:00\",\"dateModified\":\"2025-05-15T18:21:47+00:00\",\"description\":\"Die Sch\u00f6nstatt-Patres w\u00e4hlen Pater Alexandre Awi Melo zu ihrem neuen Generaloberen. Am 1. September werden sie von Papst Franziskus empfangen werden.\",\"breadcrumb\":{\"@id\":\"https:\\\/\\\/schoenstatt.com\\\/de\\\/saekular-instituts-schoenstatt-patres-waehlen-die-neue-general-leitung\\\/#breadcrumb\"},\"inLanguage\":\"de\",\"potentialAction\":[{\"@type\":\"ReadAction\",\"target\":[\"https:\\\/\\\/schoenstatt.com\\\/de\\\/saekular-instituts-schoenstatt-patres-waehlen-die-neue-general-leitung\\\/\"]}]},{\"@type\":\"ImageObject\",\"inLanguage\":\"de\",\"@id\":\"https:\\\/\\\/schoenstatt.com\\\/de\\\/saekular-instituts-schoenstatt-patres-waehlen-die-neue-general-leitung\\\/#primaryimage\",\"url\":\"https:\\\/\\\/schoenstatt.com\\\/wp-content\\\/uploads\\\/2022\\\/08\\\/Consejo-General-1-scaled-1.jpg\",\"contentUrl\":\"https:\\\/\\\/schoenstatt.com\\\/wp-content\\\/uploads\\\/2022\\\/08\\\/Consejo-General-1-scaled-1.jpg\",\"width\":2560,\"height\":1438,\"caption\":\"Carisma Prof\u00e9tico\"},{\"@type\":\"BreadcrumbList\",\"@id\":\"https:\\\/\\\/schoenstatt.com\\\/de\\\/saekular-instituts-schoenstatt-patres-waehlen-die-neue-general-leitung\\\/#breadcrumb\",\"itemListElement\":[{\"@type\":\"ListItem\",\"position\":1,\"name\":\"Portada\",\"item\":\"https:\\\/\\\/schoenstatt.com\\\/de\\\/home\\\/\"},{\"@type\":\"ListItem\",\"position\":2,\"name\":\"S\u00e4kular-Instituts Sch\u00f6nstatt-Patres w\u00e4hlen die neue General Leitung\"}]},{\"@type\":\"WebSite\",\"@id\":\"https:\\\/\\\/schoenstatt.com\\\/de\\\/#website\",\"url\":\"https:\\\/\\\/schoenstatt.com\\\/de\\\/\",\"name\":\"Schoenstatt\",\"description\":\"Apostolic Movement\",\"publisher\":{\"@id\":\"https:\\\/\\\/schoenstatt.com\\\/de\\\/#organization\"},\"potentialAction\":[{\"@type\":\"SearchAction\",\"target\":{\"@type\":\"EntryPoint\",\"urlTemplate\":\"https:\\\/\\\/schoenstatt.com\\\/de\\\/?s={search_term_string}\"},\"query-input\":{\"@type\":\"PropertyValueSpecification\",\"valueRequired\":true,\"valueName\":\"search_term_string\"}}],\"inLanguage\":\"de\"},{\"@type\":\"Organization\",\"@id\":\"https:\\\/\\\/schoenstatt.com\\\/de\\\/#organization\",\"name\":\"Schoenstatt\",\"url\":\"https:\\\/\\\/schoenstatt.com\\\/de\\\/\",\"logo\":{\"@type\":\"ImageObject\",\"inLanguage\":\"de\",\"@id\":\"https:\\\/\\\/schoenstatt.com\\\/de\\\/#\\\/schema\\\/logo\\\/image\\\/\",\"url\":\"https:\\\/\\\/schoenstatt.com\\\/wp-content\\\/uploads\\\/2025\\\/04\\\/logo-schoenstatt-white-696x696-1.png\",\"contentUrl\":\"https:\\\/\\\/schoenstatt.com\\\/wp-content\\\/uploads\\\/2025\\\/04\\\/logo-schoenstatt-white-696x696-1.png\",\"width\":696,\"height\":694,\"caption\":\"Schoenstatt\"},\"image\":{\"@id\":\"https:\\\/\\\/schoenstatt.com\\\/de\\\/#\\\/schema\\\/logo\\\/image\\\/\"}},{\"@type\":\"Person\",\"@id\":\"https:\\\/\\\/schoenstatt.com\\\/de\\\/#\\\/schema\\\/person\\\/489465b1850e7b216fe2c10dfc262551\",\"name\":\"admin\",\"image\":{\"@type\":\"ImageObject\",\"inLanguage\":\"de\",\"@id\":\"https:\\\/\\\/secure.gravatar.com\\\/avatar\\\/02e8345e1ec40ab0e0a2a98fdde64a684bbaf994cddcb778b25b8b024ee9dfe6?s=96&d=mm&r=g\",\"url\":\"https:\\\/\\\/secure.gravatar.com\\\/avatar\\\/02e8345e1ec40ab0e0a2a98fdde64a684bbaf994cddcb778b25b8b024ee9dfe6?s=96&d=mm&r=g\",\"contentUrl\":\"https:\\\/\\\/secure.gravatar.com\\\/avatar\\\/02e8345e1ec40ab0e0a2a98fdde64a684bbaf994cddcb778b25b8b024ee9dfe6?s=96&d=mm&r=g\",\"caption\":\"admin\"},\"sameAs\":[\"https:\\\/\\\/schoenstatt.com\"],\"url\":\"https:\\\/\\\/schoenstatt.com\\\/de\\\/author\\\/admin\\\/\"}]}<\/script>\n<!-- \/ Yoast SEO Premium plugin. -->","yoast_head_json":{"title":"S\u00e4kular-Instituts Sch\u00f6nstatt-Patres w\u00e4hlen die neue General Leitung","description":"Die Sch\u00f6nstatt-Patres w\u00e4hlen Pater Alexandre Awi Melo zu ihrem neuen Generaloberen. Am 1. September werden sie von Papst Franziskus empfangen werden.","robots":{"index":"index","follow":"follow","max-snippet":"max-snippet:-1","max-image-preview":"max-image-preview:large","max-video-preview":"max-video-preview:-1"},"canonical":"https:\/\/schoenstatt.com\/de\/saekular-instituts-schoenstatt-patres-waehlen-die-neue-general-leitung\/","og_locale":"de_DE","og_type":"article","og_title":"S\u00e4kular-Instituts Sch\u00f6nstatt-Patres w\u00e4hlen die neue General Leitung","og_description":"Die Sch\u00f6nstatt-Patres w\u00e4hlen Pater Alexandre Awi Melo zu ihrem neuen Generaloberen. Am 1. September werden sie von Papst Franziskus empfangen werden.","og_url":"https:\/\/schoenstatt.com\/de\/saekular-instituts-schoenstatt-patres-waehlen-die-neue-general-leitung\/","og_site_name":"Schoenstatt","article_published_time":"2022-08-21T07:00:39+00:00","article_modified_time":"2025-05-15T18:21:47+00:00","og_image":[{"width":2560,"height":1438,"url":"https:\/\/schoenstatt.com\/wp-content\/uploads\/2022\/08\/Consejo-General-1-scaled-1.jpg","type":"image\/jpeg"}],"author":"admin","twitter_card":"summary_large_image","twitter_misc":{"Verfasst von":"admin","Gesch\u00e4tzte Lesezeit":"2\u00a0Minuten"},"schema":{"@context":"https:\/\/schema.org","@graph":[{"@type":"Article","@id":"https:\/\/schoenstatt.com\/de\/saekular-instituts-schoenstatt-patres-waehlen-die-neue-general-leitung\/#article","isPartOf":{"@id":"https:\/\/schoenstatt.com\/de\/saekular-instituts-schoenstatt-patres-waehlen-die-neue-general-leitung\/"},"author":{"name":"admin","@id":"https:\/\/schoenstatt.com\/de\/#\/schema\/person\/489465b1850e7b216fe2c10dfc262551"},"headline":"S\u00e4kular-Instituts Sch\u00f6nstatt-Patres w\u00e4hlen die neue General Leitung","datePublished":"2022-08-21T07:00:39+00:00","dateModified":"2025-05-15T18:21:47+00:00","mainEntityOfPage":{"@id":"https:\/\/schoenstatt.com\/de\/saekular-instituts-schoenstatt-patres-waehlen-die-neue-general-leitung\/"},"wordCount":187,"publisher":{"@id":"https:\/\/schoenstatt.com\/de\/#organization"},"image":{"@id":"https:\/\/schoenstatt.com\/de\/saekular-instituts-schoenstatt-patres-waehlen-die-neue-general-leitung\/#primaryimage"},"thumbnailUrl":"https:\/\/schoenstatt.com\/wp-content\/uploads\/2022\/08\/Consejo-General-1-scaled-1.jpg","articleSection":["Schoenstatt Gemeinschaften"],"inLanguage":"de"},{"@type":"WebPage","@id":"https:\/\/schoenstatt.com\/de\/saekular-instituts-schoenstatt-patres-waehlen-die-neue-general-leitung\/","url":"https:\/\/schoenstatt.com\/de\/saekular-instituts-schoenstatt-patres-waehlen-die-neue-general-leitung\/","name":"S\u00e4kular-Instituts Sch\u00f6nstatt-Patres w\u00e4hlen die neue General Leitung","isPartOf":{"@id":"https:\/\/schoenstatt.com\/de\/#website"},"primaryImageOfPage":{"@id":"https:\/\/schoenstatt.com\/de\/saekular-instituts-schoenstatt-patres-waehlen-die-neue-general-leitung\/#primaryimage"},"image":{"@id":"https:\/\/schoenstatt.com\/de\/saekular-instituts-schoenstatt-patres-waehlen-die-neue-general-leitung\/#primaryimage"},"thumbnailUrl":"https:\/\/schoenstatt.com\/wp-content\/uploads\/2022\/08\/Consejo-General-1-scaled-1.jpg","datePublished":"2022-08-21T07:00:39+00:00","dateModified":"2025-05-15T18:21:47+00:00","description":"Die Sch\u00f6nstatt-Patres w\u00e4hlen Pater Alexandre Awi Melo zu ihrem neuen Generaloberen. Am 1. September werden sie von Papst Franziskus empfangen werden.","breadcrumb":{"@id":"https:\/\/schoenstatt.com\/de\/saekular-instituts-schoenstatt-patres-waehlen-die-neue-general-leitung\/#breadcrumb"},"inLanguage":"de","potentialAction":[{"@type":"ReadAction","target":["https:\/\/schoenstatt.com\/de\/saekular-instituts-schoenstatt-patres-waehlen-die-neue-general-leitung\/"]}]},{"@type":"ImageObject","inLanguage":"de","@id":"https:\/\/schoenstatt.com\/de\/saekular-instituts-schoenstatt-patres-waehlen-die-neue-general-leitung\/#primaryimage","url":"https:\/\/schoenstatt.com\/wp-content\/uploads\/2022\/08\/Consejo-General-1-scaled-1.jpg","contentUrl":"https:\/\/schoenstatt.com\/wp-content\/uploads\/2022\/08\/Consejo-General-1-scaled-1.jpg","width":2560,"height":1438,"caption":"Carisma Prof\u00e9tico"},{"@type":"BreadcrumbList","@id":"https:\/\/schoenstatt.com\/de\/saekular-instituts-schoenstatt-patres-waehlen-die-neue-general-leitung\/#breadcrumb","itemListElement":[{"@type":"ListItem","position":1,"name":"Portada","item":"https:\/\/schoenstatt.com\/de\/home\/"},{"@type":"ListItem","position":2,"name":"S\u00e4kular-Instituts Sch\u00f6nstatt-Patres w\u00e4hlen die neue General Leitung"}]},{"@type":"WebSite","@id":"https:\/\/schoenstatt.com\/de\/#website","url":"https:\/\/schoenstatt.com\/de\/","name":"Schoenstatt","description":"Apostolic Movement","publisher":{"@id":"https:\/\/schoenstatt.com\/de\/#organization"},"potentialAction":[{"@type":"SearchAction","target":{"@type":"EntryPoint","urlTemplate":"https:\/\/schoenstatt.com\/de\/?s={search_term_string}"},"query-input":{"@type":"PropertyValueSpecification","valueRequired":true,"valueName":"search_term_string"}}],"inLanguage":"de"},{"@type":"Organization","@id":"https:\/\/schoenstatt.com\/de\/#organization","name":"Schoenstatt","url":"https:\/\/schoenstatt.com\/de\/","logo":{"@type":"ImageObject","inLanguage":"de","@id":"https:\/\/schoenstatt.com\/de\/#\/schema\/logo\/image\/","url":"https:\/\/schoenstatt.com\/wp-content\/uploads\/2025\/04\/logo-schoenstatt-white-696x696-1.png","contentUrl":"https:\/\/schoenstatt.com\/wp-content\/uploads\/2025\/04\/logo-schoenstatt-white-696x696-1.png","width":696,"height":694,"caption":"Schoenstatt"},"image":{"@id":"https:\/\/schoenstatt.com\/de\/#\/schema\/logo\/image\/"}},{"@type":"Person","@id":"https:\/\/schoenstatt.com\/de\/#\/schema\/person\/489465b1850e7b216fe2c10dfc262551","name":"admin","image":{"@type":"ImageObject","inLanguage":"de","@id":"https:\/\/secure.gravatar.com\/avatar\/02e8345e1ec40ab0e0a2a98fdde64a684bbaf994cddcb778b25b8b024ee9dfe6?s=96&d=mm&r=g","url":"https:\/\/secure.gravatar.com\/avatar\/02e8345e1ec40ab0e0a2a98fdde64a684bbaf994cddcb778b25b8b024ee9dfe6?s=96&d=mm&r=g","contentUrl":"https:\/\/secure.gravatar.com\/avatar\/02e8345e1ec40ab0e0a2a98fdde64a684bbaf994cddcb778b25b8b024ee9dfe6?s=96&d=mm&r=g","caption":"admin"},"sameAs":["https:\/\/schoenstatt.com"],"url":"https:\/\/schoenstatt.com\/de\/author\/admin\/"}]}},"_links":{"self":[{"href":"https:\/\/schoenstatt.com\/de\/wp-json\/wp\/v2\/posts\/26430","targetHints":{"allow":["GET"]}}],"collection":[{"href":"https:\/\/schoenstatt.com\/de\/wp-json\/wp\/v2\/posts"}],"about":[{"href":"https:\/\/schoenstatt.com\/de\/wp-json\/wp\/v2\/types\/post"}],"author":[{"embeddable":true,"href":"https:\/\/schoenstatt.com\/de\/wp-json\/wp\/v2\/users\/1"}],"replies":[{"embeddable":true,"href":"https:\/\/schoenstatt.com\/de\/wp-json\/wp\/v2\/comments?post=26430"}],"version-history":[{"count":1,"href":"https:\/\/schoenstatt.com\/de\/wp-json\/wp\/v2\/posts\/26430\/revisions"}],"predecessor-version":[{"id":45430,"href":"https:\/\/schoenstatt.com\/de\/wp-json\/wp\/v2\/posts\/26430\/revisions\/45430"}],"wp:featuredmedia":[{"embeddable":true,"href":"https:\/\/schoenstatt.com\/de\/wp-json\/wp\/v2\/media\/26415"}],"wp:attachment":[{"href":"https:\/\/schoenstatt.com\/de\/wp-json\/wp\/v2\/media?parent=26430"}],"wp:term":[{"taxonomy":"category","embeddable":true,"href":"https:\/\/schoenstatt.com\/de\/wp-json\/wp\/v2\/categories?post=26430"},{"taxonomy":"post_tag","embeddable":true,"href":"https:\/\/schoenstatt.com\/de\/wp-json\/wp\/v2\/tags?post=26430"}],"curies":[{"name":"wp","href":"https:\/\/api.w.org\/{rel}","templated":true}]}}