{"id":24822,"date":"2022-05-16T18:21:02","date_gmt":"2022-05-16T16:21:02","guid":{"rendered":"https:\/\/schoenstatt.com\/?p=24822"},"modified":"2025-05-15T20:01:37","modified_gmt":"2025-05-15T18:01:37","slug":"den-sprung-des-vertrauens-in-der-schule-pater-kentenichs","status":"publish","type":"post","link":"https:\/\/schoenstatt.com\/de\/den-sprung-des-vertrauens-in-der-schule-pater-kentenichs\/","title":{"rendered":"Den Sprung des Vertrauens in der Schule Pater Kentenichs"},"content":{"rendered":"<p>Sr. M. Theresita hat in Sch\u00f6nstatt nicht nur \u201emit dem Kopf\u201c erfahren, dass Gott uns Menschen liebt und f\u00fcr uns sorgt wie eine Mutter f\u00fcr ihr Kind: \u201ePater Kentenich sagt zum Beispiel: Alles, was uns umgibt, sagt uns etwas von Gott und will uns eine Br\u00fccke sein zum lieben Gott hin, vor allem auch unsere Mitmenschen. Das habe ich auch selber ganz konkret so erlebt, dass wir sozusagen durch das Herz eines Menschen hindurch besser zum lieben Gott kommen k\u00f6nnen.\u201c<\/p>\n<p>Als Jugendliche macht Sr. M. Theresita gemeinsam mit einer Freundin eine Auslandszeit in Lateinamerika, wo sie ohne Sprachkenntnisse, die eigentlich Voraussetzung gewesen w\u00e4ren, bei den Marienschwestern unterkommen: \u201eSie haben uns einfach so aufgenommen, haben uns Heimat bereitet, haben sich um uns gesorgt, uns eine Freude gemacht und haben all unsere Sorgen mitgetragen. Diese Erfahrung l\u00e4sst mich daran glauben, dass auch der liebe Gott mich so und noch viel mehr liebt und annimmt.\u201c<\/p>\n<p>Sr. M. Theresita wurde von der Spiritualit\u00e4t Sch\u00f6nstatts reich beschenkt: \u201eWegen dem Wissen oder dem Glauben, dass Gott mein Leben in der Hand hat, dass er einen Liebesplan von meinem Leben hat und alles aus Liebe f\u00fcgt &#8211; auch wo er mich herausfordert -, weil er mein Vater ist, deswegen kann ich mich als sein Kind ihm auch ganz \u00fcberlassen.\u201c<\/p>\n<p>Diese Erleben ist f\u00fcr Sr. M. Theresita ganz existentiell geworden, als die Frage in ihr immer mehr wach wurde, ob der liebe Gott vielleicht will, dass sie Marienschwester werden soll: \u201eDas war wirklich nicht mein Traumberuf. Ich habe zwar gesehen, es gibt gl\u00fcckliche <a href=\"https:\/\/www.s-ms.org\/\">Marienschwestern<\/a>, aber f\u00fcr mich selber konnte ich mir das nicht vorstellen. Ich habe dann aber immer mehr erkannt, dass das der liebe Gott von mir will. Und ich habe dann diesen <a href=\"https:\/\/schoenstatt.com\/de\/p-josef-kentenich\/pater-kentenich-im-heute-eine-video-serie\/\">Sprung des Vertrauens<\/a> sozusagen in seine H\u00e4nde auch in das Dunkel hinein gewagt und mich zu der Entscheidung durchgerungen.\u201c<\/p>\n<p>Immer mehr durfte sie erkennen und erfahren, dass dieser Weg genau der richtige f\u00fcr sie ist: \u201eDas ist genau dein Platz und das ist meine Berufung und hier kann ich immer mehr die werden, die ich bin. Und jetzt im R\u00fcckblick bin ich so dankbar, dass ich diese Entscheidung keine Sekunde in meinem Leben bereut habe.\u201c<\/p>\n<p><iframe title=\"Schwester M  Theresita Rutzmoser\" width=\"800\" height=\"450\" src=\"https:\/\/www.youtube.com\/embed\/udut4aYyDBE?feature=oembed\" frameborder=\"0\" allow=\"accelerometer; autoplay; clipboard-write; encrypted-media; gyroscope; picture-in-picture; web-share\" referrerpolicy=\"strict-origin-when-cross-origin\" allowfullscreen><\/iframe><\/p>\n<p>&nbsp;<\/p>\n<p>&nbsp;<\/p>\n<p>&nbsp;<\/p>\n","protected":false},"excerpt":{"rendered":"<p>Sr. M. Theresita Rutzmoser, die in der Jugendarbeit t\u00e4tig ist, erz\u00e4hlt \u00fcber ihren Berufungsweg zur Sch\u00f6nst\u00e4tter Marienschwester: \u201eDas hat nicht meinen Vorstellungen entsprochen, ich habe mir mein Leben anders vorgestellt. Und ich konnte mir eigentlich nicht vorstellen, dass ich da gl\u00fccklich werden kann.\u201c<\/p>\n","protected":false},"author":6,"featured_media":24826,"comment_status":"closed","ping_status":"closed","sticky":false,"template":"","format":"standard","meta":{"footnotes":""},"categories":[890,878],"tags":[],"class_list":["post-24822","post","type-post","status-publish","format-standard","has-post-thumbnail","hentry","category-causa-kentenich-de","category-p-josef-kentenich-de"],"yoast_head":"<!-- This site is optimized with the Yoast SEO Premium plugin v27.4 (Yoast SEO v27.5) - https:\/\/yoast.com\/product\/yoast-seo-premium-wordpress\/ -->\n<title>Den Sprung des Vertrauens in der Schule Pater Kentenichs - Schoenstatt<\/title>\n<meta name=\"description\" content=\"In diesem Video der Serie &quot;Kentenich im Heute&quot;, erz\u00e4hlt Sr. M. Theresita Rutzmoser \u00fcber ihren Berufungsweg zur Sch\u00f6nst\u00e4tter Marienschwester.\" \/>\n<meta name=\"robots\" content=\"index, follow, max-snippet:-1, max-image-preview:large, max-video-preview:-1\" \/>\n<link rel=\"canonical\" href=\"https:\/\/schoenstatt.com\/de\/den-sprung-des-vertrauens-in-der-schule-pater-kentenichs\/\" \/>\n<meta property=\"og:locale\" content=\"de_DE\" \/>\n<meta property=\"og:type\" content=\"article\" \/>\n<meta property=\"og:title\" content=\"Den Sprung des Vertrauens in der Schule Pater Kentenichs\" \/>\n<meta property=\"og:description\" content=\"In diesem Video der Serie &quot;Kentenich im Heute&quot;, erz\u00e4hlt Sr. M. Theresita Rutzmoser \u00fcber ihren Berufungsweg zur Sch\u00f6nst\u00e4tter Marienschwester.\" \/>\n<meta property=\"og:url\" content=\"https:\/\/schoenstatt.com\/de\/den-sprung-des-vertrauens-in-der-schule-pater-kentenichs\/\" \/>\n<meta property=\"og:site_name\" content=\"Schoenstatt\" \/>\n<meta property=\"article:published_time\" content=\"2022-05-16T16:21:02+00:00\" \/>\n<meta property=\"article:modified_time\" content=\"2025-05-15T18:01:37+00:00\" \/>\n<meta property=\"og:image\" content=\"https:\/\/schoenstatt.com\/wp-content\/uploads\/2022\/05\/2022-05-16-1.png\" \/>\n\t<meta property=\"og:image:width\" content=\"1920\" \/>\n\t<meta property=\"og:image:height\" content=\"1080\" \/>\n\t<meta property=\"og:image:type\" content=\"image\/png\" \/>\n<meta name=\"author\" content=\"Vanessa Franke\" \/>\n<meta name=\"twitter:card\" content=\"summary_large_image\" \/>\n<meta name=\"twitter:label1\" content=\"Verfasst von\" \/>\n\t<meta name=\"twitter:data1\" content=\"Vanessa Franke\" \/>\n\t<meta name=\"twitter:label2\" content=\"Gesch\u00e4tzte Lesezeit\" \/>\n\t<meta name=\"twitter:data2\" content=\"2\u00a0Minuten\" \/>\n<script type=\"application\/ld+json\" class=\"yoast-schema-graph\">{\"@context\":\"https:\\\/\\\/schema.org\",\"@graph\":[{\"@type\":\"Article\",\"@id\":\"https:\\\/\\\/schoenstatt.com\\\/de\\\/den-sprung-des-vertrauens-in-der-schule-pater-kentenichs\\\/#article\",\"isPartOf\":{\"@id\":\"https:\\\/\\\/schoenstatt.com\\\/de\\\/den-sprung-des-vertrauens-in-der-schule-pater-kentenichs\\\/\"},\"author\":{\"name\":\"Vanessa Franke\",\"@id\":\"https:\\\/\\\/schoenstatt.com\\\/de\\\/#\\\/schema\\\/person\\\/ea97a60c723e21c923e2177f0f3163f7\"},\"headline\":\"Den Sprung des Vertrauens in der Schule Pater Kentenichs\",\"datePublished\":\"2022-05-16T16:21:02+00:00\",\"dateModified\":\"2025-05-15T18:01:37+00:00\",\"mainEntityOfPage\":{\"@id\":\"https:\\\/\\\/schoenstatt.com\\\/de\\\/den-sprung-des-vertrauens-in-der-schule-pater-kentenichs\\\/\"},\"wordCount\":394,\"publisher\":{\"@id\":\"https:\\\/\\\/schoenstatt.com\\\/de\\\/#organization\"},\"image\":{\"@id\":\"https:\\\/\\\/schoenstatt.com\\\/de\\\/den-sprung-des-vertrauens-in-der-schule-pater-kentenichs\\\/#primaryimage\"},\"thumbnailUrl\":\"https:\\\/\\\/schoenstatt.com\\\/wp-content\\\/uploads\\\/2022\\\/05\\\/2022-05-16-1.png\",\"articleSection\":[\"Causa Kentenich\",\"P. Josef Kentenich\"],\"inLanguage\":\"de\"},{\"@type\":\"WebPage\",\"@id\":\"https:\\\/\\\/schoenstatt.com\\\/de\\\/den-sprung-des-vertrauens-in-der-schule-pater-kentenichs\\\/\",\"url\":\"https:\\\/\\\/schoenstatt.com\\\/de\\\/den-sprung-des-vertrauens-in-der-schule-pater-kentenichs\\\/\",\"name\":\"Den Sprung des Vertrauens in der Schule Pater Kentenichs - Schoenstatt\",\"isPartOf\":{\"@id\":\"https:\\\/\\\/schoenstatt.com\\\/de\\\/#website\"},\"primaryImageOfPage\":{\"@id\":\"https:\\\/\\\/schoenstatt.com\\\/de\\\/den-sprung-des-vertrauens-in-der-schule-pater-kentenichs\\\/#primaryimage\"},\"image\":{\"@id\":\"https:\\\/\\\/schoenstatt.com\\\/de\\\/den-sprung-des-vertrauens-in-der-schule-pater-kentenichs\\\/#primaryimage\"},\"thumbnailUrl\":\"https:\\\/\\\/schoenstatt.com\\\/wp-content\\\/uploads\\\/2022\\\/05\\\/2022-05-16-1.png\",\"datePublished\":\"2022-05-16T16:21:02+00:00\",\"dateModified\":\"2025-05-15T18:01:37+00:00\",\"description\":\"In diesem Video der Serie \\\"Kentenich im Heute\\\", erz\u00e4hlt Sr. M. Theresita Rutzmoser \u00fcber ihren Berufungsweg zur Sch\u00f6nst\u00e4tter Marienschwester.\",\"breadcrumb\":{\"@id\":\"https:\\\/\\\/schoenstatt.com\\\/de\\\/den-sprung-des-vertrauens-in-der-schule-pater-kentenichs\\\/#breadcrumb\"},\"inLanguage\":\"de\",\"potentialAction\":[{\"@type\":\"ReadAction\",\"target\":[\"https:\\\/\\\/schoenstatt.com\\\/de\\\/den-sprung-des-vertrauens-in-der-schule-pater-kentenichs\\\/\"]}]},{\"@type\":\"ImageObject\",\"inLanguage\":\"de\",\"@id\":\"https:\\\/\\\/schoenstatt.com\\\/de\\\/den-sprung-des-vertrauens-in-der-schule-pater-kentenichs\\\/#primaryimage\",\"url\":\"https:\\\/\\\/schoenstatt.com\\\/wp-content\\\/uploads\\\/2022\\\/05\\\/2022-05-16-1.png\",\"contentUrl\":\"https:\\\/\\\/schoenstatt.com\\\/wp-content\\\/uploads\\\/2022\\\/05\\\/2022-05-16-1.png\",\"width\":1920,\"height\":1080,\"caption\":\"Sr. M. Theresita\"},{\"@type\":\"BreadcrumbList\",\"@id\":\"https:\\\/\\\/schoenstatt.com\\\/de\\\/den-sprung-des-vertrauens-in-der-schule-pater-kentenichs\\\/#breadcrumb\",\"itemListElement\":[{\"@type\":\"ListItem\",\"position\":1,\"name\":\"Portada\",\"item\":\"https:\\\/\\\/schoenstatt.com\\\/de\\\/home\\\/\"},{\"@type\":\"ListItem\",\"position\":2,\"name\":\"Den Sprung des Vertrauens in der Schule Pater Kentenichs\"}]},{\"@type\":\"WebSite\",\"@id\":\"https:\\\/\\\/schoenstatt.com\\\/de\\\/#website\",\"url\":\"https:\\\/\\\/schoenstatt.com\\\/de\\\/\",\"name\":\"Schoenstatt\",\"description\":\"Apostolic Movement\",\"publisher\":{\"@id\":\"https:\\\/\\\/schoenstatt.com\\\/de\\\/#organization\"},\"potentialAction\":[{\"@type\":\"SearchAction\",\"target\":{\"@type\":\"EntryPoint\",\"urlTemplate\":\"https:\\\/\\\/schoenstatt.com\\\/de\\\/?s={search_term_string}\"},\"query-input\":{\"@type\":\"PropertyValueSpecification\",\"valueRequired\":true,\"valueName\":\"search_term_string\"}}],\"inLanguage\":\"de\"},{\"@type\":\"Organization\",\"@id\":\"https:\\\/\\\/schoenstatt.com\\\/de\\\/#organization\",\"name\":\"Schoenstatt\",\"url\":\"https:\\\/\\\/schoenstatt.com\\\/de\\\/\",\"logo\":{\"@type\":\"ImageObject\",\"inLanguage\":\"de\",\"@id\":\"https:\\\/\\\/schoenstatt.com\\\/de\\\/#\\\/schema\\\/logo\\\/image\\\/\",\"url\":\"https:\\\/\\\/schoenstatt.com\\\/wp-content\\\/uploads\\\/2025\\\/04\\\/logo-schoenstatt-white-696x696-1.png\",\"contentUrl\":\"https:\\\/\\\/schoenstatt.com\\\/wp-content\\\/uploads\\\/2025\\\/04\\\/logo-schoenstatt-white-696x696-1.png\",\"width\":696,\"height\":694,\"caption\":\"Schoenstatt\"},\"image\":{\"@id\":\"https:\\\/\\\/schoenstatt.com\\\/de\\\/#\\\/schema\\\/logo\\\/image\\\/\"}},{\"@type\":\"Person\",\"@id\":\"https:\\\/\\\/schoenstatt.com\\\/de\\\/#\\\/schema\\\/person\\\/ea97a60c723e21c923e2177f0f3163f7\",\"name\":\"Vanessa Franke\",\"image\":{\"@type\":\"ImageObject\",\"inLanguage\":\"de\",\"@id\":\"https:\\\/\\\/secure.gravatar.com\\\/avatar\\\/a9bcca3409928ccd3195eca11e2ccbb2e5d7c7912e9a945d4f326f81a0a5cb4a?s=96&d=mm&r=g\",\"url\":\"https:\\\/\\\/secure.gravatar.com\\\/avatar\\\/a9bcca3409928ccd3195eca11e2ccbb2e5d7c7912e9a945d4f326f81a0a5cb4a?s=96&d=mm&r=g\",\"contentUrl\":\"https:\\\/\\\/secure.gravatar.com\\\/avatar\\\/a9bcca3409928ccd3195eca11e2ccbb2e5d7c7912e9a945d4f326f81a0a5cb4a?s=96&d=mm&r=g\",\"caption\":\"Vanessa Franke\"},\"url\":\"https:\\\/\\\/schoenstatt.com\\\/de\\\/author\\\/vanessa-franke\\\/\"}]}<\/script>\n<!-- \/ Yoast SEO Premium plugin. -->","yoast_head_json":{"title":"Den Sprung des Vertrauens in der Schule Pater Kentenichs - Schoenstatt","description":"In diesem Video der Serie \"Kentenich im Heute\", erz\u00e4hlt Sr. M. Theresita Rutzmoser \u00fcber ihren Berufungsweg zur Sch\u00f6nst\u00e4tter Marienschwester.","robots":{"index":"index","follow":"follow","max-snippet":"max-snippet:-1","max-image-preview":"max-image-preview:large","max-video-preview":"max-video-preview:-1"},"canonical":"https:\/\/schoenstatt.com\/de\/den-sprung-des-vertrauens-in-der-schule-pater-kentenichs\/","og_locale":"de_DE","og_type":"article","og_title":"Den Sprung des Vertrauens in der Schule Pater Kentenichs","og_description":"In diesem Video der Serie \"Kentenich im Heute\", erz\u00e4hlt Sr. M. Theresita Rutzmoser \u00fcber ihren Berufungsweg zur Sch\u00f6nst\u00e4tter Marienschwester.","og_url":"https:\/\/schoenstatt.com\/de\/den-sprung-des-vertrauens-in-der-schule-pater-kentenichs\/","og_site_name":"Schoenstatt","article_published_time":"2022-05-16T16:21:02+00:00","article_modified_time":"2025-05-15T18:01:37+00:00","og_image":[{"width":1920,"height":1080,"url":"https:\/\/schoenstatt.com\/wp-content\/uploads\/2022\/05\/2022-05-16-1.png","type":"image\/png"}],"author":"Vanessa Franke","twitter_card":"summary_large_image","twitter_misc":{"Verfasst von":"Vanessa Franke","Gesch\u00e4tzte Lesezeit":"2\u00a0Minuten"},"schema":{"@context":"https:\/\/schema.org","@graph":[{"@type":"Article","@id":"https:\/\/schoenstatt.com\/de\/den-sprung-des-vertrauens-in-der-schule-pater-kentenichs\/#article","isPartOf":{"@id":"https:\/\/schoenstatt.com\/de\/den-sprung-des-vertrauens-in-der-schule-pater-kentenichs\/"},"author":{"name":"Vanessa Franke","@id":"https:\/\/schoenstatt.com\/de\/#\/schema\/person\/ea97a60c723e21c923e2177f0f3163f7"},"headline":"Den Sprung des Vertrauens in der Schule Pater Kentenichs","datePublished":"2022-05-16T16:21:02+00:00","dateModified":"2025-05-15T18:01:37+00:00","mainEntityOfPage":{"@id":"https:\/\/schoenstatt.com\/de\/den-sprung-des-vertrauens-in-der-schule-pater-kentenichs\/"},"wordCount":394,"publisher":{"@id":"https:\/\/schoenstatt.com\/de\/#organization"},"image":{"@id":"https:\/\/schoenstatt.com\/de\/den-sprung-des-vertrauens-in-der-schule-pater-kentenichs\/#primaryimage"},"thumbnailUrl":"https:\/\/schoenstatt.com\/wp-content\/uploads\/2022\/05\/2022-05-16-1.png","articleSection":["Causa Kentenich","P. Josef Kentenich"],"inLanguage":"de"},{"@type":"WebPage","@id":"https:\/\/schoenstatt.com\/de\/den-sprung-des-vertrauens-in-der-schule-pater-kentenichs\/","url":"https:\/\/schoenstatt.com\/de\/den-sprung-des-vertrauens-in-der-schule-pater-kentenichs\/","name":"Den Sprung des Vertrauens in der Schule Pater Kentenichs - Schoenstatt","isPartOf":{"@id":"https:\/\/schoenstatt.com\/de\/#website"},"primaryImageOfPage":{"@id":"https:\/\/schoenstatt.com\/de\/den-sprung-des-vertrauens-in-der-schule-pater-kentenichs\/#primaryimage"},"image":{"@id":"https:\/\/schoenstatt.com\/de\/den-sprung-des-vertrauens-in-der-schule-pater-kentenichs\/#primaryimage"},"thumbnailUrl":"https:\/\/schoenstatt.com\/wp-content\/uploads\/2022\/05\/2022-05-16-1.png","datePublished":"2022-05-16T16:21:02+00:00","dateModified":"2025-05-15T18:01:37+00:00","description":"In diesem Video der Serie \"Kentenich im Heute\", erz\u00e4hlt Sr. M. Theresita Rutzmoser \u00fcber ihren Berufungsweg zur Sch\u00f6nst\u00e4tter Marienschwester.","breadcrumb":{"@id":"https:\/\/schoenstatt.com\/de\/den-sprung-des-vertrauens-in-der-schule-pater-kentenichs\/#breadcrumb"},"inLanguage":"de","potentialAction":[{"@type":"ReadAction","target":["https:\/\/schoenstatt.com\/de\/den-sprung-des-vertrauens-in-der-schule-pater-kentenichs\/"]}]},{"@type":"ImageObject","inLanguage":"de","@id":"https:\/\/schoenstatt.com\/de\/den-sprung-des-vertrauens-in-der-schule-pater-kentenichs\/#primaryimage","url":"https:\/\/schoenstatt.com\/wp-content\/uploads\/2022\/05\/2022-05-16-1.png","contentUrl":"https:\/\/schoenstatt.com\/wp-content\/uploads\/2022\/05\/2022-05-16-1.png","width":1920,"height":1080,"caption":"Sr. M. Theresita"},{"@type":"BreadcrumbList","@id":"https:\/\/schoenstatt.com\/de\/den-sprung-des-vertrauens-in-der-schule-pater-kentenichs\/#breadcrumb","itemListElement":[{"@type":"ListItem","position":1,"name":"Portada","item":"https:\/\/schoenstatt.com\/de\/home\/"},{"@type":"ListItem","position":2,"name":"Den Sprung des Vertrauens in der Schule Pater Kentenichs"}]},{"@type":"WebSite","@id":"https:\/\/schoenstatt.com\/de\/#website","url":"https:\/\/schoenstatt.com\/de\/","name":"Schoenstatt","description":"Apostolic Movement","publisher":{"@id":"https:\/\/schoenstatt.com\/de\/#organization"},"potentialAction":[{"@type":"SearchAction","target":{"@type":"EntryPoint","urlTemplate":"https:\/\/schoenstatt.com\/de\/?s={search_term_string}"},"query-input":{"@type":"PropertyValueSpecification","valueRequired":true,"valueName":"search_term_string"}}],"inLanguage":"de"},{"@type":"Organization","@id":"https:\/\/schoenstatt.com\/de\/#organization","name":"Schoenstatt","url":"https:\/\/schoenstatt.com\/de\/","logo":{"@type":"ImageObject","inLanguage":"de","@id":"https:\/\/schoenstatt.com\/de\/#\/schema\/logo\/image\/","url":"https:\/\/schoenstatt.com\/wp-content\/uploads\/2025\/04\/logo-schoenstatt-white-696x696-1.png","contentUrl":"https:\/\/schoenstatt.com\/wp-content\/uploads\/2025\/04\/logo-schoenstatt-white-696x696-1.png","width":696,"height":694,"caption":"Schoenstatt"},"image":{"@id":"https:\/\/schoenstatt.com\/de\/#\/schema\/logo\/image\/"}},{"@type":"Person","@id":"https:\/\/schoenstatt.com\/de\/#\/schema\/person\/ea97a60c723e21c923e2177f0f3163f7","name":"Vanessa Franke","image":{"@type":"ImageObject","inLanguage":"de","@id":"https:\/\/secure.gravatar.com\/avatar\/a9bcca3409928ccd3195eca11e2ccbb2e5d7c7912e9a945d4f326f81a0a5cb4a?s=96&d=mm&r=g","url":"https:\/\/secure.gravatar.com\/avatar\/a9bcca3409928ccd3195eca11e2ccbb2e5d7c7912e9a945d4f326f81a0a5cb4a?s=96&d=mm&r=g","contentUrl":"https:\/\/secure.gravatar.com\/avatar\/a9bcca3409928ccd3195eca11e2ccbb2e5d7c7912e9a945d4f326f81a0a5cb4a?s=96&d=mm&r=g","caption":"Vanessa Franke"},"url":"https:\/\/schoenstatt.com\/de\/author\/vanessa-franke\/"}]}},"_links":{"self":[{"href":"https:\/\/schoenstatt.com\/de\/wp-json\/wp\/v2\/posts\/24822","targetHints":{"allow":["GET"]}}],"collection":[{"href":"https:\/\/schoenstatt.com\/de\/wp-json\/wp\/v2\/posts"}],"about":[{"href":"https:\/\/schoenstatt.com\/de\/wp-json\/wp\/v2\/types\/post"}],"author":[{"embeddable":true,"href":"https:\/\/schoenstatt.com\/de\/wp-json\/wp\/v2\/users\/6"}],"replies":[{"embeddable":true,"href":"https:\/\/schoenstatt.com\/de\/wp-json\/wp\/v2\/comments?post=24822"}],"version-history":[{"count":1,"href":"https:\/\/schoenstatt.com\/de\/wp-json\/wp\/v2\/posts\/24822\/revisions"}],"predecessor-version":[{"id":45220,"href":"https:\/\/schoenstatt.com\/de\/wp-json\/wp\/v2\/posts\/24822\/revisions\/45220"}],"wp:featuredmedia":[{"embeddable":true,"href":"https:\/\/schoenstatt.com\/de\/wp-json\/wp\/v2\/media\/24826"}],"wp:attachment":[{"href":"https:\/\/schoenstatt.com\/de\/wp-json\/wp\/v2\/media?parent=24822"}],"wp:term":[{"taxonomy":"category","embeddable":true,"href":"https:\/\/schoenstatt.com\/de\/wp-json\/wp\/v2\/categories?post=24822"},{"taxonomy":"post_tag","embeddable":true,"href":"https:\/\/schoenstatt.com\/de\/wp-json\/wp\/v2\/tags?post=24822"}],"curies":[{"name":"wp","href":"https:\/\/api.w.org\/{rel}","templated":true}]}}