{"id":24735,"date":"2023-05-10T07:00:05","date_gmt":"2023-05-10T05:00:05","guid":{"rendered":"https:\/\/schoenstatt.com\/?p=24735"},"modified":"2025-05-15T20:38:43","modified_gmt":"2025-05-15T18:38:43","slug":"schwester-emilie-wir-koennen-nicht-perfekt-aber-brillant-sein","status":"publish","type":"post","link":"https:\/\/schoenstatt.com\/de\/schwester-emilie-wir-koennen-nicht-perfekt-aber-brillant-sein\/","title":{"rendered":"Schwester Emilie: wir k\u00f6nnen nicht perfekt aber brillant sein"},"content":{"rendered":"<p>11 Jahre nach der Anerkennung des heroischen Tugendgrades f\u00fcr Schwester Emilie Engel<\/p>\n<p>Ein Diamant, besser noch ein Brillant wird nach verschiedenen Eigenschaften bewertet: H\u00e4rte, Farbe, Reinheit und Gr\u00f6\u00dfe. Je klarer ein Brillant ist, je reiner er ist, je gr\u00f6\u00dfer er ist, um so wertvoller ist er. Ein wichtiger Faktor ist seine klare Farbe. Ist ein Diamant ganz durchsichtig, farblos, hat keine Einschl\u00fcsse, umso wertvoller und gesuchter ist er.<\/p>\n<h3>Sie hat selber gelebt, was sie von anderen erwartet hat<\/h3>\n<p>Ist es bei uns Menschen nicht auch so? Schwester Emilie war ein durch und durch <a href=\"http:\/\/www.emilie-engel.com\">authentischer Mensch<\/a>, an dem es keine Einschl\u00fcsse, das hei\u00dft Selbstbezogenheit, Egoismus und Falschheit gab. So jedenfalls wurde sie von anderen Menschen erlebt. Was sie gesagt hat, was sie von anderen erwartet und erhofft hat, dass hat sie selbst gelebt. Jedenfalls l\u00e4sst das Urteil der Kongregation f\u00fcr Heiligsprechungen \u00fcber ihren heroischen Tugendgrad dies von ihr sagen, nachdem acht theologische Konsultoren sich ein Bild von ihrem Leben gemacht haben.<\/p>\n<p>\u201eEs besteht die Gewissheit \u00fcber den heroischen Grad der g\u00f6ttlichen Tugenden Glaube, <a href=\"https:\/\/schoenstatt.com\/de\/spiritualitat\/schwester-emilie-hoffnungs-und-vertrauenskuenstlerin-in-schwierigen-zeiten\/\">Hoffnung<\/a> und Liebe zu Gott und zum N\u00e4chsten sowie der mit diesen verbundenen Kardinaltugenden Klugheit, Gerechtigkeit, Ma\u00df und Tapferkeit der Dienerin Gottes Emilie Engel aus dem S\u00e4kularinstitut der Sch\u00f6nst\u00e4tter Marienschwestern\u2026\u201c<\/p>\n<h3>Ein Brillant, geschliffen durch die Person von Pater Kentenich<\/h3>\n<p>So urteilen vor nunmehr 11 Jahren die Verantwortlichen in Rom \u00fcber die Person von Schwester Emilie Engel. Schwester Emilie ist ein wirklicher Brillant, geschliffen durch die Person von Pater Kentenich. Schwester Emilie war nicht perfekt, sie hatte das menschliche Bed\u00fcrfnis nach Liebe und Geborgenheit wie jeder es von uns hat. Perfekt ist nur die ohne Erbs\u00fcnde empfangene Mutter Maria, der Schwester Emilie nachgeeifert ist. Pater Kentenich hat sie durch die <a href=\"https:\/\/schoenstatt.com\/de\/about\/spiritualitaet\/das-liebesbuendnis\/\">Spiritualit\u00e4t Sch\u00f6nstatts<\/a> geformt und im Liebesb\u00fcndnis zu einem Vorbild wachsen lassen, der sie f\u00fcr viele Menschen auch nach vielen Jahren ihres Heimgangs zu Gott ist: Ein wirkliches Vorbild, ein m\u00fctterlicher Mensch, dessen Leben andere Menschen inspiriert und motiviert ihr nachzueifern in Glaube, Hoffnung und Liebe. Durch den Gr\u00fcnder Sch\u00f6nstatts hat sie Format gewonnen, so dass Menschen immer wieder zu ihrem Grab pilgern und sie in ihren N\u00f6ten und Sorgen anrufen in der Zuversicht, dass sie bei Gott F\u00fcrsprache einlegen wird.<\/p>\n<p>&nbsp;<\/p>\n<p>Mehr zum Leben von Emilie Engel: <a href=\"http:\/\/www.emilie-engel.com\">www.emilie-engel.com<\/a><\/p>\n<p>&nbsp;<\/p>\n","protected":false},"excerpt":{"rendered":"<p>11 Jahre nach der Anerkennung des heroischen Tugendgrades. Durch die Spiritualit\u00e4t Sch\u00f6nstatts geformt und im Liebesb\u00fcndnis zu einem Vorbild gewachsen <\/p>\n","protected":false},"author":1,"featured_media":22840,"comment_status":"closed","ping_status":"closed","sticky":false,"template":"","format":"standard","meta":{"footnotes":""},"categories":[918,907,914],"tags":[],"class_list":["post-24735","post","type-post","status-publish","format-standard","has-post-thumbnail","hentry","category-frauen-de","category-schoenstatt-gemeinschaften-de","category-spiritualitat-de"],"yoast_head":"<!-- This site is optimized with the Yoast SEO Premium plugin v27.4 (Yoast SEO v27.4) - https:\/\/yoast.com\/product\/yoast-seo-premium-wordpress\/ -->\n<title>Schwester Emilie: wir k\u00f6nnen nicht perfekt aber brillant sein<\/title>\n<meta name=\"description\" content=\"Schwester Emilie: 11 Jahre nach der Anerkennung des heroischen Tugendgrades. Durch die Spiritualit\u00e4t Sch\u00f6nstatts geformt und im Liebesb\u00fcndnis zu einem Vorbild gewachsen\" \/>\n<meta name=\"robots\" content=\"index, follow, max-snippet:-1, max-image-preview:large, max-video-preview:-1\" \/>\n<link rel=\"canonical\" href=\"https:\/\/schoenstatt.com\/de\/schwester-emilie-wir-koennen-nicht-perfekt-aber-brillant-sein\/\" \/>\n<meta property=\"og:locale\" content=\"de_DE\" \/>\n<meta property=\"og:type\" content=\"article\" \/>\n<meta property=\"og:title\" content=\"Schwester Emilie: wir k\u00f6nnen nicht perfekt aber brillant sein\" \/>\n<meta property=\"og:description\" content=\"Schwester Emilie: 11 Jahre nach der Anerkennung des heroischen Tugendgrades. Durch die Spiritualit\u00e4t Sch\u00f6nstatts geformt und im Liebesb\u00fcndnis zu einem Vorbild gewachsen\" \/>\n<meta property=\"og:url\" content=\"https:\/\/schoenstatt.com\/de\/schwester-emilie-wir-koennen-nicht-perfekt-aber-brillant-sein\/\" \/>\n<meta property=\"og:site_name\" content=\"Schoenstatt\" \/>\n<meta property=\"article:published_time\" content=\"2023-05-10T05:00:05+00:00\" \/>\n<meta property=\"article:modified_time\" content=\"2025-05-15T18:38:43+00:00\" \/>\n<meta property=\"og:image\" content=\"https:\/\/schoenstatt.com\/wp-content\/uploads\/2021\/02\/header-Emilie-e1641233885735-1.jpg\" \/>\n\t<meta property=\"og:image:width\" content=\"1770\" \/>\n\t<meta property=\"og:image:height\" content=\"1296\" \/>\n\t<meta property=\"og:image:type\" content=\"image\/jpeg\" \/>\n<meta name=\"author\" content=\"admin\" \/>\n<meta name=\"twitter:card\" content=\"summary_large_image\" \/>\n<meta name=\"twitter:label1\" content=\"Verfasst von\" \/>\n\t<meta name=\"twitter:data1\" content=\"admin\" \/>\n\t<meta name=\"twitter:label2\" content=\"Gesch\u00e4tzte Lesezeit\" \/>\n\t<meta name=\"twitter:data2\" content=\"2\u00a0Minuten\" \/>\n<script type=\"application\/ld+json\" class=\"yoast-schema-graph\">{\"@context\":\"https:\\\/\\\/schema.org\",\"@graph\":[{\"@type\":\"Article\",\"@id\":\"https:\\\/\\\/schoenstatt.com\\\/de\\\/schwester-emilie-wir-koennen-nicht-perfekt-aber-brillant-sein\\\/#article\",\"isPartOf\":{\"@id\":\"https:\\\/\\\/schoenstatt.com\\\/de\\\/schwester-emilie-wir-koennen-nicht-perfekt-aber-brillant-sein\\\/\"},\"author\":{\"name\":\"admin\",\"@id\":\"https:\\\/\\\/schoenstatt.com\\\/de\\\/#\\\/schema\\\/person\\\/489465b1850e7b216fe2c10dfc262551\"},\"headline\":\"Schwester Emilie: wir k\u00f6nnen nicht perfekt aber brillant sein\",\"datePublished\":\"2023-05-10T05:00:05+00:00\",\"dateModified\":\"2025-05-15T18:38:43+00:00\",\"mainEntityOfPage\":{\"@id\":\"https:\\\/\\\/schoenstatt.com\\\/de\\\/schwester-emilie-wir-koennen-nicht-perfekt-aber-brillant-sein\\\/\"},\"wordCount\":405,\"publisher\":{\"@id\":\"https:\\\/\\\/schoenstatt.com\\\/de\\\/#organization\"},\"image\":{\"@id\":\"https:\\\/\\\/schoenstatt.com\\\/de\\\/schwester-emilie-wir-koennen-nicht-perfekt-aber-brillant-sein\\\/#primaryimage\"},\"thumbnailUrl\":\"https:\\\/\\\/schoenstatt.com\\\/wp-content\\\/uploads\\\/2021\\\/02\\\/header-Emilie-e1641233885735-1.jpg\",\"articleSection\":[\"Frauen\",\"Schoenstatt Gemeinschaften\",\"Spiritualit\u00e4t\"],\"inLanguage\":\"de\"},{\"@type\":\"WebPage\",\"@id\":\"https:\\\/\\\/schoenstatt.com\\\/de\\\/schwester-emilie-wir-koennen-nicht-perfekt-aber-brillant-sein\\\/\",\"url\":\"https:\\\/\\\/schoenstatt.com\\\/de\\\/schwester-emilie-wir-koennen-nicht-perfekt-aber-brillant-sein\\\/\",\"name\":\"Schwester Emilie: wir k\u00f6nnen nicht perfekt aber brillant sein\",\"isPartOf\":{\"@id\":\"https:\\\/\\\/schoenstatt.com\\\/de\\\/#website\"},\"primaryImageOfPage\":{\"@id\":\"https:\\\/\\\/schoenstatt.com\\\/de\\\/schwester-emilie-wir-koennen-nicht-perfekt-aber-brillant-sein\\\/#primaryimage\"},\"image\":{\"@id\":\"https:\\\/\\\/schoenstatt.com\\\/de\\\/schwester-emilie-wir-koennen-nicht-perfekt-aber-brillant-sein\\\/#primaryimage\"},\"thumbnailUrl\":\"https:\\\/\\\/schoenstatt.com\\\/wp-content\\\/uploads\\\/2021\\\/02\\\/header-Emilie-e1641233885735-1.jpg\",\"datePublished\":\"2023-05-10T05:00:05+00:00\",\"dateModified\":\"2025-05-15T18:38:43+00:00\",\"description\":\"Schwester Emilie: 11 Jahre nach der Anerkennung des heroischen Tugendgrades. Durch die Spiritualit\u00e4t Sch\u00f6nstatts geformt und im Liebesb\u00fcndnis zu einem Vorbild gewachsen\",\"breadcrumb\":{\"@id\":\"https:\\\/\\\/schoenstatt.com\\\/de\\\/schwester-emilie-wir-koennen-nicht-perfekt-aber-brillant-sein\\\/#breadcrumb\"},\"inLanguage\":\"de\",\"potentialAction\":[{\"@type\":\"ReadAction\",\"target\":[\"https:\\\/\\\/schoenstatt.com\\\/de\\\/schwester-emilie-wir-koennen-nicht-perfekt-aber-brillant-sein\\\/\"]}]},{\"@type\":\"ImageObject\",\"inLanguage\":\"de\",\"@id\":\"https:\\\/\\\/schoenstatt.com\\\/de\\\/schwester-emilie-wir-koennen-nicht-perfekt-aber-brillant-sein\\\/#primaryimage\",\"url\":\"https:\\\/\\\/schoenstatt.com\\\/wp-content\\\/uploads\\\/2021\\\/02\\\/header-Emilie-e1641233885735-1.jpg\",\"contentUrl\":\"https:\\\/\\\/schoenstatt.com\\\/wp-content\\\/uploads\\\/2021\\\/02\\\/header-Emilie-e1641233885735-1.jpg\",\"width\":1770,\"height\":1296,\"caption\":\"Sister Emilie\"},{\"@type\":\"BreadcrumbList\",\"@id\":\"https:\\\/\\\/schoenstatt.com\\\/de\\\/schwester-emilie-wir-koennen-nicht-perfekt-aber-brillant-sein\\\/#breadcrumb\",\"itemListElement\":[{\"@type\":\"ListItem\",\"position\":1,\"name\":\"Portada\",\"item\":\"https:\\\/\\\/schoenstatt.com\\\/de\\\/home\\\/\"},{\"@type\":\"ListItem\",\"position\":2,\"name\":\"Schwester Emilie: wir k\u00f6nnen nicht perfekt aber brillant sein\"}]},{\"@type\":\"WebSite\",\"@id\":\"https:\\\/\\\/schoenstatt.com\\\/de\\\/#website\",\"url\":\"https:\\\/\\\/schoenstatt.com\\\/de\\\/\",\"name\":\"Schoenstatt\",\"description\":\"Apostolic Movement\",\"publisher\":{\"@id\":\"https:\\\/\\\/schoenstatt.com\\\/de\\\/#organization\"},\"potentialAction\":[{\"@type\":\"SearchAction\",\"target\":{\"@type\":\"EntryPoint\",\"urlTemplate\":\"https:\\\/\\\/schoenstatt.com\\\/de\\\/?s={search_term_string}\"},\"query-input\":{\"@type\":\"PropertyValueSpecification\",\"valueRequired\":true,\"valueName\":\"search_term_string\"}}],\"inLanguage\":\"de\"},{\"@type\":\"Organization\",\"@id\":\"https:\\\/\\\/schoenstatt.com\\\/de\\\/#organization\",\"name\":\"Schoenstatt\",\"url\":\"https:\\\/\\\/schoenstatt.com\\\/de\\\/\",\"logo\":{\"@type\":\"ImageObject\",\"inLanguage\":\"de\",\"@id\":\"https:\\\/\\\/schoenstatt.com\\\/de\\\/#\\\/schema\\\/logo\\\/image\\\/\",\"url\":\"https:\\\/\\\/schoenstatt.com\\\/wp-content\\\/uploads\\\/2025\\\/04\\\/logo-schoenstatt-white-696x696-1.png\",\"contentUrl\":\"https:\\\/\\\/schoenstatt.com\\\/wp-content\\\/uploads\\\/2025\\\/04\\\/logo-schoenstatt-white-696x696-1.png\",\"width\":696,\"height\":694,\"caption\":\"Schoenstatt\"},\"image\":{\"@id\":\"https:\\\/\\\/schoenstatt.com\\\/de\\\/#\\\/schema\\\/logo\\\/image\\\/\"}},{\"@type\":\"Person\",\"@id\":\"https:\\\/\\\/schoenstatt.com\\\/de\\\/#\\\/schema\\\/person\\\/489465b1850e7b216fe2c10dfc262551\",\"name\":\"admin\",\"image\":{\"@type\":\"ImageObject\",\"inLanguage\":\"de\",\"@id\":\"https:\\\/\\\/secure.gravatar.com\\\/avatar\\\/02e8345e1ec40ab0e0a2a98fdde64a684bbaf994cddcb778b25b8b024ee9dfe6?s=96&d=mm&r=g\",\"url\":\"https:\\\/\\\/secure.gravatar.com\\\/avatar\\\/02e8345e1ec40ab0e0a2a98fdde64a684bbaf994cddcb778b25b8b024ee9dfe6?s=96&d=mm&r=g\",\"contentUrl\":\"https:\\\/\\\/secure.gravatar.com\\\/avatar\\\/02e8345e1ec40ab0e0a2a98fdde64a684bbaf994cddcb778b25b8b024ee9dfe6?s=96&d=mm&r=g\",\"caption\":\"admin\"},\"sameAs\":[\"https:\\\/\\\/schoenstatt.com\"],\"url\":\"https:\\\/\\\/schoenstatt.com\\\/de\\\/author\\\/admin\\\/\"}]}<\/script>\n<!-- \/ Yoast SEO Premium plugin. -->","yoast_head_json":{"title":"Schwester Emilie: wir k\u00f6nnen nicht perfekt aber brillant sein","description":"Schwester Emilie: 11 Jahre nach der Anerkennung des heroischen Tugendgrades. Durch die Spiritualit\u00e4t Sch\u00f6nstatts geformt und im Liebesb\u00fcndnis zu einem Vorbild gewachsen","robots":{"index":"index","follow":"follow","max-snippet":"max-snippet:-1","max-image-preview":"max-image-preview:large","max-video-preview":"max-video-preview:-1"},"canonical":"https:\/\/schoenstatt.com\/de\/schwester-emilie-wir-koennen-nicht-perfekt-aber-brillant-sein\/","og_locale":"de_DE","og_type":"article","og_title":"Schwester Emilie: wir k\u00f6nnen nicht perfekt aber brillant sein","og_description":"Schwester Emilie: 11 Jahre nach der Anerkennung des heroischen Tugendgrades. Durch die Spiritualit\u00e4t Sch\u00f6nstatts geformt und im Liebesb\u00fcndnis zu einem Vorbild gewachsen","og_url":"https:\/\/schoenstatt.com\/de\/schwester-emilie-wir-koennen-nicht-perfekt-aber-brillant-sein\/","og_site_name":"Schoenstatt","article_published_time":"2023-05-10T05:00:05+00:00","article_modified_time":"2025-05-15T18:38:43+00:00","og_image":[{"width":1770,"height":1296,"url":"https:\/\/schoenstatt.com\/wp-content\/uploads\/2021\/02\/header-Emilie-e1641233885735-1.jpg","type":"image\/jpeg"}],"author":"admin","twitter_card":"summary_large_image","twitter_misc":{"Verfasst von":"admin","Gesch\u00e4tzte Lesezeit":"2\u00a0Minuten"},"schema":{"@context":"https:\/\/schema.org","@graph":[{"@type":"Article","@id":"https:\/\/schoenstatt.com\/de\/schwester-emilie-wir-koennen-nicht-perfekt-aber-brillant-sein\/#article","isPartOf":{"@id":"https:\/\/schoenstatt.com\/de\/schwester-emilie-wir-koennen-nicht-perfekt-aber-brillant-sein\/"},"author":{"name":"admin","@id":"https:\/\/schoenstatt.com\/de\/#\/schema\/person\/489465b1850e7b216fe2c10dfc262551"},"headline":"Schwester Emilie: wir k\u00f6nnen nicht perfekt aber brillant sein","datePublished":"2023-05-10T05:00:05+00:00","dateModified":"2025-05-15T18:38:43+00:00","mainEntityOfPage":{"@id":"https:\/\/schoenstatt.com\/de\/schwester-emilie-wir-koennen-nicht-perfekt-aber-brillant-sein\/"},"wordCount":405,"publisher":{"@id":"https:\/\/schoenstatt.com\/de\/#organization"},"image":{"@id":"https:\/\/schoenstatt.com\/de\/schwester-emilie-wir-koennen-nicht-perfekt-aber-brillant-sein\/#primaryimage"},"thumbnailUrl":"https:\/\/schoenstatt.com\/wp-content\/uploads\/2021\/02\/header-Emilie-e1641233885735-1.jpg","articleSection":["Frauen","Schoenstatt Gemeinschaften","Spiritualit\u00e4t"],"inLanguage":"de"},{"@type":"WebPage","@id":"https:\/\/schoenstatt.com\/de\/schwester-emilie-wir-koennen-nicht-perfekt-aber-brillant-sein\/","url":"https:\/\/schoenstatt.com\/de\/schwester-emilie-wir-koennen-nicht-perfekt-aber-brillant-sein\/","name":"Schwester Emilie: wir k\u00f6nnen nicht perfekt aber brillant sein","isPartOf":{"@id":"https:\/\/schoenstatt.com\/de\/#website"},"primaryImageOfPage":{"@id":"https:\/\/schoenstatt.com\/de\/schwester-emilie-wir-koennen-nicht-perfekt-aber-brillant-sein\/#primaryimage"},"image":{"@id":"https:\/\/schoenstatt.com\/de\/schwester-emilie-wir-koennen-nicht-perfekt-aber-brillant-sein\/#primaryimage"},"thumbnailUrl":"https:\/\/schoenstatt.com\/wp-content\/uploads\/2021\/02\/header-Emilie-e1641233885735-1.jpg","datePublished":"2023-05-10T05:00:05+00:00","dateModified":"2025-05-15T18:38:43+00:00","description":"Schwester Emilie: 11 Jahre nach der Anerkennung des heroischen Tugendgrades. Durch die Spiritualit\u00e4t Sch\u00f6nstatts geformt und im Liebesb\u00fcndnis zu einem Vorbild gewachsen","breadcrumb":{"@id":"https:\/\/schoenstatt.com\/de\/schwester-emilie-wir-koennen-nicht-perfekt-aber-brillant-sein\/#breadcrumb"},"inLanguage":"de","potentialAction":[{"@type":"ReadAction","target":["https:\/\/schoenstatt.com\/de\/schwester-emilie-wir-koennen-nicht-perfekt-aber-brillant-sein\/"]}]},{"@type":"ImageObject","inLanguage":"de","@id":"https:\/\/schoenstatt.com\/de\/schwester-emilie-wir-koennen-nicht-perfekt-aber-brillant-sein\/#primaryimage","url":"https:\/\/schoenstatt.com\/wp-content\/uploads\/2021\/02\/header-Emilie-e1641233885735-1.jpg","contentUrl":"https:\/\/schoenstatt.com\/wp-content\/uploads\/2021\/02\/header-Emilie-e1641233885735-1.jpg","width":1770,"height":1296,"caption":"Sister Emilie"},{"@type":"BreadcrumbList","@id":"https:\/\/schoenstatt.com\/de\/schwester-emilie-wir-koennen-nicht-perfekt-aber-brillant-sein\/#breadcrumb","itemListElement":[{"@type":"ListItem","position":1,"name":"Portada","item":"https:\/\/schoenstatt.com\/de\/home\/"},{"@type":"ListItem","position":2,"name":"Schwester Emilie: wir k\u00f6nnen nicht perfekt aber brillant sein"}]},{"@type":"WebSite","@id":"https:\/\/schoenstatt.com\/de\/#website","url":"https:\/\/schoenstatt.com\/de\/","name":"Schoenstatt","description":"Apostolic Movement","publisher":{"@id":"https:\/\/schoenstatt.com\/de\/#organization"},"potentialAction":[{"@type":"SearchAction","target":{"@type":"EntryPoint","urlTemplate":"https:\/\/schoenstatt.com\/de\/?s={search_term_string}"},"query-input":{"@type":"PropertyValueSpecification","valueRequired":true,"valueName":"search_term_string"}}],"inLanguage":"de"},{"@type":"Organization","@id":"https:\/\/schoenstatt.com\/de\/#organization","name":"Schoenstatt","url":"https:\/\/schoenstatt.com\/de\/","logo":{"@type":"ImageObject","inLanguage":"de","@id":"https:\/\/schoenstatt.com\/de\/#\/schema\/logo\/image\/","url":"https:\/\/schoenstatt.com\/wp-content\/uploads\/2025\/04\/logo-schoenstatt-white-696x696-1.png","contentUrl":"https:\/\/schoenstatt.com\/wp-content\/uploads\/2025\/04\/logo-schoenstatt-white-696x696-1.png","width":696,"height":694,"caption":"Schoenstatt"},"image":{"@id":"https:\/\/schoenstatt.com\/de\/#\/schema\/logo\/image\/"}},{"@type":"Person","@id":"https:\/\/schoenstatt.com\/de\/#\/schema\/person\/489465b1850e7b216fe2c10dfc262551","name":"admin","image":{"@type":"ImageObject","inLanguage":"de","@id":"https:\/\/secure.gravatar.com\/avatar\/02e8345e1ec40ab0e0a2a98fdde64a684bbaf994cddcb778b25b8b024ee9dfe6?s=96&d=mm&r=g","url":"https:\/\/secure.gravatar.com\/avatar\/02e8345e1ec40ab0e0a2a98fdde64a684bbaf994cddcb778b25b8b024ee9dfe6?s=96&d=mm&r=g","contentUrl":"https:\/\/secure.gravatar.com\/avatar\/02e8345e1ec40ab0e0a2a98fdde64a684bbaf994cddcb778b25b8b024ee9dfe6?s=96&d=mm&r=g","caption":"admin"},"sameAs":["https:\/\/schoenstatt.com"],"url":"https:\/\/schoenstatt.com\/de\/author\/admin\/"}]}},"_links":{"self":[{"href":"https:\/\/schoenstatt.com\/de\/wp-json\/wp\/v2\/posts\/24735","targetHints":{"allow":["GET"]}}],"collection":[{"href":"https:\/\/schoenstatt.com\/de\/wp-json\/wp\/v2\/posts"}],"about":[{"href":"https:\/\/schoenstatt.com\/de\/wp-json\/wp\/v2\/types\/post"}],"author":[{"embeddable":true,"href":"https:\/\/schoenstatt.com\/de\/wp-json\/wp\/v2\/users\/1"}],"replies":[{"embeddable":true,"href":"https:\/\/schoenstatt.com\/de\/wp-json\/wp\/v2\/comments?post=24735"}],"version-history":[{"count":1,"href":"https:\/\/schoenstatt.com\/de\/wp-json\/wp\/v2\/posts\/24735\/revisions"}],"predecessor-version":[{"id":45994,"href":"https:\/\/schoenstatt.com\/de\/wp-json\/wp\/v2\/posts\/24735\/revisions\/45994"}],"wp:featuredmedia":[{"embeddable":true,"href":"https:\/\/schoenstatt.com\/de\/wp-json\/wp\/v2\/media\/22840"}],"wp:attachment":[{"href":"https:\/\/schoenstatt.com\/de\/wp-json\/wp\/v2\/media?parent=24735"}],"wp:term":[{"taxonomy":"category","embeddable":true,"href":"https:\/\/schoenstatt.com\/de\/wp-json\/wp\/v2\/categories?post=24735"},{"taxonomy":"post_tag","embeddable":true,"href":"https:\/\/schoenstatt.com\/de\/wp-json\/wp\/v2\/tags?post=24735"}],"curies":[{"name":"wp","href":"https:\/\/api.w.org\/{rel}","templated":true}]}}