{"id":24588,"date":"2022-05-09T18:00:24","date_gmt":"2022-05-09T16:00:24","guid":{"rendered":"https:\/\/schoenstatt.com\/?p=24588"},"modified":"2025-05-15T20:01:38","modified_gmt":"2025-05-15T18:01:38","slug":"schoene-blumen-wachsen-langsam-nur-das-unkraut-hat-es-eilig-sr-m-priska","status":"publish","type":"post","link":"https:\/\/schoenstatt.com\/de\/schoene-blumen-wachsen-langsam-nur-das-unkraut-hat-es-eilig-sr-m-priska\/","title":{"rendered":"\u201eSch\u00f6ne Blumen wachsen langsam, nur das Unkraut hat es eilig.\u201c- Sr. M. Priska"},"content":{"rendered":"<p>Sr. M. Priska ist das Wachstum von Menschen sehr wichtig, sowohl das pers\u00f6nliche, als auch das ihrer Mitarbeiter. Als sie vor 21 Jahren Sch\u00f6nstatt in der Schweiz kennenlernte, gab es dort in ihrer Umgebung noch kein Heiligtum und die Sch\u00f6nstattbewegung war noch sehr klein: \u201eWas mich fasziniert hat war, dass die Leute so normal waren, bodenst\u00e4ndig, sehr authentisch und vor allem, sie haben normal getickt, waren nicht \u00fcberfromm, das war mir sehr sympathisch.&#8220;<\/p>\n<p>Der Weg zu den <a href=\"https:\/\/www.s-ms.org\/\">Marienschwestern<\/a> f\u00fchrte \u00fcber ein Buch von Sr. Emilie Engel, in dem ihr der <a href=\"https:\/\/schoenstatt.com\/de\/p-josef-kentenich\/pater-kentenich-im-heute-eine-video-serie\/\">Gr\u00fcnder<\/a> sehr sympathisch begegnet ist:<\/p>\n<blockquote><p>\u201eEr hat die Schwester, die ihre Probleme hatte &#8211; die wir ja alle haben und kennen &#8211; sehr herausgefordert, aber nicht \u00fcberfordert. Was mich vor allem beeindruckt hat: Er hat sie langsam wachsen lassen. Das muss ich betonen, nicht weil ich phlegmatisch veranlagt w\u00e4re, sondern weil mir die Freiheit wichtig ist und auch damals war.\u201c<\/p><\/blockquote>\n<p>In der Gemeinschaft findet sie dann auch diesen Freiheitsraum: \u201eKritisch hinterfragt habe in meiner Einf\u00fchrungszeit und in meiner Ausbildungszeit bei den Schwestern. Ich habe es gesch\u00e4tzt, dass man mich dort hat wachsen lassen und auch hat verstehen lassen, sonst w\u00e4re ich wohl nicht mehr da.\u201c<\/p>\n<p>Die besondere St\u00e4rke Sch\u00f6nstatts beschreibt Sr. M. Priska so: \u201eIch denke heute, katholisch sein ist das Eine, aber sich heiligm\u00e4\u00dfigen Menschen anschlie\u00dfen, sich von ihnen formen, f\u00fchren und schulen lassen, dass man selber innerlich frei wird und wachsen kann, das ist noch einmal eine h\u00f6here Ebene. Und die hat mir selber geholfen, im Glauben tiefer zu wachsen, meiner Pers\u00f6nlichkeit allgemein ein kraftvolleres Profil zu geben und meinem Gottvertrauen eine andere St\u00e4rke.\u201c<\/p>\n<p><iframe title=\"Schwester M  Priska Furrer\" width=\"800\" height=\"450\" src=\"https:\/\/www.youtube.com\/embed\/LX_T9yRZzwA?feature=oembed\" frameborder=\"0\" allow=\"accelerometer; autoplay; clipboard-write; encrypted-media; gyroscope; picture-in-picture; web-share\" referrerpolicy=\"strict-origin-when-cross-origin\" allowfullscreen><\/iframe><\/p>\n<p>&nbsp;<\/p>\n","protected":false},"excerpt":{"rendered":"<p>Sr. M. Priska Furrer, Bereichsleiterin in der Bildungsst\u00e4tte Marienland, bezeugt: \u201eIch habe die P\u00e4dagogik von unserem Gr\u00fcnder Pater Kentenich sehr sch\u00e4tzen gelernt, vor allem die Vertrauensp\u00e4dagogik in der Mitarbeiterf\u00fchrung. Ich kann heute sagen: Ohne Pater Kentenich h\u00e4tte ich auch meine Selbsterziehung niemals so in die Hand genommen, das h\u00e4tte ich nicht gewagt, so ehrlich mit mir selbst umzugehen.\u201c<\/p>\n","protected":false},"author":6,"featured_media":24589,"comment_status":"closed","ping_status":"closed","sticky":false,"template":"","format":"standard","meta":{"footnotes":""},"categories":[878],"tags":[],"class_list":["post-24588","post","type-post","status-publish","format-standard","has-post-thumbnail","hentry","category-p-josef-kentenich-de"],"yoast_head":"<!-- This site is optimized with the Yoast SEO Premium plugin v27.4 (Yoast SEO v27.4) - https:\/\/yoast.com\/product\/yoast-seo-premium-wordpress\/ -->\n<title>\u201eSch\u00f6ne Blumen wachsen langsam, nur das Unkraut hat es eilig.\u201c- Sr. M. Priska<\/title>\n<meta name=\"description\" content=\"Ich habe die P\u00e4dagogik von unserem Gr\u00fcnder Pater Kentenich sehr sch\u00e4tzen gelernt, vor allem die Vertrauensp\u00e4dagogik in der Mitarbeiterf\u00fchrung.\" \/>\n<meta name=\"robots\" content=\"index, follow, max-snippet:-1, max-image-preview:large, max-video-preview:-1\" \/>\n<link rel=\"canonical\" href=\"https:\/\/schoenstatt.com\/de\/schoene-blumen-wachsen-langsam-nur-das-unkraut-hat-es-eilig-sr-m-priska\/\" \/>\n<meta property=\"og:locale\" content=\"de_DE\" \/>\n<meta property=\"og:type\" content=\"article\" \/>\n<meta property=\"og:title\" content=\"\u201eSch\u00f6ne Blumen wachsen langsam, nur das Unkraut hat es eilig.\u201c- Sr. M. Priska\" \/>\n<meta property=\"og:description\" content=\"Ich habe die P\u00e4dagogik von unserem Gr\u00fcnder Pater Kentenich sehr sch\u00e4tzen gelernt, vor allem die Vertrauensp\u00e4dagogik in der Mitarbeiterf\u00fchrung.\" \/>\n<meta property=\"og:url\" content=\"https:\/\/schoenstatt.com\/de\/schoene-blumen-wachsen-langsam-nur-das-unkraut-hat-es-eilig-sr-m-priska\/\" \/>\n<meta property=\"og:site_name\" content=\"Schoenstatt\" \/>\n<meta property=\"article:published_time\" content=\"2022-05-09T16:00:24+00:00\" \/>\n<meta property=\"article:modified_time\" content=\"2025-05-15T18:01:38+00:00\" \/>\n<meta property=\"og:image\" content=\"https:\/\/schoenstatt.com\/wp-content\/uploads\/2022\/05\/Sr.-M.-Priska-1.png\" \/>\n\t<meta property=\"og:image:width\" content=\"2208\" \/>\n\t<meta property=\"og:image:height\" content=\"1240\" \/>\n\t<meta property=\"og:image:type\" content=\"image\/png\" \/>\n<meta name=\"author\" content=\"Vanessa Franke\" \/>\n<meta name=\"twitter:card\" content=\"summary_large_image\" \/>\n<meta name=\"twitter:label1\" content=\"Verfasst von\" \/>\n\t<meta name=\"twitter:data1\" content=\"Vanessa Franke\" \/>\n\t<meta name=\"twitter:label2\" content=\"Gesch\u00e4tzte Lesezeit\" \/>\n\t<meta name=\"twitter:data2\" content=\"2\u00a0Minuten\" \/>\n<script type=\"application\/ld+json\" class=\"yoast-schema-graph\">{\"@context\":\"https:\\\/\\\/schema.org\",\"@graph\":[{\"@type\":\"Article\",\"@id\":\"https:\\\/\\\/schoenstatt.com\\\/de\\\/schoene-blumen-wachsen-langsam-nur-das-unkraut-hat-es-eilig-sr-m-priska\\\/#article\",\"isPartOf\":{\"@id\":\"https:\\\/\\\/schoenstatt.com\\\/de\\\/schoene-blumen-wachsen-langsam-nur-das-unkraut-hat-es-eilig-sr-m-priska\\\/\"},\"author\":{\"name\":\"Vanessa Franke\",\"@id\":\"https:\\\/\\\/schoenstatt.com\\\/de\\\/#\\\/schema\\\/person\\\/ea97a60c723e21c923e2177f0f3163f7\"},\"headline\":\"\u201eSch\u00f6ne Blumen wachsen langsam, nur das Unkraut hat es eilig.\u201c- Sr. M. Priska\",\"datePublished\":\"2022-05-09T16:00:24+00:00\",\"dateModified\":\"2025-05-15T18:01:38+00:00\",\"mainEntityOfPage\":{\"@id\":\"https:\\\/\\\/schoenstatt.com\\\/de\\\/schoene-blumen-wachsen-langsam-nur-das-unkraut-hat-es-eilig-sr-m-priska\\\/\"},\"wordCount\":305,\"publisher\":{\"@id\":\"https:\\\/\\\/schoenstatt.com\\\/de\\\/#organization\"},\"image\":{\"@id\":\"https:\\\/\\\/schoenstatt.com\\\/de\\\/schoene-blumen-wachsen-langsam-nur-das-unkraut-hat-es-eilig-sr-m-priska\\\/#primaryimage\"},\"thumbnailUrl\":\"https:\\\/\\\/schoenstatt.com\\\/wp-content\\\/uploads\\\/2022\\\/05\\\/Sr.-M.-Priska-1.png\",\"articleSection\":[\"P. Josef Kentenich\"],\"inLanguage\":\"de\"},{\"@type\":\"WebPage\",\"@id\":\"https:\\\/\\\/schoenstatt.com\\\/de\\\/schoene-blumen-wachsen-langsam-nur-das-unkraut-hat-es-eilig-sr-m-priska\\\/\",\"url\":\"https:\\\/\\\/schoenstatt.com\\\/de\\\/schoene-blumen-wachsen-langsam-nur-das-unkraut-hat-es-eilig-sr-m-priska\\\/\",\"name\":\"\u201eSch\u00f6ne Blumen wachsen langsam, nur das Unkraut hat es eilig.\u201c- Sr. M. Priska\",\"isPartOf\":{\"@id\":\"https:\\\/\\\/schoenstatt.com\\\/de\\\/#website\"},\"primaryImageOfPage\":{\"@id\":\"https:\\\/\\\/schoenstatt.com\\\/de\\\/schoene-blumen-wachsen-langsam-nur-das-unkraut-hat-es-eilig-sr-m-priska\\\/#primaryimage\"},\"image\":{\"@id\":\"https:\\\/\\\/schoenstatt.com\\\/de\\\/schoene-blumen-wachsen-langsam-nur-das-unkraut-hat-es-eilig-sr-m-priska\\\/#primaryimage\"},\"thumbnailUrl\":\"https:\\\/\\\/schoenstatt.com\\\/wp-content\\\/uploads\\\/2022\\\/05\\\/Sr.-M.-Priska-1.png\",\"datePublished\":\"2022-05-09T16:00:24+00:00\",\"dateModified\":\"2025-05-15T18:01:38+00:00\",\"description\":\"Ich habe die P\u00e4dagogik von unserem Gr\u00fcnder Pater Kentenich sehr sch\u00e4tzen gelernt, vor allem die Vertrauensp\u00e4dagogik in der Mitarbeiterf\u00fchrung.\",\"breadcrumb\":{\"@id\":\"https:\\\/\\\/schoenstatt.com\\\/de\\\/schoene-blumen-wachsen-langsam-nur-das-unkraut-hat-es-eilig-sr-m-priska\\\/#breadcrumb\"},\"inLanguage\":\"de\",\"potentialAction\":[{\"@type\":\"ReadAction\",\"target\":[\"https:\\\/\\\/schoenstatt.com\\\/de\\\/schoene-blumen-wachsen-langsam-nur-das-unkraut-hat-es-eilig-sr-m-priska\\\/\"]}]},{\"@type\":\"ImageObject\",\"inLanguage\":\"de\",\"@id\":\"https:\\\/\\\/schoenstatt.com\\\/de\\\/schoene-blumen-wachsen-langsam-nur-das-unkraut-hat-es-eilig-sr-m-priska\\\/#primaryimage\",\"url\":\"https:\\\/\\\/schoenstatt.com\\\/wp-content\\\/uploads\\\/2022\\\/05\\\/Sr.-M.-Priska-1.png\",\"contentUrl\":\"https:\\\/\\\/schoenstatt.com\\\/wp-content\\\/uploads\\\/2022\\\/05\\\/Sr.-M.-Priska-1.png\",\"width\":2208,\"height\":1240,\"caption\":\"Sr. M. Priska\"},{\"@type\":\"BreadcrumbList\",\"@id\":\"https:\\\/\\\/schoenstatt.com\\\/de\\\/schoene-blumen-wachsen-langsam-nur-das-unkraut-hat-es-eilig-sr-m-priska\\\/#breadcrumb\",\"itemListElement\":[{\"@type\":\"ListItem\",\"position\":1,\"name\":\"Portada\",\"item\":\"https:\\\/\\\/schoenstatt.com\\\/de\\\/home\\\/\"},{\"@type\":\"ListItem\",\"position\":2,\"name\":\"\u201eSch\u00f6ne Blumen wachsen langsam, nur das Unkraut hat es eilig.\u201c- Sr. M. Priska\"}]},{\"@type\":\"WebSite\",\"@id\":\"https:\\\/\\\/schoenstatt.com\\\/de\\\/#website\",\"url\":\"https:\\\/\\\/schoenstatt.com\\\/de\\\/\",\"name\":\"Schoenstatt\",\"description\":\"Apostolic Movement\",\"publisher\":{\"@id\":\"https:\\\/\\\/schoenstatt.com\\\/de\\\/#organization\"},\"potentialAction\":[{\"@type\":\"SearchAction\",\"target\":{\"@type\":\"EntryPoint\",\"urlTemplate\":\"https:\\\/\\\/schoenstatt.com\\\/de\\\/?s={search_term_string}\"},\"query-input\":{\"@type\":\"PropertyValueSpecification\",\"valueRequired\":true,\"valueName\":\"search_term_string\"}}],\"inLanguage\":\"de\"},{\"@type\":\"Organization\",\"@id\":\"https:\\\/\\\/schoenstatt.com\\\/de\\\/#organization\",\"name\":\"Schoenstatt\",\"url\":\"https:\\\/\\\/schoenstatt.com\\\/de\\\/\",\"logo\":{\"@type\":\"ImageObject\",\"inLanguage\":\"de\",\"@id\":\"https:\\\/\\\/schoenstatt.com\\\/de\\\/#\\\/schema\\\/logo\\\/image\\\/\",\"url\":\"https:\\\/\\\/schoenstatt.com\\\/wp-content\\\/uploads\\\/2025\\\/04\\\/logo-schoenstatt-white-696x696-1.png\",\"contentUrl\":\"https:\\\/\\\/schoenstatt.com\\\/wp-content\\\/uploads\\\/2025\\\/04\\\/logo-schoenstatt-white-696x696-1.png\",\"width\":696,\"height\":694,\"caption\":\"Schoenstatt\"},\"image\":{\"@id\":\"https:\\\/\\\/schoenstatt.com\\\/de\\\/#\\\/schema\\\/logo\\\/image\\\/\"}},{\"@type\":\"Person\",\"@id\":\"https:\\\/\\\/schoenstatt.com\\\/de\\\/#\\\/schema\\\/person\\\/ea97a60c723e21c923e2177f0f3163f7\",\"name\":\"Vanessa Franke\",\"image\":{\"@type\":\"ImageObject\",\"inLanguage\":\"de\",\"@id\":\"https:\\\/\\\/secure.gravatar.com\\\/avatar\\\/a9bcca3409928ccd3195eca11e2ccbb2e5d7c7912e9a945d4f326f81a0a5cb4a?s=96&d=mm&r=g\",\"url\":\"https:\\\/\\\/secure.gravatar.com\\\/avatar\\\/a9bcca3409928ccd3195eca11e2ccbb2e5d7c7912e9a945d4f326f81a0a5cb4a?s=96&d=mm&r=g\",\"contentUrl\":\"https:\\\/\\\/secure.gravatar.com\\\/avatar\\\/a9bcca3409928ccd3195eca11e2ccbb2e5d7c7912e9a945d4f326f81a0a5cb4a?s=96&d=mm&r=g\",\"caption\":\"Vanessa Franke\"},\"url\":\"https:\\\/\\\/schoenstatt.com\\\/de\\\/author\\\/vanessa-franke\\\/\"}]}<\/script>\n<!-- \/ Yoast SEO Premium plugin. -->","yoast_head_json":{"title":"\u201eSch\u00f6ne Blumen wachsen langsam, nur das Unkraut hat es eilig.\u201c- Sr. M. Priska","description":"Ich habe die P\u00e4dagogik von unserem Gr\u00fcnder Pater Kentenich sehr sch\u00e4tzen gelernt, vor allem die Vertrauensp\u00e4dagogik in der Mitarbeiterf\u00fchrung.","robots":{"index":"index","follow":"follow","max-snippet":"max-snippet:-1","max-image-preview":"max-image-preview:large","max-video-preview":"max-video-preview:-1"},"canonical":"https:\/\/schoenstatt.com\/de\/schoene-blumen-wachsen-langsam-nur-das-unkraut-hat-es-eilig-sr-m-priska\/","og_locale":"de_DE","og_type":"article","og_title":"\u201eSch\u00f6ne Blumen wachsen langsam, nur das Unkraut hat es eilig.\u201c- Sr. M. Priska","og_description":"Ich habe die P\u00e4dagogik von unserem Gr\u00fcnder Pater Kentenich sehr sch\u00e4tzen gelernt, vor allem die Vertrauensp\u00e4dagogik in der Mitarbeiterf\u00fchrung.","og_url":"https:\/\/schoenstatt.com\/de\/schoene-blumen-wachsen-langsam-nur-das-unkraut-hat-es-eilig-sr-m-priska\/","og_site_name":"Schoenstatt","article_published_time":"2022-05-09T16:00:24+00:00","article_modified_time":"2025-05-15T18:01:38+00:00","og_image":[{"width":2208,"height":1240,"url":"https:\/\/schoenstatt.com\/wp-content\/uploads\/2022\/05\/Sr.-M.-Priska-1.png","type":"image\/png"}],"author":"Vanessa Franke","twitter_card":"summary_large_image","twitter_misc":{"Verfasst von":"Vanessa Franke","Gesch\u00e4tzte Lesezeit":"2\u00a0Minuten"},"schema":{"@context":"https:\/\/schema.org","@graph":[{"@type":"Article","@id":"https:\/\/schoenstatt.com\/de\/schoene-blumen-wachsen-langsam-nur-das-unkraut-hat-es-eilig-sr-m-priska\/#article","isPartOf":{"@id":"https:\/\/schoenstatt.com\/de\/schoene-blumen-wachsen-langsam-nur-das-unkraut-hat-es-eilig-sr-m-priska\/"},"author":{"name":"Vanessa Franke","@id":"https:\/\/schoenstatt.com\/de\/#\/schema\/person\/ea97a60c723e21c923e2177f0f3163f7"},"headline":"\u201eSch\u00f6ne Blumen wachsen langsam, nur das Unkraut hat es eilig.\u201c- Sr. M. Priska","datePublished":"2022-05-09T16:00:24+00:00","dateModified":"2025-05-15T18:01:38+00:00","mainEntityOfPage":{"@id":"https:\/\/schoenstatt.com\/de\/schoene-blumen-wachsen-langsam-nur-das-unkraut-hat-es-eilig-sr-m-priska\/"},"wordCount":305,"publisher":{"@id":"https:\/\/schoenstatt.com\/de\/#organization"},"image":{"@id":"https:\/\/schoenstatt.com\/de\/schoene-blumen-wachsen-langsam-nur-das-unkraut-hat-es-eilig-sr-m-priska\/#primaryimage"},"thumbnailUrl":"https:\/\/schoenstatt.com\/wp-content\/uploads\/2022\/05\/Sr.-M.-Priska-1.png","articleSection":["P. Josef Kentenich"],"inLanguage":"de"},{"@type":"WebPage","@id":"https:\/\/schoenstatt.com\/de\/schoene-blumen-wachsen-langsam-nur-das-unkraut-hat-es-eilig-sr-m-priska\/","url":"https:\/\/schoenstatt.com\/de\/schoene-blumen-wachsen-langsam-nur-das-unkraut-hat-es-eilig-sr-m-priska\/","name":"\u201eSch\u00f6ne Blumen wachsen langsam, nur das Unkraut hat es eilig.\u201c- Sr. M. Priska","isPartOf":{"@id":"https:\/\/schoenstatt.com\/de\/#website"},"primaryImageOfPage":{"@id":"https:\/\/schoenstatt.com\/de\/schoene-blumen-wachsen-langsam-nur-das-unkraut-hat-es-eilig-sr-m-priska\/#primaryimage"},"image":{"@id":"https:\/\/schoenstatt.com\/de\/schoene-blumen-wachsen-langsam-nur-das-unkraut-hat-es-eilig-sr-m-priska\/#primaryimage"},"thumbnailUrl":"https:\/\/schoenstatt.com\/wp-content\/uploads\/2022\/05\/Sr.-M.-Priska-1.png","datePublished":"2022-05-09T16:00:24+00:00","dateModified":"2025-05-15T18:01:38+00:00","description":"Ich habe die P\u00e4dagogik von unserem Gr\u00fcnder Pater Kentenich sehr sch\u00e4tzen gelernt, vor allem die Vertrauensp\u00e4dagogik in der Mitarbeiterf\u00fchrung.","breadcrumb":{"@id":"https:\/\/schoenstatt.com\/de\/schoene-blumen-wachsen-langsam-nur-das-unkraut-hat-es-eilig-sr-m-priska\/#breadcrumb"},"inLanguage":"de","potentialAction":[{"@type":"ReadAction","target":["https:\/\/schoenstatt.com\/de\/schoene-blumen-wachsen-langsam-nur-das-unkraut-hat-es-eilig-sr-m-priska\/"]}]},{"@type":"ImageObject","inLanguage":"de","@id":"https:\/\/schoenstatt.com\/de\/schoene-blumen-wachsen-langsam-nur-das-unkraut-hat-es-eilig-sr-m-priska\/#primaryimage","url":"https:\/\/schoenstatt.com\/wp-content\/uploads\/2022\/05\/Sr.-M.-Priska-1.png","contentUrl":"https:\/\/schoenstatt.com\/wp-content\/uploads\/2022\/05\/Sr.-M.-Priska-1.png","width":2208,"height":1240,"caption":"Sr. M. Priska"},{"@type":"BreadcrumbList","@id":"https:\/\/schoenstatt.com\/de\/schoene-blumen-wachsen-langsam-nur-das-unkraut-hat-es-eilig-sr-m-priska\/#breadcrumb","itemListElement":[{"@type":"ListItem","position":1,"name":"Portada","item":"https:\/\/schoenstatt.com\/de\/home\/"},{"@type":"ListItem","position":2,"name":"\u201eSch\u00f6ne Blumen wachsen langsam, nur das Unkraut hat es eilig.\u201c- Sr. M. Priska"}]},{"@type":"WebSite","@id":"https:\/\/schoenstatt.com\/de\/#website","url":"https:\/\/schoenstatt.com\/de\/","name":"Schoenstatt","description":"Apostolic Movement","publisher":{"@id":"https:\/\/schoenstatt.com\/de\/#organization"},"potentialAction":[{"@type":"SearchAction","target":{"@type":"EntryPoint","urlTemplate":"https:\/\/schoenstatt.com\/de\/?s={search_term_string}"},"query-input":{"@type":"PropertyValueSpecification","valueRequired":true,"valueName":"search_term_string"}}],"inLanguage":"de"},{"@type":"Organization","@id":"https:\/\/schoenstatt.com\/de\/#organization","name":"Schoenstatt","url":"https:\/\/schoenstatt.com\/de\/","logo":{"@type":"ImageObject","inLanguage":"de","@id":"https:\/\/schoenstatt.com\/de\/#\/schema\/logo\/image\/","url":"https:\/\/schoenstatt.com\/wp-content\/uploads\/2025\/04\/logo-schoenstatt-white-696x696-1.png","contentUrl":"https:\/\/schoenstatt.com\/wp-content\/uploads\/2025\/04\/logo-schoenstatt-white-696x696-1.png","width":696,"height":694,"caption":"Schoenstatt"},"image":{"@id":"https:\/\/schoenstatt.com\/de\/#\/schema\/logo\/image\/"}},{"@type":"Person","@id":"https:\/\/schoenstatt.com\/de\/#\/schema\/person\/ea97a60c723e21c923e2177f0f3163f7","name":"Vanessa Franke","image":{"@type":"ImageObject","inLanguage":"de","@id":"https:\/\/secure.gravatar.com\/avatar\/a9bcca3409928ccd3195eca11e2ccbb2e5d7c7912e9a945d4f326f81a0a5cb4a?s=96&d=mm&r=g","url":"https:\/\/secure.gravatar.com\/avatar\/a9bcca3409928ccd3195eca11e2ccbb2e5d7c7912e9a945d4f326f81a0a5cb4a?s=96&d=mm&r=g","contentUrl":"https:\/\/secure.gravatar.com\/avatar\/a9bcca3409928ccd3195eca11e2ccbb2e5d7c7912e9a945d4f326f81a0a5cb4a?s=96&d=mm&r=g","caption":"Vanessa Franke"},"url":"https:\/\/schoenstatt.com\/de\/author\/vanessa-franke\/"}]}},"_links":{"self":[{"href":"https:\/\/schoenstatt.com\/de\/wp-json\/wp\/v2\/posts\/24588","targetHints":{"allow":["GET"]}}],"collection":[{"href":"https:\/\/schoenstatt.com\/de\/wp-json\/wp\/v2\/posts"}],"about":[{"href":"https:\/\/schoenstatt.com\/de\/wp-json\/wp\/v2\/types\/post"}],"author":[{"embeddable":true,"href":"https:\/\/schoenstatt.com\/de\/wp-json\/wp\/v2\/users\/6"}],"replies":[{"embeddable":true,"href":"https:\/\/schoenstatt.com\/de\/wp-json\/wp\/v2\/comments?post=24588"}],"version-history":[{"count":1,"href":"https:\/\/schoenstatt.com\/de\/wp-json\/wp\/v2\/posts\/24588\/revisions"}],"predecessor-version":[{"id":45187,"href":"https:\/\/schoenstatt.com\/de\/wp-json\/wp\/v2\/posts\/24588\/revisions\/45187"}],"wp:featuredmedia":[{"embeddable":true,"href":"https:\/\/schoenstatt.com\/de\/wp-json\/wp\/v2\/media\/24589"}],"wp:attachment":[{"href":"https:\/\/schoenstatt.com\/de\/wp-json\/wp\/v2\/media?parent=24588"}],"wp:term":[{"taxonomy":"category","embeddable":true,"href":"https:\/\/schoenstatt.com\/de\/wp-json\/wp\/v2\/categories?post=24588"},{"taxonomy":"post_tag","embeddable":true,"href":"https:\/\/schoenstatt.com\/de\/wp-json\/wp\/v2\/tags?post=24588"}],"curies":[{"name":"wp","href":"https:\/\/api.w.org\/{rel}","templated":true}]}}