{"id":24553,"date":"2022-04-30T10:00:56","date_gmt":"2022-04-30T08:00:56","guid":{"rendered":"https:\/\/schoenstatt.com\/?p=24553"},"modified":"2025-05-15T19:37:38","modified_gmt":"2025-05-15T17:37:38","slug":"ukraine-begegnungsnachmittag-am-pilgerhaus-schoenstatt","status":"publish","type":"post","link":"https:\/\/schoenstatt.com\/de\/ukraine-begegnungsnachmittag-am-pilgerhaus-schoenstatt\/","title":{"rendered":"Ukraine Begegnungsnachmittag am Pilgerhaus Sch\u00f6nstatt"},"content":{"rendered":"<p>Um die 30 kleinere und gr\u00f6\u00dfere Kinder sind mit dabei, die sich freuen, am Vorabend des orthodoxen Osterfestes an einer Ostereier-Ralley auf dem Pilgergel\u00e4nde teilnehmen zu k\u00f6nnen. F\u00fcr das leibliche Wohl aller Teilnehmerinnen und Teilnehmer ist mit Bratw\u00fcrsten, Salaten, Getr\u00e4nken sowie Kaffee und Kuchen bestens gesorgt.<\/p>\n<p>&#8222;Ich finde es toll, dass Sch\u00f6nstatt diesen Nachmittag organisiert hat&#8220;, sagt B\u00fcrgermeister Wolfgang Heitmann, Vallendar, in einem Gespr\u00e4ch mit schoenstatt.de. &#8222;Ich fand das eine erfreuliche Veranstaltung, weil es die M\u00f6glichkeit gab, dass sich die unterschiedlichen Fl\u00fcchtlinge untereinander kennen lernen konnten in einer sehr angenehmen und sch\u00f6nen Athmosph\u00e4re und auch in Ber\u00fchrung kommen konnten mit Mitb\u00fcrgern, was nat\u00fcrlich wegen der sprachlichen Hindernisse auch schwierig war.&#8220; Heitmann betonte, dass er das Engagement der Mitb\u00fcrger f\u00fcr die Unterbringung von Gefl\u00fcchteten toll f\u00e4nde. F\u00fcr die Stadt sei es allerdings schwierig, mittelfristig ausreichend ad\u00e4quaten Wohnraum f\u00fcr die Gefl\u00fcchteten zur Verf\u00fcgung stellen zu k\u00f6nnen.<\/p>\n<figure id=\"attachment_24554\" aria-describedby=\"caption-attachment-24554\" style=\"width: 840px\" class=\"wp-caption alignnone\"><img fetchpriority=\"high\" decoding=\"async\" class=\"wp-image-24554 size-large\" src=\"https:\/\/schoenstatt.com\/wp-content\/uploads\/2022\/04\/Anna-Schwaderlapp-1024x512.png\" alt=\"Ukraine Sch\u00f6nstatt\" width=\"840\" height=\"420\" \/><figcaption id=\"caption-attachment-24554\" class=\"wp-caption-text\">Anna Schwaderlapp, bewegenswert e.V. bei der Begr\u00fc\u00dfung<\/figcaption><\/figure>\n<h3>Austausch \u00fcber M\u00f6glichkeiten und Wege<\/h3>\n<p>F\u00fcr Gefl\u00fcchtete und <a href=\"https:\/\/schoenstatt.com\/de\/gesellschaft\/schoenstatt-oeffnet-haeuser-fuer-fluechtende-aus-der-ukraine\/\">Gastgeber<\/a> ist die Einladung eine gute Gelegenheit, untereinander und mit den neuen, vielleicht nur tempor\u00e4ren Nachbarn ins Gespr\u00e4ch zu kommen. Zu sehen sind kleine Gruppen, die Informationen \u00fcber Einkaufsm\u00f6glichkeiten austauschen, die sich untereinander \u00fcber die Wege unterhalten, wie das Hilfsangebot der verschiedenen \u00c4mter und Stellen in Anspruch genommen werden kann, welche Schritte zu unternehmen sind f\u00fcr die Er\u00f6ffnung eines Kontos, f\u00fcr die Erlangung von Essensgutscheinen, den Berechtigungsschein f\u00fcr die Tafel, die Beantragung einer Wohnberechtigung oder einer Arbeitserlaubnis.<\/p>\n<h3>Die richtigen Ansprechpartner f\u00fcr die Hilfe finden<\/h3>\n<p>Verantwortliche des <a href=\"https:\/\/bewegenswert.org\/ukraine-fluechtlingshilfe-das-braucht-es-jetzt\/\">bewegenswert e.V<\/a>., die sich in Kooperation mit dem Fl\u00fcchtlingskoordinator der Stadt Vallendar f\u00fcr die Koordinierung der Fl\u00fcchtlingsunterbringung am Wallfahrtsort Sch\u00f6nstatt, Vallendar, einsetzen, haben zusammen mit den beteiligten Sch\u00f6nstatt-H\u00e4usern zu diesem Begegnungsnachmittag sowohl alle in Sch\u00f6nstatt untergekommenen ukrainischen B\u00fcrger wie auch alle im Bereich der Verbandsgemeinde Vallendar lebenden ukrainischen Fl\u00fcchtlinge eingeladen. Immer wieder wird Anna Schwaderlapp, mitverantwortliche Koordinatorin des bewegenswert e.V. zu Fragen hinzugezogen. Zum Beispiel, ob Verwandte einer Fl\u00fcchtlingsfamilie, die am Vortag Mariupol verlassen konnten, in einigen Tagen auch in Vallendar unterkommen k\u00f6nnten. \u201eDa k\u00f6nnen wir helfen, die notwendigen Kontakte zum Fl\u00fcchtlingskoordinator der Stadt herzustellen\u201c, sagt die Hausleiterin des Hauses der Familie, Sch\u00f6nstatt. \u201eBei der Wohnungssuche oder bei anderen Fragen k\u00f6nnen wir vom bewegenswert e.V. zwar nicht direkt helfen, aber wir k\u00f6nnen dazu beitragen, dass geeignete Ansprechpartner gefunden werden\u201c, erg\u00e4nzt sie.<\/p>\n<figure id=\"attachment_24562\" aria-describedby=\"caption-attachment-24562\" style=\"width: 840px\" class=\"wp-caption alignnone\"><img decoding=\"async\" class=\"wp-image-24562 size-large\" src=\"https:\/\/schoenstatt.com\/wp-content\/uploads\/2022\/04\/Kinder-1024x507.png\" alt=\"Ukraine Sch\u00f6nstatt\" width=\"840\" height=\"416\" \/><figcaption id=\"caption-attachment-24562\" class=\"wp-caption-text\">Ostereiersuche am Vorabend des orthodoxen Osterfestes<\/figcaption><\/figure>\n<h3>Sprachkursangebot ist geplant<\/h3>\n<p>Ein konkretes Angebot, das der Verein zusammen mit den Sch\u00f6nst\u00e4tter Marienschwestern vom Pilgerhaus schaffen konnte, ist ein gr\u00f6\u00dferer Aufenthaltsraum f\u00fcr Begegnung, der vorerst dauerhaft f\u00fcr die in Vallendar ankommenden ukrainischen Fl\u00fcchtlinge zur Verf\u00fcgung steht. Dort gibt es einen Spielbereich f\u00fcr Kinder, eine Wohnzimmerecke und eine einfache Kleiderkammer mit gespendeten Kleidungsst\u00fccken. In diesen R\u00e4umlichkeiten wird baldm\u00f6glichst auch ein Sprachkursangebot beginnen, denn eines ist an diesem Nachmittag deutlich zu sp\u00fcren: \u201eSprache ist ein sehr entscheidender Faktor f\u00fcr gelingende Begegnung und ankommende Hilfe\u201c, so Tobias Brehm, Vorsitzender des bewegenswert e.V.. \u201eOhne die bereitwilligen ukrainisch und deutsch sprechenden \u00dcbersetzerinnen und \u00dcbersetzer h\u00e4tte der Nachmittag nicht so gut verlaufen k\u00f6nnen.\u201c<\/p>\n<figure id=\"attachment_24558\" aria-describedby=\"caption-attachment-24558\" style=\"width: 840px\" class=\"wp-caption alignnone\"><img decoding=\"async\" class=\"wp-image-24558 size-large\" src=\"https:\/\/schoenstatt.com\/wp-content\/uploads\/2022\/04\/Gebet-1024x515.png\" alt=\"Ukraine Sch\u00f6nstatt\" width=\"840\" height=\"422\" \/><figcaption id=\"caption-attachment-24558\" class=\"wp-caption-text\">Gebet zum Abschluss des Nachmittages am Urheiligtum<\/figcaption><\/figure>\n<h3>Gebet um Zusammenhalt in schwieriger Zeit<\/h3>\n<p>Die Veranstaltung schlie\u00dft gegen 17:45 Uhr mit einer kleinen Gebetszeit vor der Gnadenkapelle des internationalen Wallfahrtsortes Sch\u00f6nstatt, dem Urheiligtum. Der aus Indien stammende Sch\u00f6nstatt-Pater Johnson Panthappillil ermutigt die Fl\u00fcchtlinge und ihre Gastgeber in dieser so schwierigen Situation zusammenzuhalten und sich gegenseitig zu ermutigen. Hier sei auch immer ein Ort, um Kraft zu sch\u00f6pfen und Gott um Hoffnung und Frieden zu bitten. \u201eWenn wir <a href=\"https:\/\/schoenstatt.com\/de\/hilfe-ukraine\/\">zusammenhalten<\/a>, k\u00f6nnen wir leben\u201c, so die Quintessenz seines kurzen Impulses. Ein ukrainisch-deutsches Gebetsblatt erm\u00f6glichte den Anwesenden das Gebet in beiden Sprachen mitzuvollziehen und es ist ein besonderer Moment, als das \u201eVater unser\u201c und ein Gebet zu Maria zum Abschluss in beiden Sprachen gleichzeitig gesprochen wird.<\/p>\n<p>&nbsp;<\/p>\n<p>&nbsp;<\/p>\n<p>Quelle: Sch\u00f6nstatt.de<br \/>\nFotos: Hbre \/ T.Brehm<\/p>\n","protected":false},"excerpt":{"rendered":"<p>Am Samstag, 23. April 2022, dem Vorabend des orthodoxen Osterfestes, treffen sich gut 120 Personen, Fl\u00fcchtlinge aus der Ukraine, Gastgeberinnen und Gastgeber, ehrenamtliche Helferinnen und Helfer sowie einige Interessierte am Pilgerhaus Sch\u00f6nstatt zu einem Begegnungsnachmittag. <\/p>\n","protected":false},"author":6,"featured_media":24566,"comment_status":"closed","ping_status":"closed","sticky":false,"template":"","format":"standard","meta":{"footnotes":""},"categories":[910,851],"tags":[],"class_list":["post-24553","post","type-post","status-publish","format-standard","has-post-thumbnail","hentry","category-gesellschaft-de","category-kirche-de"],"yoast_head":"<!-- This site is optimized with the Yoast SEO Premium plugin v27.4 (Yoast SEO v27.4) - https:\/\/yoast.com\/product\/yoast-seo-premium-wordpress\/ -->\n<title>Ukraine Begegnungsnachmittag am Pilgerhaus Sch\u00f6nstatt<\/title>\n<meta name=\"description\" content=\"Kleinere und gr\u00f6\u00dfere Kinder sind mit dabei am Vorabend des orthodoxen Osterfestes auf dem Pilgergel\u00e4nde teilnehmen zu k\u00f6nnen.\" \/>\n<meta name=\"robots\" content=\"index, follow, max-snippet:-1, max-image-preview:large, max-video-preview:-1\" \/>\n<link rel=\"canonical\" href=\"https:\/\/schoenstatt.com\/de\/ukraine-begegnungsnachmittag-am-pilgerhaus-schoenstatt\/\" \/>\n<meta property=\"og:locale\" content=\"de_DE\" \/>\n<meta property=\"og:type\" content=\"article\" \/>\n<meta property=\"og:title\" content=\"Ukraine Begegnungsnachmittag am Pilgerhaus Sch\u00f6nstatt\" \/>\n<meta property=\"og:description\" content=\"Kleinere und gr\u00f6\u00dfere Kinder sind mit dabei am Vorabend des orthodoxen Osterfestes auf dem Pilgergel\u00e4nde teilnehmen zu k\u00f6nnen.\" \/>\n<meta property=\"og:url\" content=\"https:\/\/schoenstatt.com\/de\/ukraine-begegnungsnachmittag-am-pilgerhaus-schoenstatt\/\" \/>\n<meta property=\"og:site_name\" content=\"Schoenstatt\" \/>\n<meta property=\"article:published_time\" content=\"2022-04-30T08:00:56+00:00\" \/>\n<meta property=\"article:modified_time\" content=\"2025-05-15T17:37:38+00:00\" \/>\n<meta property=\"og:image\" content=\"https:\/\/schoenstatt.com\/wp-content\/uploads\/2022\/04\/Screenshot-52-1-1.png\" \/>\n\t<meta property=\"og:image:width\" content=\"1186\" \/>\n\t<meta property=\"og:image:height\" content=\"581\" \/>\n\t<meta property=\"og:image:type\" content=\"image\/png\" \/>\n<meta name=\"author\" content=\"Vanessa Franke\" \/>\n<meta name=\"twitter:card\" content=\"summary_large_image\" \/>\n<meta name=\"twitter:label1\" content=\"Verfasst von\" \/>\n\t<meta name=\"twitter:data1\" content=\"Vanessa Franke\" \/>\n\t<meta name=\"twitter:label2\" content=\"Gesch\u00e4tzte Lesezeit\" \/>\n\t<meta name=\"twitter:data2\" content=\"4\u00a0Minuten\" \/>\n<script type=\"application\/ld+json\" class=\"yoast-schema-graph\">{\"@context\":\"https:\\\/\\\/schema.org\",\"@graph\":[{\"@type\":\"Article\",\"@id\":\"https:\\\/\\\/schoenstatt.com\\\/de\\\/ukraine-begegnungsnachmittag-am-pilgerhaus-schoenstatt\\\/#article\",\"isPartOf\":{\"@id\":\"https:\\\/\\\/schoenstatt.com\\\/de\\\/ukraine-begegnungsnachmittag-am-pilgerhaus-schoenstatt\\\/\"},\"author\":{\"name\":\"Vanessa Franke\",\"@id\":\"https:\\\/\\\/schoenstatt.com\\\/de\\\/#\\\/schema\\\/person\\\/ea97a60c723e21c923e2177f0f3163f7\"},\"headline\":\"Ukraine Begegnungsnachmittag am Pilgerhaus Sch\u00f6nstatt\",\"datePublished\":\"2022-04-30T08:00:56+00:00\",\"dateModified\":\"2025-05-15T17:37:38+00:00\",\"mainEntityOfPage\":{\"@id\":\"https:\\\/\\\/schoenstatt.com\\\/de\\\/ukraine-begegnungsnachmittag-am-pilgerhaus-schoenstatt\\\/\"},\"wordCount\":729,\"publisher\":{\"@id\":\"https:\\\/\\\/schoenstatt.com\\\/de\\\/#organization\"},\"image\":{\"@id\":\"https:\\\/\\\/schoenstatt.com\\\/de\\\/ukraine-begegnungsnachmittag-am-pilgerhaus-schoenstatt\\\/#primaryimage\"},\"thumbnailUrl\":\"https:\\\/\\\/schoenstatt.com\\\/wp-content\\\/uploads\\\/2022\\\/04\\\/Screenshot-52-1-1.png\",\"articleSection\":[\"Gesellschaft\",\"Kirche\"],\"inLanguage\":\"de\"},{\"@type\":\"WebPage\",\"@id\":\"https:\\\/\\\/schoenstatt.com\\\/de\\\/ukraine-begegnungsnachmittag-am-pilgerhaus-schoenstatt\\\/\",\"url\":\"https:\\\/\\\/schoenstatt.com\\\/de\\\/ukraine-begegnungsnachmittag-am-pilgerhaus-schoenstatt\\\/\",\"name\":\"Ukraine Begegnungsnachmittag am Pilgerhaus Sch\u00f6nstatt\",\"isPartOf\":{\"@id\":\"https:\\\/\\\/schoenstatt.com\\\/de\\\/#website\"},\"primaryImageOfPage\":{\"@id\":\"https:\\\/\\\/schoenstatt.com\\\/de\\\/ukraine-begegnungsnachmittag-am-pilgerhaus-schoenstatt\\\/#primaryimage\"},\"image\":{\"@id\":\"https:\\\/\\\/schoenstatt.com\\\/de\\\/ukraine-begegnungsnachmittag-am-pilgerhaus-schoenstatt\\\/#primaryimage\"},\"thumbnailUrl\":\"https:\\\/\\\/schoenstatt.com\\\/wp-content\\\/uploads\\\/2022\\\/04\\\/Screenshot-52-1-1.png\",\"datePublished\":\"2022-04-30T08:00:56+00:00\",\"dateModified\":\"2025-05-15T17:37:38+00:00\",\"description\":\"Kleinere und gr\u00f6\u00dfere Kinder sind mit dabei am Vorabend des orthodoxen Osterfestes auf dem Pilgergel\u00e4nde teilnehmen zu k\u00f6nnen.\",\"breadcrumb\":{\"@id\":\"https:\\\/\\\/schoenstatt.com\\\/de\\\/ukraine-begegnungsnachmittag-am-pilgerhaus-schoenstatt\\\/#breadcrumb\"},\"inLanguage\":\"de\",\"potentialAction\":[{\"@type\":\"ReadAction\",\"target\":[\"https:\\\/\\\/schoenstatt.com\\\/de\\\/ukraine-begegnungsnachmittag-am-pilgerhaus-schoenstatt\\\/\"]}]},{\"@type\":\"ImageObject\",\"inLanguage\":\"de\",\"@id\":\"https:\\\/\\\/schoenstatt.com\\\/de\\\/ukraine-begegnungsnachmittag-am-pilgerhaus-schoenstatt\\\/#primaryimage\",\"url\":\"https:\\\/\\\/schoenstatt.com\\\/wp-content\\\/uploads\\\/2022\\\/04\\\/Screenshot-52-1-1.png\",\"contentUrl\":\"https:\\\/\\\/schoenstatt.com\\\/wp-content\\\/uploads\\\/2022\\\/04\\\/Screenshot-52-1-1.png\",\"width\":1186,\"height\":581,\"caption\":\"Tarde de encontro\"},{\"@type\":\"BreadcrumbList\",\"@id\":\"https:\\\/\\\/schoenstatt.com\\\/de\\\/ukraine-begegnungsnachmittag-am-pilgerhaus-schoenstatt\\\/#breadcrumb\",\"itemListElement\":[{\"@type\":\"ListItem\",\"position\":1,\"name\":\"Portada\",\"item\":\"https:\\\/\\\/schoenstatt.com\\\/de\\\/home\\\/\"},{\"@type\":\"ListItem\",\"position\":2,\"name\":\"Ukraine Begegnungsnachmittag am Pilgerhaus Sch\u00f6nstatt\"}]},{\"@type\":\"WebSite\",\"@id\":\"https:\\\/\\\/schoenstatt.com\\\/de\\\/#website\",\"url\":\"https:\\\/\\\/schoenstatt.com\\\/de\\\/\",\"name\":\"Schoenstatt\",\"description\":\"Apostolic Movement\",\"publisher\":{\"@id\":\"https:\\\/\\\/schoenstatt.com\\\/de\\\/#organization\"},\"potentialAction\":[{\"@type\":\"SearchAction\",\"target\":{\"@type\":\"EntryPoint\",\"urlTemplate\":\"https:\\\/\\\/schoenstatt.com\\\/de\\\/?s={search_term_string}\"},\"query-input\":{\"@type\":\"PropertyValueSpecification\",\"valueRequired\":true,\"valueName\":\"search_term_string\"}}],\"inLanguage\":\"de\"},{\"@type\":\"Organization\",\"@id\":\"https:\\\/\\\/schoenstatt.com\\\/de\\\/#organization\",\"name\":\"Schoenstatt\",\"url\":\"https:\\\/\\\/schoenstatt.com\\\/de\\\/\",\"logo\":{\"@type\":\"ImageObject\",\"inLanguage\":\"de\",\"@id\":\"https:\\\/\\\/schoenstatt.com\\\/de\\\/#\\\/schema\\\/logo\\\/image\\\/\",\"url\":\"https:\\\/\\\/schoenstatt.com\\\/wp-content\\\/uploads\\\/2025\\\/04\\\/logo-schoenstatt-white-696x696-1.png\",\"contentUrl\":\"https:\\\/\\\/schoenstatt.com\\\/wp-content\\\/uploads\\\/2025\\\/04\\\/logo-schoenstatt-white-696x696-1.png\",\"width\":696,\"height\":694,\"caption\":\"Schoenstatt\"},\"image\":{\"@id\":\"https:\\\/\\\/schoenstatt.com\\\/de\\\/#\\\/schema\\\/logo\\\/image\\\/\"}},{\"@type\":\"Person\",\"@id\":\"https:\\\/\\\/schoenstatt.com\\\/de\\\/#\\\/schema\\\/person\\\/ea97a60c723e21c923e2177f0f3163f7\",\"name\":\"Vanessa Franke\",\"image\":{\"@type\":\"ImageObject\",\"inLanguage\":\"de\",\"@id\":\"https:\\\/\\\/secure.gravatar.com\\\/avatar\\\/a9bcca3409928ccd3195eca11e2ccbb2e5d7c7912e9a945d4f326f81a0a5cb4a?s=96&d=mm&r=g\",\"url\":\"https:\\\/\\\/secure.gravatar.com\\\/avatar\\\/a9bcca3409928ccd3195eca11e2ccbb2e5d7c7912e9a945d4f326f81a0a5cb4a?s=96&d=mm&r=g\",\"contentUrl\":\"https:\\\/\\\/secure.gravatar.com\\\/avatar\\\/a9bcca3409928ccd3195eca11e2ccbb2e5d7c7912e9a945d4f326f81a0a5cb4a?s=96&d=mm&r=g\",\"caption\":\"Vanessa Franke\"},\"url\":\"https:\\\/\\\/schoenstatt.com\\\/de\\\/author\\\/vanessa-franke\\\/\"}]}<\/script>\n<!-- \/ Yoast SEO Premium plugin. -->","yoast_head_json":{"title":"Ukraine Begegnungsnachmittag am Pilgerhaus Sch\u00f6nstatt","description":"Kleinere und gr\u00f6\u00dfere Kinder sind mit dabei am Vorabend des orthodoxen Osterfestes auf dem Pilgergel\u00e4nde teilnehmen zu k\u00f6nnen.","robots":{"index":"index","follow":"follow","max-snippet":"max-snippet:-1","max-image-preview":"max-image-preview:large","max-video-preview":"max-video-preview:-1"},"canonical":"https:\/\/schoenstatt.com\/de\/ukraine-begegnungsnachmittag-am-pilgerhaus-schoenstatt\/","og_locale":"de_DE","og_type":"article","og_title":"Ukraine Begegnungsnachmittag am Pilgerhaus Sch\u00f6nstatt","og_description":"Kleinere und gr\u00f6\u00dfere Kinder sind mit dabei am Vorabend des orthodoxen Osterfestes auf dem Pilgergel\u00e4nde teilnehmen zu k\u00f6nnen.","og_url":"https:\/\/schoenstatt.com\/de\/ukraine-begegnungsnachmittag-am-pilgerhaus-schoenstatt\/","og_site_name":"Schoenstatt","article_published_time":"2022-04-30T08:00:56+00:00","article_modified_time":"2025-05-15T17:37:38+00:00","og_image":[{"width":1186,"height":581,"url":"https:\/\/schoenstatt.com\/wp-content\/uploads\/2022\/04\/Screenshot-52-1-1.png","type":"image\/png"}],"author":"Vanessa Franke","twitter_card":"summary_large_image","twitter_misc":{"Verfasst von":"Vanessa Franke","Gesch\u00e4tzte Lesezeit":"4\u00a0Minuten"},"schema":{"@context":"https:\/\/schema.org","@graph":[{"@type":"Article","@id":"https:\/\/schoenstatt.com\/de\/ukraine-begegnungsnachmittag-am-pilgerhaus-schoenstatt\/#article","isPartOf":{"@id":"https:\/\/schoenstatt.com\/de\/ukraine-begegnungsnachmittag-am-pilgerhaus-schoenstatt\/"},"author":{"name":"Vanessa Franke","@id":"https:\/\/schoenstatt.com\/de\/#\/schema\/person\/ea97a60c723e21c923e2177f0f3163f7"},"headline":"Ukraine Begegnungsnachmittag am Pilgerhaus Sch\u00f6nstatt","datePublished":"2022-04-30T08:00:56+00:00","dateModified":"2025-05-15T17:37:38+00:00","mainEntityOfPage":{"@id":"https:\/\/schoenstatt.com\/de\/ukraine-begegnungsnachmittag-am-pilgerhaus-schoenstatt\/"},"wordCount":729,"publisher":{"@id":"https:\/\/schoenstatt.com\/de\/#organization"},"image":{"@id":"https:\/\/schoenstatt.com\/de\/ukraine-begegnungsnachmittag-am-pilgerhaus-schoenstatt\/#primaryimage"},"thumbnailUrl":"https:\/\/schoenstatt.com\/wp-content\/uploads\/2022\/04\/Screenshot-52-1-1.png","articleSection":["Gesellschaft","Kirche"],"inLanguage":"de"},{"@type":"WebPage","@id":"https:\/\/schoenstatt.com\/de\/ukraine-begegnungsnachmittag-am-pilgerhaus-schoenstatt\/","url":"https:\/\/schoenstatt.com\/de\/ukraine-begegnungsnachmittag-am-pilgerhaus-schoenstatt\/","name":"Ukraine Begegnungsnachmittag am Pilgerhaus Sch\u00f6nstatt","isPartOf":{"@id":"https:\/\/schoenstatt.com\/de\/#website"},"primaryImageOfPage":{"@id":"https:\/\/schoenstatt.com\/de\/ukraine-begegnungsnachmittag-am-pilgerhaus-schoenstatt\/#primaryimage"},"image":{"@id":"https:\/\/schoenstatt.com\/de\/ukraine-begegnungsnachmittag-am-pilgerhaus-schoenstatt\/#primaryimage"},"thumbnailUrl":"https:\/\/schoenstatt.com\/wp-content\/uploads\/2022\/04\/Screenshot-52-1-1.png","datePublished":"2022-04-30T08:00:56+00:00","dateModified":"2025-05-15T17:37:38+00:00","description":"Kleinere und gr\u00f6\u00dfere Kinder sind mit dabei am Vorabend des orthodoxen Osterfestes auf dem Pilgergel\u00e4nde teilnehmen zu k\u00f6nnen.","breadcrumb":{"@id":"https:\/\/schoenstatt.com\/de\/ukraine-begegnungsnachmittag-am-pilgerhaus-schoenstatt\/#breadcrumb"},"inLanguage":"de","potentialAction":[{"@type":"ReadAction","target":["https:\/\/schoenstatt.com\/de\/ukraine-begegnungsnachmittag-am-pilgerhaus-schoenstatt\/"]}]},{"@type":"ImageObject","inLanguage":"de","@id":"https:\/\/schoenstatt.com\/de\/ukraine-begegnungsnachmittag-am-pilgerhaus-schoenstatt\/#primaryimage","url":"https:\/\/schoenstatt.com\/wp-content\/uploads\/2022\/04\/Screenshot-52-1-1.png","contentUrl":"https:\/\/schoenstatt.com\/wp-content\/uploads\/2022\/04\/Screenshot-52-1-1.png","width":1186,"height":581,"caption":"Tarde de encontro"},{"@type":"BreadcrumbList","@id":"https:\/\/schoenstatt.com\/de\/ukraine-begegnungsnachmittag-am-pilgerhaus-schoenstatt\/#breadcrumb","itemListElement":[{"@type":"ListItem","position":1,"name":"Portada","item":"https:\/\/schoenstatt.com\/de\/home\/"},{"@type":"ListItem","position":2,"name":"Ukraine Begegnungsnachmittag am Pilgerhaus Sch\u00f6nstatt"}]},{"@type":"WebSite","@id":"https:\/\/schoenstatt.com\/de\/#website","url":"https:\/\/schoenstatt.com\/de\/","name":"Schoenstatt","description":"Apostolic Movement","publisher":{"@id":"https:\/\/schoenstatt.com\/de\/#organization"},"potentialAction":[{"@type":"SearchAction","target":{"@type":"EntryPoint","urlTemplate":"https:\/\/schoenstatt.com\/de\/?s={search_term_string}"},"query-input":{"@type":"PropertyValueSpecification","valueRequired":true,"valueName":"search_term_string"}}],"inLanguage":"de"},{"@type":"Organization","@id":"https:\/\/schoenstatt.com\/de\/#organization","name":"Schoenstatt","url":"https:\/\/schoenstatt.com\/de\/","logo":{"@type":"ImageObject","inLanguage":"de","@id":"https:\/\/schoenstatt.com\/de\/#\/schema\/logo\/image\/","url":"https:\/\/schoenstatt.com\/wp-content\/uploads\/2025\/04\/logo-schoenstatt-white-696x696-1.png","contentUrl":"https:\/\/schoenstatt.com\/wp-content\/uploads\/2025\/04\/logo-schoenstatt-white-696x696-1.png","width":696,"height":694,"caption":"Schoenstatt"},"image":{"@id":"https:\/\/schoenstatt.com\/de\/#\/schema\/logo\/image\/"}},{"@type":"Person","@id":"https:\/\/schoenstatt.com\/de\/#\/schema\/person\/ea97a60c723e21c923e2177f0f3163f7","name":"Vanessa Franke","image":{"@type":"ImageObject","inLanguage":"de","@id":"https:\/\/secure.gravatar.com\/avatar\/a9bcca3409928ccd3195eca11e2ccbb2e5d7c7912e9a945d4f326f81a0a5cb4a?s=96&d=mm&r=g","url":"https:\/\/secure.gravatar.com\/avatar\/a9bcca3409928ccd3195eca11e2ccbb2e5d7c7912e9a945d4f326f81a0a5cb4a?s=96&d=mm&r=g","contentUrl":"https:\/\/secure.gravatar.com\/avatar\/a9bcca3409928ccd3195eca11e2ccbb2e5d7c7912e9a945d4f326f81a0a5cb4a?s=96&d=mm&r=g","caption":"Vanessa Franke"},"url":"https:\/\/schoenstatt.com\/de\/author\/vanessa-franke\/"}]}},"_links":{"self":[{"href":"https:\/\/schoenstatt.com\/de\/wp-json\/wp\/v2\/posts\/24553","targetHints":{"allow":["GET"]}}],"collection":[{"href":"https:\/\/schoenstatt.com\/de\/wp-json\/wp\/v2\/posts"}],"about":[{"href":"https:\/\/schoenstatt.com\/de\/wp-json\/wp\/v2\/types\/post"}],"author":[{"embeddable":true,"href":"https:\/\/schoenstatt.com\/de\/wp-json\/wp\/v2\/users\/6"}],"replies":[{"embeddable":true,"href":"https:\/\/schoenstatt.com\/de\/wp-json\/wp\/v2\/comments?post=24553"}],"version-history":[{"count":1,"href":"https:\/\/schoenstatt.com\/de\/wp-json\/wp\/v2\/posts\/24553\/revisions"}],"predecessor-version":[{"id":45181,"href":"https:\/\/schoenstatt.com\/de\/wp-json\/wp\/v2\/posts\/24553\/revisions\/45181"}],"wp:featuredmedia":[{"embeddable":true,"href":"https:\/\/schoenstatt.com\/de\/wp-json\/wp\/v2\/media\/24566"}],"wp:attachment":[{"href":"https:\/\/schoenstatt.com\/de\/wp-json\/wp\/v2\/media?parent=24553"}],"wp:term":[{"taxonomy":"category","embeddable":true,"href":"https:\/\/schoenstatt.com\/de\/wp-json\/wp\/v2\/categories?post=24553"},{"taxonomy":"post_tag","embeddable":true,"href":"https:\/\/schoenstatt.com\/de\/wp-json\/wp\/v2\/tags?post=24553"}],"curies":[{"name":"wp","href":"https:\/\/api.w.org\/{rel}","templated":true}]}}