{"id":24370,"date":"2022-04-15T08:00:18","date_gmt":"2022-04-15T06:00:18","guid":{"rendered":"https:\/\/schoenstatt.com\/?p=24370"},"modified":"2025-05-15T22:23:06","modified_gmt":"2025-05-15T20:23:06","slug":"weltfamilientreffen-auf-der-liebfrauenhoehe","status":"publish","type":"post","link":"https:\/\/schoenstatt.com\/de\/weltfamilientreffen-auf-der-liebfrauenhoehe\/","title":{"rendered":"Weltfamilientreffen auf der Liebfrauenh\u00f6he"},"content":{"rendered":"<p>Eigentlich h\u00e4tte das 10. Weltfamilientreffen bereits 2021 in Rom stattfinden sollen. Aufgrund von Covid-19 wurde es aber in den Juni 2022 verschoben. Das Treffen soll das Jahr der Familie beschlie\u00dfen, das im vergangenen M\u00e4rz begonnen hat. In einer Videobotschaft vom 2. Juli 2021 sagte Papst Franziskus: \u201eDas Treffen wurde als etwas Entferntes wahrgenommen, das h\u00f6chstens im Fernsehen verfolgt wurde und der Mehrheit der Familien unbekannt war. Es wird eine von der Vorsehung gegebene Gelegenheit sein, ein weltweites Ereignis zu schaffen, das alle Familien einbeziehen kann, die sich als Teil der kirchlichen Gemeinschaft f\u00fchlen m\u00f6chten.\u201c<\/p>\n<h3>Berufen zur Heiligkeit<\/h3>\n<p><img fetchpriority=\"high\" decoding=\"async\" class=\"size-full wp-image-24375 alignright\" src=\"https:\/\/schoenstatt.com\/wp-content\/uploads\/2022\/04\/flyer.png\" alt=\"\" width=\"359\" height=\"508\" \/>Das \u00abWeltfamilientreffen multizentral\u00bb hat der Papst unter das Motto: Familienliebe \u2013 Berufung und Weg zur Heiligkeit gestellt. Es soll ein Fest der Familien, ein Fest der Gemeinschaft und der Begegnung sein. Ein Tag der Freude und des Miteinanders. Eingeladen sind Ehepaare und <a href=\"https:\/\/schoenstatt.com\/de\/kirche\/wortlaut-papstbrief-an-ehepaare-anlaesslich-des-familienjahres\/\">Familien<\/a> aller Generationen.<\/p>\n<p>Im Sch\u00f6nstatt-Zentrum Liebfrauenh\u00f6he wird das Treffen am Sonntag, 26. Juni 2022, um 11 Uhr mit einem Familiengottesdienst beginnen und gegen 17.30 Uhr mit einem Abschluss am Sch\u00f6nstatt-Heiligtum enden. Dazwischen gibt es Zeit f\u00fcr Input, Zeugnisse und Austausch. F\u00fcr Kinder und Jugendliche gibt es w\u00e4hrend des thematischen Teils ein separates Programm. F\u00fcr das leibliche Wohl wird selbstverst\u00e4ndlich gesorgt sein. \u201eWir freuen uns, wenn sich m\u00f6glichst viele Familien bald anmelden und befreundete Ehepaare und Familien mitbringen\u201c, so hei\u00dft es aus dem Vorbereitungsteam der Sch\u00f6nstattFamilienBewegung der Di\u00f6zese Rottenburg-Stuttgart.<\/p>\n<h3>Damit die Vorfreude w\u00e4chst&#8230;<\/h3>\n<blockquote><p>\u201eJeder ist aufgerufen, sich liebevoll um das Leben der Familie zu k\u00fcmmern, denn Familien sind kein Problem, sie sind immer ein Geschenk und eine Chance f\u00fcr die Zukunft\u201c, so Papst Franziskus im ersten von insgesamt zehn \u201ePapst Videos\u201c, die im Vorfeld des Weltfamilientreffens erschienen sind oder noch erscheinen. Mit diesen Videos m\u00f6chte er sich zusammen mit den Familien auf eine \u201eReise\u201c begeben. Ziel ist es, gemeinsam neu zu entdecken, wieviel Sch\u00f6nheit darin liegt, Familie zu sein. Die Verantwortlichen der Sch\u00f6nstattfamilienbewegung, die die Veranstaltung auf der Liebfrauenh\u00f6he vorbereiten, laden ein, sich dieser Reise anzuschlie\u00dfen und sich auf das Weltfamilientreffen vorzubereiten.<\/p><\/blockquote>\n<p>&nbsp;<\/p>\n<p><iframe title=\"Amoris Laetitia - Gemeinsam unterwegs - Papstvideo 1\" width=\"800\" height=\"450\" src=\"https:\/\/www.youtube.com\/embed\/bZSHe77ISk0?feature=oembed\" frameborder=\"0\" allow=\"accelerometer; autoplay; clipboard-write; encrypted-media; gyroscope; picture-in-picture; web-share\" referrerpolicy=\"strict-origin-when-cross-origin\" allowfullscreen><\/iframe><\/p>\n<p>&nbsp;<\/p>\n<p><em><strong>Alle Papst-Videos dieser Reihe sind hier verf\u00fcgbar.<\/strong><\/em><\/p>\n<p>Online-Anmeldung zum Weltfamilientreffen auf der Liebfrauenh\u00f6he<br \/>\nAnmelden kann man sich online<br \/>\nbis zum 12. Juni 2022 unter: <a href=\"https:\/\/familienbewegung.de\/weltfamilientreffen-drs.html\">familienbewegung.de\/weltfamilientreffen-drs<\/a><br \/>\nAlle weiteren Informationen sind ebenfalls auf dieser Homepage zu finden.<br \/>\nDiese wird laufend aktualisiert.<br \/>\nDOWNLOAD:<a href=\"https:\/\/www.schoenstatt.de\/de\/uploads\/2022-news\/20220626weltfamilientreffen_multizentral_flyer_web.pdf\"> Flyer<\/a> (pdf)<\/p>\n<p>Online-Impulsreihe<br \/>\nEbenfalls zur Vorbereitung auf das \u201emultizentrische\u201c Gro\u00dfereignis Weltfamilientreffen bietet die Sch\u00f6nstattFamilienBewegung eine Impulsreihe online per Zoom an. Die drei thematischen Abende laden ein, sich mit dem Motto \u201eBerufung und Weg zur Heiligkeit\u201c tiefer auseinander zu setzen. Die Impulse bauen nicht explizit aufeinander auf, somit besteht die M\u00f6glichkeit auch nur an einzelnen Abenden teilzunehmen.<\/p>\n<p>Weitere Informationen und Anmeldung zur <a href=\"https:\/\/familienbewegung.de\/news-leser\/berufung-und-weg-zur-heiligkeit.html\">Online-Impulsreihe<\/a><\/p>\n<p>&nbsp;<\/p>\n","protected":false},"excerpt":{"rendered":"<p>Vom 22. bis 26. Juni 2022 wird das von Papst Franziskus ausgerufene 10. Weltfamilientreffen stattfinden. Anders als die vorhergehenden Treffen soll die Veranstaltung in diesem Jahr nicht nur zentral in Rom, sondern auf Wunsch des Papstes, auch multizentral in den Di\u00f6zesen der Welt stattfinden. Diesen Wunsch greift die Sch\u00f6nstattfamilie der Di\u00f6zese Rottenburg-Stuttgart auf und l\u00e4dt am Sonntag, 26. Juni 2022, ganz herzlich zum Weltfamilientreffen auf die Liebfrauenh\u00f6he bei Rottenburg ein.<\/p>\n","protected":false},"author":1,"featured_media":24371,"comment_status":"closed","ping_status":"closed","sticky":false,"template":"","format":"standard","meta":{"footnotes":""},"categories":[914],"tags":[],"class_list":["post-24370","post","type-post","status-publish","format-standard","has-post-thumbnail","hentry","category-spiritualitat-de"],"yoast_head":"<!-- This site is optimized with the Yoast SEO Premium plugin v27.4 (Yoast SEO v27.4) - https:\/\/yoast.com\/product\/yoast-seo-premium-wordpress\/ -->\n<title>Weltfamilientreffen auf der Liebfrauenh\u00f6he - Schoenstatt<\/title>\n<meta name=\"description\" content=\"Vom 22. bis 26. Juni 2022 wird das von Papst Franziskus ausgerufene 10. Weltfamilientreffen stattfinden: auch auf der Liebfrauenh\u00f6he.\" \/>\n<meta name=\"robots\" content=\"index, follow, max-snippet:-1, max-image-preview:large, max-video-preview:-1\" \/>\n<link rel=\"canonical\" href=\"https:\/\/schoenstatt.com\/de\/weltfamilientreffen-auf-der-liebfrauenhoehe\/\" \/>\n<meta property=\"og:locale\" content=\"de_DE\" \/>\n<meta property=\"og:type\" content=\"article\" \/>\n<meta property=\"og:title\" content=\"Weltfamilientreffen auf der Liebfrauenh\u00f6he\" \/>\n<meta property=\"og:description\" content=\"Vom 22. bis 26. Juni 2022 wird das von Papst Franziskus ausgerufene 10. Weltfamilientreffen stattfinden: auch auf der Liebfrauenh\u00f6he.\" \/>\n<meta property=\"og:url\" content=\"https:\/\/schoenstatt.com\/de\/weltfamilientreffen-auf-der-liebfrauenhoehe\/\" \/>\n<meta property=\"og:site_name\" content=\"Schoenstatt\" \/>\n<meta property=\"article:published_time\" content=\"2022-04-15T06:00:18+00:00\" \/>\n<meta property=\"article:modified_time\" content=\"2025-05-15T20:23:06+00:00\" \/>\n<meta property=\"og:image\" content=\"https:\/\/schoenstatt.com\/wp-content\/uploads\/2022\/04\/Weltfamilientreffen-1.png\" \/>\n\t<meta property=\"og:image:width\" content=\"624\" \/>\n\t<meta property=\"og:image:height\" content=\"307\" \/>\n\t<meta property=\"og:image:type\" content=\"image\/png\" \/>\n<meta name=\"author\" content=\"admin\" \/>\n<meta name=\"twitter:card\" content=\"summary_large_image\" \/>\n<meta name=\"twitter:label1\" content=\"Verfasst von\" \/>\n\t<meta name=\"twitter:data1\" content=\"admin\" \/>\n\t<meta name=\"twitter:label2\" content=\"Gesch\u00e4tzte Lesezeit\" \/>\n\t<meta name=\"twitter:data2\" content=\"3\u00a0Minuten\" \/>\n<script type=\"application\/ld+json\" class=\"yoast-schema-graph\">{\"@context\":\"https:\\\/\\\/schema.org\",\"@graph\":[{\"@type\":\"Article\",\"@id\":\"https:\\\/\\\/schoenstatt.com\\\/de\\\/weltfamilientreffen-auf-der-liebfrauenhoehe\\\/#article\",\"isPartOf\":{\"@id\":\"https:\\\/\\\/schoenstatt.com\\\/de\\\/weltfamilientreffen-auf-der-liebfrauenhoehe\\\/\"},\"author\":{\"name\":\"admin\",\"@id\":\"https:\\\/\\\/schoenstatt.com\\\/de\\\/#\\\/schema\\\/person\\\/489465b1850e7b216fe2c10dfc262551\"},\"headline\":\"Weltfamilientreffen auf der Liebfrauenh\u00f6he\",\"datePublished\":\"2022-04-15T06:00:18+00:00\",\"dateModified\":\"2025-05-15T20:23:06+00:00\",\"mainEntityOfPage\":{\"@id\":\"https:\\\/\\\/schoenstatt.com\\\/de\\\/weltfamilientreffen-auf-der-liebfrauenhoehe\\\/\"},\"wordCount\":466,\"publisher\":{\"@id\":\"https:\\\/\\\/schoenstatt.com\\\/de\\\/#organization\"},\"image\":{\"@id\":\"https:\\\/\\\/schoenstatt.com\\\/de\\\/weltfamilientreffen-auf-der-liebfrauenhoehe\\\/#primaryimage\"},\"thumbnailUrl\":\"https:\\\/\\\/schoenstatt.com\\\/wp-content\\\/uploads\\\/2022\\\/04\\\/Weltfamilientreffen-1.png\",\"articleSection\":[\"Spiritualit\u00e4t\"],\"inLanguage\":\"de\"},{\"@type\":\"WebPage\",\"@id\":\"https:\\\/\\\/schoenstatt.com\\\/de\\\/weltfamilientreffen-auf-der-liebfrauenhoehe\\\/\",\"url\":\"https:\\\/\\\/schoenstatt.com\\\/de\\\/weltfamilientreffen-auf-der-liebfrauenhoehe\\\/\",\"name\":\"Weltfamilientreffen auf der Liebfrauenh\u00f6he - Schoenstatt\",\"isPartOf\":{\"@id\":\"https:\\\/\\\/schoenstatt.com\\\/de\\\/#website\"},\"primaryImageOfPage\":{\"@id\":\"https:\\\/\\\/schoenstatt.com\\\/de\\\/weltfamilientreffen-auf-der-liebfrauenhoehe\\\/#primaryimage\"},\"image\":{\"@id\":\"https:\\\/\\\/schoenstatt.com\\\/de\\\/weltfamilientreffen-auf-der-liebfrauenhoehe\\\/#primaryimage\"},\"thumbnailUrl\":\"https:\\\/\\\/schoenstatt.com\\\/wp-content\\\/uploads\\\/2022\\\/04\\\/Weltfamilientreffen-1.png\",\"datePublished\":\"2022-04-15T06:00:18+00:00\",\"dateModified\":\"2025-05-15T20:23:06+00:00\",\"description\":\"Vom 22. bis 26. Juni 2022 wird das von Papst Franziskus ausgerufene 10. Weltfamilientreffen stattfinden: auch auf der Liebfrauenh\u00f6he.\",\"breadcrumb\":{\"@id\":\"https:\\\/\\\/schoenstatt.com\\\/de\\\/weltfamilientreffen-auf-der-liebfrauenhoehe\\\/#breadcrumb\"},\"inLanguage\":\"de\",\"potentialAction\":[{\"@type\":\"ReadAction\",\"target\":[\"https:\\\/\\\/schoenstatt.com\\\/de\\\/weltfamilientreffen-auf-der-liebfrauenhoehe\\\/\"]}]},{\"@type\":\"ImageObject\",\"inLanguage\":\"de\",\"@id\":\"https:\\\/\\\/schoenstatt.com\\\/de\\\/weltfamilientreffen-auf-der-liebfrauenhoehe\\\/#primaryimage\",\"url\":\"https:\\\/\\\/schoenstatt.com\\\/wp-content\\\/uploads\\\/2022\\\/04\\\/Weltfamilientreffen-1.png\",\"contentUrl\":\"https:\\\/\\\/schoenstatt.com\\\/wp-content\\\/uploads\\\/2022\\\/04\\\/Weltfamilientreffen-1.png\",\"width\":624,\"height\":307,\"caption\":\"Liebfrauenh\u00f6he\"},{\"@type\":\"BreadcrumbList\",\"@id\":\"https:\\\/\\\/schoenstatt.com\\\/de\\\/weltfamilientreffen-auf-der-liebfrauenhoehe\\\/#breadcrumb\",\"itemListElement\":[{\"@type\":\"ListItem\",\"position\":1,\"name\":\"Portada\",\"item\":\"https:\\\/\\\/schoenstatt.com\\\/de\\\/home\\\/\"},{\"@type\":\"ListItem\",\"position\":2,\"name\":\"Weltfamilientreffen auf der Liebfrauenh\u00f6he\"}]},{\"@type\":\"WebSite\",\"@id\":\"https:\\\/\\\/schoenstatt.com\\\/de\\\/#website\",\"url\":\"https:\\\/\\\/schoenstatt.com\\\/de\\\/\",\"name\":\"Schoenstatt\",\"description\":\"Apostolic Movement\",\"publisher\":{\"@id\":\"https:\\\/\\\/schoenstatt.com\\\/de\\\/#organization\"},\"potentialAction\":[{\"@type\":\"SearchAction\",\"target\":{\"@type\":\"EntryPoint\",\"urlTemplate\":\"https:\\\/\\\/schoenstatt.com\\\/de\\\/?s={search_term_string}\"},\"query-input\":{\"@type\":\"PropertyValueSpecification\",\"valueRequired\":true,\"valueName\":\"search_term_string\"}}],\"inLanguage\":\"de\"},{\"@type\":\"Organization\",\"@id\":\"https:\\\/\\\/schoenstatt.com\\\/de\\\/#organization\",\"name\":\"Schoenstatt\",\"url\":\"https:\\\/\\\/schoenstatt.com\\\/de\\\/\",\"logo\":{\"@type\":\"ImageObject\",\"inLanguage\":\"de\",\"@id\":\"https:\\\/\\\/schoenstatt.com\\\/de\\\/#\\\/schema\\\/logo\\\/image\\\/\",\"url\":\"https:\\\/\\\/schoenstatt.com\\\/wp-content\\\/uploads\\\/2025\\\/04\\\/logo-schoenstatt-white-696x696-1.png\",\"contentUrl\":\"https:\\\/\\\/schoenstatt.com\\\/wp-content\\\/uploads\\\/2025\\\/04\\\/logo-schoenstatt-white-696x696-1.png\",\"width\":696,\"height\":694,\"caption\":\"Schoenstatt\"},\"image\":{\"@id\":\"https:\\\/\\\/schoenstatt.com\\\/de\\\/#\\\/schema\\\/logo\\\/image\\\/\"}},{\"@type\":\"Person\",\"@id\":\"https:\\\/\\\/schoenstatt.com\\\/de\\\/#\\\/schema\\\/person\\\/489465b1850e7b216fe2c10dfc262551\",\"name\":\"admin\",\"image\":{\"@type\":\"ImageObject\",\"inLanguage\":\"de\",\"@id\":\"https:\\\/\\\/secure.gravatar.com\\\/avatar\\\/02e8345e1ec40ab0e0a2a98fdde64a684bbaf994cddcb778b25b8b024ee9dfe6?s=96&d=mm&r=g\",\"url\":\"https:\\\/\\\/secure.gravatar.com\\\/avatar\\\/02e8345e1ec40ab0e0a2a98fdde64a684bbaf994cddcb778b25b8b024ee9dfe6?s=96&d=mm&r=g\",\"contentUrl\":\"https:\\\/\\\/secure.gravatar.com\\\/avatar\\\/02e8345e1ec40ab0e0a2a98fdde64a684bbaf994cddcb778b25b8b024ee9dfe6?s=96&d=mm&r=g\",\"caption\":\"admin\"},\"sameAs\":[\"https:\\\/\\\/schoenstatt.com\"],\"url\":\"https:\\\/\\\/schoenstatt.com\\\/de\\\/author\\\/admin\\\/\"}]}<\/script>\n<!-- \/ Yoast SEO Premium plugin. -->","yoast_head_json":{"title":"Weltfamilientreffen auf der Liebfrauenh\u00f6he - Schoenstatt","description":"Vom 22. bis 26. Juni 2022 wird das von Papst Franziskus ausgerufene 10. Weltfamilientreffen stattfinden: auch auf der Liebfrauenh\u00f6he.","robots":{"index":"index","follow":"follow","max-snippet":"max-snippet:-1","max-image-preview":"max-image-preview:large","max-video-preview":"max-video-preview:-1"},"canonical":"https:\/\/schoenstatt.com\/de\/weltfamilientreffen-auf-der-liebfrauenhoehe\/","og_locale":"de_DE","og_type":"article","og_title":"Weltfamilientreffen auf der Liebfrauenh\u00f6he","og_description":"Vom 22. bis 26. Juni 2022 wird das von Papst Franziskus ausgerufene 10. Weltfamilientreffen stattfinden: auch auf der Liebfrauenh\u00f6he.","og_url":"https:\/\/schoenstatt.com\/de\/weltfamilientreffen-auf-der-liebfrauenhoehe\/","og_site_name":"Schoenstatt","article_published_time":"2022-04-15T06:00:18+00:00","article_modified_time":"2025-05-15T20:23:06+00:00","og_image":[{"width":624,"height":307,"url":"https:\/\/schoenstatt.com\/wp-content\/uploads\/2022\/04\/Weltfamilientreffen-1.png","type":"image\/png"}],"author":"admin","twitter_card":"summary_large_image","twitter_misc":{"Verfasst von":"admin","Gesch\u00e4tzte Lesezeit":"3\u00a0Minuten"},"schema":{"@context":"https:\/\/schema.org","@graph":[{"@type":"Article","@id":"https:\/\/schoenstatt.com\/de\/weltfamilientreffen-auf-der-liebfrauenhoehe\/#article","isPartOf":{"@id":"https:\/\/schoenstatt.com\/de\/weltfamilientreffen-auf-der-liebfrauenhoehe\/"},"author":{"name":"admin","@id":"https:\/\/schoenstatt.com\/de\/#\/schema\/person\/489465b1850e7b216fe2c10dfc262551"},"headline":"Weltfamilientreffen auf der Liebfrauenh\u00f6he","datePublished":"2022-04-15T06:00:18+00:00","dateModified":"2025-05-15T20:23:06+00:00","mainEntityOfPage":{"@id":"https:\/\/schoenstatt.com\/de\/weltfamilientreffen-auf-der-liebfrauenhoehe\/"},"wordCount":466,"publisher":{"@id":"https:\/\/schoenstatt.com\/de\/#organization"},"image":{"@id":"https:\/\/schoenstatt.com\/de\/weltfamilientreffen-auf-der-liebfrauenhoehe\/#primaryimage"},"thumbnailUrl":"https:\/\/schoenstatt.com\/wp-content\/uploads\/2022\/04\/Weltfamilientreffen-1.png","articleSection":["Spiritualit\u00e4t"],"inLanguage":"de"},{"@type":"WebPage","@id":"https:\/\/schoenstatt.com\/de\/weltfamilientreffen-auf-der-liebfrauenhoehe\/","url":"https:\/\/schoenstatt.com\/de\/weltfamilientreffen-auf-der-liebfrauenhoehe\/","name":"Weltfamilientreffen auf der Liebfrauenh\u00f6he - Schoenstatt","isPartOf":{"@id":"https:\/\/schoenstatt.com\/de\/#website"},"primaryImageOfPage":{"@id":"https:\/\/schoenstatt.com\/de\/weltfamilientreffen-auf-der-liebfrauenhoehe\/#primaryimage"},"image":{"@id":"https:\/\/schoenstatt.com\/de\/weltfamilientreffen-auf-der-liebfrauenhoehe\/#primaryimage"},"thumbnailUrl":"https:\/\/schoenstatt.com\/wp-content\/uploads\/2022\/04\/Weltfamilientreffen-1.png","datePublished":"2022-04-15T06:00:18+00:00","dateModified":"2025-05-15T20:23:06+00:00","description":"Vom 22. bis 26. Juni 2022 wird das von Papst Franziskus ausgerufene 10. Weltfamilientreffen stattfinden: auch auf der Liebfrauenh\u00f6he.","breadcrumb":{"@id":"https:\/\/schoenstatt.com\/de\/weltfamilientreffen-auf-der-liebfrauenhoehe\/#breadcrumb"},"inLanguage":"de","potentialAction":[{"@type":"ReadAction","target":["https:\/\/schoenstatt.com\/de\/weltfamilientreffen-auf-der-liebfrauenhoehe\/"]}]},{"@type":"ImageObject","inLanguage":"de","@id":"https:\/\/schoenstatt.com\/de\/weltfamilientreffen-auf-der-liebfrauenhoehe\/#primaryimage","url":"https:\/\/schoenstatt.com\/wp-content\/uploads\/2022\/04\/Weltfamilientreffen-1.png","contentUrl":"https:\/\/schoenstatt.com\/wp-content\/uploads\/2022\/04\/Weltfamilientreffen-1.png","width":624,"height":307,"caption":"Liebfrauenh\u00f6he"},{"@type":"BreadcrumbList","@id":"https:\/\/schoenstatt.com\/de\/weltfamilientreffen-auf-der-liebfrauenhoehe\/#breadcrumb","itemListElement":[{"@type":"ListItem","position":1,"name":"Portada","item":"https:\/\/schoenstatt.com\/de\/home\/"},{"@type":"ListItem","position":2,"name":"Weltfamilientreffen auf der Liebfrauenh\u00f6he"}]},{"@type":"WebSite","@id":"https:\/\/schoenstatt.com\/de\/#website","url":"https:\/\/schoenstatt.com\/de\/","name":"Schoenstatt","description":"Apostolic Movement","publisher":{"@id":"https:\/\/schoenstatt.com\/de\/#organization"},"potentialAction":[{"@type":"SearchAction","target":{"@type":"EntryPoint","urlTemplate":"https:\/\/schoenstatt.com\/de\/?s={search_term_string}"},"query-input":{"@type":"PropertyValueSpecification","valueRequired":true,"valueName":"search_term_string"}}],"inLanguage":"de"},{"@type":"Organization","@id":"https:\/\/schoenstatt.com\/de\/#organization","name":"Schoenstatt","url":"https:\/\/schoenstatt.com\/de\/","logo":{"@type":"ImageObject","inLanguage":"de","@id":"https:\/\/schoenstatt.com\/de\/#\/schema\/logo\/image\/","url":"https:\/\/schoenstatt.com\/wp-content\/uploads\/2025\/04\/logo-schoenstatt-white-696x696-1.png","contentUrl":"https:\/\/schoenstatt.com\/wp-content\/uploads\/2025\/04\/logo-schoenstatt-white-696x696-1.png","width":696,"height":694,"caption":"Schoenstatt"},"image":{"@id":"https:\/\/schoenstatt.com\/de\/#\/schema\/logo\/image\/"}},{"@type":"Person","@id":"https:\/\/schoenstatt.com\/de\/#\/schema\/person\/489465b1850e7b216fe2c10dfc262551","name":"admin","image":{"@type":"ImageObject","inLanguage":"de","@id":"https:\/\/secure.gravatar.com\/avatar\/02e8345e1ec40ab0e0a2a98fdde64a684bbaf994cddcb778b25b8b024ee9dfe6?s=96&d=mm&r=g","url":"https:\/\/secure.gravatar.com\/avatar\/02e8345e1ec40ab0e0a2a98fdde64a684bbaf994cddcb778b25b8b024ee9dfe6?s=96&d=mm&r=g","contentUrl":"https:\/\/secure.gravatar.com\/avatar\/02e8345e1ec40ab0e0a2a98fdde64a684bbaf994cddcb778b25b8b024ee9dfe6?s=96&d=mm&r=g","caption":"admin"},"sameAs":["https:\/\/schoenstatt.com"],"url":"https:\/\/schoenstatt.com\/de\/author\/admin\/"}]}},"_links":{"self":[{"href":"https:\/\/schoenstatt.com\/de\/wp-json\/wp\/v2\/posts\/24370","targetHints":{"allow":["GET"]}}],"collection":[{"href":"https:\/\/schoenstatt.com\/de\/wp-json\/wp\/v2\/posts"}],"about":[{"href":"https:\/\/schoenstatt.com\/de\/wp-json\/wp\/v2\/types\/post"}],"author":[{"embeddable":true,"href":"https:\/\/schoenstatt.com\/de\/wp-json\/wp\/v2\/users\/1"}],"replies":[{"embeddable":true,"href":"https:\/\/schoenstatt.com\/de\/wp-json\/wp\/v2\/comments?post=24370"}],"version-history":[{"count":1,"href":"https:\/\/schoenstatt.com\/de\/wp-json\/wp\/v2\/posts\/24370\/revisions"}],"predecessor-version":[{"id":45140,"href":"https:\/\/schoenstatt.com\/de\/wp-json\/wp\/v2\/posts\/24370\/revisions\/45140"}],"wp:featuredmedia":[{"embeddable":true,"href":"https:\/\/schoenstatt.com\/de\/wp-json\/wp\/v2\/media\/24371"}],"wp:attachment":[{"href":"https:\/\/schoenstatt.com\/de\/wp-json\/wp\/v2\/media?parent=24370"}],"wp:term":[{"taxonomy":"category","embeddable":true,"href":"https:\/\/schoenstatt.com\/de\/wp-json\/wp\/v2\/categories?post=24370"},{"taxonomy":"post_tag","embeddable":true,"href":"https:\/\/schoenstatt.com\/de\/wp-json\/wp\/v2\/tags?post=24370"}],"curies":[{"name":"wp","href":"https:\/\/api.w.org\/{rel}","templated":true}]}}