{"id":24343,"date":"2022-04-17T17:55:00","date_gmt":"2022-04-17T15:55:00","guid":{"rendered":"https:\/\/schoenstatt.com\/?p=24343"},"modified":"2025-05-15T20:01:44","modified_gmt":"2025-05-15T18:01:44","slug":"p-elmar-busse-von-kassandra-zu-pater-kentenich-ein-vergleich","status":"publish","type":"post","link":"https:\/\/schoenstatt.com\/de\/p-elmar-busse-von-kassandra-zu-pater-kentenich-ein-vergleich\/","title":{"rendered":"P. Elmar Busse: von Kassandra zu Pater Kentenich &#8211; ein Vergleich"},"content":{"rendered":"<p>Pater Busse beginnt seine Erz\u00e4hlung mit einem Hinweis auf die Popgruppe ABBA, die 1982 einen Song namens \u201eCassandra\u201c ver\u00f6ffentlicht haben, der auf die griechische Mythologie zur\u00fcckgreift. Kassandra hatte die Gabe der Weissagung und hatte die Trojaner vor der List des Odysseus gewarnt. Sie h\u00f6rten aber nicht auf, sie und ihr Leben endete als Sklavin, wo sie dann letztlich auch erdolcht wurde: \u201eIm Lied wird das Schicksal der Kassandra aus der Sicht eines Trojaners beschrieben, der sich bei ihr entschuldigt, dass er ihren Weissagungen nicht geglaubt hat. Eine Passage des Liedtextes lautet: \u201eEntschuldige Kassandra, dass ich dir nicht glaubte, dass du wirklich die Kraft der Weissagung hattest. Ich sah es nur als einen erfundenen Traum an.\u201c Auf YouTube haben dieses Lied \u00fcber 2 \u00bd Millionen User angeklickt. Mal davon abgesehen, dass die Gruppe 1982 schon Kultstatus und eine internationale Fangemeinde hatte, verbl\u00fcfft es doch, dass diese Thematik ein solch starkes Echo ausgel\u00f6st hat.<\/p>\n<p>Pater Busse bringt dann einen Vergleich von Kassandra zu Pater Kentenich: \u201eMuss sich <a href=\"https:\/\/schoenstatt.com\/de\/p-josef-kentenich\/pater-kentenich-im-heute-eine-video-serie\/\">Pater Kentenich<\/a> nicht vorgekommen sein wie Kassandra, als er in Bellavista sein Antwortschreiben auf die Trierer Bisch\u00f6fliche Visitation Sch\u00f6nstatts verfasste? Wenn wir den Text auf uns wirken lassen, dann wird klar, Pater Kentenich ist nicht irgendwie naiv in ein Fettn\u00e4pfchen getreten, sondern er war sich des Risikos seines Schritts voll bewusst.\u201c<\/p>\n<p>Pater Busse weiter: \u201eWenn Pater Kentenich auf den Visitationsbericht des Bischofs wohlwollend reagiert h\u00e4tte und gesagt h\u00e4tte: Gut die paar kritischen Anfragen, die k\u00f6nnen wir einfach \u00fcbergehen, dann w\u00e4re aber sozusagen das Besondere Sch\u00f6nstatts auf dem Altar der Harmonie geopfert worden. Er sagt ja dann auch sp\u00e4ter einmal sinngem\u00e4\u00df, als ihm der Vorwurf gemacht worden war, er sei zu provozierend, er sei zu frech gegen\u00fcber den Autorit\u00e4ten damals gewesen: Wenn es mir nur um Sch\u00f6nstatt gegangen w\u00e4re, h\u00e4tte er sich mit dem Ergebnis abfinden k\u00f6nnen, aber in den kritischen Anfragen des Weihbischofs s\u00e4he er das Problem des mechanistischen Denkens, das die Vitalit\u00e4t der Kirche bedroht.\u201c<\/p>\n<p>Aus heutiger Sicht m\u00f6chte Pater Busse die Tragik der <a href=\"https:\/\/www.wikiwand.com\/de\/Kassandra_(Mythologie)\">Kassandrarufe<\/a> Pater Kentenichs aus dem Jahr 1949 w\u00fcrdigen: \u201eWie st\u00fcnde die Kirche in Deutschland heute da, wenn die Verantwortlichen damals die dringend empfohlenen Akzentverlagerung in der Seelsorge aufgegriffen h\u00e4tten.\u201c<\/p>\n<p>&nbsp;<\/p>\n<p><iframe title=\"09c Pater Elmar Busse Master\" width=\"800\" height=\"450\" src=\"https:\/\/www.youtube.com\/embed\/Fk7eiVaisiE?feature=oembed\" frameborder=\"0\" allow=\"accelerometer; autoplay; clipboard-write; encrypted-media; gyroscope; picture-in-picture; web-share\" referrerpolicy=\"strict-origin-when-cross-origin\" allowfullscreen><\/iframe><\/p>\n<p>&nbsp;<\/p>\n<p>&nbsp;<\/p>\n","protected":false},"excerpt":{"rendered":"<p>Sch\u00f6nstattpater Elmar Busse vergleicht im dritten von insgesamt vier Statements den Weg von Pater Kentenich in die Verbannung mit Kassandra, die die Trojaner vor der List des Odysseus gewarnt hatte.<\/p>\n","protected":false},"author":6,"featured_media":24209,"comment_status":"closed","ping_status":"closed","sticky":false,"template":"","format":"standard","meta":{"footnotes":""},"categories":[878],"tags":[],"class_list":["post-24343","post","type-post","status-publish","format-standard","has-post-thumbnail","hentry","category-p-josef-kentenich-de"],"yoast_head":"<!-- This site is optimized with the Yoast SEO Premium plugin v27.4 (Yoast SEO v27.4) - https:\/\/yoast.com\/product\/yoast-seo-premium-wordpress\/ -->\n<title>P. Elmar Busse: von Kassandra zu Pater Kentenich - ein Vergleich<\/title>\n<meta name=\"description\" content=\"P. Elmar Busse vergleicht den Weg von Pater Kentenich in die Verbannung mit Kassandra, die die Trojaner gewarnt hatte.\" \/>\n<meta name=\"robots\" content=\"index, follow, max-snippet:-1, max-image-preview:large, max-video-preview:-1\" \/>\n<link rel=\"canonical\" href=\"https:\/\/schoenstatt.com\/de\/p-elmar-busse-von-kassandra-zu-pater-kentenich-ein-vergleich\/\" \/>\n<meta property=\"og:locale\" content=\"de_DE\" \/>\n<meta property=\"og:type\" content=\"article\" \/>\n<meta property=\"og:title\" content=\"P. Elmar Busse: von Kassandra zu Pater Kentenich - ein Vergleich\" \/>\n<meta property=\"og:description\" content=\"P. Elmar Busse vergleicht den Weg von Pater Kentenich in die Verbannung mit Kassandra, die die Trojaner gewarnt hatte.\" \/>\n<meta property=\"og:url\" content=\"https:\/\/schoenstatt.com\/de\/p-elmar-busse-von-kassandra-zu-pater-kentenich-ein-vergleich\/\" \/>\n<meta property=\"og:site_name\" content=\"Schoenstatt\" \/>\n<meta property=\"article:published_time\" content=\"2022-04-17T15:55:00+00:00\" \/>\n<meta property=\"article:modified_time\" content=\"2025-05-15T18:01:44+00:00\" \/>\n<meta property=\"og:image\" content=\"https:\/\/schoenstatt.com\/wp-content\/uploads\/2022\/03\/p.Busse_-1.png\" \/>\n\t<meta property=\"og:image:width\" content=\"1917\" \/>\n\t<meta property=\"og:image:height\" content=\"1071\" \/>\n\t<meta property=\"og:image:type\" content=\"image\/png\" \/>\n<meta name=\"author\" content=\"Vanessa Franke\" \/>\n<meta name=\"twitter:card\" content=\"summary_large_image\" \/>\n<meta name=\"twitter:label1\" content=\"Verfasst von\" \/>\n\t<meta name=\"twitter:data1\" content=\"Vanessa Franke\" \/>\n\t<meta name=\"twitter:label2\" content=\"Gesch\u00e4tzte Lesezeit\" \/>\n\t<meta name=\"twitter:data2\" content=\"2\u00a0Minuten\" \/>\n<script type=\"application\/ld+json\" class=\"yoast-schema-graph\">{\"@context\":\"https:\\\/\\\/schema.org\",\"@graph\":[{\"@type\":\"Article\",\"@id\":\"https:\\\/\\\/schoenstatt.com\\\/de\\\/p-elmar-busse-von-kassandra-zu-pater-kentenich-ein-vergleich\\\/#article\",\"isPartOf\":{\"@id\":\"https:\\\/\\\/schoenstatt.com\\\/de\\\/p-elmar-busse-von-kassandra-zu-pater-kentenich-ein-vergleich\\\/\"},\"author\":{\"name\":\"Vanessa Franke\",\"@id\":\"https:\\\/\\\/schoenstatt.com\\\/de\\\/#\\\/schema\\\/person\\\/ea97a60c723e21c923e2177f0f3163f7\"},\"headline\":\"P. Elmar Busse: von Kassandra zu Pater Kentenich &#8211; ein Vergleich\",\"datePublished\":\"2022-04-17T15:55:00+00:00\",\"dateModified\":\"2025-05-15T18:01:44+00:00\",\"mainEntityOfPage\":{\"@id\":\"https:\\\/\\\/schoenstatt.com\\\/de\\\/p-elmar-busse-von-kassandra-zu-pater-kentenich-ein-vergleich\\\/\"},\"wordCount\":400,\"publisher\":{\"@id\":\"https:\\\/\\\/schoenstatt.com\\\/de\\\/#organization\"},\"image\":{\"@id\":\"https:\\\/\\\/schoenstatt.com\\\/de\\\/p-elmar-busse-von-kassandra-zu-pater-kentenich-ein-vergleich\\\/#primaryimage\"},\"thumbnailUrl\":\"https:\\\/\\\/schoenstatt.com\\\/wp-content\\\/uploads\\\/2022\\\/03\\\/p.Busse_-1.png\",\"articleSection\":[\"P. Josef Kentenich\"],\"inLanguage\":\"de\"},{\"@type\":\"WebPage\",\"@id\":\"https:\\\/\\\/schoenstatt.com\\\/de\\\/p-elmar-busse-von-kassandra-zu-pater-kentenich-ein-vergleich\\\/\",\"url\":\"https:\\\/\\\/schoenstatt.com\\\/de\\\/p-elmar-busse-von-kassandra-zu-pater-kentenich-ein-vergleich\\\/\",\"name\":\"P. Elmar Busse: von Kassandra zu Pater Kentenich - ein Vergleich\",\"isPartOf\":{\"@id\":\"https:\\\/\\\/schoenstatt.com\\\/de\\\/#website\"},\"primaryImageOfPage\":{\"@id\":\"https:\\\/\\\/schoenstatt.com\\\/de\\\/p-elmar-busse-von-kassandra-zu-pater-kentenich-ein-vergleich\\\/#primaryimage\"},\"image\":{\"@id\":\"https:\\\/\\\/schoenstatt.com\\\/de\\\/p-elmar-busse-von-kassandra-zu-pater-kentenich-ein-vergleich\\\/#primaryimage\"},\"thumbnailUrl\":\"https:\\\/\\\/schoenstatt.com\\\/wp-content\\\/uploads\\\/2022\\\/03\\\/p.Busse_-1.png\",\"datePublished\":\"2022-04-17T15:55:00+00:00\",\"dateModified\":\"2025-05-15T18:01:44+00:00\",\"description\":\"P. Elmar Busse vergleicht den Weg von Pater Kentenich in die Verbannung mit Kassandra, die die Trojaner gewarnt hatte.\",\"breadcrumb\":{\"@id\":\"https:\\\/\\\/schoenstatt.com\\\/de\\\/p-elmar-busse-von-kassandra-zu-pater-kentenich-ein-vergleich\\\/#breadcrumb\"},\"inLanguage\":\"de\",\"potentialAction\":[{\"@type\":\"ReadAction\",\"target\":[\"https:\\\/\\\/schoenstatt.com\\\/de\\\/p-elmar-busse-von-kassandra-zu-pater-kentenich-ein-vergleich\\\/\"]}]},{\"@type\":\"ImageObject\",\"inLanguage\":\"de\",\"@id\":\"https:\\\/\\\/schoenstatt.com\\\/de\\\/p-elmar-busse-von-kassandra-zu-pater-kentenich-ein-vergleich\\\/#primaryimage\",\"url\":\"https:\\\/\\\/schoenstatt.com\\\/wp-content\\\/uploads\\\/2022\\\/03\\\/p.Busse_-1.png\",\"contentUrl\":\"https:\\\/\\\/schoenstatt.com\\\/wp-content\\\/uploads\\\/2022\\\/03\\\/p.Busse_-1.png\",\"width\":1917,\"height\":1071,\"caption\":\"Hausgeistlicher\"},{\"@type\":\"BreadcrumbList\",\"@id\":\"https:\\\/\\\/schoenstatt.com\\\/de\\\/p-elmar-busse-von-kassandra-zu-pater-kentenich-ein-vergleich\\\/#breadcrumb\",\"itemListElement\":[{\"@type\":\"ListItem\",\"position\":1,\"name\":\"Portada\",\"item\":\"https:\\\/\\\/schoenstatt.com\\\/de\\\/home\\\/\"},{\"@type\":\"ListItem\",\"position\":2,\"name\":\"P. Elmar Busse: von Kassandra zu Pater Kentenich &#8211; ein Vergleich\"}]},{\"@type\":\"WebSite\",\"@id\":\"https:\\\/\\\/schoenstatt.com\\\/de\\\/#website\",\"url\":\"https:\\\/\\\/schoenstatt.com\\\/de\\\/\",\"name\":\"Schoenstatt\",\"description\":\"Apostolic Movement\",\"publisher\":{\"@id\":\"https:\\\/\\\/schoenstatt.com\\\/de\\\/#organization\"},\"potentialAction\":[{\"@type\":\"SearchAction\",\"target\":{\"@type\":\"EntryPoint\",\"urlTemplate\":\"https:\\\/\\\/schoenstatt.com\\\/de\\\/?s={search_term_string}\"},\"query-input\":{\"@type\":\"PropertyValueSpecification\",\"valueRequired\":true,\"valueName\":\"search_term_string\"}}],\"inLanguage\":\"de\"},{\"@type\":\"Organization\",\"@id\":\"https:\\\/\\\/schoenstatt.com\\\/de\\\/#organization\",\"name\":\"Schoenstatt\",\"url\":\"https:\\\/\\\/schoenstatt.com\\\/de\\\/\",\"logo\":{\"@type\":\"ImageObject\",\"inLanguage\":\"de\",\"@id\":\"https:\\\/\\\/schoenstatt.com\\\/de\\\/#\\\/schema\\\/logo\\\/image\\\/\",\"url\":\"https:\\\/\\\/schoenstatt.com\\\/wp-content\\\/uploads\\\/2025\\\/04\\\/logo-schoenstatt-white-696x696-1.png\",\"contentUrl\":\"https:\\\/\\\/schoenstatt.com\\\/wp-content\\\/uploads\\\/2025\\\/04\\\/logo-schoenstatt-white-696x696-1.png\",\"width\":696,\"height\":694,\"caption\":\"Schoenstatt\"},\"image\":{\"@id\":\"https:\\\/\\\/schoenstatt.com\\\/de\\\/#\\\/schema\\\/logo\\\/image\\\/\"}},{\"@type\":\"Person\",\"@id\":\"https:\\\/\\\/schoenstatt.com\\\/de\\\/#\\\/schema\\\/person\\\/ea97a60c723e21c923e2177f0f3163f7\",\"name\":\"Vanessa Franke\",\"image\":{\"@type\":\"ImageObject\",\"inLanguage\":\"de\",\"@id\":\"https:\\\/\\\/secure.gravatar.com\\\/avatar\\\/a9bcca3409928ccd3195eca11e2ccbb2e5d7c7912e9a945d4f326f81a0a5cb4a?s=96&d=mm&r=g\",\"url\":\"https:\\\/\\\/secure.gravatar.com\\\/avatar\\\/a9bcca3409928ccd3195eca11e2ccbb2e5d7c7912e9a945d4f326f81a0a5cb4a?s=96&d=mm&r=g\",\"contentUrl\":\"https:\\\/\\\/secure.gravatar.com\\\/avatar\\\/a9bcca3409928ccd3195eca11e2ccbb2e5d7c7912e9a945d4f326f81a0a5cb4a?s=96&d=mm&r=g\",\"caption\":\"Vanessa Franke\"},\"url\":\"https:\\\/\\\/schoenstatt.com\\\/de\\\/author\\\/vanessa-franke\\\/\"}]}<\/script>\n<!-- \/ Yoast SEO Premium plugin. -->","yoast_head_json":{"title":"P. Elmar Busse: von Kassandra zu Pater Kentenich - ein Vergleich","description":"P. Elmar Busse vergleicht den Weg von Pater Kentenich in die Verbannung mit Kassandra, die die Trojaner gewarnt hatte.","robots":{"index":"index","follow":"follow","max-snippet":"max-snippet:-1","max-image-preview":"max-image-preview:large","max-video-preview":"max-video-preview:-1"},"canonical":"https:\/\/schoenstatt.com\/de\/p-elmar-busse-von-kassandra-zu-pater-kentenich-ein-vergleich\/","og_locale":"de_DE","og_type":"article","og_title":"P. Elmar Busse: von Kassandra zu Pater Kentenich - ein Vergleich","og_description":"P. Elmar Busse vergleicht den Weg von Pater Kentenich in die Verbannung mit Kassandra, die die Trojaner gewarnt hatte.","og_url":"https:\/\/schoenstatt.com\/de\/p-elmar-busse-von-kassandra-zu-pater-kentenich-ein-vergleich\/","og_site_name":"Schoenstatt","article_published_time":"2022-04-17T15:55:00+00:00","article_modified_time":"2025-05-15T18:01:44+00:00","og_image":[{"width":1917,"height":1071,"url":"https:\/\/schoenstatt.com\/wp-content\/uploads\/2022\/03\/p.Busse_-1.png","type":"image\/png"}],"author":"Vanessa Franke","twitter_card":"summary_large_image","twitter_misc":{"Verfasst von":"Vanessa Franke","Gesch\u00e4tzte Lesezeit":"2\u00a0Minuten"},"schema":{"@context":"https:\/\/schema.org","@graph":[{"@type":"Article","@id":"https:\/\/schoenstatt.com\/de\/p-elmar-busse-von-kassandra-zu-pater-kentenich-ein-vergleich\/#article","isPartOf":{"@id":"https:\/\/schoenstatt.com\/de\/p-elmar-busse-von-kassandra-zu-pater-kentenich-ein-vergleich\/"},"author":{"name":"Vanessa Franke","@id":"https:\/\/schoenstatt.com\/de\/#\/schema\/person\/ea97a60c723e21c923e2177f0f3163f7"},"headline":"P. Elmar Busse: von Kassandra zu Pater Kentenich &#8211; ein Vergleich","datePublished":"2022-04-17T15:55:00+00:00","dateModified":"2025-05-15T18:01:44+00:00","mainEntityOfPage":{"@id":"https:\/\/schoenstatt.com\/de\/p-elmar-busse-von-kassandra-zu-pater-kentenich-ein-vergleich\/"},"wordCount":400,"publisher":{"@id":"https:\/\/schoenstatt.com\/de\/#organization"},"image":{"@id":"https:\/\/schoenstatt.com\/de\/p-elmar-busse-von-kassandra-zu-pater-kentenich-ein-vergleich\/#primaryimage"},"thumbnailUrl":"https:\/\/schoenstatt.com\/wp-content\/uploads\/2022\/03\/p.Busse_-1.png","articleSection":["P. Josef Kentenich"],"inLanguage":"de"},{"@type":"WebPage","@id":"https:\/\/schoenstatt.com\/de\/p-elmar-busse-von-kassandra-zu-pater-kentenich-ein-vergleich\/","url":"https:\/\/schoenstatt.com\/de\/p-elmar-busse-von-kassandra-zu-pater-kentenich-ein-vergleich\/","name":"P. Elmar Busse: von Kassandra zu Pater Kentenich - ein Vergleich","isPartOf":{"@id":"https:\/\/schoenstatt.com\/de\/#website"},"primaryImageOfPage":{"@id":"https:\/\/schoenstatt.com\/de\/p-elmar-busse-von-kassandra-zu-pater-kentenich-ein-vergleich\/#primaryimage"},"image":{"@id":"https:\/\/schoenstatt.com\/de\/p-elmar-busse-von-kassandra-zu-pater-kentenich-ein-vergleich\/#primaryimage"},"thumbnailUrl":"https:\/\/schoenstatt.com\/wp-content\/uploads\/2022\/03\/p.Busse_-1.png","datePublished":"2022-04-17T15:55:00+00:00","dateModified":"2025-05-15T18:01:44+00:00","description":"P. Elmar Busse vergleicht den Weg von Pater Kentenich in die Verbannung mit Kassandra, die die Trojaner gewarnt hatte.","breadcrumb":{"@id":"https:\/\/schoenstatt.com\/de\/p-elmar-busse-von-kassandra-zu-pater-kentenich-ein-vergleich\/#breadcrumb"},"inLanguage":"de","potentialAction":[{"@type":"ReadAction","target":["https:\/\/schoenstatt.com\/de\/p-elmar-busse-von-kassandra-zu-pater-kentenich-ein-vergleich\/"]}]},{"@type":"ImageObject","inLanguage":"de","@id":"https:\/\/schoenstatt.com\/de\/p-elmar-busse-von-kassandra-zu-pater-kentenich-ein-vergleich\/#primaryimage","url":"https:\/\/schoenstatt.com\/wp-content\/uploads\/2022\/03\/p.Busse_-1.png","contentUrl":"https:\/\/schoenstatt.com\/wp-content\/uploads\/2022\/03\/p.Busse_-1.png","width":1917,"height":1071,"caption":"Hausgeistlicher"},{"@type":"BreadcrumbList","@id":"https:\/\/schoenstatt.com\/de\/p-elmar-busse-von-kassandra-zu-pater-kentenich-ein-vergleich\/#breadcrumb","itemListElement":[{"@type":"ListItem","position":1,"name":"Portada","item":"https:\/\/schoenstatt.com\/de\/home\/"},{"@type":"ListItem","position":2,"name":"P. Elmar Busse: von Kassandra zu Pater Kentenich &#8211; ein Vergleich"}]},{"@type":"WebSite","@id":"https:\/\/schoenstatt.com\/de\/#website","url":"https:\/\/schoenstatt.com\/de\/","name":"Schoenstatt","description":"Apostolic Movement","publisher":{"@id":"https:\/\/schoenstatt.com\/de\/#organization"},"potentialAction":[{"@type":"SearchAction","target":{"@type":"EntryPoint","urlTemplate":"https:\/\/schoenstatt.com\/de\/?s={search_term_string}"},"query-input":{"@type":"PropertyValueSpecification","valueRequired":true,"valueName":"search_term_string"}}],"inLanguage":"de"},{"@type":"Organization","@id":"https:\/\/schoenstatt.com\/de\/#organization","name":"Schoenstatt","url":"https:\/\/schoenstatt.com\/de\/","logo":{"@type":"ImageObject","inLanguage":"de","@id":"https:\/\/schoenstatt.com\/de\/#\/schema\/logo\/image\/","url":"https:\/\/schoenstatt.com\/wp-content\/uploads\/2025\/04\/logo-schoenstatt-white-696x696-1.png","contentUrl":"https:\/\/schoenstatt.com\/wp-content\/uploads\/2025\/04\/logo-schoenstatt-white-696x696-1.png","width":696,"height":694,"caption":"Schoenstatt"},"image":{"@id":"https:\/\/schoenstatt.com\/de\/#\/schema\/logo\/image\/"}},{"@type":"Person","@id":"https:\/\/schoenstatt.com\/de\/#\/schema\/person\/ea97a60c723e21c923e2177f0f3163f7","name":"Vanessa Franke","image":{"@type":"ImageObject","inLanguage":"de","@id":"https:\/\/secure.gravatar.com\/avatar\/a9bcca3409928ccd3195eca11e2ccbb2e5d7c7912e9a945d4f326f81a0a5cb4a?s=96&d=mm&r=g","url":"https:\/\/secure.gravatar.com\/avatar\/a9bcca3409928ccd3195eca11e2ccbb2e5d7c7912e9a945d4f326f81a0a5cb4a?s=96&d=mm&r=g","contentUrl":"https:\/\/secure.gravatar.com\/avatar\/a9bcca3409928ccd3195eca11e2ccbb2e5d7c7912e9a945d4f326f81a0a5cb4a?s=96&d=mm&r=g","caption":"Vanessa Franke"},"url":"https:\/\/schoenstatt.com\/de\/author\/vanessa-franke\/"}]}},"_links":{"self":[{"href":"https:\/\/schoenstatt.com\/de\/wp-json\/wp\/v2\/posts\/24343","targetHints":{"allow":["GET"]}}],"collection":[{"href":"https:\/\/schoenstatt.com\/de\/wp-json\/wp\/v2\/posts"}],"about":[{"href":"https:\/\/schoenstatt.com\/de\/wp-json\/wp\/v2\/types\/post"}],"author":[{"embeddable":true,"href":"https:\/\/schoenstatt.com\/de\/wp-json\/wp\/v2\/users\/6"}],"replies":[{"embeddable":true,"href":"https:\/\/schoenstatt.com\/de\/wp-json\/wp\/v2\/comments?post=24343"}],"version-history":[{"count":1,"href":"https:\/\/schoenstatt.com\/de\/wp-json\/wp\/v2\/posts\/24343\/revisions"}],"predecessor-version":[{"id":45132,"href":"https:\/\/schoenstatt.com\/de\/wp-json\/wp\/v2\/posts\/24343\/revisions\/45132"}],"wp:featuredmedia":[{"embeddable":true,"href":"https:\/\/schoenstatt.com\/de\/wp-json\/wp\/v2\/media\/24209"}],"wp:attachment":[{"href":"https:\/\/schoenstatt.com\/de\/wp-json\/wp\/v2\/media?parent=24343"}],"wp:term":[{"taxonomy":"category","embeddable":true,"href":"https:\/\/schoenstatt.com\/de\/wp-json\/wp\/v2\/categories?post=24343"},{"taxonomy":"post_tag","embeddable":true,"href":"https:\/\/schoenstatt.com\/de\/wp-json\/wp\/v2\/tags?post=24343"}],"curies":[{"name":"wp","href":"https:\/\/api.w.org\/{rel}","templated":true}]}}