{"id":24255,"date":"2022-04-04T17:10:38","date_gmt":"2022-04-04T15:10:38","guid":{"rendered":"https:\/\/schoenstatt.com\/?p=24255"},"modified":"2025-05-15T19:54:23","modified_gmt":"2025-05-15T17:54:23","slug":"kisszelmenc-ein-kleines-dorf-im-einsatz","status":"publish","type":"post","link":"https:\/\/schoenstatt.com\/de\/kisszelmenc-ein-kleines-dorf-im-einsatz\/","title":{"rendered":"Kisszelmenc \u2013 ein kleines Dorf im Einsatz"},"content":{"rendered":"<p>Mali Selmentsi (Kisszelmenc auf Ungarisch). Dieses <a href=\"https:\/\/schoenstatt.com\/de\/hilfe-ukraine\/\">ukrainische<\/a> Dorf \u2013 dessen Urbewohner zu 90% ungarischer Abstammung sind &#8211; wird von vielen vergessen und ist wohl unbekannt, eine sehr kleine Siedlung an der ukrainisch-slowakischen Grenze. Bis 2006 lebte dieses D\u00f6rfchen abgeschnitten von der Welt und in zwei Teile geteilt. 1945, w\u00e4hrend der sowjetischen Besatzung, wurde das Dorf \u00fcber Nacht in zwei Teile geteilt und eine kleine Berliner Mauer gebaut &#8211; um zu verhindern, dass sich Verwandte treffen k\u00f6nnen. Die eine H\u00e4lfte wurde zur Sowjetunion, die andere zur Tschechoslowakei. Wenn Verwandte einander besuchen wollten, konnten sie das \u00fcber 150 km weiten Weg, \u00fcber zwei Grenzen und ein schweres Visumverfahren tun.<\/p>\n<p>2006 wurde endlich ein Fu\u00dfg\u00e4nger\u00fcberweg er\u00f6ffnet, der von 7 bis 19 Uhr ge\u00f6ffnet ist. Nach vielen langen Jahrzehnten konnten die Bewohner der geteilten Siedlung wieder in t\u00e4glichen Kontakt treten.<\/p>\n<p>Am 24. Februar dieses Jahres brach der Krieg aus. Wenige Tage sp\u00e4ter wurde diese Grenze Teil des Fluchtweges. Das Dorf z\u00e4hlt blo\u00df ein paar hundert Einwohner: die stellten \u00fcber Nacht fest, dass Tausende von Menschen auf den Stra\u00dfen des Dorfes standen, um ins Gebiet der Europ\u00e4ischen Union, die Slowakei, zu gelangen. Unter der Leitung von J\u00f3zsef Ill\u00e1r organisierten sich die Dorfbewohner, den Fl\u00fcchtlingen mit hei\u00dfen Getr\u00e4nken und Essen zu helfen. All dies taten sie freiwillig mit ihren eigenen Mitteln. Der Besitzer eines der Gesch\u00e4fte an der Grenze r\u00e4umte seinen zweist\u00f6ckigen Laden auf, und bot ihn an zum Aufw\u00e4rmen von Fl\u00fcchtlingen, Wickeln von Babys und Unterk\u00fcnften f\u00fcr diejenigen, die sich ausruhen wollten, oder die Grenze nicht \u00fcberschreiten konnten. Herzzerrei\u00dfende Szenen sind hier \u00fcblich, wenn sich die jungen M\u00fctter mit ihren kleinen Kindern von den V\u00e4tern verabschieden, die in den Krieg zur\u00fcckfahren, da M\u00e4nner milit\u00e4rischen Alters Ukraine nicht verlassen d\u00fcrfen.<\/p>\n<p><img fetchpriority=\"high\" decoding=\"async\" class=\"alignnone size-large wp-image-24260\" src=\"https:\/\/schoenstatt.com\/wp-content\/uploads\/2022\/04\/image1-1024x768.jpeg\" alt=\"\" width=\"840\" height=\"630\" \/><\/p>\n<p>Die Dorfbewohner begr\u00fc\u00dften und halfen den Fl\u00fcchtlingen 24 Stunden lang mit gro\u00dfer Liebe, aber wenig Mitteln. Der Malteser Hilfsdienst in Berehove, 60 Kilometer entfernt und in derselben Situation verwickelt, bot seine Hilfe an. In den ersten Tagen waren \u201enur\u201c Decken ben\u00f6tigt, denn Unterkunft, Essen und Getr\u00e4nke konnte das Dorf selbst leisten. Inzwischen wurde die Wichtigkeit von passenden Uniformen f\u00fcr die Helfer klar: die Bev\u00f6lkerung wurde mit warmen Uniformen, die von den Deutschen Malteser stammten, ausgestattet, und so wurde\u00a0eine Malteser Pr\u00e4senz an der Grenze von Kisszelmenc errichtet. Unter der Leitung von Vikt\u00f3ria Ill\u00e1r beteiligten sich die Freiwilligen t\u00e4glich an der Versorgung von 1000-1500 Fl\u00fcchtlingen. Dazu kamen zwei sehr wichtige Hilfen: Zum einen kam von den Verantwortlichen und Einwohnern des Dorfes P\u00e1ty (neben Budapest) sowie von der katholischen Gemeinde eine bedeutende Spende f\u00fcr den Kauf der ben\u00f6tigten Rohstoffe. Dar\u00fcber hinaus schickten die Malteser von Berehove aus ihrem Lager laufend alles, was das Dorf brauchte: Kleidung, Lebensmittel, Windeln, Toilettenartikel\u2026. In der Gegend waren mehrere Medikamente ausverkauft, hauptsachlich Insulinpr\u00e4parate, bei deren Beschaffung die Gemeinde P\u00e1ty half.<\/p>\n<p><img decoding=\"async\" class=\"alignnone size-large wp-image-24268\" src=\"https:\/\/schoenstatt.com\/wp-content\/uploads\/2022\/04\/image3-1024x768.jpeg\" alt=\"\" width=\"840\" height=\"630\" \/><\/p>\n<p>Auf der slowakischen Seite der Grenze warten Busse, organisiert vom B\u00fcrgermeister von der Nachbarstadt <a href=\"https:\/\/www.wikiwand.com\/de\/Ve%C4%BEk%C3%A9_Kapu%C5%A1any\">Velke Kapusany (Nagykapos)<\/a>: die Fl\u00fcchtlinge werden zu einem warmen, sicheren Ort gebracht und es wird ihnen geholfen, dorthin zu gelangen, wo sie hinwollen.<\/p>\n<p>Die Freiwilligen leisten noch immer st\u00e4ndig riesige Arbeit an dieser Grenze, Zehntausende Menschen sind seit Kriegsbeginn \u00fcberquert worden ist. In den letzten Tagen ist die Fl\u00fcchtlingswelle zur\u00fcckgegangen, meist kommen abends nur noch wenige hundert Fl\u00fcchtlinge an. Die Grenze ist jetzt etwas ruhiger, aber wer wei\u00df wie lange noch?<\/p>\n<p><img decoding=\"async\" class=\"alignnone size-large wp-image-24272\" src=\"https:\/\/schoenstatt.com\/wp-content\/uploads\/2022\/04\/image4-1024x768.jpeg\" alt=\"\" width=\"840\" height=\"630\" \/><\/p>\n","protected":false},"excerpt":{"rendered":"<p>Wenige Tage nach dem Kriegsausbruch wurde dieses Dorf zum Teil des Fluchtweges. Kisszelmenc zahlt blo\u00df ein paar hundert Einwohner: die stellten \u00fcber Nacht fest, dass Tausende von Menschen auf den Stra\u00dfen des Dorfes standen, um ins Gebiet der Europ\u00e4ischen Union zu gelangen.<\/p>\n","protected":false},"author":6,"featured_media":24264,"comment_status":"closed","ping_status":"closed","sticky":false,"template":"","format":"standard","meta":{"footnotes":""},"categories":[910,678],"tags":[],"class_list":["post-24255","post","type-post","status-publish","format-standard","has-post-thumbnail","hentry","category-gesellschaft-de","category-lander-de"],"yoast_head":"<!-- This site is optimized with the Yoast SEO Premium plugin v27.4 (Yoast SEO v27.5) - https:\/\/yoast.com\/product\/yoast-seo-premium-wordpress\/ -->\n<title>Kisszelmenc \u2013 ein kleines Dorf im Einsatz - Schoenstatt<\/title>\n<meta name=\"description\" content=\"Die Einwohner stellten \u00fcber Nacht fest, dass Tausende von Menschen auf den Stra\u00dfen des Dorfes standen, um ins Gebiet der EU zu gelangen.\" \/>\n<meta name=\"robots\" content=\"index, follow, max-snippet:-1, max-image-preview:large, max-video-preview:-1\" \/>\n<link rel=\"canonical\" href=\"https:\/\/schoenstatt.com\/de\/kisszelmenc-ein-kleines-dorf-im-einsatz\/\" \/>\n<meta property=\"og:locale\" content=\"de_DE\" \/>\n<meta property=\"og:type\" content=\"article\" \/>\n<meta property=\"og:title\" content=\"Kisszelmenc \u2013 ein kleines Dorf im Einsatz\" \/>\n<meta property=\"og:description\" content=\"Die Einwohner stellten \u00fcber Nacht fest, dass Tausende von Menschen auf den Stra\u00dfen des Dorfes standen, um ins Gebiet der EU zu gelangen.\" \/>\n<meta property=\"og:url\" content=\"https:\/\/schoenstatt.com\/de\/kisszelmenc-ein-kleines-dorf-im-einsatz\/\" \/>\n<meta property=\"og:site_name\" content=\"Schoenstatt\" \/>\n<meta property=\"article:published_time\" content=\"2022-04-04T15:10:38+00:00\" \/>\n<meta property=\"article:modified_time\" content=\"2025-05-15T17:54:23+00:00\" \/>\n<meta property=\"og:image\" content=\"https:\/\/schoenstatt.com\/wp-content\/uploads\/2022\/04\/image2-1.jpeg\" \/>\n\t<meta property=\"og:image:width\" content=\"2016\" \/>\n\t<meta property=\"og:image:height\" content=\"1512\" \/>\n\t<meta property=\"og:image:type\" content=\"image\/jpeg\" \/>\n<meta name=\"author\" content=\"Vanessa Franke\" \/>\n<meta name=\"twitter:card\" content=\"summary_large_image\" \/>\n<meta name=\"twitter:label1\" content=\"Verfasst von\" \/>\n\t<meta name=\"twitter:data1\" content=\"Vanessa Franke\" \/>\n\t<meta name=\"twitter:label2\" content=\"Gesch\u00e4tzte Lesezeit\" \/>\n\t<meta name=\"twitter:data2\" content=\"3\u00a0Minuten\" \/>\n<script type=\"application\/ld+json\" class=\"yoast-schema-graph\">{\"@context\":\"https:\\\/\\\/schema.org\",\"@graph\":[{\"@type\":\"Article\",\"@id\":\"https:\\\/\\\/schoenstatt.com\\\/de\\\/kisszelmenc-ein-kleines-dorf-im-einsatz\\\/#article\",\"isPartOf\":{\"@id\":\"https:\\\/\\\/schoenstatt.com\\\/de\\\/kisszelmenc-ein-kleines-dorf-im-einsatz\\\/\"},\"author\":{\"name\":\"Vanessa Franke\",\"@id\":\"https:\\\/\\\/schoenstatt.com\\\/de\\\/#\\\/schema\\\/person\\\/ea97a60c723e21c923e2177f0f3163f7\"},\"headline\":\"Kisszelmenc \u2013 ein kleines Dorf im Einsatz\",\"datePublished\":\"2022-04-04T15:10:38+00:00\",\"dateModified\":\"2025-05-15T17:54:23+00:00\",\"mainEntityOfPage\":{\"@id\":\"https:\\\/\\\/schoenstatt.com\\\/de\\\/kisszelmenc-ein-kleines-dorf-im-einsatz\\\/\"},\"wordCount\":594,\"publisher\":{\"@id\":\"https:\\\/\\\/schoenstatt.com\\\/de\\\/#organization\"},\"image\":{\"@id\":\"https:\\\/\\\/schoenstatt.com\\\/de\\\/kisszelmenc-ein-kleines-dorf-im-einsatz\\\/#primaryimage\"},\"thumbnailUrl\":\"https:\\\/\\\/schoenstatt.com\\\/wp-content\\\/uploads\\\/2022\\\/04\\\/image2-1.jpeg\",\"articleSection\":[\"Gesellschaft\",\"L\u00e4nder\"],\"inLanguage\":\"de\"},{\"@type\":\"WebPage\",\"@id\":\"https:\\\/\\\/schoenstatt.com\\\/de\\\/kisszelmenc-ein-kleines-dorf-im-einsatz\\\/\",\"url\":\"https:\\\/\\\/schoenstatt.com\\\/de\\\/kisszelmenc-ein-kleines-dorf-im-einsatz\\\/\",\"name\":\"Kisszelmenc \u2013 ein kleines Dorf im Einsatz - Schoenstatt\",\"isPartOf\":{\"@id\":\"https:\\\/\\\/schoenstatt.com\\\/de\\\/#website\"},\"primaryImageOfPage\":{\"@id\":\"https:\\\/\\\/schoenstatt.com\\\/de\\\/kisszelmenc-ein-kleines-dorf-im-einsatz\\\/#primaryimage\"},\"image\":{\"@id\":\"https:\\\/\\\/schoenstatt.com\\\/de\\\/kisszelmenc-ein-kleines-dorf-im-einsatz\\\/#primaryimage\"},\"thumbnailUrl\":\"https:\\\/\\\/schoenstatt.com\\\/wp-content\\\/uploads\\\/2022\\\/04\\\/image2-1.jpeg\",\"datePublished\":\"2022-04-04T15:10:38+00:00\",\"dateModified\":\"2025-05-15T17:54:23+00:00\",\"description\":\"Die Einwohner stellten \u00fcber Nacht fest, dass Tausende von Menschen auf den Stra\u00dfen des Dorfes standen, um ins Gebiet der EU zu gelangen.\",\"breadcrumb\":{\"@id\":\"https:\\\/\\\/schoenstatt.com\\\/de\\\/kisszelmenc-ein-kleines-dorf-im-einsatz\\\/#breadcrumb\"},\"inLanguage\":\"de\",\"potentialAction\":[{\"@type\":\"ReadAction\",\"target\":[\"https:\\\/\\\/schoenstatt.com\\\/de\\\/kisszelmenc-ein-kleines-dorf-im-einsatz\\\/\"]}]},{\"@type\":\"ImageObject\",\"inLanguage\":\"de\",\"@id\":\"https:\\\/\\\/schoenstatt.com\\\/de\\\/kisszelmenc-ein-kleines-dorf-im-einsatz\\\/#primaryimage\",\"url\":\"https:\\\/\\\/schoenstatt.com\\\/wp-content\\\/uploads\\\/2022\\\/04\\\/image2-1.jpeg\",\"contentUrl\":\"https:\\\/\\\/schoenstatt.com\\\/wp-content\\\/uploads\\\/2022\\\/04\\\/image2-1.jpeg\",\"width\":2016,\"height\":1512,\"caption\":\"Dorf im Einsatz\"},{\"@type\":\"BreadcrumbList\",\"@id\":\"https:\\\/\\\/schoenstatt.com\\\/de\\\/kisszelmenc-ein-kleines-dorf-im-einsatz\\\/#breadcrumb\",\"itemListElement\":[{\"@type\":\"ListItem\",\"position\":1,\"name\":\"Portada\",\"item\":\"https:\\\/\\\/schoenstatt.com\\\/de\\\/home\\\/\"},{\"@type\":\"ListItem\",\"position\":2,\"name\":\"Kisszelmenc \u2013 ein kleines Dorf im Einsatz\"}]},{\"@type\":\"WebSite\",\"@id\":\"https:\\\/\\\/schoenstatt.com\\\/de\\\/#website\",\"url\":\"https:\\\/\\\/schoenstatt.com\\\/de\\\/\",\"name\":\"Schoenstatt\",\"description\":\"Apostolic Movement\",\"publisher\":{\"@id\":\"https:\\\/\\\/schoenstatt.com\\\/de\\\/#organization\"},\"potentialAction\":[{\"@type\":\"SearchAction\",\"target\":{\"@type\":\"EntryPoint\",\"urlTemplate\":\"https:\\\/\\\/schoenstatt.com\\\/de\\\/?s={search_term_string}\"},\"query-input\":{\"@type\":\"PropertyValueSpecification\",\"valueRequired\":true,\"valueName\":\"search_term_string\"}}],\"inLanguage\":\"de\"},{\"@type\":\"Organization\",\"@id\":\"https:\\\/\\\/schoenstatt.com\\\/de\\\/#organization\",\"name\":\"Schoenstatt\",\"url\":\"https:\\\/\\\/schoenstatt.com\\\/de\\\/\",\"logo\":{\"@type\":\"ImageObject\",\"inLanguage\":\"de\",\"@id\":\"https:\\\/\\\/schoenstatt.com\\\/de\\\/#\\\/schema\\\/logo\\\/image\\\/\",\"url\":\"https:\\\/\\\/schoenstatt.com\\\/wp-content\\\/uploads\\\/2025\\\/04\\\/logo-schoenstatt-white-696x696-1.png\",\"contentUrl\":\"https:\\\/\\\/schoenstatt.com\\\/wp-content\\\/uploads\\\/2025\\\/04\\\/logo-schoenstatt-white-696x696-1.png\",\"width\":696,\"height\":694,\"caption\":\"Schoenstatt\"},\"image\":{\"@id\":\"https:\\\/\\\/schoenstatt.com\\\/de\\\/#\\\/schema\\\/logo\\\/image\\\/\"}},{\"@type\":\"Person\",\"@id\":\"https:\\\/\\\/schoenstatt.com\\\/de\\\/#\\\/schema\\\/person\\\/ea97a60c723e21c923e2177f0f3163f7\",\"name\":\"Vanessa Franke\",\"image\":{\"@type\":\"ImageObject\",\"inLanguage\":\"de\",\"@id\":\"https:\\\/\\\/secure.gravatar.com\\\/avatar\\\/a9bcca3409928ccd3195eca11e2ccbb2e5d7c7912e9a945d4f326f81a0a5cb4a?s=96&d=mm&r=g\",\"url\":\"https:\\\/\\\/secure.gravatar.com\\\/avatar\\\/a9bcca3409928ccd3195eca11e2ccbb2e5d7c7912e9a945d4f326f81a0a5cb4a?s=96&d=mm&r=g\",\"contentUrl\":\"https:\\\/\\\/secure.gravatar.com\\\/avatar\\\/a9bcca3409928ccd3195eca11e2ccbb2e5d7c7912e9a945d4f326f81a0a5cb4a?s=96&d=mm&r=g\",\"caption\":\"Vanessa Franke\"},\"url\":\"https:\\\/\\\/schoenstatt.com\\\/de\\\/author\\\/vanessa-franke\\\/\"}]}<\/script>\n<!-- \/ Yoast SEO Premium plugin. -->","yoast_head_json":{"title":"Kisszelmenc \u2013 ein kleines Dorf im Einsatz - Schoenstatt","description":"Die Einwohner stellten \u00fcber Nacht fest, dass Tausende von Menschen auf den Stra\u00dfen des Dorfes standen, um ins Gebiet der EU zu gelangen.","robots":{"index":"index","follow":"follow","max-snippet":"max-snippet:-1","max-image-preview":"max-image-preview:large","max-video-preview":"max-video-preview:-1"},"canonical":"https:\/\/schoenstatt.com\/de\/kisszelmenc-ein-kleines-dorf-im-einsatz\/","og_locale":"de_DE","og_type":"article","og_title":"Kisszelmenc \u2013 ein kleines Dorf im Einsatz","og_description":"Die Einwohner stellten \u00fcber Nacht fest, dass Tausende von Menschen auf den Stra\u00dfen des Dorfes standen, um ins Gebiet der EU zu gelangen.","og_url":"https:\/\/schoenstatt.com\/de\/kisszelmenc-ein-kleines-dorf-im-einsatz\/","og_site_name":"Schoenstatt","article_published_time":"2022-04-04T15:10:38+00:00","article_modified_time":"2025-05-15T17:54:23+00:00","og_image":[{"width":2016,"height":1512,"url":"https:\/\/schoenstatt.com\/wp-content\/uploads\/2022\/04\/image2-1.jpeg","type":"image\/jpeg"}],"author":"Vanessa Franke","twitter_card":"summary_large_image","twitter_misc":{"Verfasst von":"Vanessa Franke","Gesch\u00e4tzte Lesezeit":"3\u00a0Minuten"},"schema":{"@context":"https:\/\/schema.org","@graph":[{"@type":"Article","@id":"https:\/\/schoenstatt.com\/de\/kisszelmenc-ein-kleines-dorf-im-einsatz\/#article","isPartOf":{"@id":"https:\/\/schoenstatt.com\/de\/kisszelmenc-ein-kleines-dorf-im-einsatz\/"},"author":{"name":"Vanessa Franke","@id":"https:\/\/schoenstatt.com\/de\/#\/schema\/person\/ea97a60c723e21c923e2177f0f3163f7"},"headline":"Kisszelmenc \u2013 ein kleines Dorf im Einsatz","datePublished":"2022-04-04T15:10:38+00:00","dateModified":"2025-05-15T17:54:23+00:00","mainEntityOfPage":{"@id":"https:\/\/schoenstatt.com\/de\/kisszelmenc-ein-kleines-dorf-im-einsatz\/"},"wordCount":594,"publisher":{"@id":"https:\/\/schoenstatt.com\/de\/#organization"},"image":{"@id":"https:\/\/schoenstatt.com\/de\/kisszelmenc-ein-kleines-dorf-im-einsatz\/#primaryimage"},"thumbnailUrl":"https:\/\/schoenstatt.com\/wp-content\/uploads\/2022\/04\/image2-1.jpeg","articleSection":["Gesellschaft","L\u00e4nder"],"inLanguage":"de"},{"@type":"WebPage","@id":"https:\/\/schoenstatt.com\/de\/kisszelmenc-ein-kleines-dorf-im-einsatz\/","url":"https:\/\/schoenstatt.com\/de\/kisszelmenc-ein-kleines-dorf-im-einsatz\/","name":"Kisszelmenc \u2013 ein kleines Dorf im Einsatz - Schoenstatt","isPartOf":{"@id":"https:\/\/schoenstatt.com\/de\/#website"},"primaryImageOfPage":{"@id":"https:\/\/schoenstatt.com\/de\/kisszelmenc-ein-kleines-dorf-im-einsatz\/#primaryimage"},"image":{"@id":"https:\/\/schoenstatt.com\/de\/kisszelmenc-ein-kleines-dorf-im-einsatz\/#primaryimage"},"thumbnailUrl":"https:\/\/schoenstatt.com\/wp-content\/uploads\/2022\/04\/image2-1.jpeg","datePublished":"2022-04-04T15:10:38+00:00","dateModified":"2025-05-15T17:54:23+00:00","description":"Die Einwohner stellten \u00fcber Nacht fest, dass Tausende von Menschen auf den Stra\u00dfen des Dorfes standen, um ins Gebiet der EU zu gelangen.","breadcrumb":{"@id":"https:\/\/schoenstatt.com\/de\/kisszelmenc-ein-kleines-dorf-im-einsatz\/#breadcrumb"},"inLanguage":"de","potentialAction":[{"@type":"ReadAction","target":["https:\/\/schoenstatt.com\/de\/kisszelmenc-ein-kleines-dorf-im-einsatz\/"]}]},{"@type":"ImageObject","inLanguage":"de","@id":"https:\/\/schoenstatt.com\/de\/kisszelmenc-ein-kleines-dorf-im-einsatz\/#primaryimage","url":"https:\/\/schoenstatt.com\/wp-content\/uploads\/2022\/04\/image2-1.jpeg","contentUrl":"https:\/\/schoenstatt.com\/wp-content\/uploads\/2022\/04\/image2-1.jpeg","width":2016,"height":1512,"caption":"Dorf im Einsatz"},{"@type":"BreadcrumbList","@id":"https:\/\/schoenstatt.com\/de\/kisszelmenc-ein-kleines-dorf-im-einsatz\/#breadcrumb","itemListElement":[{"@type":"ListItem","position":1,"name":"Portada","item":"https:\/\/schoenstatt.com\/de\/home\/"},{"@type":"ListItem","position":2,"name":"Kisszelmenc \u2013 ein kleines Dorf im Einsatz"}]},{"@type":"WebSite","@id":"https:\/\/schoenstatt.com\/de\/#website","url":"https:\/\/schoenstatt.com\/de\/","name":"Schoenstatt","description":"Apostolic Movement","publisher":{"@id":"https:\/\/schoenstatt.com\/de\/#organization"},"potentialAction":[{"@type":"SearchAction","target":{"@type":"EntryPoint","urlTemplate":"https:\/\/schoenstatt.com\/de\/?s={search_term_string}"},"query-input":{"@type":"PropertyValueSpecification","valueRequired":true,"valueName":"search_term_string"}}],"inLanguage":"de"},{"@type":"Organization","@id":"https:\/\/schoenstatt.com\/de\/#organization","name":"Schoenstatt","url":"https:\/\/schoenstatt.com\/de\/","logo":{"@type":"ImageObject","inLanguage":"de","@id":"https:\/\/schoenstatt.com\/de\/#\/schema\/logo\/image\/","url":"https:\/\/schoenstatt.com\/wp-content\/uploads\/2025\/04\/logo-schoenstatt-white-696x696-1.png","contentUrl":"https:\/\/schoenstatt.com\/wp-content\/uploads\/2025\/04\/logo-schoenstatt-white-696x696-1.png","width":696,"height":694,"caption":"Schoenstatt"},"image":{"@id":"https:\/\/schoenstatt.com\/de\/#\/schema\/logo\/image\/"}},{"@type":"Person","@id":"https:\/\/schoenstatt.com\/de\/#\/schema\/person\/ea97a60c723e21c923e2177f0f3163f7","name":"Vanessa Franke","image":{"@type":"ImageObject","inLanguage":"de","@id":"https:\/\/secure.gravatar.com\/avatar\/a9bcca3409928ccd3195eca11e2ccbb2e5d7c7912e9a945d4f326f81a0a5cb4a?s=96&d=mm&r=g","url":"https:\/\/secure.gravatar.com\/avatar\/a9bcca3409928ccd3195eca11e2ccbb2e5d7c7912e9a945d4f326f81a0a5cb4a?s=96&d=mm&r=g","contentUrl":"https:\/\/secure.gravatar.com\/avatar\/a9bcca3409928ccd3195eca11e2ccbb2e5d7c7912e9a945d4f326f81a0a5cb4a?s=96&d=mm&r=g","caption":"Vanessa Franke"},"url":"https:\/\/schoenstatt.com\/de\/author\/vanessa-franke\/"}]}},"_links":{"self":[{"href":"https:\/\/schoenstatt.com\/de\/wp-json\/wp\/v2\/posts\/24255","targetHints":{"allow":["GET"]}}],"collection":[{"href":"https:\/\/schoenstatt.com\/de\/wp-json\/wp\/v2\/posts"}],"about":[{"href":"https:\/\/schoenstatt.com\/de\/wp-json\/wp\/v2\/types\/post"}],"author":[{"embeddable":true,"href":"https:\/\/schoenstatt.com\/de\/wp-json\/wp\/v2\/users\/6"}],"replies":[{"embeddable":true,"href":"https:\/\/schoenstatt.com\/de\/wp-json\/wp\/v2\/comments?post=24255"}],"version-history":[{"count":1,"href":"https:\/\/schoenstatt.com\/de\/wp-json\/wp\/v2\/posts\/24255\/revisions"}],"predecessor-version":[{"id":45120,"href":"https:\/\/schoenstatt.com\/de\/wp-json\/wp\/v2\/posts\/24255\/revisions\/45120"}],"wp:featuredmedia":[{"embeddable":true,"href":"https:\/\/schoenstatt.com\/de\/wp-json\/wp\/v2\/media\/24264"}],"wp:attachment":[{"href":"https:\/\/schoenstatt.com\/de\/wp-json\/wp\/v2\/media?parent=24255"}],"wp:term":[{"taxonomy":"category","embeddable":true,"href":"https:\/\/schoenstatt.com\/de\/wp-json\/wp\/v2\/categories?post=24255"},{"taxonomy":"post_tag","embeddable":true,"href":"https:\/\/schoenstatt.com\/de\/wp-json\/wp\/v2\/tags?post=24255"}],"curies":[{"name":"wp","href":"https:\/\/api.w.org\/{rel}","templated":true}]}}