{"id":24034,"date":"2022-03-28T21:32:12","date_gmt":"2022-03-28T19:32:12","guid":{"rendered":"https:\/\/schoenstatt.com\/?p=24034"},"modified":"2025-05-15T19:54:24","modified_gmt":"2025-05-15T17:54:24","slug":"gebet-und-menschenkette-fuer-den-frieden-in-der-ukraine","status":"publish","type":"post","link":"https:\/\/schoenstatt.com\/de\/gebet-und-menschenkette-fuer-den-frieden-in-der-ukraine\/","title":{"rendered":"Gebet und Menschenkette f\u00fcr den Frieden in der Ukraine"},"content":{"rendered":"<p>Es war eine spontane Idee, die \u00fcber die Sozialen Medien rund ging und rund 150 Menschen kamen ins Sch\u00f6nstatt-Zentrum vom Bistum Fulda, um f\u00fcr den Frieden zu beten und ein Zeichen der Solidarit\u00e4t mit der Ukraine zu setzen. Vertreter der gefl\u00fcchteten Ukrainer, die im ehemaligen Provinzhaus der Schwestern Aufnahme gefunden haben, waren dabei.<\/p>\n<h3><\/h3>\n<h3>90 Gefl\u00fcchtete aus der Ukraine im ehemaligen Zentrum der Marienschwestern untergekommen<\/h3>\n<p>&nbsp;<\/p>\n<p><img fetchpriority=\"high\" decoding=\"async\" class=\"wp-image-24043 size-full alignleft\" src=\"https:\/\/schoenstatt.com\/wp-content\/uploads\/2022\/03\/DH-3.png\" alt=\"\" width=\"358\" height=\"314\" \/><\/p>\n<p>&nbsp;<\/p>\n<p>Hier in Dietershausen sind in den vergangenen Tagen ca. 90 Gefl\u00fcchtete aus der Ukraine angekommen. Im ehemaligen Zentrum der Marienschwestern gew\u00e4hrt die Christliche Gemeinde Rh\u00f6n e.V. ihnen eine sichere Unterbringung nach den Angriffen auf ihr Heimatland. Eine Welle der Solidarit\u00e4t der B\u00fcrger aus Dietershausen und Umgebung unterst\u00fctzt sie dabei.<\/p>\n<p>Ilona Wehner, B\u00fcrgerin aus Dietershausen und engagiert im Projekt Pilgerheiligtum, hat zusammen mit den Schwestern zu der abendlichen Aktion aufgerufen. Sie erz\u00e4hlt: \u201eIch bin aufgewacht und dachte, es kann nur ein Wunder helfen. Der Konflikt ist so komplex \u2013 wir m\u00fcssen den Himmel best\u00fcrmen und das Wunder erbitten. Wir haben unseren Glauben und wir sollten darum beten. Wir haben hier in unserem Ort das\u00a0Kapellchen und die Siegess\u00e4ule, da kam mir der Gedanke, alle dazu einzuladen, eine Menschenkette mit Lichtern zu bilden!&#8220;<\/p>\n<p>&nbsp;<\/p>\n<p>&nbsp;<\/p>\n<p>&nbsp;<\/p>\n<h3>Gemeinsam zusammenstehen<\/h3>\n<p><img decoding=\"async\" class=\"alignright wp-image-24047 size-full\" src=\"https:\/\/schoenstatt.com\/wp-content\/uploads\/2022\/03\/DH-2.png\" alt=\"\" width=\"359\" height=\"317\" \/><\/p>\n<p>&nbsp;<\/p>\n<p>Von der gro\u00dfen Anteilnahme ist sie \u00fcberw\u00e4ltigt. &#8222;Die Menschen haben mit ihren Familien gezeigt, dass ihnen das Ganze wichtig ist und wir gemeinsam zusammenstehen. Die Bev\u00f6lkerung in Dietershausen und dar\u00fcber hinaus hat bisher ganz viele Sachspenden gebracht. Es werden trotzdem noch dringend Geldspenden ben\u00f6tigt, denn das gro\u00dfe Haus muss geheizt werden &#8211; und die Familien sollen Geld bekommen, um sich eigenst\u00e4ndig versorgen zu k\u00f6nnen.&#8220;<\/p>\n<p>Auch vom gr\u00f6\u00dften Wunsch der in Sicherheit gebrachten Ukrainer erz\u00e4hlt Ilona Wehner: &#8222;Dass der Krieg beendet wird und die Menschen wieder so schnell wie m\u00f6glich in ihre Heimat zur\u00fcckkommen k\u00f6nnen. Einige Familien sind zusammen gefl\u00fcchtet, das hei\u00dft V\u00e4ter und M\u00fctter mit ihren Kindern, dann gibt es viele M\u00fctter allein mit ihren kleinen Kindern, die sich gro\u00dfe Sorgen um den restlichen Teil der Familie machen.&#8220;<\/p>\n<p>&nbsp;<\/p>\n<p>&nbsp;<\/p>\n<p>&nbsp;<\/p>\n<h3>Macht des Gebetes<\/h3>\n<p><img decoding=\"async\" class=\"alignright wp-image-24035 size-full\" src=\"https:\/\/schoenstatt.com\/wp-content\/uploads\/2022\/03\/DH-5.png\" alt=\"\" width=\"358\" height=\"175\" \/><\/p>\n<p>Nach dem gemeinsamen Gebet um Frieden am Heiligtum wurde die (Corona-gem\u00e4\u00dfe) Menschenkette gebildet. Sie reichte vom Kapellchen bis hoch zur Siegess\u00e4ule im Park beim ehemaligen Provinzhaus. Diese Mariens\u00e4ule wurde zu Zeiten des Kalten Krieges errichtet als Zeichen des Vertrauens auf den Sieg der g\u00f6ttlichen M\u00e4chte \u00fcber Hass, Gewalt und Terror. Allj\u00e4hrlich wird hier die Weihe Deutschlands an die Gottesmutter erneuert. Ein Kreuz aus dem Draht vom Todesstreifen der innerdeutschen Grenze erinnert seit 1989 an das Wunder der friedlichen Wende und an die Macht des Gebetes.<\/p>\n<p>Inzwischen war es dunkel geworden und die Menschen beteten inst\u00e4ndig mit ihren Lichtern in H\u00e4nden. Ein Vertreter der Gefl\u00fcchteten aus der Ukraine sprach in Russisch \u2013 es wurde \u00fcbersetzt &#8211; bewegende Dankesworte. Er erz\u00e4hlte von der Situation seiner Familie und gab ein beeindruckendes Zeugnis von seiner \u00dcberzeugung als Christ und seinem Vertrauen auf Gott auch in der schweren Not seines Landes.<\/p>\n<p>&nbsp;<\/p>\n<p>&nbsp;<\/p>\n<h3><\/h3>\n<h3><strong>Video von OsthessenNeews<\/strong><\/h3>\n<p>Von der Sch\u00f6nstatt-Kapelle bis zur Siegess\u00e4ule &#8211; Menschenkette im Kerzenschein: Dietershausener zeigen Solidarit\u00e4t<\/p>\n<div style=\"width: 800px;\" class=\"wp-video\"><video class=\"wp-video-shortcode\" id=\"video-24034-1\" width=\"800\" height=\"450\" preload=\"metadata\" controls=\"controls\"><source type=\"video\/mp4\" src=\"https:\/\/schoenstatt.com\/wp-content\/uploads\/2022\/03\/220304_kuenzell_dietershausen_menschenkette_ukraine_v2_on-Compressed-with-FlexClip.mp4?_=1\" \/><a href=\"https:\/\/schoenstatt.com\/wp-content\/uploads\/2022\/03\/220304_kuenzell_dietershausen_menschenkette_ukraine_v2_on-Compressed-with-FlexClip.mp4\">https:\/\/schoenstatt.com\/wp-content\/uploads\/2022\/03\/220304_kuenzell_dietershausen_menschenkette_ukraine_v2_on-Compressed-with-FlexClip.mp4<\/a><\/video><\/div>\n<p>&nbsp;<\/p>\n<p><a href=\"https:\/\/osthessen-news.de\/n11666123\/menschenkette-im-kerzenschein-ueber-50-dietershausener-zeigen-solidaritat.html\">Ein Beitrag von OsthessenNews<\/a><\/p>\n<p>Quelle : <a href=\"https:\/\/www.schoenstatt.de\/\">https:\/\/www.schoenstatt.de\/<\/a><\/p>\n","protected":false},"excerpt":{"rendered":"<p>Es war eine spontane Idee.<\/p>\n","protected":false},"author":3,"featured_media":24051,"comment_status":"closed","ping_status":"closed","sticky":false,"template":"","format":"standard","meta":{"footnotes":""},"categories":[874,678],"tags":[],"class_list":["post-24034","post","type-post","status-publish","format-standard","has-post-thumbnail","hentry","category-familie-de","category-lander-de"],"yoast_head":"<!-- This site is optimized with the Yoast SEO Premium plugin v27.4 (Yoast SEO v27.5) - https:\/\/yoast.com\/product\/yoast-seo-premium-wordpress\/ -->\n<title>Gebet und Menschenkette f\u00fcr den Frieden in der Ukraine - Schoenstatt<\/title>\n<meta name=\"description\" content=\"Rund 150 Menschen kamen ins Sch\u00f6nstatt-Zentrum vom Bistum Fulda, um f\u00fcr den Frieden zu beten und ein Zeichen der Solidarit\u00e4t mit der Ukraine\" \/>\n<meta name=\"robots\" content=\"index, follow, max-snippet:-1, max-image-preview:large, max-video-preview:-1\" \/>\n<link rel=\"canonical\" href=\"https:\/\/schoenstatt.com\/de\/gebet-und-menschenkette-fuer-den-frieden-in-der-ukraine\/\" \/>\n<meta property=\"og:locale\" content=\"de_DE\" \/>\n<meta property=\"og:type\" content=\"article\" \/>\n<meta property=\"og:title\" content=\"Gebet und Menschenkette f\u00fcr den Frieden in der Ukraine\" \/>\n<meta property=\"og:description\" content=\"Rund 150 Menschen kamen ins Sch\u00f6nstatt-Zentrum vom Bistum Fulda, um f\u00fcr den Frieden zu beten und ein Zeichen der Solidarit\u00e4t mit der Ukraine\" \/>\n<meta property=\"og:url\" content=\"https:\/\/schoenstatt.com\/de\/gebet-und-menschenkette-fuer-den-frieden-in-der-ukraine\/\" \/>\n<meta property=\"og:site_name\" content=\"Schoenstatt\" \/>\n<meta property=\"article:published_time\" content=\"2022-03-28T19:32:12+00:00\" \/>\n<meta property=\"article:modified_time\" content=\"2025-05-15T17:54:24+00:00\" \/>\n<meta property=\"og:image\" content=\"https:\/\/schoenstatt.com\/wp-content\/uploads\/2022\/03\/Dietershausen-1.png\" \/>\n\t<meta property=\"og:image:width\" content=\"468\" \/>\n\t<meta property=\"og:image:height\" content=\"308\" \/>\n\t<meta property=\"og:image:type\" content=\"image\/png\" \/>\n<meta name=\"author\" content=\"Karen Bueno\" \/>\n<meta name=\"twitter:card\" content=\"summary_large_image\" \/>\n<meta name=\"twitter:label1\" content=\"Verfasst von\" \/>\n\t<meta name=\"twitter:data1\" content=\"Karen Bueno\" \/>\n\t<meta name=\"twitter:label2\" content=\"Gesch\u00e4tzte Lesezeit\" \/>\n\t<meta name=\"twitter:data2\" content=\"3\u00a0Minuten\" \/>\n<script type=\"application\/ld+json\" class=\"yoast-schema-graph\">{\"@context\":\"https:\\\/\\\/schema.org\",\"@graph\":[{\"@type\":\"Article\",\"@id\":\"https:\\\/\\\/schoenstatt.com\\\/de\\\/gebet-und-menschenkette-fuer-den-frieden-in-der-ukraine\\\/#article\",\"isPartOf\":{\"@id\":\"https:\\\/\\\/schoenstatt.com\\\/de\\\/gebet-und-menschenkette-fuer-den-frieden-in-der-ukraine\\\/\"},\"author\":{\"name\":\"Karen Bueno\",\"@id\":\"https:\\\/\\\/schoenstatt.com\\\/de\\\/#\\\/schema\\\/person\\\/5158877ad4acae98b34daaeef2a1ce6e\"},\"headline\":\"Gebet und Menschenkette f\u00fcr den Frieden in der Ukraine\",\"datePublished\":\"2022-03-28T19:32:12+00:00\",\"dateModified\":\"2025-05-15T17:54:24+00:00\",\"mainEntityOfPage\":{\"@id\":\"https:\\\/\\\/schoenstatt.com\\\/de\\\/gebet-und-menschenkette-fuer-den-frieden-in-der-ukraine\\\/\"},\"wordCount\":581,\"publisher\":{\"@id\":\"https:\\\/\\\/schoenstatt.com\\\/de\\\/#organization\"},\"image\":{\"@id\":\"https:\\\/\\\/schoenstatt.com\\\/de\\\/gebet-und-menschenkette-fuer-den-frieden-in-der-ukraine\\\/#primaryimage\"},\"thumbnailUrl\":\"https:\\\/\\\/schoenstatt.com\\\/wp-content\\\/uploads\\\/2022\\\/03\\\/Dietershausen-1.png\",\"articleSection\":[\"Familie\",\"L\u00e4nder\"],\"inLanguage\":\"de\"},{\"@type\":\"WebPage\",\"@id\":\"https:\\\/\\\/schoenstatt.com\\\/de\\\/gebet-und-menschenkette-fuer-den-frieden-in-der-ukraine\\\/\",\"url\":\"https:\\\/\\\/schoenstatt.com\\\/de\\\/gebet-und-menschenkette-fuer-den-frieden-in-der-ukraine\\\/\",\"name\":\"Gebet und Menschenkette f\u00fcr den Frieden in der Ukraine - Schoenstatt\",\"isPartOf\":{\"@id\":\"https:\\\/\\\/schoenstatt.com\\\/de\\\/#website\"},\"primaryImageOfPage\":{\"@id\":\"https:\\\/\\\/schoenstatt.com\\\/de\\\/gebet-und-menschenkette-fuer-den-frieden-in-der-ukraine\\\/#primaryimage\"},\"image\":{\"@id\":\"https:\\\/\\\/schoenstatt.com\\\/de\\\/gebet-und-menschenkette-fuer-den-frieden-in-der-ukraine\\\/#primaryimage\"},\"thumbnailUrl\":\"https:\\\/\\\/schoenstatt.com\\\/wp-content\\\/uploads\\\/2022\\\/03\\\/Dietershausen-1.png\",\"datePublished\":\"2022-03-28T19:32:12+00:00\",\"dateModified\":\"2025-05-15T17:54:24+00:00\",\"description\":\"Rund 150 Menschen kamen ins Sch\u00f6nstatt-Zentrum vom Bistum Fulda, um f\u00fcr den Frieden zu beten und ein Zeichen der Solidarit\u00e4t mit der Ukraine\",\"breadcrumb\":{\"@id\":\"https:\\\/\\\/schoenstatt.com\\\/de\\\/gebet-und-menschenkette-fuer-den-frieden-in-der-ukraine\\\/#breadcrumb\"},\"inLanguage\":\"de\",\"potentialAction\":[{\"@type\":\"ReadAction\",\"target\":[\"https:\\\/\\\/schoenstatt.com\\\/de\\\/gebet-und-menschenkette-fuer-den-frieden-in-der-ukraine\\\/\"]}]},{\"@type\":\"ImageObject\",\"inLanguage\":\"de\",\"@id\":\"https:\\\/\\\/schoenstatt.com\\\/de\\\/gebet-und-menschenkette-fuer-den-frieden-in-der-ukraine\\\/#primaryimage\",\"url\":\"https:\\\/\\\/schoenstatt.com\\\/wp-content\\\/uploads\\\/2022\\\/03\\\/Dietershausen-1.png\",\"contentUrl\":\"https:\\\/\\\/schoenstatt.com\\\/wp-content\\\/uploads\\\/2022\\\/03\\\/Dietershausen-1.png\",\"width\":468,\"height\":308,\"caption\":\"Menschenkette\"},{\"@type\":\"BreadcrumbList\",\"@id\":\"https:\\\/\\\/schoenstatt.com\\\/de\\\/gebet-und-menschenkette-fuer-den-frieden-in-der-ukraine\\\/#breadcrumb\",\"itemListElement\":[{\"@type\":\"ListItem\",\"position\":1,\"name\":\"Portada\",\"item\":\"https:\\\/\\\/schoenstatt.com\\\/de\\\/home\\\/\"},{\"@type\":\"ListItem\",\"position\":2,\"name\":\"Gebet und Menschenkette f\u00fcr den Frieden in der Ukraine\"}]},{\"@type\":\"WebSite\",\"@id\":\"https:\\\/\\\/schoenstatt.com\\\/de\\\/#website\",\"url\":\"https:\\\/\\\/schoenstatt.com\\\/de\\\/\",\"name\":\"Schoenstatt\",\"description\":\"Apostolic Movement\",\"publisher\":{\"@id\":\"https:\\\/\\\/schoenstatt.com\\\/de\\\/#organization\"},\"potentialAction\":[{\"@type\":\"SearchAction\",\"target\":{\"@type\":\"EntryPoint\",\"urlTemplate\":\"https:\\\/\\\/schoenstatt.com\\\/de\\\/?s={search_term_string}\"},\"query-input\":{\"@type\":\"PropertyValueSpecification\",\"valueRequired\":true,\"valueName\":\"search_term_string\"}}],\"inLanguage\":\"de\"},{\"@type\":\"Organization\",\"@id\":\"https:\\\/\\\/schoenstatt.com\\\/de\\\/#organization\",\"name\":\"Schoenstatt\",\"url\":\"https:\\\/\\\/schoenstatt.com\\\/de\\\/\",\"logo\":{\"@type\":\"ImageObject\",\"inLanguage\":\"de\",\"@id\":\"https:\\\/\\\/schoenstatt.com\\\/de\\\/#\\\/schema\\\/logo\\\/image\\\/\",\"url\":\"https:\\\/\\\/schoenstatt.com\\\/wp-content\\\/uploads\\\/2025\\\/04\\\/logo-schoenstatt-white-696x696-1.png\",\"contentUrl\":\"https:\\\/\\\/schoenstatt.com\\\/wp-content\\\/uploads\\\/2025\\\/04\\\/logo-schoenstatt-white-696x696-1.png\",\"width\":696,\"height\":694,\"caption\":\"Schoenstatt\"},\"image\":{\"@id\":\"https:\\\/\\\/schoenstatt.com\\\/de\\\/#\\\/schema\\\/logo\\\/image\\\/\"}},{\"@type\":\"Person\",\"@id\":\"https:\\\/\\\/schoenstatt.com\\\/de\\\/#\\\/schema\\\/person\\\/5158877ad4acae98b34daaeef2a1ce6e\",\"name\":\"Karen Bueno\",\"image\":{\"@type\":\"ImageObject\",\"inLanguage\":\"de\",\"@id\":\"https:\\\/\\\/secure.gravatar.com\\\/avatar\\\/f9f4b823873154269d2b2130f195f6d41037dd0d7fc5f3cacb5c846bae70d66b?s=96&d=mm&r=g\",\"url\":\"https:\\\/\\\/secure.gravatar.com\\\/avatar\\\/f9f4b823873154269d2b2130f195f6d41037dd0d7fc5f3cacb5c846bae70d66b?s=96&d=mm&r=g\",\"contentUrl\":\"https:\\\/\\\/secure.gravatar.com\\\/avatar\\\/f9f4b823873154269d2b2130f195f6d41037dd0d7fc5f3cacb5c846bae70d66b?s=96&d=mm&r=g\",\"caption\":\"Karen Bueno\"},\"url\":\"https:\\\/\\\/schoenstatt.com\\\/de\\\/author\\\/karen-bueno\\\/\"}]}<\/script>\n<!-- \/ Yoast SEO Premium plugin. -->","yoast_head_json":{"title":"Gebet und Menschenkette f\u00fcr den Frieden in der Ukraine - Schoenstatt","description":"Rund 150 Menschen kamen ins Sch\u00f6nstatt-Zentrum vom Bistum Fulda, um f\u00fcr den Frieden zu beten und ein Zeichen der Solidarit\u00e4t mit der Ukraine","robots":{"index":"index","follow":"follow","max-snippet":"max-snippet:-1","max-image-preview":"max-image-preview:large","max-video-preview":"max-video-preview:-1"},"canonical":"https:\/\/schoenstatt.com\/de\/gebet-und-menschenkette-fuer-den-frieden-in-der-ukraine\/","og_locale":"de_DE","og_type":"article","og_title":"Gebet und Menschenkette f\u00fcr den Frieden in der Ukraine","og_description":"Rund 150 Menschen kamen ins Sch\u00f6nstatt-Zentrum vom Bistum Fulda, um f\u00fcr den Frieden zu beten und ein Zeichen der Solidarit\u00e4t mit der Ukraine","og_url":"https:\/\/schoenstatt.com\/de\/gebet-und-menschenkette-fuer-den-frieden-in-der-ukraine\/","og_site_name":"Schoenstatt","article_published_time":"2022-03-28T19:32:12+00:00","article_modified_time":"2025-05-15T17:54:24+00:00","og_image":[{"width":468,"height":308,"url":"https:\/\/schoenstatt.com\/wp-content\/uploads\/2022\/03\/Dietershausen-1.png","type":"image\/png"}],"author":"Karen Bueno","twitter_card":"summary_large_image","twitter_misc":{"Verfasst von":"Karen Bueno","Gesch\u00e4tzte Lesezeit":"3\u00a0Minuten"},"schema":{"@context":"https:\/\/schema.org","@graph":[{"@type":"Article","@id":"https:\/\/schoenstatt.com\/de\/gebet-und-menschenkette-fuer-den-frieden-in-der-ukraine\/#article","isPartOf":{"@id":"https:\/\/schoenstatt.com\/de\/gebet-und-menschenkette-fuer-den-frieden-in-der-ukraine\/"},"author":{"name":"Karen Bueno","@id":"https:\/\/schoenstatt.com\/de\/#\/schema\/person\/5158877ad4acae98b34daaeef2a1ce6e"},"headline":"Gebet und Menschenkette f\u00fcr den Frieden in der Ukraine","datePublished":"2022-03-28T19:32:12+00:00","dateModified":"2025-05-15T17:54:24+00:00","mainEntityOfPage":{"@id":"https:\/\/schoenstatt.com\/de\/gebet-und-menschenkette-fuer-den-frieden-in-der-ukraine\/"},"wordCount":581,"publisher":{"@id":"https:\/\/schoenstatt.com\/de\/#organization"},"image":{"@id":"https:\/\/schoenstatt.com\/de\/gebet-und-menschenkette-fuer-den-frieden-in-der-ukraine\/#primaryimage"},"thumbnailUrl":"https:\/\/schoenstatt.com\/wp-content\/uploads\/2022\/03\/Dietershausen-1.png","articleSection":["Familie","L\u00e4nder"],"inLanguage":"de"},{"@type":"WebPage","@id":"https:\/\/schoenstatt.com\/de\/gebet-und-menschenkette-fuer-den-frieden-in-der-ukraine\/","url":"https:\/\/schoenstatt.com\/de\/gebet-und-menschenkette-fuer-den-frieden-in-der-ukraine\/","name":"Gebet und Menschenkette f\u00fcr den Frieden in der Ukraine - Schoenstatt","isPartOf":{"@id":"https:\/\/schoenstatt.com\/de\/#website"},"primaryImageOfPage":{"@id":"https:\/\/schoenstatt.com\/de\/gebet-und-menschenkette-fuer-den-frieden-in-der-ukraine\/#primaryimage"},"image":{"@id":"https:\/\/schoenstatt.com\/de\/gebet-und-menschenkette-fuer-den-frieden-in-der-ukraine\/#primaryimage"},"thumbnailUrl":"https:\/\/schoenstatt.com\/wp-content\/uploads\/2022\/03\/Dietershausen-1.png","datePublished":"2022-03-28T19:32:12+00:00","dateModified":"2025-05-15T17:54:24+00:00","description":"Rund 150 Menschen kamen ins Sch\u00f6nstatt-Zentrum vom Bistum Fulda, um f\u00fcr den Frieden zu beten und ein Zeichen der Solidarit\u00e4t mit der Ukraine","breadcrumb":{"@id":"https:\/\/schoenstatt.com\/de\/gebet-und-menschenkette-fuer-den-frieden-in-der-ukraine\/#breadcrumb"},"inLanguage":"de","potentialAction":[{"@type":"ReadAction","target":["https:\/\/schoenstatt.com\/de\/gebet-und-menschenkette-fuer-den-frieden-in-der-ukraine\/"]}]},{"@type":"ImageObject","inLanguage":"de","@id":"https:\/\/schoenstatt.com\/de\/gebet-und-menschenkette-fuer-den-frieden-in-der-ukraine\/#primaryimage","url":"https:\/\/schoenstatt.com\/wp-content\/uploads\/2022\/03\/Dietershausen-1.png","contentUrl":"https:\/\/schoenstatt.com\/wp-content\/uploads\/2022\/03\/Dietershausen-1.png","width":468,"height":308,"caption":"Menschenkette"},{"@type":"BreadcrumbList","@id":"https:\/\/schoenstatt.com\/de\/gebet-und-menschenkette-fuer-den-frieden-in-der-ukraine\/#breadcrumb","itemListElement":[{"@type":"ListItem","position":1,"name":"Portada","item":"https:\/\/schoenstatt.com\/de\/home\/"},{"@type":"ListItem","position":2,"name":"Gebet und Menschenkette f\u00fcr den Frieden in der Ukraine"}]},{"@type":"WebSite","@id":"https:\/\/schoenstatt.com\/de\/#website","url":"https:\/\/schoenstatt.com\/de\/","name":"Schoenstatt","description":"Apostolic Movement","publisher":{"@id":"https:\/\/schoenstatt.com\/de\/#organization"},"potentialAction":[{"@type":"SearchAction","target":{"@type":"EntryPoint","urlTemplate":"https:\/\/schoenstatt.com\/de\/?s={search_term_string}"},"query-input":{"@type":"PropertyValueSpecification","valueRequired":true,"valueName":"search_term_string"}}],"inLanguage":"de"},{"@type":"Organization","@id":"https:\/\/schoenstatt.com\/de\/#organization","name":"Schoenstatt","url":"https:\/\/schoenstatt.com\/de\/","logo":{"@type":"ImageObject","inLanguage":"de","@id":"https:\/\/schoenstatt.com\/de\/#\/schema\/logo\/image\/","url":"https:\/\/schoenstatt.com\/wp-content\/uploads\/2025\/04\/logo-schoenstatt-white-696x696-1.png","contentUrl":"https:\/\/schoenstatt.com\/wp-content\/uploads\/2025\/04\/logo-schoenstatt-white-696x696-1.png","width":696,"height":694,"caption":"Schoenstatt"},"image":{"@id":"https:\/\/schoenstatt.com\/de\/#\/schema\/logo\/image\/"}},{"@type":"Person","@id":"https:\/\/schoenstatt.com\/de\/#\/schema\/person\/5158877ad4acae98b34daaeef2a1ce6e","name":"Karen Bueno","image":{"@type":"ImageObject","inLanguage":"de","@id":"https:\/\/secure.gravatar.com\/avatar\/f9f4b823873154269d2b2130f195f6d41037dd0d7fc5f3cacb5c846bae70d66b?s=96&d=mm&r=g","url":"https:\/\/secure.gravatar.com\/avatar\/f9f4b823873154269d2b2130f195f6d41037dd0d7fc5f3cacb5c846bae70d66b?s=96&d=mm&r=g","contentUrl":"https:\/\/secure.gravatar.com\/avatar\/f9f4b823873154269d2b2130f195f6d41037dd0d7fc5f3cacb5c846bae70d66b?s=96&d=mm&r=g","caption":"Karen Bueno"},"url":"https:\/\/schoenstatt.com\/de\/author\/karen-bueno\/"}]}},"_links":{"self":[{"href":"https:\/\/schoenstatt.com\/de\/wp-json\/wp\/v2\/posts\/24034","targetHints":{"allow":["GET"]}}],"collection":[{"href":"https:\/\/schoenstatt.com\/de\/wp-json\/wp\/v2\/posts"}],"about":[{"href":"https:\/\/schoenstatt.com\/de\/wp-json\/wp\/v2\/types\/post"}],"author":[{"embeddable":true,"href":"https:\/\/schoenstatt.com\/de\/wp-json\/wp\/v2\/users\/3"}],"replies":[{"embeddable":true,"href":"https:\/\/schoenstatt.com\/de\/wp-json\/wp\/v2\/comments?post=24034"}],"version-history":[{"count":1,"href":"https:\/\/schoenstatt.com\/de\/wp-json\/wp\/v2\/posts\/24034\/revisions"}],"predecessor-version":[{"id":45112,"href":"https:\/\/schoenstatt.com\/de\/wp-json\/wp\/v2\/posts\/24034\/revisions\/45112"}],"wp:featuredmedia":[{"embeddable":true,"href":"https:\/\/schoenstatt.com\/de\/wp-json\/wp\/v2\/media\/24051"}],"wp:attachment":[{"href":"https:\/\/schoenstatt.com\/de\/wp-json\/wp\/v2\/media?parent=24034"}],"wp:term":[{"taxonomy":"category","embeddable":true,"href":"https:\/\/schoenstatt.com\/de\/wp-json\/wp\/v2\/categories?post=24034"},{"taxonomy":"post_tag","embeddable":true,"href":"https:\/\/schoenstatt.com\/de\/wp-json\/wp\/v2\/tags?post=24034"}],"curies":[{"name":"wp","href":"https:\/\/api.w.org\/{rel}","templated":true}]}}