{"id":23994,"date":"2022-03-08T08:00:38","date_gmt":"2022-03-08T07:00:38","guid":{"rendered":"https:\/\/schoenstatt.com\/?p=23994"},"modified":"2025-05-15T22:24:04","modified_gmt":"2025-05-15T20:24:04","slug":"frauenbildung-in-schoenstatt-eine-herausforderung-fuer-die-zeit","status":"publish","type":"post","link":"https:\/\/schoenstatt.com\/de\/frauenbildung-in-schoenstatt-eine-herausforderung-fuer-die-zeit\/","title":{"rendered":"Frauenbildung in Sch\u00f6nstatt: eine Herausforderung f\u00fcr die Zeit"},"content":{"rendered":"<h3>Eine Herausforderung auf dem H\u00f6hepunkt der Zeit<\/h3>\n<p>Eine der gr\u00f6\u00dften Herausforderungen, die wir als <a href=\"https:\/\/schoenstatt.com\/family\/about-the-schoenstatt-communities\/woman\/\">Frauenbewegung<\/a> in der Sch\u00f6nstatt-Bewegung haben, ist es, die historischen Prozesse von ihren Wurzeln her zu verstehen. Das hei\u00dft, die Zeiten nicht als das Ergebnis von aufgesetzten Ideologien zu verstehen, die bestimmte Ereignisse bestimmen, sondern als zugrundeliegende Kr\u00e4fte, die im Laufe der Jahre reifen, um den Willen Gottes zu erkennen und danach zu handeln.<\/p>\n<p>Und heute sind die Frauen und der Feminismus zweifellos eine grundlegende Kraft, die alles ersch\u00fcttert, was wir als sicher und feststehend betrachteten: Die Beziehung zwischen Mann und Frau als eine Tatsache, die auf der Biologie, der Psyche, der Gesellschaft beruht, f\u00fchlt sich heute nicht mehr so feststehend, so sicher an.<\/p>\n<p>Die verschiedenen Gender-Theorien haben dieses Vertrauen untergraben, die Frauen haben sich aus dem Projekt der Familie und der Mutterschaft zur\u00fcckgezogen, und die Werte, die in unserer Bewegung und in der Kirche verteidigt werden, werden nicht nur von Menschen, die nicht der Kirche angeh\u00f6ren, sondern auch von den Frauen innerhalb der Kirche stark in Frage gestellt.<\/p>\n<figure id=\"attachment_23934\" aria-describedby=\"caption-attachment-23934\" style=\"width: 298px\" class=\"wp-caption alignleft\"><img fetchpriority=\"high\" decoding=\"async\" class=\"wp-image-23934 size-medium\" src=\"https:\/\/schoenstatt.com\/wp-content\/uploads\/2022\/03\/Mujer-298x300.png\" alt=\"\" width=\"298\" height=\"300\" \/><figcaption id=\"caption-attachment-23934\" class=\"wp-caption-text\">Foto Cathopic<\/figcaption><\/figure>\n<h3>Gr\u00fcndung von Frauenverb\u00e4nden<\/h3>\n<p>Dies verlangt ein besonderes Augenmerk auf die Bildung von Frauen -gemeinschaften, da sich der Dialog \u00fcber Frauen radikal ver\u00e4ndert hat. Die Sprechweise erm\u00f6glichte diesen Wandel, und soziale und kulturelle Kr\u00e4fte drangen in die sozialen Netzwerke ein, oft mit ungew\u00f6hnlicher Gewalt.<\/p>\n<p>Vor diesem Hintergrund kann die Ausbildung von Frauen nicht so bleiben, wie sie vor f\u00fcnf Jahren war (nicht vor zehn oder 15 Jahren). Sie muss die neuen Elemente aufnehmen, die der Feminismus mitgebracht hat, die tiefgreifenden Fragen verstehen, die sie gestellt haben, obwohl sie einige ihrer anthropologischen Annahmen nicht teilen, und von dort aus beginnen, diese neue Frau zu formen, die die Zukunft der Menschheit in ihren H\u00e4nden h\u00e4lt.<\/p>\n<p>Angst vor dem Feminismus zu haben, indem man ihn auf seine radikalsten Auspr\u00e4gungen reduziert, zeigt eine Sichtweise, die zumindest von Unwissenheit gepr\u00e4gt ist. Schon der heilige Augustinus sagte: &#8222;utamur haereticis&#8220; (nutzen wir die Argumentation der Ketzer), nicht um zu spotten, sondern um diese Argumentation zu verstehen und um mit der Zeit gehen und auf sie reagieren zu k\u00f6nnen. Wenn wir unsere jungen Frauen weiterhin mit der Perspektive von vor f\u00fcnf, zehn oder 15 Jahren erziehen, verpassen wir den immensen Reichtum, den der Feminismus in wirtschaftlicher, sozialer und politischer Hinsicht\u00a0 geschaffen hat und immer noch schafft.<\/p>\n<h3>Ver\u00e4nderung der Sichtweise von Frauen<\/h3>\n<figure id=\"attachment_23927\" aria-describedby=\"caption-attachment-23927\" style=\"width: 2560px\" class=\"wp-caption alignnone\"><img decoding=\"async\" class=\"wp-image-23927 size-full\" src=\"https:\/\/schoenstatt.com\/wp-content\/uploads\/2022\/03\/marisaczl-1556074773906-cathopic-scaled.jpg\" alt=\"Frauen in Sch\u00f6nstatt\" width=\"2560\" height=\"1707\" \/><figcaption id=\"caption-attachment-23927\" class=\"wp-caption-text\">Foto Cathopic<\/figcaption><\/figure>\n<p>Die Ansichten der Frauen haben sich ge\u00e4ndert, und dieser Wandel darf nicht zu Angst und Enge Sorge in unseren Reihen f\u00fchren. Sie m\u00fcssen uns herausfordern, unsere Epoche, ihre Argumente und ihre anthropologischen Ansichten, die sich st\u00e4ndig ver\u00e4ndern, genau zu kennen weil die menschliche Geschichte in st\u00e4ndigem Wandel begriffen ist. Nur Gott ist unwandelbar, und deshalb muss der Mensch ein Experte darin sein, Gott im weltlichen Geschehen zu suchen, worin er sich ausdr\u00fcckt.<\/p>\n<p>Die Frauen erheben ihre Stimme angesichts der Ungerechtigkeiten, die zum Himmel schreien, der Feminisierung der Armut, des Dramas der Abtreibung und der mangelnden Unterst\u00fctzung f\u00fcr Frauen, die sich angesichts einer ungewollten und ungeplanten Schwangerschaft allein gelassen f\u00fchlen. Wer k\u00fcmmert sich um sie, welche Zivilgesellschaft unterst\u00fctzt sie, wenn sie oft nicht in der Lage sind, ihr eigenes Leben zu bew\u00e4ltigen, und von ihnen erwartet wird, dass sie sich um ein anderes Leben k\u00fcmmern, das auf dem Weg ist? Diese Dramen gehen \u00fcber die Diskussion \u00fcber die Abtreibung hinaus. Diese Dramen entlarven eine Gesellschaft, die sich nicht mehr um Frauen und Kinder k\u00fcmmert und individualistische Sichtweisen \u00fcber beziehungsorientierte und soziale Sichtweisen stellt.<\/p>\n<p>Dies sind einige der Themen, die uns der Feminismus vor Augen f\u00fchrt. Und oft werden sie von den katholischen Verb\u00e4nden nicht beachtet, weil es ein Vorurteil gibt und weil wir sowohl in der katholischen Kirche im Allgemeinen als auch in Sch\u00f6nstatt im Besonderen keine Ausbildung in Frauenfragen haben.<\/p>\n<p>\u00dcberpr\u00fcfung der Ausbildungsprogramme unserer Frauenverb\u00e4nde (das Gleiche sollte auch von den M\u00e4nnerverb\u00e4nden getan werden. Und wenn diese \u00dcberarbeitung gemeinsam erfolgt, w\u00e4re das ein Ausdruck h\u00f6chster Reife) ist eine grundlegende Priorit\u00e4t, wenn wir nicht wollen, dass junge Frauen, die sich Sch\u00f6nstatt n\u00e4hern, vor einem starren, geschlossenen Diskurs erschrecken, unf\u00e4hig, die Stimme Gottes in diesen neuen Ansichten \u00fcber Frauen, M\u00e4nner und die Beziehung zwischen beiden zu erkennen.<\/p>\n<p>Die Behauptung, die Frau sei \u201eganz Seele, ganz Hingabe, ganz Reinheit&#8220;, verdient in der heutigen Zeit zumindest einen kritischen Blick. Das zeigt auch die Kentenich-Methode: beobachten, vergleichen, auf Prinzipien zur\u00fcckstraffen und anwenden. Wenn wir unseren Vater und Gr\u00fcnder im Licht der heutigen Zeit neu interpretieren m\u00fcssen, m\u00fcssen wir das mutig tun und ohne Angst, einige Fragen fallen zu lassen, die zu Pater Kentenichs Zeiten gestellt wurden. Hier haben wir das Wunder der Inkarnation Jesu. Sie zeigt uns, dass die Zeit relevant ist und dass der Blick \u00fcber die Geschichte hinausgehen muss, aber gleichzeitig von ihr gen\u00e4hrt wird.<\/p>\n<p>Weiten wir am <a href=\"https:\/\/www.lpb-bw.de\/08-maerz-frauentag\">Frauengedenktag<\/a> unseren Blick und nehmen wir uns Maria zum Vorbild, die mutige, entschlossene, liebende Frau, die sich als Frau mit ganzer Seele dem Willen Gottes gestellt hat.<\/p>\n","protected":false},"excerpt":{"rendered":"<p>Die Frauen sind gefordert, unsere Zeit, ihre Argumente, ihre anthropologischen Ansichten, die sich st\u00e4ndig ver\u00e4ndern, weil sich die menschliche Geschichte laufend entwickelt, genau zu kennen. Nur Gott ist unwandelbar, und deshalb muss der Mensch ein Experte sein, um Gott im weltlichen Geschehen zu suchen, worin er sich ausdr\u00fcckt.<\/p>\n","protected":false},"author":1,"featured_media":23917,"comment_status":"closed","ping_status":"closed","sticky":false,"template":"","format":"standard","meta":{"footnotes":""},"categories":[910,914],"tags":[],"class_list":["post-23994","post","type-post","status-publish","format-standard","has-post-thumbnail","hentry","category-gesellschaft-de","category-spiritualitat-de"],"yoast_head":"<!-- This site is optimized with the Yoast SEO Premium plugin v27.4 (Yoast SEO v27.5) - https:\/\/yoast.com\/product\/yoast-seo-premium-wordpress\/ -->\n<title>Frauenbildung in Sch\u00f6nstatt: eine Herausforderung f\u00fcr die Zeit - Schoenstatt<\/title>\n<meta name=\"description\" content=\"Internationaler Frauentag. Nehmen wir uns Maria zum Vorbild: eine mutige, liebevolle Frau, die sich als Frau mit ganzer Seele dem Willen Gottes verschrieben hat.\" \/>\n<meta name=\"robots\" content=\"index, follow, max-snippet:-1, max-image-preview:large, max-video-preview:-1\" \/>\n<link rel=\"canonical\" href=\"https:\/\/schoenstatt.com\/de\/frauenbildung-in-schoenstatt-eine-herausforderung-fuer-die-zeit\/\" \/>\n<meta property=\"og:locale\" content=\"de_DE\" \/>\n<meta property=\"og:type\" content=\"article\" \/>\n<meta property=\"og:title\" content=\"Frauenbildung in Sch\u00f6nstatt: eine Herausforderung f\u00fcr die Zeit\" \/>\n<meta property=\"og:description\" content=\"Internationaler Frauentag. Nehmen wir uns Maria zum Vorbild: eine mutige, liebevolle Frau, die sich als Frau mit ganzer Seele dem Willen Gottes verschrieben hat.\" \/>\n<meta property=\"og:url\" content=\"https:\/\/schoenstatt.com\/de\/frauenbildung-in-schoenstatt-eine-herausforderung-fuer-die-zeit\/\" \/>\n<meta property=\"og:site_name\" content=\"Schoenstatt\" \/>\n<meta property=\"article:published_time\" content=\"2022-03-08T07:00:38+00:00\" \/>\n<meta property=\"article:modified_time\" content=\"2025-05-15T20:24:04+00:00\" \/>\n<meta property=\"og:image\" content=\"https:\/\/schoenstatt.com\/wp-content\/uploads\/2022\/03\/lichimarinho-1607278573120-cathopic-scaled-1.jpg\" \/>\n\t<meta property=\"og:image:width\" content=\"2560\" \/>\n\t<meta property=\"og:image:height\" content=\"1706\" \/>\n\t<meta property=\"og:image:type\" content=\"image\/jpeg\" \/>\n<meta name=\"author\" content=\"admin\" \/>\n<meta name=\"twitter:card\" content=\"summary_large_image\" \/>\n<meta name=\"twitter:label1\" content=\"Verfasst von\" \/>\n\t<meta name=\"twitter:data1\" content=\"admin\" \/>\n\t<meta name=\"twitter:label2\" content=\"Gesch\u00e4tzte Lesezeit\" \/>\n\t<meta name=\"twitter:data2\" content=\"4\u00a0Minuten\" \/>\n<script type=\"application\/ld+json\" class=\"yoast-schema-graph\">{\"@context\":\"https:\\\/\\\/schema.org\",\"@graph\":[{\"@type\":\"Article\",\"@id\":\"https:\\\/\\\/schoenstatt.com\\\/de\\\/frauenbildung-in-schoenstatt-eine-herausforderung-fuer-die-zeit\\\/#article\",\"isPartOf\":{\"@id\":\"https:\\\/\\\/schoenstatt.com\\\/de\\\/frauenbildung-in-schoenstatt-eine-herausforderung-fuer-die-zeit\\\/\"},\"author\":{\"name\":\"admin\",\"@id\":\"https:\\\/\\\/schoenstatt.com\\\/de\\\/#\\\/schema\\\/person\\\/489465b1850e7b216fe2c10dfc262551\"},\"headline\":\"Frauenbildung in Sch\u00f6nstatt: eine Herausforderung f\u00fcr die Zeit\",\"datePublished\":\"2022-03-08T07:00:38+00:00\",\"dateModified\":\"2025-05-15T20:24:04+00:00\",\"mainEntityOfPage\":{\"@id\":\"https:\\\/\\\/schoenstatt.com\\\/de\\\/frauenbildung-in-schoenstatt-eine-herausforderung-fuer-die-zeit\\\/\"},\"wordCount\":889,\"publisher\":{\"@id\":\"https:\\\/\\\/schoenstatt.com\\\/de\\\/#organization\"},\"image\":{\"@id\":\"https:\\\/\\\/schoenstatt.com\\\/de\\\/frauenbildung-in-schoenstatt-eine-herausforderung-fuer-die-zeit\\\/#primaryimage\"},\"thumbnailUrl\":\"https:\\\/\\\/schoenstatt.com\\\/wp-content\\\/uploads\\\/2022\\\/03\\\/lichimarinho-1607278573120-cathopic-scaled-1.jpg\",\"articleSection\":[\"Gesellschaft\",\"Spiritualit\u00e4t\"],\"inLanguage\":\"de\"},{\"@type\":\"WebPage\",\"@id\":\"https:\\\/\\\/schoenstatt.com\\\/de\\\/frauenbildung-in-schoenstatt-eine-herausforderung-fuer-die-zeit\\\/\",\"url\":\"https:\\\/\\\/schoenstatt.com\\\/de\\\/frauenbildung-in-schoenstatt-eine-herausforderung-fuer-die-zeit\\\/\",\"name\":\"Frauenbildung in Sch\u00f6nstatt: eine Herausforderung f\u00fcr die Zeit - Schoenstatt\",\"isPartOf\":{\"@id\":\"https:\\\/\\\/schoenstatt.com\\\/de\\\/#website\"},\"primaryImageOfPage\":{\"@id\":\"https:\\\/\\\/schoenstatt.com\\\/de\\\/frauenbildung-in-schoenstatt-eine-herausforderung-fuer-die-zeit\\\/#primaryimage\"},\"image\":{\"@id\":\"https:\\\/\\\/schoenstatt.com\\\/de\\\/frauenbildung-in-schoenstatt-eine-herausforderung-fuer-die-zeit\\\/#primaryimage\"},\"thumbnailUrl\":\"https:\\\/\\\/schoenstatt.com\\\/wp-content\\\/uploads\\\/2022\\\/03\\\/lichimarinho-1607278573120-cathopic-scaled-1.jpg\",\"datePublished\":\"2022-03-08T07:00:38+00:00\",\"dateModified\":\"2025-05-15T20:24:04+00:00\",\"description\":\"Internationaler Frauentag. Nehmen wir uns Maria zum Vorbild: eine mutige, liebevolle Frau, die sich als Frau mit ganzer Seele dem Willen Gottes verschrieben hat.\",\"breadcrumb\":{\"@id\":\"https:\\\/\\\/schoenstatt.com\\\/de\\\/frauenbildung-in-schoenstatt-eine-herausforderung-fuer-die-zeit\\\/#breadcrumb\"},\"inLanguage\":\"de\",\"potentialAction\":[{\"@type\":\"ReadAction\",\"target\":[\"https:\\\/\\\/schoenstatt.com\\\/de\\\/frauenbildung-in-schoenstatt-eine-herausforderung-fuer-die-zeit\\\/\"]}]},{\"@type\":\"ImageObject\",\"inLanguage\":\"de\",\"@id\":\"https:\\\/\\\/schoenstatt.com\\\/de\\\/frauenbildung-in-schoenstatt-eine-herausforderung-fuer-die-zeit\\\/#primaryimage\",\"url\":\"https:\\\/\\\/schoenstatt.com\\\/wp-content\\\/uploads\\\/2022\\\/03\\\/lichimarinho-1607278573120-cathopic-scaled-1.jpg\",\"contentUrl\":\"https:\\\/\\\/schoenstatt.com\\\/wp-content\\\/uploads\\\/2022\\\/03\\\/lichimarinho-1607278573120-cathopic-scaled-1.jpg\",\"width\":2560,\"height\":1706,\"caption\":\"Foto Cathopic\"},{\"@type\":\"BreadcrumbList\",\"@id\":\"https:\\\/\\\/schoenstatt.com\\\/de\\\/frauenbildung-in-schoenstatt-eine-herausforderung-fuer-die-zeit\\\/#breadcrumb\",\"itemListElement\":[{\"@type\":\"ListItem\",\"position\":1,\"name\":\"Portada\",\"item\":\"https:\\\/\\\/schoenstatt.com\\\/de\\\/home\\\/\"},{\"@type\":\"ListItem\",\"position\":2,\"name\":\"Frauenbildung in Sch\u00f6nstatt: eine Herausforderung f\u00fcr die Zeit\"}]},{\"@type\":\"WebSite\",\"@id\":\"https:\\\/\\\/schoenstatt.com\\\/de\\\/#website\",\"url\":\"https:\\\/\\\/schoenstatt.com\\\/de\\\/\",\"name\":\"Schoenstatt\",\"description\":\"Apostolic Movement\",\"publisher\":{\"@id\":\"https:\\\/\\\/schoenstatt.com\\\/de\\\/#organization\"},\"potentialAction\":[{\"@type\":\"SearchAction\",\"target\":{\"@type\":\"EntryPoint\",\"urlTemplate\":\"https:\\\/\\\/schoenstatt.com\\\/de\\\/?s={search_term_string}\"},\"query-input\":{\"@type\":\"PropertyValueSpecification\",\"valueRequired\":true,\"valueName\":\"search_term_string\"}}],\"inLanguage\":\"de\"},{\"@type\":\"Organization\",\"@id\":\"https:\\\/\\\/schoenstatt.com\\\/de\\\/#organization\",\"name\":\"Schoenstatt\",\"url\":\"https:\\\/\\\/schoenstatt.com\\\/de\\\/\",\"logo\":{\"@type\":\"ImageObject\",\"inLanguage\":\"de\",\"@id\":\"https:\\\/\\\/schoenstatt.com\\\/de\\\/#\\\/schema\\\/logo\\\/image\\\/\",\"url\":\"https:\\\/\\\/schoenstatt.com\\\/wp-content\\\/uploads\\\/2025\\\/04\\\/logo-schoenstatt-white-696x696-1.png\",\"contentUrl\":\"https:\\\/\\\/schoenstatt.com\\\/wp-content\\\/uploads\\\/2025\\\/04\\\/logo-schoenstatt-white-696x696-1.png\",\"width\":696,\"height\":694,\"caption\":\"Schoenstatt\"},\"image\":{\"@id\":\"https:\\\/\\\/schoenstatt.com\\\/de\\\/#\\\/schema\\\/logo\\\/image\\\/\"}},{\"@type\":\"Person\",\"@id\":\"https:\\\/\\\/schoenstatt.com\\\/de\\\/#\\\/schema\\\/person\\\/489465b1850e7b216fe2c10dfc262551\",\"name\":\"admin\",\"image\":{\"@type\":\"ImageObject\",\"inLanguage\":\"de\",\"@id\":\"https:\\\/\\\/secure.gravatar.com\\\/avatar\\\/02e8345e1ec40ab0e0a2a98fdde64a684bbaf994cddcb778b25b8b024ee9dfe6?s=96&d=mm&r=g\",\"url\":\"https:\\\/\\\/secure.gravatar.com\\\/avatar\\\/02e8345e1ec40ab0e0a2a98fdde64a684bbaf994cddcb778b25b8b024ee9dfe6?s=96&d=mm&r=g\",\"contentUrl\":\"https:\\\/\\\/secure.gravatar.com\\\/avatar\\\/02e8345e1ec40ab0e0a2a98fdde64a684bbaf994cddcb778b25b8b024ee9dfe6?s=96&d=mm&r=g\",\"caption\":\"admin\"},\"sameAs\":[\"https:\\\/\\\/schoenstatt.com\"],\"url\":\"https:\\\/\\\/schoenstatt.com\\\/de\\\/author\\\/admin\\\/\"}]}<\/script>\n<!-- \/ Yoast SEO Premium plugin. -->","yoast_head_json":{"title":"Frauenbildung in Sch\u00f6nstatt: eine Herausforderung f\u00fcr die Zeit - Schoenstatt","description":"Internationaler Frauentag. Nehmen wir uns Maria zum Vorbild: eine mutige, liebevolle Frau, die sich als Frau mit ganzer Seele dem Willen Gottes verschrieben hat.","robots":{"index":"index","follow":"follow","max-snippet":"max-snippet:-1","max-image-preview":"max-image-preview:large","max-video-preview":"max-video-preview:-1"},"canonical":"https:\/\/schoenstatt.com\/de\/frauenbildung-in-schoenstatt-eine-herausforderung-fuer-die-zeit\/","og_locale":"de_DE","og_type":"article","og_title":"Frauenbildung in Sch\u00f6nstatt: eine Herausforderung f\u00fcr die Zeit","og_description":"Internationaler Frauentag. Nehmen wir uns Maria zum Vorbild: eine mutige, liebevolle Frau, die sich als Frau mit ganzer Seele dem Willen Gottes verschrieben hat.","og_url":"https:\/\/schoenstatt.com\/de\/frauenbildung-in-schoenstatt-eine-herausforderung-fuer-die-zeit\/","og_site_name":"Schoenstatt","article_published_time":"2022-03-08T07:00:38+00:00","article_modified_time":"2025-05-15T20:24:04+00:00","og_image":[{"width":2560,"height":1706,"url":"https:\/\/schoenstatt.com\/wp-content\/uploads\/2022\/03\/lichimarinho-1607278573120-cathopic-scaled-1.jpg","type":"image\/jpeg"}],"author":"admin","twitter_card":"summary_large_image","twitter_misc":{"Verfasst von":"admin","Gesch\u00e4tzte Lesezeit":"4\u00a0Minuten"},"schema":{"@context":"https:\/\/schema.org","@graph":[{"@type":"Article","@id":"https:\/\/schoenstatt.com\/de\/frauenbildung-in-schoenstatt-eine-herausforderung-fuer-die-zeit\/#article","isPartOf":{"@id":"https:\/\/schoenstatt.com\/de\/frauenbildung-in-schoenstatt-eine-herausforderung-fuer-die-zeit\/"},"author":{"name":"admin","@id":"https:\/\/schoenstatt.com\/de\/#\/schema\/person\/489465b1850e7b216fe2c10dfc262551"},"headline":"Frauenbildung in Sch\u00f6nstatt: eine Herausforderung f\u00fcr die Zeit","datePublished":"2022-03-08T07:00:38+00:00","dateModified":"2025-05-15T20:24:04+00:00","mainEntityOfPage":{"@id":"https:\/\/schoenstatt.com\/de\/frauenbildung-in-schoenstatt-eine-herausforderung-fuer-die-zeit\/"},"wordCount":889,"publisher":{"@id":"https:\/\/schoenstatt.com\/de\/#organization"},"image":{"@id":"https:\/\/schoenstatt.com\/de\/frauenbildung-in-schoenstatt-eine-herausforderung-fuer-die-zeit\/#primaryimage"},"thumbnailUrl":"https:\/\/schoenstatt.com\/wp-content\/uploads\/2022\/03\/lichimarinho-1607278573120-cathopic-scaled-1.jpg","articleSection":["Gesellschaft","Spiritualit\u00e4t"],"inLanguage":"de"},{"@type":"WebPage","@id":"https:\/\/schoenstatt.com\/de\/frauenbildung-in-schoenstatt-eine-herausforderung-fuer-die-zeit\/","url":"https:\/\/schoenstatt.com\/de\/frauenbildung-in-schoenstatt-eine-herausforderung-fuer-die-zeit\/","name":"Frauenbildung in Sch\u00f6nstatt: eine Herausforderung f\u00fcr die Zeit - Schoenstatt","isPartOf":{"@id":"https:\/\/schoenstatt.com\/de\/#website"},"primaryImageOfPage":{"@id":"https:\/\/schoenstatt.com\/de\/frauenbildung-in-schoenstatt-eine-herausforderung-fuer-die-zeit\/#primaryimage"},"image":{"@id":"https:\/\/schoenstatt.com\/de\/frauenbildung-in-schoenstatt-eine-herausforderung-fuer-die-zeit\/#primaryimage"},"thumbnailUrl":"https:\/\/schoenstatt.com\/wp-content\/uploads\/2022\/03\/lichimarinho-1607278573120-cathopic-scaled-1.jpg","datePublished":"2022-03-08T07:00:38+00:00","dateModified":"2025-05-15T20:24:04+00:00","description":"Internationaler Frauentag. Nehmen wir uns Maria zum Vorbild: eine mutige, liebevolle Frau, die sich als Frau mit ganzer Seele dem Willen Gottes verschrieben hat.","breadcrumb":{"@id":"https:\/\/schoenstatt.com\/de\/frauenbildung-in-schoenstatt-eine-herausforderung-fuer-die-zeit\/#breadcrumb"},"inLanguage":"de","potentialAction":[{"@type":"ReadAction","target":["https:\/\/schoenstatt.com\/de\/frauenbildung-in-schoenstatt-eine-herausforderung-fuer-die-zeit\/"]}]},{"@type":"ImageObject","inLanguage":"de","@id":"https:\/\/schoenstatt.com\/de\/frauenbildung-in-schoenstatt-eine-herausforderung-fuer-die-zeit\/#primaryimage","url":"https:\/\/schoenstatt.com\/wp-content\/uploads\/2022\/03\/lichimarinho-1607278573120-cathopic-scaled-1.jpg","contentUrl":"https:\/\/schoenstatt.com\/wp-content\/uploads\/2022\/03\/lichimarinho-1607278573120-cathopic-scaled-1.jpg","width":2560,"height":1706,"caption":"Foto Cathopic"},{"@type":"BreadcrumbList","@id":"https:\/\/schoenstatt.com\/de\/frauenbildung-in-schoenstatt-eine-herausforderung-fuer-die-zeit\/#breadcrumb","itemListElement":[{"@type":"ListItem","position":1,"name":"Portada","item":"https:\/\/schoenstatt.com\/de\/home\/"},{"@type":"ListItem","position":2,"name":"Frauenbildung in Sch\u00f6nstatt: eine Herausforderung f\u00fcr die Zeit"}]},{"@type":"WebSite","@id":"https:\/\/schoenstatt.com\/de\/#website","url":"https:\/\/schoenstatt.com\/de\/","name":"Schoenstatt","description":"Apostolic Movement","publisher":{"@id":"https:\/\/schoenstatt.com\/de\/#organization"},"potentialAction":[{"@type":"SearchAction","target":{"@type":"EntryPoint","urlTemplate":"https:\/\/schoenstatt.com\/de\/?s={search_term_string}"},"query-input":{"@type":"PropertyValueSpecification","valueRequired":true,"valueName":"search_term_string"}}],"inLanguage":"de"},{"@type":"Organization","@id":"https:\/\/schoenstatt.com\/de\/#organization","name":"Schoenstatt","url":"https:\/\/schoenstatt.com\/de\/","logo":{"@type":"ImageObject","inLanguage":"de","@id":"https:\/\/schoenstatt.com\/de\/#\/schema\/logo\/image\/","url":"https:\/\/schoenstatt.com\/wp-content\/uploads\/2025\/04\/logo-schoenstatt-white-696x696-1.png","contentUrl":"https:\/\/schoenstatt.com\/wp-content\/uploads\/2025\/04\/logo-schoenstatt-white-696x696-1.png","width":696,"height":694,"caption":"Schoenstatt"},"image":{"@id":"https:\/\/schoenstatt.com\/de\/#\/schema\/logo\/image\/"}},{"@type":"Person","@id":"https:\/\/schoenstatt.com\/de\/#\/schema\/person\/489465b1850e7b216fe2c10dfc262551","name":"admin","image":{"@type":"ImageObject","inLanguage":"de","@id":"https:\/\/secure.gravatar.com\/avatar\/02e8345e1ec40ab0e0a2a98fdde64a684bbaf994cddcb778b25b8b024ee9dfe6?s=96&d=mm&r=g","url":"https:\/\/secure.gravatar.com\/avatar\/02e8345e1ec40ab0e0a2a98fdde64a684bbaf994cddcb778b25b8b024ee9dfe6?s=96&d=mm&r=g","contentUrl":"https:\/\/secure.gravatar.com\/avatar\/02e8345e1ec40ab0e0a2a98fdde64a684bbaf994cddcb778b25b8b024ee9dfe6?s=96&d=mm&r=g","caption":"admin"},"sameAs":["https:\/\/schoenstatt.com"],"url":"https:\/\/schoenstatt.com\/de\/author\/admin\/"}]}},"_links":{"self":[{"href":"https:\/\/schoenstatt.com\/de\/wp-json\/wp\/v2\/posts\/23994","targetHints":{"allow":["GET"]}}],"collection":[{"href":"https:\/\/schoenstatt.com\/de\/wp-json\/wp\/v2\/posts"}],"about":[{"href":"https:\/\/schoenstatt.com\/de\/wp-json\/wp\/v2\/types\/post"}],"author":[{"embeddable":true,"href":"https:\/\/schoenstatt.com\/de\/wp-json\/wp\/v2\/users\/1"}],"replies":[{"embeddable":true,"href":"https:\/\/schoenstatt.com\/de\/wp-json\/wp\/v2\/comments?post=23994"}],"version-history":[{"count":1,"href":"https:\/\/schoenstatt.com\/de\/wp-json\/wp\/v2\/posts\/23994\/revisions"}],"predecessor-version":[{"id":45060,"href":"https:\/\/schoenstatt.com\/de\/wp-json\/wp\/v2\/posts\/23994\/revisions\/45060"}],"wp:featuredmedia":[{"embeddable":true,"href":"https:\/\/schoenstatt.com\/de\/wp-json\/wp\/v2\/media\/23917"}],"wp:attachment":[{"href":"https:\/\/schoenstatt.com\/de\/wp-json\/wp\/v2\/media?parent=23994"}],"wp:term":[{"taxonomy":"category","embeddable":true,"href":"https:\/\/schoenstatt.com\/de\/wp-json\/wp\/v2\/categories?post=23994"},{"taxonomy":"post_tag","embeddable":true,"href":"https:\/\/schoenstatt.com\/de\/wp-json\/wp\/v2\/tags?post=23994"}],"curies":[{"name":"wp","href":"https:\/\/api.w.org\/{rel}","templated":true}]}}