{"id":23882,"date":"2022-03-02T16:40:15","date_gmt":"2022-03-02T15:40:15","guid":{"rendered":"https:\/\/schoenstatt.com\/?p=23882"},"modified":"2025-05-15T19:24:56","modified_gmt":"2025-05-15T17:24:56","slug":"der-krieg-in-der-ukraine-mahnung-an-uns-zum-dialog","status":"publish","type":"post","link":"https:\/\/schoenstatt.com\/de\/der-krieg-in-der-ukraine-mahnung-an-uns-zum-dialog\/","title":{"rendered":"Der Krieg in der Ukraine \u2013 Mahnung an uns zum Dialog"},"content":{"rendered":"<p>Die Nachricht, dass <a href=\"https:\/\/www.wikiwand.com\/de\/Russischer_%C3%9Cberfall_auf_die_Ukraine_2022?wprov=srpw1_0\">Russland<\/a> die Ukraine angegriffen hat, hat viele von uns zutiefst getroffen. Wir m\u00fcssen erleben, dass die Friedensordnung in Europa in ihren Fundamenten ersch\u00fcttert ist. Dieser Krieg will nicht f\u00fcr sich gesehen werden, sondern im Zusammenhang mit anderen Entwicklungen der letzten Zeit: der Pandemie, den heftiger werdenden Naturkatastrophen, der massiven Auseinandersetzung um das k\u00fcnftige Menschenbild und um die Formen menschlicher Beziehungen in Kirche und Gesellschaft. Nicht nur ein Eckpfeiler unseres menschlichen Zusammenlebens ist am Wanken, sondern das ganze Geb\u00e4ude menschlicher Gemeinschaft ist bis ins Fundament ersch\u00fcttert. Wir leben in der Zeit eines tiefgreifenden Umbruchs. Das zeigt auch dieser Krieg. Was k\u00f6nnen wir aus ihm f\u00fcr uns lernen?<\/p>\n<p>Ein friedliches Miteinander setzt voraus, dass beide Seiten zum Dialog bereit sind, wenn sich unterschiedliche Ansichten zeigen. Wenn eine Seite auf ihrem Standpunkt beharrt und nicht bereit ist, die eigene Position zu \u00fcberdenken, oder wenn sie mit allen ihr zur Verf\u00fcgung stehenden Mitteln die eigenen Interessen durchsetzen will, ist Dialog nicht m\u00f6glich. Dialog setzt voraus, dass ich grunds\u00e4tzlich bereit bin, meine eigene Position zu hinterfragen und gegebenenfalls auch zu ver\u00e4ndern. Wenn von vornherein keine Ver\u00e4nderungsbereitschaft vorhanden ist oder wenn die eigene Position durch eigene Sturheit festzementiert ist, kann ein Dialog nicht zu einem einvernehmlichen Ergebnis f\u00fchren. In einem bestimmten Sinn erfordert Dialog somit eine gewisse Selbstlosigkeit. Wenn ich einen Dialog nur deshalb f\u00fchre, um den anderen von meiner Position zu \u00fcberzeugen, es gleichzeitig von Beginn an aber ablehne, mich selbst von einer anderen Position \u00fcberzeugen zu lassen, dann verzweckt ich den Dialog, der aus sich heraus grunds\u00e4tzlich ergebnisoffen sein sollte.<\/p>\n<p>Dialog setzt ferner die Bereitschaft voraus, einander zuzuh\u00f6ren. Ich h\u00f6re mir an, was der andere zu sagen hat, und ich lasse ihn ausreden. Wenn ich etwas nicht verstehe, frage ich nach. Ich lasse mir erkl\u00e4ren, wie der andere denkt. Dabei nehme ich nicht nur die sachlichen Argumente in mich auf, sondern ich versuche auch wahrzunehmen, was den anderen bewegt: seine Erfahrungen, seine Empfindungen, seine Geschichte. Nicht selten sind Positionen durch den eigenen Hintergrund gepr\u00e4gt, der mit sachlichen Argumenten untermauert wird. Wenn ich die pers\u00f6nliche Betroffenheit meines Gespr\u00e4chspartners nicht ernstnehme, kann ich seine Position nicht verstehen. Dialog bedeutet nicht nur, einander zuzuh\u00f6ren, sondern auch zu versuchen, den anderen zu verstehen.<\/p>\n<p>Dazu geh\u00f6rt, dass ich das, was der andere mir sagt, nicht sofort bewerte, vor allem nicht gleich moralisch verurteile, sondern zuerst alles in mich aufnehme. Sobald ein Urteil gef\u00e4llt ist, sind zumindest bestimmte M\u00f6glichkeiten ausgeschlossen. Je fester das Urteil ist, desto kleiner ist die Chance, zu einem gemeinsamen Ergebnis zu kommen. Die Gefahr besteht zudem, dass ich mich als Richter \u00fcber den anderen aufschwinge, dabei aber au\u00dfer Acht lasse, dass auch ich nicht ohne Fehler bin.<\/p>\n<p>Gleichzeitig muss ich dem anderen die Chance geben, mich zu verstehen. Das erfordert von mir eine gewisse Offenheit. Wenn ich dem anderen von mir nichts mitteile oder wenn ich ihm nur einen Teil meiner Position offenlege, dann nehme ich ihm die Chance, mich zu verstehen. Wenn die Dialogpartner einander nicht verstehen, dann werden sie sich schwertun, zu einem Ergebnis zu kommen, das beide zufriedenstellt.<\/p>\n<p>Voraussetzung f\u00fcr diese Offenheit ist das Vertrauen zueinander. Je weniger Vertrauen vorhanden ist, desto weniger lasse ich mir in die Karten schauen, weil ich mich absichern will, um nicht \u00fcber den Tisch gezogen zu werden. Misstrauen bedeutet, dass ich mir nicht sicher bin, ob der andere es ehrlich mit mir meint. Wenn aber einer der Dialogpartner misstrauisch ist, dann ist es auch dem anderen nicht m\u00f6glich, Vertrauen zu haben. Damit es zu einem echten Dialog kommen kann, muss man also zuerst Vertrauen zueinander aufbauen. Je besser wir uns in einem Dialog verstehen, desto n\u00e4her kommen wir uns. Das, was uns fremd ist, macht uns nicht selten Angst. Wenn wir aber den anderen besser verstehen, dann wird die Angst kleiner.<\/p>\n<figure id=\"attachment_23887\" aria-describedby=\"caption-attachment-23887\" style=\"width: 840px\" class=\"wp-caption alignnone\"><img fetchpriority=\"high\" decoding=\"async\" class=\"wp-image-23887 size-large\" src=\"https:\/\/schoenstatt.com\/wp-content\/uploads\/2022\/03\/yandryfernandez_cuba-156485844594-cathopic-1024x683.jpg\" alt=\"Dialog\" width=\"840\" height=\"560\" \/><figcaption id=\"caption-attachment-23887\" class=\"wp-caption-text\">Foto: Cathopic<\/figcaption><\/figure>\n<p>Aus christlicher Sicht sollte ein Dialog eigentlich immer ein Trialog sein. Es sind nicht nur zwei, die miteinander im Gespr\u00e4ch sind, sondern da ist immer ein dritter anwesend: Gott. Indem wir mit Gott als drittem Gespr\u00e4chspartner rechnen, wird der Dialog zu einem Weg, auf dem wir miteinander herauszufinden versuchen, was Gott sagen will. Wenn wir hingegen immer bei uns bleiben und uns f\u00fcr den anderen verschlie\u00dfen, sind wir h\u00e4ufig auch f\u00fcr Gott verschlossen. Wenn wir einander offen zuh\u00f6ren, dann h\u00f6ren wir nach und nach auch die Stimme Gottes heraus und erkennen, wie er uns f\u00fchren will. Wenn der Dialog also von beiden Seiten als ein Weg verstanden wird, durch den Gott f\u00fchren kann, dann l\u00f6sen sie sich von sich selbst und \u00f6ffnen sich f\u00fcr die g\u00f6ttliche Vorsehung.<\/p>\n<p>Es mag \u00fcberraschen, angesichts des Krieges in der Ukraine gerade auf den Dialog zu sprechen zu kommen. Zum Krieg ist es gekommen, weil es nicht zu einem echten Dialog zwischen den unterschiedlichen Gespr\u00e4chspartnern gekommen ist, vielleicht auch, weil keine wirkliche Dialogbereitschaft vorhanden war. Wenn wir jedoch ehrlich sind, dann werden wir feststellen, dass es \u00e4hnliche Vorg\u00e4nge auch in politischen und kirchlichen Kontexten in unserer Gesellschaft gibt, auch wenn die aus der fehlenden Dialogbereitschaft herauswachsenden Konflikte nicht mit Waffen ausgef\u00fchrt werden. Aber gegenseitige Ablehnung oder gar Feindseligkeit ist auch in diesen Zusammenh\u00e4ngen zu sp\u00fcren. Insofern ist der Krieg in der <a href=\"https:\/\/schoenstatt.com\/de\/kirche\/papstappell-fuer-frieden-im-ukraine-konflikt\/\">Ukraine <\/a>die symbolische Spitze vieler Konflikte, denen wir gegenw\u00e4rtig ausgesetzt sind: um politische Entscheidungen, in der Impfdebatte, um einen effektiven Naturschutz, um den Weg der Kirche in die Zukunft. So mag uns dieser Krieg Mahnung sein, die verh\u00e4rteten Fronten aufzubrechen und einander neu und offener zu begegnen.<\/p>\n","protected":false},"excerpt":{"rendered":"<p>Was k\u00f6nnen wir aus diesem Krieg f\u00fcr uns lernen? Das ein friedliches Miteinander setzt voraus, dass beide Seiten zum Dialog bereit sind, wenn sich unterschiedliche Ansichten zeigen.<\/p>\n","protected":false},"author":6,"featured_media":23883,"comment_status":"closed","ping_status":"closed","sticky":false,"template":"","format":"standard","meta":{"footnotes":""},"categories":[910],"tags":[],"class_list":["post-23882","post","type-post","status-publish","format-standard","has-post-thumbnail","hentry","category-gesellschaft-de"],"yoast_head":"<!-- This site is optimized with the Yoast SEO Premium plugin v27.4 (Yoast SEO v27.4) - https:\/\/yoast.com\/product\/yoast-seo-premium-wordpress\/ -->\n<title>Der Krieg in der Ukraine \u2013 Mahnung an uns zum Dialog - Schoenstatt<\/title>\n<meta name=\"description\" content=\"Dialog bedeutet auch zu versuchen, den anderen zu verstehen. Ein Weg, auf dem wir miteinander versuchen herauszufinden, was Gott sagen will.\" \/>\n<meta name=\"robots\" content=\"index, follow, max-snippet:-1, max-image-preview:large, max-video-preview:-1\" \/>\n<link rel=\"canonical\" href=\"https:\/\/schoenstatt.com\/de\/der-krieg-in-der-ukraine-mahnung-an-uns-zum-dialog\/\" \/>\n<meta property=\"og:locale\" content=\"de_DE\" \/>\n<meta property=\"og:type\" content=\"article\" \/>\n<meta property=\"og:title\" content=\"Der Krieg in der Ukraine \u2013 Mahnung an uns zum Dialog\" \/>\n<meta property=\"og:description\" content=\"Dialog bedeutet auch zu versuchen, den anderen zu verstehen. Ein Weg, auf dem wir miteinander versuchen herauszufinden, was Gott sagen will.\" \/>\n<meta property=\"og:url\" content=\"https:\/\/schoenstatt.com\/de\/der-krieg-in-der-ukraine-mahnung-an-uns-zum-dialog\/\" \/>\n<meta property=\"og:site_name\" content=\"Schoenstatt\" \/>\n<meta property=\"article:published_time\" content=\"2022-03-02T15:40:15+00:00\" \/>\n<meta property=\"article:modified_time\" content=\"2025-05-15T17:24:56+00:00\" \/>\n<meta property=\"og:image\" content=\"https:\/\/schoenstatt.com\/wp-content\/uploads\/2022\/03\/soldier-g0e338a9e4_1920-1.jpg\" \/>\n\t<meta property=\"og:image:width\" content=\"1920\" \/>\n\t<meta property=\"og:image:height\" content=\"1280\" \/>\n\t<meta property=\"og:image:type\" content=\"image\/jpeg\" \/>\n<meta name=\"author\" content=\"Vanessa Franke\" \/>\n<meta name=\"twitter:card\" content=\"summary_large_image\" \/>\n<meta name=\"twitter:label1\" content=\"Verfasst von\" \/>\n\t<meta name=\"twitter:data1\" content=\"Vanessa Franke\" \/>\n\t<meta name=\"twitter:label2\" content=\"Gesch\u00e4tzte Lesezeit\" \/>\n\t<meta name=\"twitter:data2\" content=\"5\u00a0Minuten\" \/>\n<script type=\"application\/ld+json\" class=\"yoast-schema-graph\">{\"@context\":\"https:\\\/\\\/schema.org\",\"@graph\":[{\"@type\":\"Article\",\"@id\":\"https:\\\/\\\/schoenstatt.com\\\/de\\\/der-krieg-in-der-ukraine-mahnung-an-uns-zum-dialog\\\/#article\",\"isPartOf\":{\"@id\":\"https:\\\/\\\/schoenstatt.com\\\/de\\\/der-krieg-in-der-ukraine-mahnung-an-uns-zum-dialog\\\/\"},\"author\":{\"name\":\"Vanessa Franke\",\"@id\":\"https:\\\/\\\/schoenstatt.com\\\/de\\\/#\\\/schema\\\/person\\\/ea97a60c723e21c923e2177f0f3163f7\"},\"headline\":\"Der Krieg in der Ukraine \u2013 Mahnung an uns zum Dialog\",\"datePublished\":\"2022-03-02T15:40:15+00:00\",\"dateModified\":\"2025-05-15T17:24:56+00:00\",\"mainEntityOfPage\":{\"@id\":\"https:\\\/\\\/schoenstatt.com\\\/de\\\/der-krieg-in-der-ukraine-mahnung-an-uns-zum-dialog\\\/\"},\"wordCount\":969,\"publisher\":{\"@id\":\"https:\\\/\\\/schoenstatt.com\\\/de\\\/#organization\"},\"image\":{\"@id\":\"https:\\\/\\\/schoenstatt.com\\\/de\\\/der-krieg-in-der-ukraine-mahnung-an-uns-zum-dialog\\\/#primaryimage\"},\"thumbnailUrl\":\"https:\\\/\\\/schoenstatt.com\\\/wp-content\\\/uploads\\\/2022\\\/03\\\/soldier-g0e338a9e4_1920-1.jpg\",\"articleSection\":[\"Gesellschaft\"],\"inLanguage\":\"de\"},{\"@type\":\"WebPage\",\"@id\":\"https:\\\/\\\/schoenstatt.com\\\/de\\\/der-krieg-in-der-ukraine-mahnung-an-uns-zum-dialog\\\/\",\"url\":\"https:\\\/\\\/schoenstatt.com\\\/de\\\/der-krieg-in-der-ukraine-mahnung-an-uns-zum-dialog\\\/\",\"name\":\"Der Krieg in der Ukraine \u2013 Mahnung an uns zum Dialog - Schoenstatt\",\"isPartOf\":{\"@id\":\"https:\\\/\\\/schoenstatt.com\\\/de\\\/#website\"},\"primaryImageOfPage\":{\"@id\":\"https:\\\/\\\/schoenstatt.com\\\/de\\\/der-krieg-in-der-ukraine-mahnung-an-uns-zum-dialog\\\/#primaryimage\"},\"image\":{\"@id\":\"https:\\\/\\\/schoenstatt.com\\\/de\\\/der-krieg-in-der-ukraine-mahnung-an-uns-zum-dialog\\\/#primaryimage\"},\"thumbnailUrl\":\"https:\\\/\\\/schoenstatt.com\\\/wp-content\\\/uploads\\\/2022\\\/03\\\/soldier-g0e338a9e4_1920-1.jpg\",\"datePublished\":\"2022-03-02T15:40:15+00:00\",\"dateModified\":\"2025-05-15T17:24:56+00:00\",\"description\":\"Dialog bedeutet auch zu versuchen, den anderen zu verstehen. Ein Weg, auf dem wir miteinander versuchen herauszufinden, was Gott sagen will.\",\"breadcrumb\":{\"@id\":\"https:\\\/\\\/schoenstatt.com\\\/de\\\/der-krieg-in-der-ukraine-mahnung-an-uns-zum-dialog\\\/#breadcrumb\"},\"inLanguage\":\"de\",\"potentialAction\":[{\"@type\":\"ReadAction\",\"target\":[\"https:\\\/\\\/schoenstatt.com\\\/de\\\/der-krieg-in-der-ukraine-mahnung-an-uns-zum-dialog\\\/\"]}]},{\"@type\":\"ImageObject\",\"inLanguage\":\"de\",\"@id\":\"https:\\\/\\\/schoenstatt.com\\\/de\\\/der-krieg-in-der-ukraine-mahnung-an-uns-zum-dialog\\\/#primaryimage\",\"url\":\"https:\\\/\\\/schoenstatt.com\\\/wp-content\\\/uploads\\\/2022\\\/03\\\/soldier-g0e338a9e4_1920-1.jpg\",\"contentUrl\":\"https:\\\/\\\/schoenstatt.com\\\/wp-content\\\/uploads\\\/2022\\\/03\\\/soldier-g0e338a9e4_1920-1.jpg\",\"width\":1920,\"height\":1280,\"caption\":\"Pixabay\"},{\"@type\":\"BreadcrumbList\",\"@id\":\"https:\\\/\\\/schoenstatt.com\\\/de\\\/der-krieg-in-der-ukraine-mahnung-an-uns-zum-dialog\\\/#breadcrumb\",\"itemListElement\":[{\"@type\":\"ListItem\",\"position\":1,\"name\":\"Portada\",\"item\":\"https:\\\/\\\/schoenstatt.com\\\/de\\\/home\\\/\"},{\"@type\":\"ListItem\",\"position\":2,\"name\":\"Der Krieg in der Ukraine \u2013 Mahnung an uns zum Dialog\"}]},{\"@type\":\"WebSite\",\"@id\":\"https:\\\/\\\/schoenstatt.com\\\/de\\\/#website\",\"url\":\"https:\\\/\\\/schoenstatt.com\\\/de\\\/\",\"name\":\"Schoenstatt\",\"description\":\"Apostolic Movement\",\"publisher\":{\"@id\":\"https:\\\/\\\/schoenstatt.com\\\/de\\\/#organization\"},\"potentialAction\":[{\"@type\":\"SearchAction\",\"target\":{\"@type\":\"EntryPoint\",\"urlTemplate\":\"https:\\\/\\\/schoenstatt.com\\\/de\\\/?s={search_term_string}\"},\"query-input\":{\"@type\":\"PropertyValueSpecification\",\"valueRequired\":true,\"valueName\":\"search_term_string\"}}],\"inLanguage\":\"de\"},{\"@type\":\"Organization\",\"@id\":\"https:\\\/\\\/schoenstatt.com\\\/de\\\/#organization\",\"name\":\"Schoenstatt\",\"url\":\"https:\\\/\\\/schoenstatt.com\\\/de\\\/\",\"logo\":{\"@type\":\"ImageObject\",\"inLanguage\":\"de\",\"@id\":\"https:\\\/\\\/schoenstatt.com\\\/de\\\/#\\\/schema\\\/logo\\\/image\\\/\",\"url\":\"https:\\\/\\\/schoenstatt.com\\\/wp-content\\\/uploads\\\/2025\\\/04\\\/logo-schoenstatt-white-696x696-1.png\",\"contentUrl\":\"https:\\\/\\\/schoenstatt.com\\\/wp-content\\\/uploads\\\/2025\\\/04\\\/logo-schoenstatt-white-696x696-1.png\",\"width\":696,\"height\":694,\"caption\":\"Schoenstatt\"},\"image\":{\"@id\":\"https:\\\/\\\/schoenstatt.com\\\/de\\\/#\\\/schema\\\/logo\\\/image\\\/\"}},{\"@type\":\"Person\",\"@id\":\"https:\\\/\\\/schoenstatt.com\\\/de\\\/#\\\/schema\\\/person\\\/ea97a60c723e21c923e2177f0f3163f7\",\"name\":\"Vanessa Franke\",\"image\":{\"@type\":\"ImageObject\",\"inLanguage\":\"de\",\"@id\":\"https:\\\/\\\/secure.gravatar.com\\\/avatar\\\/a9bcca3409928ccd3195eca11e2ccbb2e5d7c7912e9a945d4f326f81a0a5cb4a?s=96&d=mm&r=g\",\"url\":\"https:\\\/\\\/secure.gravatar.com\\\/avatar\\\/a9bcca3409928ccd3195eca11e2ccbb2e5d7c7912e9a945d4f326f81a0a5cb4a?s=96&d=mm&r=g\",\"contentUrl\":\"https:\\\/\\\/secure.gravatar.com\\\/avatar\\\/a9bcca3409928ccd3195eca11e2ccbb2e5d7c7912e9a945d4f326f81a0a5cb4a?s=96&d=mm&r=g\",\"caption\":\"Vanessa Franke\"},\"url\":\"https:\\\/\\\/schoenstatt.com\\\/de\\\/author\\\/vanessa-franke\\\/\"}]}<\/script>\n<!-- \/ Yoast SEO Premium plugin. -->","yoast_head_json":{"title":"Der Krieg in der Ukraine \u2013 Mahnung an uns zum Dialog - Schoenstatt","description":"Dialog bedeutet auch zu versuchen, den anderen zu verstehen. Ein Weg, auf dem wir miteinander versuchen herauszufinden, was Gott sagen will.","robots":{"index":"index","follow":"follow","max-snippet":"max-snippet:-1","max-image-preview":"max-image-preview:large","max-video-preview":"max-video-preview:-1"},"canonical":"https:\/\/schoenstatt.com\/de\/der-krieg-in-der-ukraine-mahnung-an-uns-zum-dialog\/","og_locale":"de_DE","og_type":"article","og_title":"Der Krieg in der Ukraine \u2013 Mahnung an uns zum Dialog","og_description":"Dialog bedeutet auch zu versuchen, den anderen zu verstehen. Ein Weg, auf dem wir miteinander versuchen herauszufinden, was Gott sagen will.","og_url":"https:\/\/schoenstatt.com\/de\/der-krieg-in-der-ukraine-mahnung-an-uns-zum-dialog\/","og_site_name":"Schoenstatt","article_published_time":"2022-03-02T15:40:15+00:00","article_modified_time":"2025-05-15T17:24:56+00:00","og_image":[{"width":1920,"height":1280,"url":"https:\/\/schoenstatt.com\/wp-content\/uploads\/2022\/03\/soldier-g0e338a9e4_1920-1.jpg","type":"image\/jpeg"}],"author":"Vanessa Franke","twitter_card":"summary_large_image","twitter_misc":{"Verfasst von":"Vanessa Franke","Gesch\u00e4tzte Lesezeit":"5\u00a0Minuten"},"schema":{"@context":"https:\/\/schema.org","@graph":[{"@type":"Article","@id":"https:\/\/schoenstatt.com\/de\/der-krieg-in-der-ukraine-mahnung-an-uns-zum-dialog\/#article","isPartOf":{"@id":"https:\/\/schoenstatt.com\/de\/der-krieg-in-der-ukraine-mahnung-an-uns-zum-dialog\/"},"author":{"name":"Vanessa Franke","@id":"https:\/\/schoenstatt.com\/de\/#\/schema\/person\/ea97a60c723e21c923e2177f0f3163f7"},"headline":"Der Krieg in der Ukraine \u2013 Mahnung an uns zum Dialog","datePublished":"2022-03-02T15:40:15+00:00","dateModified":"2025-05-15T17:24:56+00:00","mainEntityOfPage":{"@id":"https:\/\/schoenstatt.com\/de\/der-krieg-in-der-ukraine-mahnung-an-uns-zum-dialog\/"},"wordCount":969,"publisher":{"@id":"https:\/\/schoenstatt.com\/de\/#organization"},"image":{"@id":"https:\/\/schoenstatt.com\/de\/der-krieg-in-der-ukraine-mahnung-an-uns-zum-dialog\/#primaryimage"},"thumbnailUrl":"https:\/\/schoenstatt.com\/wp-content\/uploads\/2022\/03\/soldier-g0e338a9e4_1920-1.jpg","articleSection":["Gesellschaft"],"inLanguage":"de"},{"@type":"WebPage","@id":"https:\/\/schoenstatt.com\/de\/der-krieg-in-der-ukraine-mahnung-an-uns-zum-dialog\/","url":"https:\/\/schoenstatt.com\/de\/der-krieg-in-der-ukraine-mahnung-an-uns-zum-dialog\/","name":"Der Krieg in der Ukraine \u2013 Mahnung an uns zum Dialog - Schoenstatt","isPartOf":{"@id":"https:\/\/schoenstatt.com\/de\/#website"},"primaryImageOfPage":{"@id":"https:\/\/schoenstatt.com\/de\/der-krieg-in-der-ukraine-mahnung-an-uns-zum-dialog\/#primaryimage"},"image":{"@id":"https:\/\/schoenstatt.com\/de\/der-krieg-in-der-ukraine-mahnung-an-uns-zum-dialog\/#primaryimage"},"thumbnailUrl":"https:\/\/schoenstatt.com\/wp-content\/uploads\/2022\/03\/soldier-g0e338a9e4_1920-1.jpg","datePublished":"2022-03-02T15:40:15+00:00","dateModified":"2025-05-15T17:24:56+00:00","description":"Dialog bedeutet auch zu versuchen, den anderen zu verstehen. Ein Weg, auf dem wir miteinander versuchen herauszufinden, was Gott sagen will.","breadcrumb":{"@id":"https:\/\/schoenstatt.com\/de\/der-krieg-in-der-ukraine-mahnung-an-uns-zum-dialog\/#breadcrumb"},"inLanguage":"de","potentialAction":[{"@type":"ReadAction","target":["https:\/\/schoenstatt.com\/de\/der-krieg-in-der-ukraine-mahnung-an-uns-zum-dialog\/"]}]},{"@type":"ImageObject","inLanguage":"de","@id":"https:\/\/schoenstatt.com\/de\/der-krieg-in-der-ukraine-mahnung-an-uns-zum-dialog\/#primaryimage","url":"https:\/\/schoenstatt.com\/wp-content\/uploads\/2022\/03\/soldier-g0e338a9e4_1920-1.jpg","contentUrl":"https:\/\/schoenstatt.com\/wp-content\/uploads\/2022\/03\/soldier-g0e338a9e4_1920-1.jpg","width":1920,"height":1280,"caption":"Pixabay"},{"@type":"BreadcrumbList","@id":"https:\/\/schoenstatt.com\/de\/der-krieg-in-der-ukraine-mahnung-an-uns-zum-dialog\/#breadcrumb","itemListElement":[{"@type":"ListItem","position":1,"name":"Portada","item":"https:\/\/schoenstatt.com\/de\/home\/"},{"@type":"ListItem","position":2,"name":"Der Krieg in der Ukraine \u2013 Mahnung an uns zum Dialog"}]},{"@type":"WebSite","@id":"https:\/\/schoenstatt.com\/de\/#website","url":"https:\/\/schoenstatt.com\/de\/","name":"Schoenstatt","description":"Apostolic Movement","publisher":{"@id":"https:\/\/schoenstatt.com\/de\/#organization"},"potentialAction":[{"@type":"SearchAction","target":{"@type":"EntryPoint","urlTemplate":"https:\/\/schoenstatt.com\/de\/?s={search_term_string}"},"query-input":{"@type":"PropertyValueSpecification","valueRequired":true,"valueName":"search_term_string"}}],"inLanguage":"de"},{"@type":"Organization","@id":"https:\/\/schoenstatt.com\/de\/#organization","name":"Schoenstatt","url":"https:\/\/schoenstatt.com\/de\/","logo":{"@type":"ImageObject","inLanguage":"de","@id":"https:\/\/schoenstatt.com\/de\/#\/schema\/logo\/image\/","url":"https:\/\/schoenstatt.com\/wp-content\/uploads\/2025\/04\/logo-schoenstatt-white-696x696-1.png","contentUrl":"https:\/\/schoenstatt.com\/wp-content\/uploads\/2025\/04\/logo-schoenstatt-white-696x696-1.png","width":696,"height":694,"caption":"Schoenstatt"},"image":{"@id":"https:\/\/schoenstatt.com\/de\/#\/schema\/logo\/image\/"}},{"@type":"Person","@id":"https:\/\/schoenstatt.com\/de\/#\/schema\/person\/ea97a60c723e21c923e2177f0f3163f7","name":"Vanessa Franke","image":{"@type":"ImageObject","inLanguage":"de","@id":"https:\/\/secure.gravatar.com\/avatar\/a9bcca3409928ccd3195eca11e2ccbb2e5d7c7912e9a945d4f326f81a0a5cb4a?s=96&d=mm&r=g","url":"https:\/\/secure.gravatar.com\/avatar\/a9bcca3409928ccd3195eca11e2ccbb2e5d7c7912e9a945d4f326f81a0a5cb4a?s=96&d=mm&r=g","contentUrl":"https:\/\/secure.gravatar.com\/avatar\/a9bcca3409928ccd3195eca11e2ccbb2e5d7c7912e9a945d4f326f81a0a5cb4a?s=96&d=mm&r=g","caption":"Vanessa Franke"},"url":"https:\/\/schoenstatt.com\/de\/author\/vanessa-franke\/"}]}},"_links":{"self":[{"href":"https:\/\/schoenstatt.com\/de\/wp-json\/wp\/v2\/posts\/23882","targetHints":{"allow":["GET"]}}],"collection":[{"href":"https:\/\/schoenstatt.com\/de\/wp-json\/wp\/v2\/posts"}],"about":[{"href":"https:\/\/schoenstatt.com\/de\/wp-json\/wp\/v2\/types\/post"}],"author":[{"embeddable":true,"href":"https:\/\/schoenstatt.com\/de\/wp-json\/wp\/v2\/users\/6"}],"replies":[{"embeddable":true,"href":"https:\/\/schoenstatt.com\/de\/wp-json\/wp\/v2\/comments?post=23882"}],"version-history":[{"count":1,"href":"https:\/\/schoenstatt.com\/de\/wp-json\/wp\/v2\/posts\/23882\/revisions"}],"predecessor-version":[{"id":45053,"href":"https:\/\/schoenstatt.com\/de\/wp-json\/wp\/v2\/posts\/23882\/revisions\/45053"}],"wp:featuredmedia":[{"embeddable":true,"href":"https:\/\/schoenstatt.com\/de\/wp-json\/wp\/v2\/media\/23883"}],"wp:attachment":[{"href":"https:\/\/schoenstatt.com\/de\/wp-json\/wp\/v2\/media?parent=23882"}],"wp:term":[{"taxonomy":"category","embeddable":true,"href":"https:\/\/schoenstatt.com\/de\/wp-json\/wp\/v2\/categories?post=23882"},{"taxonomy":"post_tag","embeddable":true,"href":"https:\/\/schoenstatt.com\/de\/wp-json\/wp\/v2\/tags?post=23882"}],"curies":[{"name":"wp","href":"https:\/\/api.w.org\/{rel}","templated":true}]}}