{"id":23872,"date":"2022-02-28T10:05:39","date_gmt":"2022-02-28T09:05:39","guid":{"rendered":"https:\/\/schoenstatt.com\/?p=23872"},"modified":"2025-05-15T20:03:08","modified_gmt":"2025-05-15T18:03:08","slug":"ehepaar-berger-den-goettlichen-funken-in-jedem-menschen-suchen","status":"publish","type":"post","link":"https:\/\/schoenstatt.com\/de\/ehepaar-berger-den-goettlichen-funken-in-jedem-menschen-suchen\/","title":{"rendered":"Ehepaar Berger: &#8222;den g\u00f6ttlichen Funken in jedem Menschen suchen&#8220;"},"content":{"rendered":"<p>Ehepaar Berger spricht dar\u00fcber, wie die Botschaft von Pater Kentenich, den g\u00f6ttlichen Funken in jedem Menschen zu suchen, zu erkennen und zu entfalten, ma\u00dfgeblich f\u00fcr ihr weiteres Leben wurde: \u201eDiese Aussage ist relevant f\u00fcr uns, sie entspricht unserer Sehnsucht, entspricht unserer Erfahrung und diese Aussage hat uns eine Richtung gegeben. Wir waren damals junge Eltern, wir hatten drei kleine Kinder und waren unsicher, wie sollen wir unseren Kindern helfen, Menschen zu werden, die sich im Leben bew\u00e4hren k\u00f6nnen?\u201c<\/p>\n<p>Durch Pater Beller lernen sie die <a href=\"https:\/\/schoenstatt.com\/de\/about\/gruender\/\">P\u00e4dagogik<\/a> Pater Kentenichs kennen und sagen: \u201eDiese beiden Priester haben uns das R\u00fcstzeug mitgegeben f\u00fcr die Erziehung unserer Kinder. Ja, unsere Kinder mit den Augen Gottes anzuschauen.\u201c<\/p>\n<p>Erich Berger bemerkt, dass er diese P\u00e4dagogik auch in seinem Beruf als Entwicklungsingenieur in einem internationalen Konzern anwenden konnte. Als Pater Beller mit einer Projektidee an Bergers herantrat, n\u00e4mlich die Gr\u00fcndung einer <a href=\"https:\/\/www.facebook.com\/familienakademie\/\">Akademie f\u00fcr Familienp\u00e4dagogik<\/a>, dachten sie sich dabei nicht viel: \u201eMein Mann hat immer schon viele Projekte gemacht im Beruf, machen wir jetzt halt ein <a href=\"http:\/\/www.akademie-fuer-familien.de\/\">Projekt<\/a> f\u00fcr Sch\u00f6nstatt. Heute, 30 Jahre sp\u00e4ter, sitzen wir sprachlos da, was daraus geworden ist. Den g\u00f6ttlichen Funken in jedem einzelnen Ehepaar zu entdecken und zur Entfaltung zu bringen, das ist zum Programm der Akademie geworden.\u201c<\/p>\n<p>Heute d\u00fcrfen Bergers auf die Fr\u00fcchte der <a href=\"https:\/\/akademie-ehe-familie.de\/home\/\">Akademie<\/a> blicken: \u00dcber 800 Absolventenehepaare in elf L\u00e4ndern Europas und in Brasilien. Welches Geheimnis steckt dahinter? Bergers antworten: \u201eWir glauben, die geheime Kraft ist das Vertrauen. Pater Kentenich vertraut auf Jesus und der ist unerm\u00fcdlich im Verk\u00fcnden, dass wir an seinen Vater und seiner Liebe glauben sollen. Er selbst lebt aus diesem Vertrauen und gibt durch sein Leben auch dieses Vertrauen an Gott weiter. Das Vertrauen in diese Botschaft von Pater Kentenich pr\u00e4gt unser Leben, seit wir mit ihm in geistiger Verbundenheit leben.\u201c<\/p>\n<p><iframe title=\"18 Ehepaar Berger Teil 2\" width=\"800\" height=\"450\" src=\"https:\/\/www.youtube.com\/embed\/SXmX16awpVg?feature=oembed\" frameborder=\"0\" allow=\"accelerometer; autoplay; clipboard-write; encrypted-media; gyroscope; picture-in-picture; web-share\" referrerpolicy=\"strict-origin-when-cross-origin\" allowfullscreen><\/iframe><\/p>\n<p>&nbsp;<\/p>\n","protected":false},"excerpt":{"rendered":"<p>Ehepaar Berger, Mitgr\u00fcnder der Akademie f\u00fcr Familienp\u00e4dagogik, erz\u00e4hlt im zweiten Teil, wie sie dieses Projekt Anfang der 1990er Jahre gestartet haben und was dabei wichtig f\u00fcr sie war.<\/p>\n","protected":false},"author":6,"featured_media":23877,"comment_status":"closed","ping_status":"closed","sticky":false,"template":"","format":"standard","meta":{"footnotes":""},"categories":[878],"tags":[],"class_list":["post-23872","post","type-post","status-publish","format-standard","has-post-thumbnail","hentry","category-p-josef-kentenich-de"],"yoast_head":"<!-- This site is optimized with the Yoast SEO Premium plugin v27.4 (Yoast SEO v27.5) - https:\/\/yoast.com\/product\/yoast-seo-premium-wordpress\/ -->\n<title>Ehepaar Berger: &quot;den g\u00f6ttlichen Funken in jedem Menschen suchen&quot;<\/title>\n<meta name=\"description\" content=\"Eva und Erich Berger begeistert das Wort Pater Kentenichs, welches zum Programm der Akademie f\u00fcr Familienp\u00e4dagogik geworden ist.\" \/>\n<meta name=\"robots\" content=\"index, follow, max-snippet:-1, max-image-preview:large, max-video-preview:-1\" \/>\n<link rel=\"canonical\" href=\"https:\/\/schoenstatt.com\/de\/ehepaar-berger-den-goettlichen-funken-in-jedem-menschen-suchen\/\" \/>\n<meta property=\"og:locale\" content=\"de_DE\" \/>\n<meta property=\"og:type\" content=\"article\" \/>\n<meta property=\"og:title\" content=\"Ehepaar Berger: &quot;den g\u00f6ttlichen Funken in jedem Menschen suchen&quot;\" \/>\n<meta property=\"og:description\" content=\"Eva und Erich Berger begeistert das Wort Pater Kentenichs, welches zum Programm der Akademie f\u00fcr Familienp\u00e4dagogik geworden ist.\" \/>\n<meta property=\"og:url\" content=\"https:\/\/schoenstatt.com\/de\/ehepaar-berger-den-goettlichen-funken-in-jedem-menschen-suchen\/\" \/>\n<meta property=\"og:site_name\" content=\"Schoenstatt\" \/>\n<meta property=\"article:published_time\" content=\"2022-02-28T09:05:39+00:00\" \/>\n<meta property=\"article:modified_time\" content=\"2025-05-15T18:03:08+00:00\" \/>\n<meta property=\"og:image\" content=\"https:\/\/schoenstatt.com\/wp-content\/uploads\/2022\/02\/Screenshot-49-1-1.png\" \/>\n\t<meta property=\"og:image:width\" content=\"1905\" \/>\n\t<meta property=\"og:image:height\" content=\"1053\" \/>\n\t<meta property=\"og:image:type\" content=\"image\/png\" \/>\n<meta name=\"author\" content=\"Vanessa Franke\" \/>\n<meta name=\"twitter:card\" content=\"summary_large_image\" \/>\n<meta name=\"twitter:label1\" content=\"Verfasst von\" \/>\n\t<meta name=\"twitter:data1\" content=\"Vanessa Franke\" \/>\n\t<meta name=\"twitter:label2\" content=\"Gesch\u00e4tzte Lesezeit\" \/>\n\t<meta name=\"twitter:data2\" content=\"2\u00a0Minuten\" \/>\n<script type=\"application\/ld+json\" class=\"yoast-schema-graph\">{\"@context\":\"https:\\\/\\\/schema.org\",\"@graph\":[{\"@type\":\"Article\",\"@id\":\"https:\\\/\\\/schoenstatt.com\\\/de\\\/ehepaar-berger-den-goettlichen-funken-in-jedem-menschen-suchen\\\/#article\",\"isPartOf\":{\"@id\":\"https:\\\/\\\/schoenstatt.com\\\/de\\\/ehepaar-berger-den-goettlichen-funken-in-jedem-menschen-suchen\\\/\"},\"author\":{\"name\":\"Vanessa Franke\",\"@id\":\"https:\\\/\\\/schoenstatt.com\\\/de\\\/#\\\/schema\\\/person\\\/ea97a60c723e21c923e2177f0f3163f7\"},\"headline\":\"Ehepaar Berger: &#8222;den g\u00f6ttlichen Funken in jedem Menschen suchen&#8220;\",\"datePublished\":\"2022-02-28T09:05:39+00:00\",\"dateModified\":\"2025-05-15T18:03:08+00:00\",\"mainEntityOfPage\":{\"@id\":\"https:\\\/\\\/schoenstatt.com\\\/de\\\/ehepaar-berger-den-goettlichen-funken-in-jedem-menschen-suchen\\\/\"},\"wordCount\":335,\"publisher\":{\"@id\":\"https:\\\/\\\/schoenstatt.com\\\/de\\\/#organization\"},\"image\":{\"@id\":\"https:\\\/\\\/schoenstatt.com\\\/de\\\/ehepaar-berger-den-goettlichen-funken-in-jedem-menschen-suchen\\\/#primaryimage\"},\"thumbnailUrl\":\"https:\\\/\\\/schoenstatt.com\\\/wp-content\\\/uploads\\\/2022\\\/02\\\/Screenshot-49-1-1.png\",\"articleSection\":[\"P. Josef Kentenich\"],\"inLanguage\":\"de\"},{\"@type\":\"WebPage\",\"@id\":\"https:\\\/\\\/schoenstatt.com\\\/de\\\/ehepaar-berger-den-goettlichen-funken-in-jedem-menschen-suchen\\\/\",\"url\":\"https:\\\/\\\/schoenstatt.com\\\/de\\\/ehepaar-berger-den-goettlichen-funken-in-jedem-menschen-suchen\\\/\",\"name\":\"Ehepaar Berger: \\\"den g\u00f6ttlichen Funken in jedem Menschen suchen\\\"\",\"isPartOf\":{\"@id\":\"https:\\\/\\\/schoenstatt.com\\\/de\\\/#website\"},\"primaryImageOfPage\":{\"@id\":\"https:\\\/\\\/schoenstatt.com\\\/de\\\/ehepaar-berger-den-goettlichen-funken-in-jedem-menschen-suchen\\\/#primaryimage\"},\"image\":{\"@id\":\"https:\\\/\\\/schoenstatt.com\\\/de\\\/ehepaar-berger-den-goettlichen-funken-in-jedem-menschen-suchen\\\/#primaryimage\"},\"thumbnailUrl\":\"https:\\\/\\\/schoenstatt.com\\\/wp-content\\\/uploads\\\/2022\\\/02\\\/Screenshot-49-1-1.png\",\"datePublished\":\"2022-02-28T09:05:39+00:00\",\"dateModified\":\"2025-05-15T18:03:08+00:00\",\"description\":\"Eva und Erich Berger begeistert das Wort Pater Kentenichs, welches zum Programm der Akademie f\u00fcr Familienp\u00e4dagogik geworden ist.\",\"breadcrumb\":{\"@id\":\"https:\\\/\\\/schoenstatt.com\\\/de\\\/ehepaar-berger-den-goettlichen-funken-in-jedem-menschen-suchen\\\/#breadcrumb\"},\"inLanguage\":\"de\",\"potentialAction\":[{\"@type\":\"ReadAction\",\"target\":[\"https:\\\/\\\/schoenstatt.com\\\/de\\\/ehepaar-berger-den-goettlichen-funken-in-jedem-menschen-suchen\\\/\"]}]},{\"@type\":\"ImageObject\",\"inLanguage\":\"de\",\"@id\":\"https:\\\/\\\/schoenstatt.com\\\/de\\\/ehepaar-berger-den-goettlichen-funken-in-jedem-menschen-suchen\\\/#primaryimage\",\"url\":\"https:\\\/\\\/schoenstatt.com\\\/wp-content\\\/uploads\\\/2022\\\/02\\\/Screenshot-49-1-1.png\",\"contentUrl\":\"https:\\\/\\\/schoenstatt.com\\\/wp-content\\\/uploads\\\/2022\\\/02\\\/Screenshot-49-1-1.png\",\"width\":1905,\"height\":1053,\"caption\":\"g\u00f6ttlichen Funken\"},{\"@type\":\"BreadcrumbList\",\"@id\":\"https:\\\/\\\/schoenstatt.com\\\/de\\\/ehepaar-berger-den-goettlichen-funken-in-jedem-menschen-suchen\\\/#breadcrumb\",\"itemListElement\":[{\"@type\":\"ListItem\",\"position\":1,\"name\":\"Portada\",\"item\":\"https:\\\/\\\/schoenstatt.com\\\/de\\\/home\\\/\"},{\"@type\":\"ListItem\",\"position\":2,\"name\":\"Ehepaar Berger: \u00abden g\u00f6ttlichen Funken in jedem Menschen suchen\u00bb\"}]},{\"@type\":\"WebSite\",\"@id\":\"https:\\\/\\\/schoenstatt.com\\\/de\\\/#website\",\"url\":\"https:\\\/\\\/schoenstatt.com\\\/de\\\/\",\"name\":\"Schoenstatt\",\"description\":\"Apostolic Movement\",\"publisher\":{\"@id\":\"https:\\\/\\\/schoenstatt.com\\\/de\\\/#organization\"},\"potentialAction\":[{\"@type\":\"SearchAction\",\"target\":{\"@type\":\"EntryPoint\",\"urlTemplate\":\"https:\\\/\\\/schoenstatt.com\\\/de\\\/?s={search_term_string}\"},\"query-input\":{\"@type\":\"PropertyValueSpecification\",\"valueRequired\":true,\"valueName\":\"search_term_string\"}}],\"inLanguage\":\"de\"},{\"@type\":\"Organization\",\"@id\":\"https:\\\/\\\/schoenstatt.com\\\/de\\\/#organization\",\"name\":\"Schoenstatt\",\"url\":\"https:\\\/\\\/schoenstatt.com\\\/de\\\/\",\"logo\":{\"@type\":\"ImageObject\",\"inLanguage\":\"de\",\"@id\":\"https:\\\/\\\/schoenstatt.com\\\/de\\\/#\\\/schema\\\/logo\\\/image\\\/\",\"url\":\"https:\\\/\\\/schoenstatt.com\\\/wp-content\\\/uploads\\\/2025\\\/04\\\/logo-schoenstatt-white-696x696-1.png\",\"contentUrl\":\"https:\\\/\\\/schoenstatt.com\\\/wp-content\\\/uploads\\\/2025\\\/04\\\/logo-schoenstatt-white-696x696-1.png\",\"width\":696,\"height\":694,\"caption\":\"Schoenstatt\"},\"image\":{\"@id\":\"https:\\\/\\\/schoenstatt.com\\\/de\\\/#\\\/schema\\\/logo\\\/image\\\/\"}},{\"@type\":\"Person\",\"@id\":\"https:\\\/\\\/schoenstatt.com\\\/de\\\/#\\\/schema\\\/person\\\/ea97a60c723e21c923e2177f0f3163f7\",\"name\":\"Vanessa Franke\",\"image\":{\"@type\":\"ImageObject\",\"inLanguage\":\"de\",\"@id\":\"https:\\\/\\\/secure.gravatar.com\\\/avatar\\\/a9bcca3409928ccd3195eca11e2ccbb2e5d7c7912e9a945d4f326f81a0a5cb4a?s=96&d=mm&r=g\",\"url\":\"https:\\\/\\\/secure.gravatar.com\\\/avatar\\\/a9bcca3409928ccd3195eca11e2ccbb2e5d7c7912e9a945d4f326f81a0a5cb4a?s=96&d=mm&r=g\",\"contentUrl\":\"https:\\\/\\\/secure.gravatar.com\\\/avatar\\\/a9bcca3409928ccd3195eca11e2ccbb2e5d7c7912e9a945d4f326f81a0a5cb4a?s=96&d=mm&r=g\",\"caption\":\"Vanessa Franke\"},\"url\":\"https:\\\/\\\/schoenstatt.com\\\/de\\\/author\\\/vanessa-franke\\\/\"}]}<\/script>\n<!-- \/ Yoast SEO Premium plugin. -->","yoast_head_json":{"title":"Ehepaar Berger: \"den g\u00f6ttlichen Funken in jedem Menschen suchen\"","description":"Eva und Erich Berger begeistert das Wort Pater Kentenichs, welches zum Programm der Akademie f\u00fcr Familienp\u00e4dagogik geworden ist.","robots":{"index":"index","follow":"follow","max-snippet":"max-snippet:-1","max-image-preview":"max-image-preview:large","max-video-preview":"max-video-preview:-1"},"canonical":"https:\/\/schoenstatt.com\/de\/ehepaar-berger-den-goettlichen-funken-in-jedem-menschen-suchen\/","og_locale":"de_DE","og_type":"article","og_title":"Ehepaar Berger: \"den g\u00f6ttlichen Funken in jedem Menschen suchen\"","og_description":"Eva und Erich Berger begeistert das Wort Pater Kentenichs, welches zum Programm der Akademie f\u00fcr Familienp\u00e4dagogik geworden ist.","og_url":"https:\/\/schoenstatt.com\/de\/ehepaar-berger-den-goettlichen-funken-in-jedem-menschen-suchen\/","og_site_name":"Schoenstatt","article_published_time":"2022-02-28T09:05:39+00:00","article_modified_time":"2025-05-15T18:03:08+00:00","og_image":[{"width":1905,"height":1053,"url":"https:\/\/schoenstatt.com\/wp-content\/uploads\/2022\/02\/Screenshot-49-1-1.png","type":"image\/png"}],"author":"Vanessa Franke","twitter_card":"summary_large_image","twitter_misc":{"Verfasst von":"Vanessa Franke","Gesch\u00e4tzte Lesezeit":"2\u00a0Minuten"},"schema":{"@context":"https:\/\/schema.org","@graph":[{"@type":"Article","@id":"https:\/\/schoenstatt.com\/de\/ehepaar-berger-den-goettlichen-funken-in-jedem-menschen-suchen\/#article","isPartOf":{"@id":"https:\/\/schoenstatt.com\/de\/ehepaar-berger-den-goettlichen-funken-in-jedem-menschen-suchen\/"},"author":{"name":"Vanessa Franke","@id":"https:\/\/schoenstatt.com\/de\/#\/schema\/person\/ea97a60c723e21c923e2177f0f3163f7"},"headline":"Ehepaar Berger: &#8222;den g\u00f6ttlichen Funken in jedem Menschen suchen&#8220;","datePublished":"2022-02-28T09:05:39+00:00","dateModified":"2025-05-15T18:03:08+00:00","mainEntityOfPage":{"@id":"https:\/\/schoenstatt.com\/de\/ehepaar-berger-den-goettlichen-funken-in-jedem-menschen-suchen\/"},"wordCount":335,"publisher":{"@id":"https:\/\/schoenstatt.com\/de\/#organization"},"image":{"@id":"https:\/\/schoenstatt.com\/de\/ehepaar-berger-den-goettlichen-funken-in-jedem-menschen-suchen\/#primaryimage"},"thumbnailUrl":"https:\/\/schoenstatt.com\/wp-content\/uploads\/2022\/02\/Screenshot-49-1-1.png","articleSection":["P. Josef Kentenich"],"inLanguage":"de"},{"@type":"WebPage","@id":"https:\/\/schoenstatt.com\/de\/ehepaar-berger-den-goettlichen-funken-in-jedem-menschen-suchen\/","url":"https:\/\/schoenstatt.com\/de\/ehepaar-berger-den-goettlichen-funken-in-jedem-menschen-suchen\/","name":"Ehepaar Berger: \"den g\u00f6ttlichen Funken in jedem Menschen suchen\"","isPartOf":{"@id":"https:\/\/schoenstatt.com\/de\/#website"},"primaryImageOfPage":{"@id":"https:\/\/schoenstatt.com\/de\/ehepaar-berger-den-goettlichen-funken-in-jedem-menschen-suchen\/#primaryimage"},"image":{"@id":"https:\/\/schoenstatt.com\/de\/ehepaar-berger-den-goettlichen-funken-in-jedem-menschen-suchen\/#primaryimage"},"thumbnailUrl":"https:\/\/schoenstatt.com\/wp-content\/uploads\/2022\/02\/Screenshot-49-1-1.png","datePublished":"2022-02-28T09:05:39+00:00","dateModified":"2025-05-15T18:03:08+00:00","description":"Eva und Erich Berger begeistert das Wort Pater Kentenichs, welches zum Programm der Akademie f\u00fcr Familienp\u00e4dagogik geworden ist.","breadcrumb":{"@id":"https:\/\/schoenstatt.com\/de\/ehepaar-berger-den-goettlichen-funken-in-jedem-menschen-suchen\/#breadcrumb"},"inLanguage":"de","potentialAction":[{"@type":"ReadAction","target":["https:\/\/schoenstatt.com\/de\/ehepaar-berger-den-goettlichen-funken-in-jedem-menschen-suchen\/"]}]},{"@type":"ImageObject","inLanguage":"de","@id":"https:\/\/schoenstatt.com\/de\/ehepaar-berger-den-goettlichen-funken-in-jedem-menschen-suchen\/#primaryimage","url":"https:\/\/schoenstatt.com\/wp-content\/uploads\/2022\/02\/Screenshot-49-1-1.png","contentUrl":"https:\/\/schoenstatt.com\/wp-content\/uploads\/2022\/02\/Screenshot-49-1-1.png","width":1905,"height":1053,"caption":"g\u00f6ttlichen Funken"},{"@type":"BreadcrumbList","@id":"https:\/\/schoenstatt.com\/de\/ehepaar-berger-den-goettlichen-funken-in-jedem-menschen-suchen\/#breadcrumb","itemListElement":[{"@type":"ListItem","position":1,"name":"Portada","item":"https:\/\/schoenstatt.com\/de\/home\/"},{"@type":"ListItem","position":2,"name":"Ehepaar Berger: \u00abden g\u00f6ttlichen Funken in jedem Menschen suchen\u00bb"}]},{"@type":"WebSite","@id":"https:\/\/schoenstatt.com\/de\/#website","url":"https:\/\/schoenstatt.com\/de\/","name":"Schoenstatt","description":"Apostolic Movement","publisher":{"@id":"https:\/\/schoenstatt.com\/de\/#organization"},"potentialAction":[{"@type":"SearchAction","target":{"@type":"EntryPoint","urlTemplate":"https:\/\/schoenstatt.com\/de\/?s={search_term_string}"},"query-input":{"@type":"PropertyValueSpecification","valueRequired":true,"valueName":"search_term_string"}}],"inLanguage":"de"},{"@type":"Organization","@id":"https:\/\/schoenstatt.com\/de\/#organization","name":"Schoenstatt","url":"https:\/\/schoenstatt.com\/de\/","logo":{"@type":"ImageObject","inLanguage":"de","@id":"https:\/\/schoenstatt.com\/de\/#\/schema\/logo\/image\/","url":"https:\/\/schoenstatt.com\/wp-content\/uploads\/2025\/04\/logo-schoenstatt-white-696x696-1.png","contentUrl":"https:\/\/schoenstatt.com\/wp-content\/uploads\/2025\/04\/logo-schoenstatt-white-696x696-1.png","width":696,"height":694,"caption":"Schoenstatt"},"image":{"@id":"https:\/\/schoenstatt.com\/de\/#\/schema\/logo\/image\/"}},{"@type":"Person","@id":"https:\/\/schoenstatt.com\/de\/#\/schema\/person\/ea97a60c723e21c923e2177f0f3163f7","name":"Vanessa Franke","image":{"@type":"ImageObject","inLanguage":"de","@id":"https:\/\/secure.gravatar.com\/avatar\/a9bcca3409928ccd3195eca11e2ccbb2e5d7c7912e9a945d4f326f81a0a5cb4a?s=96&d=mm&r=g","url":"https:\/\/secure.gravatar.com\/avatar\/a9bcca3409928ccd3195eca11e2ccbb2e5d7c7912e9a945d4f326f81a0a5cb4a?s=96&d=mm&r=g","contentUrl":"https:\/\/secure.gravatar.com\/avatar\/a9bcca3409928ccd3195eca11e2ccbb2e5d7c7912e9a945d4f326f81a0a5cb4a?s=96&d=mm&r=g","caption":"Vanessa Franke"},"url":"https:\/\/schoenstatt.com\/de\/author\/vanessa-franke\/"}]}},"_links":{"self":[{"href":"https:\/\/schoenstatt.com\/de\/wp-json\/wp\/v2\/posts\/23872","targetHints":{"allow":["GET"]}}],"collection":[{"href":"https:\/\/schoenstatt.com\/de\/wp-json\/wp\/v2\/posts"}],"about":[{"href":"https:\/\/schoenstatt.com\/de\/wp-json\/wp\/v2\/types\/post"}],"author":[{"embeddable":true,"href":"https:\/\/schoenstatt.com\/de\/wp-json\/wp\/v2\/users\/6"}],"replies":[{"embeddable":true,"href":"https:\/\/schoenstatt.com\/de\/wp-json\/wp\/v2\/comments?post=23872"}],"version-history":[{"count":1,"href":"https:\/\/schoenstatt.com\/de\/wp-json\/wp\/v2\/posts\/23872\/revisions"}],"predecessor-version":[{"id":45049,"href":"https:\/\/schoenstatt.com\/de\/wp-json\/wp\/v2\/posts\/23872\/revisions\/45049"}],"wp:featuredmedia":[{"embeddable":true,"href":"https:\/\/schoenstatt.com\/de\/wp-json\/wp\/v2\/media\/23877"}],"wp:attachment":[{"href":"https:\/\/schoenstatt.com\/de\/wp-json\/wp\/v2\/media?parent=23872"}],"wp:term":[{"taxonomy":"category","embeddable":true,"href":"https:\/\/schoenstatt.com\/de\/wp-json\/wp\/v2\/categories?post=23872"},{"taxonomy":"post_tag","embeddable":true,"href":"https:\/\/schoenstatt.com\/de\/wp-json\/wp\/v2\/tags?post=23872"}],"curies":[{"name":"wp","href":"https:\/\/api.w.org\/{rel}","templated":true}]}}