{"id":23625,"date":"2021-05-19T16:16:15","date_gmt":"2021-05-19T14:16:15","guid":{"rendered":"https:\/\/schoenstatt.com\/?p=23625"},"modified":"2025-08-19T17:24:11","modified_gmt":"2025-08-19T15:24:11","slug":"vatikan-pastorale-richtlinien-fuer-weltjugendtage-in-ortskirchen","status":"publish","type":"post","link":"https:\/\/schoenstatt.com\/de\/vatikan-pastorale-richtlinien-fuer-weltjugendtage-in-ortskirchen\/","title":{"rendered":"Vatikan: Pastorale Richtlinien f\u00fcr Weltjugendtage in Ortskirchen"},"content":{"rendered":"<p>Die \u201ePastoralen Richtlinien f\u00fcr die Feier der <a href=\"https:\/\/lisboa2023.org\/en\/\">Weltjugendtage<\/a> in den Ortskirchen\u201c hat das beim Vatikan f\u00fcr Laien, Familie und Leben zust\u00e4ndige Dikasterium erarbeitet. Der gut zehnseitige Leitfaden, der auch auf Deutsch vorliegt, soll die einzelnen Ortskirchen ermutigen, den \u00f6rtlichen Weltjugendtagen \u201eimmer mehr Bedeutung beizumessen\u201c, hei\u00dft es in dem Dokument. Die katholische Kirche will zeigen, dass ihr junge Leute wichtig sind und dass die Bischofssynode zum Thema \u201eDie Jugendlichen, der Glaube und die Berufungsunterscheidung\u201c aus dem Jahr 2018 nicht in Vergessenheit geraten ist:<\/p>\n<p>\u201eAls wir \u00fcberlegt haben, wie die Vorschl\u00e4ge der Synode und die jahrelangen Erfahrungen bei der Koordination der Weltjugendtage konkret umgesetzt werden k\u00f6nnen, kam uns ein Dokument in den Sinn, das Kernpunkte sammelt, die diese Treffen im Lauf der Jahre erfolgreich gemacht haben, um diese Erkenntnisse den einzelnen Kirchen bereit zu stellen\u201c, erkl\u00e4rte der Sekret\u00e4r des Dikasteriums f\u00fcr Laien, Familie und Leben, Pater Awi Mello bei der Pressekonferenz diesen Dienstag im Vatikan.<\/p>\n<h3>\u00d6rtliche Weltjugendtage k\u00fcnftig an Christk\u00f6nig<\/h3>\n<p><img fetchpriority=\"high\" decoding=\"async\" class=\"alignnone size-full wp-image-23617\" src=\"https:\/\/schoenstatt.com\/wp-content\/uploads\/2022\/02\/cathopic_1485909891848740-scaled.jpg\" alt=\"JMJ\" width=\"2560\" height=\"1556\" \/><\/p>\n<p>Die internationalen katholischen <a href=\"https:\/\/schoenstatt.com\/de\/kirche\/weltjugendtag-2023-findet-von-1-bis-6-august-statt\/\">Weltjugendtage<\/a> werden in der Regel alle drei Jahre in einem anderen Land unter Beteiligung des Heiligen Vaters gefeiert. Au\u00dferdem gibt es f\u00fcr gew\u00f6hnlich jedes Jahr lokale Weltjugendtage in den jeweiligen Ortskirchen. Diese zu st\u00e4rken, ist auch Papst Franziskus ein Anliegen. Zum Ende der Hl. Messe des Christk\u00f6nigsfests am 22. November 2020 forderte er daher einen Relaunch der Weltjugendtage in den einzelnen Ortskirchen. Bei dieser Gelegenheit k\u00fcndigte er auch an, dass der regionale WJT, der traditionell am Palmsonntag stattfand, ab 2021 am Sonntag des Christk\u00f6nigsfestes gefeiert wird. Die Ortskirche kann jedoch auch auf andere Termine ausweichen, wenn dies im speziellen Kontext g\u00fcnstiger ist.<\/p>\n<h3>\u201eM\u00f6glichkeiten eines Dialogs der Jugendlichen im Heiligen Land durch den WJT f\u00f6rdern\u201c<\/h3>\n<p>F\u00fcr die Gestaltung der Weltjugendtage bietet der neue Leitfaden aus dem Vatikan in sechs Kapiteln verschiedene Anregungen. Die pastoralen Leitlinien richten sich nicht nur an die weltweiten katholischen Bischofskonferenzen, Bist\u00fcmer und kirchlichen Bewegungen und Verb\u00e4nde, sondern nicht zuletzt auch an junge Menschen auf der ganzen Welt. Einige von ihnen waren stellvertretend auch bei der Pressekonferenz zur Vorstellung des Dokuments im Vatikan dabei, so etwa Maria Lisa Abu Nassar aus dem Heiligen Land. Sie lobte in ihrem Redebeitrag nicht nur den neuen Leitfaden f\u00fcr die Weltjugendtage. Mit Blick auf die j\u00fcngste Gewalteskalation in ihrer Heimat rief sie auch dazu auf, die Jugendtreffen k\u00fcnftig verst\u00e4rkt zum Dialog zwischen den Religionen und f\u00fcr Friedensf\u00f6rderung zu nutzen:<\/p>\n<p>\u201eDas Heilige Land ist ein kleines Gebiet, das verschiedene Religionen versammelt; Christen sind dort eine Minderheit. Wie wichtig w\u00e4re es, gerade in diesen Tagen angesichts der Lage in Jerusalem und der ganzen Region die T\u00fcr zum Dialog zwischen jungen Leuten der verschiedenen Religionen zu \u00f6ffnen. Ich glaube, dass alle jungen Menschen, auch wenn wir alle unterschiedlich sind, einen gemeinsamen Ausgangspunkt haben: Wir sind auf der Suche nach etwas, oder vielmehr jemandem, der unserer Existenz einen Sinn gibt. M\u00f6glichkeiten eines Dialogs der Jugendlichen im Heiligen Land durch den WJT zu f\u00f6rdern, und so allen Gelegenheit zu verschaffen, sich zu \u00e4u\u00dfern, w\u00fcrde bedeuten, weiter hoffen zu k\u00f6nnen, dass eines Tages in dem Land, in dem Jesus geboren wurde und lebte, Frieden herrschen wird.\u201c<\/p>\n<p>(vatican news &#8211; sst)<\/p>\n","protected":false},"excerpt":{"rendered":"<p>Der internationale katholische Weltjugendtag (WJT) in Portugal wurde aufgrund der Pandemie verschoben. Unabh\u00e4ngig davon will der Vatikan auch die j\u00e4hrlich regional begangenen WJTs st\u00e4rken. Dazu ver\u00f6ffentlichte er diesen Dienstag einen Leitfaden. Maria Lisa Abu Nassar aus dem Heiligen Land war als Vertreterin junger Menschen dabei &#8211; und nutze die Gelegenheit zu einem Friedensappell.<\/p>\n","protected":false},"author":1,"featured_media":23619,"comment_status":"closed","ping_status":"closed","sticky":false,"template":"","format":"standard","meta":{"footnotes":""},"categories":[922,851],"tags":[1264,853,1261],"class_list":["post-23625","post","type-post","status-publish","format-standard","has-post-thumbnail","hentry","category-jugend-de","category-kirche-de","tag-jugend-de","tag-kirche-de","tag-weltjugendtag-wjt-de"],"yoast_head":"<!-- This site is optimized with the Yoast SEO Premium plugin v27.4 (Yoast SEO v27.4) - https:\/\/yoast.com\/product\/yoast-seo-premium-wordpress\/ -->\n<title>Vatikan: Pastorale Richtlinien f\u00fcr Weltjugendtage in Ortskirchen - Schoenstatt<\/title>\n<meta name=\"description\" content=\"Der Weltjugendtag in Portugal wurde aufgrund der Pandemie verschoben. Unabh\u00e4ngig davon will der Vatikan auch die j\u00e4hrlich regional begangenen WJTs st\u00e4rken.\" \/>\n<meta name=\"robots\" content=\"index, follow, max-snippet:-1, max-image-preview:large, max-video-preview:-1\" \/>\n<link rel=\"canonical\" href=\"https:\/\/schoenstatt.com\/de\/vatikan-pastorale-richtlinien-fuer-weltjugendtage-in-ortskirchen\/\" \/>\n<meta property=\"og:locale\" content=\"de_DE\" \/>\n<meta property=\"og:type\" content=\"article\" \/>\n<meta property=\"og:title\" content=\"Vatikan: Pastorale Richtlinien f\u00fcr Weltjugendtage in Ortskirchen\" \/>\n<meta property=\"og:description\" content=\"Der Weltjugendtag in Portugal wurde aufgrund der Pandemie verschoben. Unabh\u00e4ngig davon will der Vatikan auch die j\u00e4hrlich regional begangenen WJTs st\u00e4rken.\" \/>\n<meta property=\"og:url\" content=\"https:\/\/schoenstatt.com\/de\/vatikan-pastorale-richtlinien-fuer-weltjugendtage-in-ortskirchen\/\" \/>\n<meta property=\"og:site_name\" content=\"Schoenstatt\" \/>\n<meta property=\"article:published_time\" content=\"2021-05-19T14:16:15+00:00\" \/>\n<meta property=\"article:modified_time\" content=\"2025-08-19T15:24:11+00:00\" \/>\n<meta property=\"og:image\" content=\"https:\/\/schoenstatt.com\/wp-content\/uploads\/2022\/02\/cathopic_1484596489848545-scaled-1.jpg\" \/>\n\t<meta property=\"og:image:width\" content=\"2560\" \/>\n\t<meta property=\"og:image:height\" content=\"1920\" \/>\n\t<meta property=\"og:image:type\" content=\"image\/jpeg\" \/>\n<meta name=\"author\" content=\"admin\" \/>\n<meta name=\"twitter:card\" content=\"summary_large_image\" \/>\n<meta name=\"twitter:label1\" content=\"Verfasst von\" \/>\n\t<meta name=\"twitter:data1\" content=\"admin\" \/>\n\t<meta name=\"twitter:label2\" content=\"Gesch\u00e4tzte Lesezeit\" \/>\n\t<meta name=\"twitter:data2\" content=\"3\u00a0Minuten\" \/>\n<script type=\"application\/ld+json\" class=\"yoast-schema-graph\">{\"@context\":\"https:\\\/\\\/schema.org\",\"@graph\":[{\"@type\":\"Article\",\"@id\":\"https:\\\/\\\/schoenstatt.com\\\/de\\\/vatikan-pastorale-richtlinien-fuer-weltjugendtage-in-ortskirchen\\\/#article\",\"isPartOf\":{\"@id\":\"https:\\\/\\\/schoenstatt.com\\\/de\\\/vatikan-pastorale-richtlinien-fuer-weltjugendtage-in-ortskirchen\\\/\"},\"author\":{\"name\":\"admin\",\"@id\":\"https:\\\/\\\/schoenstatt.com\\\/de\\\/#\\\/schema\\\/person\\\/489465b1850e7b216fe2c10dfc262551\"},\"headline\":\"Vatikan: Pastorale Richtlinien f\u00fcr Weltjugendtage in Ortskirchen\",\"datePublished\":\"2021-05-19T14:16:15+00:00\",\"dateModified\":\"2025-08-19T15:24:11+00:00\",\"mainEntityOfPage\":{\"@id\":\"https:\\\/\\\/schoenstatt.com\\\/de\\\/vatikan-pastorale-richtlinien-fuer-weltjugendtage-in-ortskirchen\\\/\"},\"wordCount\":554,\"publisher\":{\"@id\":\"https:\\\/\\\/schoenstatt.com\\\/de\\\/#organization\"},\"image\":{\"@id\":\"https:\\\/\\\/schoenstatt.com\\\/de\\\/vatikan-pastorale-richtlinien-fuer-weltjugendtage-in-ortskirchen\\\/#primaryimage\"},\"thumbnailUrl\":\"https:\\\/\\\/schoenstatt.com\\\/wp-content\\\/uploads\\\/2022\\\/02\\\/cathopic_1484596489848545-scaled-1.jpg\",\"keywords\":[\"Jugend\",\"Kirche\",\"Weltjugendtag - WJT\"],\"articleSection\":[\"Jugend\",\"Kirche\"],\"inLanguage\":\"de\"},{\"@type\":\"WebPage\",\"@id\":\"https:\\\/\\\/schoenstatt.com\\\/de\\\/vatikan-pastorale-richtlinien-fuer-weltjugendtage-in-ortskirchen\\\/\",\"url\":\"https:\\\/\\\/schoenstatt.com\\\/de\\\/vatikan-pastorale-richtlinien-fuer-weltjugendtage-in-ortskirchen\\\/\",\"name\":\"Vatikan: Pastorale Richtlinien f\u00fcr Weltjugendtage in Ortskirchen - Schoenstatt\",\"isPartOf\":{\"@id\":\"https:\\\/\\\/schoenstatt.com\\\/de\\\/#website\"},\"primaryImageOfPage\":{\"@id\":\"https:\\\/\\\/schoenstatt.com\\\/de\\\/vatikan-pastorale-richtlinien-fuer-weltjugendtage-in-ortskirchen\\\/#primaryimage\"},\"image\":{\"@id\":\"https:\\\/\\\/schoenstatt.com\\\/de\\\/vatikan-pastorale-richtlinien-fuer-weltjugendtage-in-ortskirchen\\\/#primaryimage\"},\"thumbnailUrl\":\"https:\\\/\\\/schoenstatt.com\\\/wp-content\\\/uploads\\\/2022\\\/02\\\/cathopic_1484596489848545-scaled-1.jpg\",\"datePublished\":\"2021-05-19T14:16:15+00:00\",\"dateModified\":\"2025-08-19T15:24:11+00:00\",\"description\":\"Der Weltjugendtag in Portugal wurde aufgrund der Pandemie verschoben. Unabh\u00e4ngig davon will der Vatikan auch die j\u00e4hrlich regional begangenen WJTs st\u00e4rken.\",\"breadcrumb\":{\"@id\":\"https:\\\/\\\/schoenstatt.com\\\/de\\\/vatikan-pastorale-richtlinien-fuer-weltjugendtage-in-ortskirchen\\\/#breadcrumb\"},\"inLanguage\":\"de\",\"potentialAction\":[{\"@type\":\"ReadAction\",\"target\":[\"https:\\\/\\\/schoenstatt.com\\\/de\\\/vatikan-pastorale-richtlinien-fuer-weltjugendtage-in-ortskirchen\\\/\"]}]},{\"@type\":\"ImageObject\",\"inLanguage\":\"de\",\"@id\":\"https:\\\/\\\/schoenstatt.com\\\/de\\\/vatikan-pastorale-richtlinien-fuer-weltjugendtage-in-ortskirchen\\\/#primaryimage\",\"url\":\"https:\\\/\\\/schoenstatt.com\\\/wp-content\\\/uploads\\\/2022\\\/02\\\/cathopic_1484596489848545-scaled-1.jpg\",\"contentUrl\":\"https:\\\/\\\/schoenstatt.com\\\/wp-content\\\/uploads\\\/2022\\\/02\\\/cathopic_1484596489848545-scaled-1.jpg\",\"width\":2560,\"height\":1920,\"caption\":\"Weltjugendtag\"},{\"@type\":\"BreadcrumbList\",\"@id\":\"https:\\\/\\\/schoenstatt.com\\\/de\\\/vatikan-pastorale-richtlinien-fuer-weltjugendtage-in-ortskirchen\\\/#breadcrumb\",\"itemListElement\":[{\"@type\":\"ListItem\",\"position\":1,\"name\":\"Portada\",\"item\":\"https:\\\/\\\/schoenstatt.com\\\/de\\\/home\\\/\"},{\"@type\":\"ListItem\",\"position\":2,\"name\":\"Vatikan: Pastorale Richtlinien f\u00fcr Weltjugendtage in Ortskirchen\"}]},{\"@type\":\"WebSite\",\"@id\":\"https:\\\/\\\/schoenstatt.com\\\/de\\\/#website\",\"url\":\"https:\\\/\\\/schoenstatt.com\\\/de\\\/\",\"name\":\"Schoenstatt\",\"description\":\"Apostolic Movement\",\"publisher\":{\"@id\":\"https:\\\/\\\/schoenstatt.com\\\/de\\\/#organization\"},\"potentialAction\":[{\"@type\":\"SearchAction\",\"target\":{\"@type\":\"EntryPoint\",\"urlTemplate\":\"https:\\\/\\\/schoenstatt.com\\\/de\\\/?s={search_term_string}\"},\"query-input\":{\"@type\":\"PropertyValueSpecification\",\"valueRequired\":true,\"valueName\":\"search_term_string\"}}],\"inLanguage\":\"de\"},{\"@type\":\"Organization\",\"@id\":\"https:\\\/\\\/schoenstatt.com\\\/de\\\/#organization\",\"name\":\"Schoenstatt\",\"url\":\"https:\\\/\\\/schoenstatt.com\\\/de\\\/\",\"logo\":{\"@type\":\"ImageObject\",\"inLanguage\":\"de\",\"@id\":\"https:\\\/\\\/schoenstatt.com\\\/de\\\/#\\\/schema\\\/logo\\\/image\\\/\",\"url\":\"https:\\\/\\\/schoenstatt.com\\\/wp-content\\\/uploads\\\/2025\\\/04\\\/logo-schoenstatt-white-696x696-1.png\",\"contentUrl\":\"https:\\\/\\\/schoenstatt.com\\\/wp-content\\\/uploads\\\/2025\\\/04\\\/logo-schoenstatt-white-696x696-1.png\",\"width\":696,\"height\":694,\"caption\":\"Schoenstatt\"},\"image\":{\"@id\":\"https:\\\/\\\/schoenstatt.com\\\/de\\\/#\\\/schema\\\/logo\\\/image\\\/\"}},{\"@type\":\"Person\",\"@id\":\"https:\\\/\\\/schoenstatt.com\\\/de\\\/#\\\/schema\\\/person\\\/489465b1850e7b216fe2c10dfc262551\",\"name\":\"admin\",\"image\":{\"@type\":\"ImageObject\",\"inLanguage\":\"de\",\"@id\":\"https:\\\/\\\/secure.gravatar.com\\\/avatar\\\/02e8345e1ec40ab0e0a2a98fdde64a684bbaf994cddcb778b25b8b024ee9dfe6?s=96&d=mm&r=g\",\"url\":\"https:\\\/\\\/secure.gravatar.com\\\/avatar\\\/02e8345e1ec40ab0e0a2a98fdde64a684bbaf994cddcb778b25b8b024ee9dfe6?s=96&d=mm&r=g\",\"contentUrl\":\"https:\\\/\\\/secure.gravatar.com\\\/avatar\\\/02e8345e1ec40ab0e0a2a98fdde64a684bbaf994cddcb778b25b8b024ee9dfe6?s=96&d=mm&r=g\",\"caption\":\"admin\"},\"sameAs\":[\"https:\\\/\\\/schoenstatt.com\"],\"url\":\"https:\\\/\\\/schoenstatt.com\\\/de\\\/author\\\/admin\\\/\"}]}<\/script>\n<!-- \/ Yoast SEO Premium plugin. -->","yoast_head_json":{"title":"Vatikan: Pastorale Richtlinien f\u00fcr Weltjugendtage in Ortskirchen - Schoenstatt","description":"Der Weltjugendtag in Portugal wurde aufgrund der Pandemie verschoben. Unabh\u00e4ngig davon will der Vatikan auch die j\u00e4hrlich regional begangenen WJTs st\u00e4rken.","robots":{"index":"index","follow":"follow","max-snippet":"max-snippet:-1","max-image-preview":"max-image-preview:large","max-video-preview":"max-video-preview:-1"},"canonical":"https:\/\/schoenstatt.com\/de\/vatikan-pastorale-richtlinien-fuer-weltjugendtage-in-ortskirchen\/","og_locale":"de_DE","og_type":"article","og_title":"Vatikan: Pastorale Richtlinien f\u00fcr Weltjugendtage in Ortskirchen","og_description":"Der Weltjugendtag in Portugal wurde aufgrund der Pandemie verschoben. Unabh\u00e4ngig davon will der Vatikan auch die j\u00e4hrlich regional begangenen WJTs st\u00e4rken.","og_url":"https:\/\/schoenstatt.com\/de\/vatikan-pastorale-richtlinien-fuer-weltjugendtage-in-ortskirchen\/","og_site_name":"Schoenstatt","article_published_time":"2021-05-19T14:16:15+00:00","article_modified_time":"2025-08-19T15:24:11+00:00","og_image":[{"width":2560,"height":1920,"url":"https:\/\/schoenstatt.com\/wp-content\/uploads\/2022\/02\/cathopic_1484596489848545-scaled-1.jpg","type":"image\/jpeg"}],"author":"admin","twitter_card":"summary_large_image","twitter_misc":{"Verfasst von":"admin","Gesch\u00e4tzte Lesezeit":"3\u00a0Minuten"},"schema":{"@context":"https:\/\/schema.org","@graph":[{"@type":"Article","@id":"https:\/\/schoenstatt.com\/de\/vatikan-pastorale-richtlinien-fuer-weltjugendtage-in-ortskirchen\/#article","isPartOf":{"@id":"https:\/\/schoenstatt.com\/de\/vatikan-pastorale-richtlinien-fuer-weltjugendtage-in-ortskirchen\/"},"author":{"name":"admin","@id":"https:\/\/schoenstatt.com\/de\/#\/schema\/person\/489465b1850e7b216fe2c10dfc262551"},"headline":"Vatikan: Pastorale Richtlinien f\u00fcr Weltjugendtage in Ortskirchen","datePublished":"2021-05-19T14:16:15+00:00","dateModified":"2025-08-19T15:24:11+00:00","mainEntityOfPage":{"@id":"https:\/\/schoenstatt.com\/de\/vatikan-pastorale-richtlinien-fuer-weltjugendtage-in-ortskirchen\/"},"wordCount":554,"publisher":{"@id":"https:\/\/schoenstatt.com\/de\/#organization"},"image":{"@id":"https:\/\/schoenstatt.com\/de\/vatikan-pastorale-richtlinien-fuer-weltjugendtage-in-ortskirchen\/#primaryimage"},"thumbnailUrl":"https:\/\/schoenstatt.com\/wp-content\/uploads\/2022\/02\/cathopic_1484596489848545-scaled-1.jpg","keywords":["Jugend","Kirche","Weltjugendtag - WJT"],"articleSection":["Jugend","Kirche"],"inLanguage":"de"},{"@type":"WebPage","@id":"https:\/\/schoenstatt.com\/de\/vatikan-pastorale-richtlinien-fuer-weltjugendtage-in-ortskirchen\/","url":"https:\/\/schoenstatt.com\/de\/vatikan-pastorale-richtlinien-fuer-weltjugendtage-in-ortskirchen\/","name":"Vatikan: Pastorale Richtlinien f\u00fcr Weltjugendtage in Ortskirchen - Schoenstatt","isPartOf":{"@id":"https:\/\/schoenstatt.com\/de\/#website"},"primaryImageOfPage":{"@id":"https:\/\/schoenstatt.com\/de\/vatikan-pastorale-richtlinien-fuer-weltjugendtage-in-ortskirchen\/#primaryimage"},"image":{"@id":"https:\/\/schoenstatt.com\/de\/vatikan-pastorale-richtlinien-fuer-weltjugendtage-in-ortskirchen\/#primaryimage"},"thumbnailUrl":"https:\/\/schoenstatt.com\/wp-content\/uploads\/2022\/02\/cathopic_1484596489848545-scaled-1.jpg","datePublished":"2021-05-19T14:16:15+00:00","dateModified":"2025-08-19T15:24:11+00:00","description":"Der Weltjugendtag in Portugal wurde aufgrund der Pandemie verschoben. Unabh\u00e4ngig davon will der Vatikan auch die j\u00e4hrlich regional begangenen WJTs st\u00e4rken.","breadcrumb":{"@id":"https:\/\/schoenstatt.com\/de\/vatikan-pastorale-richtlinien-fuer-weltjugendtage-in-ortskirchen\/#breadcrumb"},"inLanguage":"de","potentialAction":[{"@type":"ReadAction","target":["https:\/\/schoenstatt.com\/de\/vatikan-pastorale-richtlinien-fuer-weltjugendtage-in-ortskirchen\/"]}]},{"@type":"ImageObject","inLanguage":"de","@id":"https:\/\/schoenstatt.com\/de\/vatikan-pastorale-richtlinien-fuer-weltjugendtage-in-ortskirchen\/#primaryimage","url":"https:\/\/schoenstatt.com\/wp-content\/uploads\/2022\/02\/cathopic_1484596489848545-scaled-1.jpg","contentUrl":"https:\/\/schoenstatt.com\/wp-content\/uploads\/2022\/02\/cathopic_1484596489848545-scaled-1.jpg","width":2560,"height":1920,"caption":"Weltjugendtag"},{"@type":"BreadcrumbList","@id":"https:\/\/schoenstatt.com\/de\/vatikan-pastorale-richtlinien-fuer-weltjugendtage-in-ortskirchen\/#breadcrumb","itemListElement":[{"@type":"ListItem","position":1,"name":"Portada","item":"https:\/\/schoenstatt.com\/de\/home\/"},{"@type":"ListItem","position":2,"name":"Vatikan: Pastorale Richtlinien f\u00fcr Weltjugendtage in Ortskirchen"}]},{"@type":"WebSite","@id":"https:\/\/schoenstatt.com\/de\/#website","url":"https:\/\/schoenstatt.com\/de\/","name":"Schoenstatt","description":"Apostolic Movement","publisher":{"@id":"https:\/\/schoenstatt.com\/de\/#organization"},"potentialAction":[{"@type":"SearchAction","target":{"@type":"EntryPoint","urlTemplate":"https:\/\/schoenstatt.com\/de\/?s={search_term_string}"},"query-input":{"@type":"PropertyValueSpecification","valueRequired":true,"valueName":"search_term_string"}}],"inLanguage":"de"},{"@type":"Organization","@id":"https:\/\/schoenstatt.com\/de\/#organization","name":"Schoenstatt","url":"https:\/\/schoenstatt.com\/de\/","logo":{"@type":"ImageObject","inLanguage":"de","@id":"https:\/\/schoenstatt.com\/de\/#\/schema\/logo\/image\/","url":"https:\/\/schoenstatt.com\/wp-content\/uploads\/2025\/04\/logo-schoenstatt-white-696x696-1.png","contentUrl":"https:\/\/schoenstatt.com\/wp-content\/uploads\/2025\/04\/logo-schoenstatt-white-696x696-1.png","width":696,"height":694,"caption":"Schoenstatt"},"image":{"@id":"https:\/\/schoenstatt.com\/de\/#\/schema\/logo\/image\/"}},{"@type":"Person","@id":"https:\/\/schoenstatt.com\/de\/#\/schema\/person\/489465b1850e7b216fe2c10dfc262551","name":"admin","image":{"@type":"ImageObject","inLanguage":"de","@id":"https:\/\/secure.gravatar.com\/avatar\/02e8345e1ec40ab0e0a2a98fdde64a684bbaf994cddcb778b25b8b024ee9dfe6?s=96&d=mm&r=g","url":"https:\/\/secure.gravatar.com\/avatar\/02e8345e1ec40ab0e0a2a98fdde64a684bbaf994cddcb778b25b8b024ee9dfe6?s=96&d=mm&r=g","contentUrl":"https:\/\/secure.gravatar.com\/avatar\/02e8345e1ec40ab0e0a2a98fdde64a684bbaf994cddcb778b25b8b024ee9dfe6?s=96&d=mm&r=g","caption":"admin"},"sameAs":["https:\/\/schoenstatt.com"],"url":"https:\/\/schoenstatt.com\/de\/author\/admin\/"}]}},"_links":{"self":[{"href":"https:\/\/schoenstatt.com\/de\/wp-json\/wp\/v2\/posts\/23625","targetHints":{"allow":["GET"]}}],"collection":[{"href":"https:\/\/schoenstatt.com\/de\/wp-json\/wp\/v2\/posts"}],"about":[{"href":"https:\/\/schoenstatt.com\/de\/wp-json\/wp\/v2\/types\/post"}],"author":[{"embeddable":true,"href":"https:\/\/schoenstatt.com\/de\/wp-json\/wp\/v2\/users\/1"}],"replies":[{"embeddable":true,"href":"https:\/\/schoenstatt.com\/de\/wp-json\/wp\/v2\/comments?post=23625"}],"version-history":[{"count":1,"href":"https:\/\/schoenstatt.com\/de\/wp-json\/wp\/v2\/posts\/23625\/revisions"}],"predecessor-version":[{"id":44531,"href":"https:\/\/schoenstatt.com\/de\/wp-json\/wp\/v2\/posts\/23625\/revisions\/44531"}],"wp:featuredmedia":[{"embeddable":true,"href":"https:\/\/schoenstatt.com\/de\/wp-json\/wp\/v2\/media\/23619"}],"wp:attachment":[{"href":"https:\/\/schoenstatt.com\/de\/wp-json\/wp\/v2\/media?parent=23625"}],"wp:term":[{"taxonomy":"category","embeddable":true,"href":"https:\/\/schoenstatt.com\/de\/wp-json\/wp\/v2\/categories?post=23625"},{"taxonomy":"post_tag","embeddable":true,"href":"https:\/\/schoenstatt.com\/de\/wp-json\/wp\/v2\/tags?post=23625"}],"curies":[{"name":"wp","href":"https:\/\/api.w.org\/{rel}","templated":true}]}}