{"id":23512,"date":"2022-01-29T08:30:11","date_gmt":"2022-01-29T07:30:11","guid":{"rendered":"https:\/\/schoenstatt.com\/?p=23512"},"modified":"2025-05-15T22:24:09","modified_gmt":"2025-05-15T20:24:09","slug":"ein-heiliger-ort-von-dem-kraft-ausgeht","status":"publish","type":"post","link":"https:\/\/schoenstatt.com\/de\/ein-heiliger-ort-von-dem-kraft-ausgeht\/","title":{"rendered":"Ein heiliger Ort, von dem Kraft ausgeht"},"content":{"rendered":"<p>Pfarrer Alois Baumberger, ein Schweizer Missionar, der zu der Gemeinschaft der <a href=\"http:\/\/schoenstatt-priesterbund.de\/Priesterbund.php\">Sch\u00f6nst\u00e4tter Bundespriester<\/a> geh\u00f6rt, lebt und arbeitet seit mehr als 40 Jahren in Afrika. Vor 10 Jahren bekam er von den kamerunischen Bisch\u00f6fen den Auftrag, einen Wallfahrtsort in Marza aufzubauen, ein Projekt, das schon 1949 an den heiligm\u00e4\u00dfigen Bischof Yves Plumey \u00fcbergeben wurde, der damit begann, dann ermordert wurde und damit das Projekt Wallfahrtsort in Vergessenheit geriet. In den vergangenen zehn Jahren baute Pfarrer Alois nun dieses di\u00f6zesane Wallfahrtszentrum Marza auf, was nicht nur hei\u00dft, eine gro\u00dfe Wallfahrtskirche zu errichten und \u00dcbernachtungs- und Tagungsm\u00f6glichkeiten f\u00fcr die Wallfahrer zu schaffen, sondern auch die Menschen in ihren vielseitigen Bed\u00fcrfnissen anzusprechen und da zu sein f\u00fcr ihre Fragen, N\u00f6te und Schwierigkeiten. Jeder Pilger leistet seinen Beitrag durch Putzen, J\u00e4ten, Mitbauen, Kochen usw.<\/p>\n<h3>Sch\u00f6nstattspirirtualit\u00e4t am kamerunischen Wallfahrtsort mitverbaut<\/h3>\n<p>Viel Sch\u00f6nstattspiritualit\u00e4t hat Pfarrer Alois mitverbaut. Die Menschen brennen f\u00fcr diesen Wallfahrtsort, der nicht aufgrund einer Marienerscheinung, sondern aufgrund dem Finden der Menschen von innerer Heilung, Freiwerden von Korruption, Finden von innerem Frieden, einer Arbeitsstelle, einer Schwangerschaft usw. Maria, unsere liebe Frau der Apostel \u2013 unter diesem Titel wird sie in Marza verehrt -zieht Menschen aller Couleur und Religionszugeh\u00f6rigkeit an und vermittelt ihnen Heimat, Geborgenheit, Demut und Schaffenskraft.<\/p>\n<h3>45. kamerunische Bischofskonferenz besucht den Wallfahrtsort Marza<\/h3>\n<p><img fetchpriority=\"high\" decoding=\"async\" class=\"alignnone size-full wp-image-23539\" src=\"https:\/\/schoenstatt.com\/wp-content\/uploads\/2022\/01\/WhatsApp-Image-2022-01-14-at-17.00.27.jpeg\" alt=\"Heiliger Ort\" width=\"1000\" height=\"461\" \/><\/p>\n<p>In den vergangenen Tagen besuchte die 45. kamerunische Bischofskonferenz den Wallfahrtsort und wollte von Pfarrer Alois einen spirituellen und historischen Input zum Ort. Alois schreibt: \u00abWir schenkten ihnen einen knorrigen Pilgerstab, ein Paket Artemisia (nat\u00fcrlicher Heiltee) mit aufgedr\u00fccktem Photo und Name der jeweiligen Di\u00f6zese und ein Exemplar der Meditationen unseres Kreuz- und Osterweges, kleine Zeichen die sie sehr sch\u00e4tzten. Sie waren alle sehr beeindruckt von der Residenz von Gr\u00fcnderbischof Yves Plumey, in der er vor dreissig Jahren umkam.\u201c<\/p>\n<h3>Aus dem Begr\u00fc\u00dfungswort Pfarrer Alois\u2018 an die Bisch\u00f6fe der 45. Bischofskonferenz<\/h3>\n<p>Dank der Stadtverwaltung, die mutig zu Hacke und Machete gegriffen h\u00e4tte, um ihnen den Weg hierher zu \u201eMaria, unsere liebe Frau der Apostel\u201c zu ebnen, w\u00e4re heute dieses Treffen m\u00f6glich geworden. Maria sei oft mit der Hacke in der Hand dargestellt worden. In Afrika w\u00fcrde die Hacke nicht nur zum J\u00e4ten verwendet, sondern auch, um den Schlamm zu kneten und neue Dinge zu bauen.<\/p>\n<p>So wie hier in Marza, wo ein Begegnungs -, Ausbildungs- und Pilgerzentrum an diesem heiligen Berg entstehe \u2013 es sei der Platz f\u00fcr das nationale Heiligtum, das sich pr\u00e4sentiere mit seinen sozialen, karitativen und kulturellen Einrichtungen f\u00fcr einen Ort des Laienapostolates.<\/p>\n<p>Pfarrer Alois sagte zu den Bisch\u00f6fen: \u201eSie und viele andere sind in der Geschichte der Evangelisierung verankert und wissen, dass es Kirchen und Heiligt\u00fcmer &#8211; wie auch Tempel, Moscheen und Pagoden &#8211; geben muss, die in der Geschichte einer Religion ein Zentrum f\u00fcr die Lehre der Weisheit ihrer Religion waren. Es sind nicht die Geb\u00e4ude, die die Botschaft weitergeben, aber sie sind fest verankerte Orte, von denen aus sie an alle Generationen weitergegeben wird &#8211; von Generation zu Generation.&#8220; Der Vorg\u00e4ngerbischof dieser Di\u00f6zese habe \u00fcber das Heiligtum hier gesagt: &#8222;Das hier ist keine Pilgerst\u00e4tte, das ist die Eremitage (Einsiedelei) des Paradieses!&#8220;.<\/p>\n<h3>&#8222;Die Seele des Pilgerortes&#8220; wirkt sich auf die Seelensituation des Pilgers aus.<\/h3>\n<p><img decoding=\"async\" class=\"alignnone size-full wp-image-23543\" src=\"https:\/\/schoenstatt.com\/wp-content\/uploads\/2022\/01\/image001.jpg\" alt=\"Heiliger Ort\" width=\"1386\" height=\"1039\" \/><\/p>\n<p>&nbsp;<\/p>\n<p>Was in Marza auff\u00e4llig sei &#8211; so Alois Baumberger &#8211; Besucher oder Pilger f\u00fchlten sich oft an bestimmten Orten des Pilgerortes sehr wohl. Sie sp\u00fcrten den Atem eines heiligen Ortes. Sie f\u00fchlten sich angezogen und h\u00e4tten den Wunsch, an diesen Orten zu bleiben, um sich zu regenerieren, sie h\u00e4tten einen Ort entdeckt, der ihre Seele bereichere. \u201eDer Mensch ist ein multidimensionales Wesen und mit einer biodynamischen Sph\u00e4re umh\u00fcllt, die ihn sensibel macht, um einen Ort zu entdecken, mit dem er sich verbunden oder in Gemeinschaft f\u00fchlt\u201c, so der Wallfahrtspfarrer.<\/p>\n<p>Im nationalen Heiligtum hier sp\u00fcre man die besonderen Kr\u00e4fte rund um die Quelle, die den Brunnen speise, aber auch die &#8222;H\u00fctern des Ortes&#8220;. Das sind Felsformationen, die die Umrisse eines menschlichen Gesichts mit Augen, Ohren und Mund haben. Die Pilger sagen: Wenn du dich ihnen n\u00e4herst, sehen sie dich, h\u00f6ren dir zu und stellen dir Fragen, wie z. B.: Was ist der Zweck deiner Anwesenheit? Andere Energiepunkte seine die Mariengrotte, das gro\u00dfe Kreuz, der Marienweg und sehr stark die Gruppe der Gipfel und H\u00f6hlen hinter der Einsiedelei, wo man sehr gut zur Ruhe und innerem Frieden finden kann.<\/p>\n<p>Die gro\u00dfen und kleinen Pilgerst\u00e4tten unserer Erde mit ihren Energiepunkten seine wie Speicher oder Batterien mit gro\u00dfer Kraft, die sich durch den Besuch der Pilger und ihre Feiern immer wieder aufladen w\u00fcrden.<\/p>\n<h3>Nichts ohne dich, nichts ohne uns<\/h3>\n<p><img decoding=\"async\" class=\"alignleft wp-image-23547 size-medium\" src=\"https:\/\/schoenstatt.com\/wp-content\/uploads\/2022\/01\/WhatsApp-Image-2022-01-19-at-14.15.42-135x300.jpeg\" alt=\"\" width=\"135\" height=\"300\" \/>Der Marienweg, der sich hier den Berg hinaufschl\u00e4ngelt, auf dem die Pilger verschiedene Stationen des Lebens Mariens betrachten k\u00f6nnen, hei\u00dft es bei der Station Hochzeit zu Kana: \u201eDas <a href=\"https:\/\/schoenstatt.com\/de\/spiritualitat\/schoenstatt-in-kamerun-aufbau-eines-wallfahrtszentrums-trotz-und-mit-covid-19\/\">Heiligtum in Marza<\/a> ist ein kleines Kanaa, ein Hochzeitssaal, in dem eine neue Liebesgeschichte beginnt. Dort kommt der Wein nie zu Ende, weil viele der Leute ihre Kr\u00fcge f\u00fcllen; sie f\u00fcllen ihn mit Vertrauen, bis er \u00fcberl\u00e4uft. Ein Kanaa, wo die Freude nie endet, weil viele ihre Sorgen und Schmerzen mitbringen. Das Feuer der Liebe erlischt nicht, weil viele Menschen ihren &#8222;Brennstoff&#8220; mitbringen, &#8211; vielleicht erlebte Schmerzen &#8211; ihren Mut f\u00fcr einen neuen Anfang. Wo der wichtigste Sinn nicht versiegt, denn der gute Rat entgeht nie: Was er euch sagt, das tut!&#8220;. Denn der Wert des vertrauensvollen Gebets, der Wert unserer kleinsten Handlungen, wenn sie im Glauben und in der Liebe getan werden, ist gro\u00df. Nichts ist zu klein. Nichts ohne dich, nichts ohne uns.\u201c<\/p>\n<h3>Ort, an dem Sch\u00f6nheit, Stille und innerer Frieden gefeiert werden<\/h3>\n<p>Das Heiligtum \u201eUnsere liebe Frau von den Aposteln\u201c ist ein Ort, an dem Sch\u00f6nheit, Stille und innerer Frieden gefeiert werden. Wer zum Marienheiligtum von Marza kommt, ist auf der Suche nach Distanz zum Alltagseinerlei, zur Routine und zu schmerzhaften Ereignissen, er sucht die R\u00fcckkehr zu den Grundwerten. Der Pilger sucht Orientierung, erbittet F\u00fcrsprache f\u00fcr ein Projekt, das ihm am Herzen liegt, m\u00f6chte von inneren Qualen geheilt oder in einer schwierigen Zeit unterst\u00fctzt werden. Die Pilger kommen f\u00fcr sich selbst, f\u00fcr ihre Umgebung oder f\u00fcr den Weltfrieden. Das Heiligtum in Marza will ein Sprungbrett im Leben sein, ein Wendepunkt auf dem Weg von Sinnsuchern und Gottsuchern, eine Liebesgeschichte zwischen Gott und dem Menschen..<\/p>\n","protected":false},"excerpt":{"rendered":"<p>Pfarrer Alois Baumberger, ein Schweizer Missionar, der zu der Gemeinschaft der Sch\u00f6nst\u00e4tter Bundespriester geh\u00f6rt, lebt und arbeitet seit mehr als 40 Jahren in Afrika.<\/p>\n","protected":false},"author":1,"featured_media":23534,"comment_status":"closed","ping_status":"closed","sticky":false,"template":"","format":"standard","meta":{"footnotes":""},"categories":[914],"tags":[],"class_list":["post-23512","post","type-post","status-publish","format-standard","has-post-thumbnail","hentry","category-spiritualitat-de"],"yoast_head":"<!-- This site is optimized with the Yoast SEO Premium plugin v27.4 (Yoast SEO v27.4) - https:\/\/yoast.com\/product\/yoast-seo-premium-wordpress\/ -->\n<title>Ein heiliger Ort, von dem Kraft ausgeht - Schoenstatt<\/title>\n<meta name=\"description\" content=\"Pfarrer Alois Baumberger, ein Schweizer Missionar, der zu der Gemeinschaft der Sch\u00f6nst\u00e4tter Bundespriester geh\u00f6rt, lebt und arbeitet seit mehr als 40 Jahren in Afrika.\" \/>\n<meta name=\"robots\" content=\"index, follow, max-snippet:-1, max-image-preview:large, max-video-preview:-1\" \/>\n<link rel=\"canonical\" href=\"https:\/\/schoenstatt.com\/de\/ein-heiliger-ort-von-dem-kraft-ausgeht\/\" \/>\n<meta property=\"og:locale\" content=\"de_DE\" \/>\n<meta property=\"og:type\" content=\"article\" \/>\n<meta property=\"og:title\" content=\"Ein heiliger Ort, von dem Kraft ausgeht\" \/>\n<meta property=\"og:description\" content=\"Pfarrer Alois Baumberger, ein Schweizer Missionar, der zu der Gemeinschaft der Sch\u00f6nst\u00e4tter Bundespriester geh\u00f6rt, lebt und arbeitet seit mehr als 40 Jahren in Afrika.\" \/>\n<meta property=\"og:url\" content=\"https:\/\/schoenstatt.com\/de\/ein-heiliger-ort-von-dem-kraft-ausgeht\/\" \/>\n<meta property=\"og:site_name\" content=\"Schoenstatt\" \/>\n<meta property=\"article:published_time\" content=\"2022-01-29T07:30:11+00:00\" \/>\n<meta property=\"article:modified_time\" content=\"2025-05-15T20:24:09+00:00\" \/>\n<meta property=\"og:image\" content=\"https:\/\/schoenstatt.com\/wp-content\/uploads\/2022\/01\/WhatsApp-Image-2022-01-19-at-14.22.04-1.jpeg\" \/>\n\t<meta property=\"og:image:width\" content=\"960\" \/>\n\t<meta property=\"og:image:height\" content=\"432\" \/>\n\t<meta property=\"og:image:type\" content=\"image\/jpeg\" \/>\n<meta name=\"author\" content=\"admin\" \/>\n<meta name=\"twitter:card\" content=\"summary_large_image\" \/>\n<meta name=\"twitter:label1\" content=\"Verfasst von\" \/>\n\t<meta name=\"twitter:data1\" content=\"admin\" \/>\n\t<meta name=\"twitter:label2\" content=\"Gesch\u00e4tzte Lesezeit\" \/>\n\t<meta name=\"twitter:data2\" content=\"6\u00a0Minuten\" \/>\n<script type=\"application\/ld+json\" class=\"yoast-schema-graph\">{\"@context\":\"https:\\\/\\\/schema.org\",\"@graph\":[{\"@type\":\"Article\",\"@id\":\"https:\\\/\\\/schoenstatt.com\\\/de\\\/ein-heiliger-ort-von-dem-kraft-ausgeht\\\/#article\",\"isPartOf\":{\"@id\":\"https:\\\/\\\/schoenstatt.com\\\/de\\\/ein-heiliger-ort-von-dem-kraft-ausgeht\\\/\"},\"author\":{\"name\":\"admin\",\"@id\":\"https:\\\/\\\/schoenstatt.com\\\/de\\\/#\\\/schema\\\/person\\\/489465b1850e7b216fe2c10dfc262551\"},\"headline\":\"Ein heiliger Ort, von dem Kraft ausgeht\",\"datePublished\":\"2022-01-29T07:30:11+00:00\",\"dateModified\":\"2025-05-15T20:24:09+00:00\",\"mainEntityOfPage\":{\"@id\":\"https:\\\/\\\/schoenstatt.com\\\/de\\\/ein-heiliger-ort-von-dem-kraft-ausgeht\\\/\"},\"wordCount\":1096,\"publisher\":{\"@id\":\"https:\\\/\\\/schoenstatt.com\\\/de\\\/#organization\"},\"image\":{\"@id\":\"https:\\\/\\\/schoenstatt.com\\\/de\\\/ein-heiliger-ort-von-dem-kraft-ausgeht\\\/#primaryimage\"},\"thumbnailUrl\":\"https:\\\/\\\/schoenstatt.com\\\/wp-content\\\/uploads\\\/2022\\\/01\\\/WhatsApp-Image-2022-01-19-at-14.22.04-1.jpeg\",\"articleSection\":[\"Spiritualit\u00e4t\"],\"inLanguage\":\"de\"},{\"@type\":\"WebPage\",\"@id\":\"https:\\\/\\\/schoenstatt.com\\\/de\\\/ein-heiliger-ort-von-dem-kraft-ausgeht\\\/\",\"url\":\"https:\\\/\\\/schoenstatt.com\\\/de\\\/ein-heiliger-ort-von-dem-kraft-ausgeht\\\/\",\"name\":\"Ein heiliger Ort, von dem Kraft ausgeht - Schoenstatt\",\"isPartOf\":{\"@id\":\"https:\\\/\\\/schoenstatt.com\\\/de\\\/#website\"},\"primaryImageOfPage\":{\"@id\":\"https:\\\/\\\/schoenstatt.com\\\/de\\\/ein-heiliger-ort-von-dem-kraft-ausgeht\\\/#primaryimage\"},\"image\":{\"@id\":\"https:\\\/\\\/schoenstatt.com\\\/de\\\/ein-heiliger-ort-von-dem-kraft-ausgeht\\\/#primaryimage\"},\"thumbnailUrl\":\"https:\\\/\\\/schoenstatt.com\\\/wp-content\\\/uploads\\\/2022\\\/01\\\/WhatsApp-Image-2022-01-19-at-14.22.04-1.jpeg\",\"datePublished\":\"2022-01-29T07:30:11+00:00\",\"dateModified\":\"2025-05-15T20:24:09+00:00\",\"description\":\"Pfarrer Alois Baumberger, ein Schweizer Missionar, der zu der Gemeinschaft der Sch\u00f6nst\u00e4tter Bundespriester geh\u00f6rt, lebt und arbeitet seit mehr als 40 Jahren in Afrika.\",\"breadcrumb\":{\"@id\":\"https:\\\/\\\/schoenstatt.com\\\/de\\\/ein-heiliger-ort-von-dem-kraft-ausgeht\\\/#breadcrumb\"},\"inLanguage\":\"de\",\"potentialAction\":[{\"@type\":\"ReadAction\",\"target\":[\"https:\\\/\\\/schoenstatt.com\\\/de\\\/ein-heiliger-ort-von-dem-kraft-ausgeht\\\/\"]}]},{\"@type\":\"ImageObject\",\"inLanguage\":\"de\",\"@id\":\"https:\\\/\\\/schoenstatt.com\\\/de\\\/ein-heiliger-ort-von-dem-kraft-ausgeht\\\/#primaryimage\",\"url\":\"https:\\\/\\\/schoenstatt.com\\\/wp-content\\\/uploads\\\/2022\\\/01\\\/WhatsApp-Image-2022-01-19-at-14.22.04-1.jpeg\",\"contentUrl\":\"https:\\\/\\\/schoenstatt.com\\\/wp-content\\\/uploads\\\/2022\\\/01\\\/WhatsApp-Image-2022-01-19-at-14.22.04-1.jpeg\",\"width\":960,\"height\":432,\"caption\":\"Heiliger Ort\"},{\"@type\":\"BreadcrumbList\",\"@id\":\"https:\\\/\\\/schoenstatt.com\\\/de\\\/ein-heiliger-ort-von-dem-kraft-ausgeht\\\/#breadcrumb\",\"itemListElement\":[{\"@type\":\"ListItem\",\"position\":1,\"name\":\"Portada\",\"item\":\"https:\\\/\\\/schoenstatt.com\\\/de\\\/home\\\/\"},{\"@type\":\"ListItem\",\"position\":2,\"name\":\"Ein heiliger Ort, von dem Kraft ausgeht\"}]},{\"@type\":\"WebSite\",\"@id\":\"https:\\\/\\\/schoenstatt.com\\\/de\\\/#website\",\"url\":\"https:\\\/\\\/schoenstatt.com\\\/de\\\/\",\"name\":\"Schoenstatt\",\"description\":\"Apostolic Movement\",\"publisher\":{\"@id\":\"https:\\\/\\\/schoenstatt.com\\\/de\\\/#organization\"},\"potentialAction\":[{\"@type\":\"SearchAction\",\"target\":{\"@type\":\"EntryPoint\",\"urlTemplate\":\"https:\\\/\\\/schoenstatt.com\\\/de\\\/?s={search_term_string}\"},\"query-input\":{\"@type\":\"PropertyValueSpecification\",\"valueRequired\":true,\"valueName\":\"search_term_string\"}}],\"inLanguage\":\"de\"},{\"@type\":\"Organization\",\"@id\":\"https:\\\/\\\/schoenstatt.com\\\/de\\\/#organization\",\"name\":\"Schoenstatt\",\"url\":\"https:\\\/\\\/schoenstatt.com\\\/de\\\/\",\"logo\":{\"@type\":\"ImageObject\",\"inLanguage\":\"de\",\"@id\":\"https:\\\/\\\/schoenstatt.com\\\/de\\\/#\\\/schema\\\/logo\\\/image\\\/\",\"url\":\"https:\\\/\\\/schoenstatt.com\\\/wp-content\\\/uploads\\\/2025\\\/04\\\/logo-schoenstatt-white-696x696-1.png\",\"contentUrl\":\"https:\\\/\\\/schoenstatt.com\\\/wp-content\\\/uploads\\\/2025\\\/04\\\/logo-schoenstatt-white-696x696-1.png\",\"width\":696,\"height\":694,\"caption\":\"Schoenstatt\"},\"image\":{\"@id\":\"https:\\\/\\\/schoenstatt.com\\\/de\\\/#\\\/schema\\\/logo\\\/image\\\/\"}},{\"@type\":\"Person\",\"@id\":\"https:\\\/\\\/schoenstatt.com\\\/de\\\/#\\\/schema\\\/person\\\/489465b1850e7b216fe2c10dfc262551\",\"name\":\"admin\",\"image\":{\"@type\":\"ImageObject\",\"inLanguage\":\"de\",\"@id\":\"https:\\\/\\\/secure.gravatar.com\\\/avatar\\\/02e8345e1ec40ab0e0a2a98fdde64a684bbaf994cddcb778b25b8b024ee9dfe6?s=96&d=mm&r=g\",\"url\":\"https:\\\/\\\/secure.gravatar.com\\\/avatar\\\/02e8345e1ec40ab0e0a2a98fdde64a684bbaf994cddcb778b25b8b024ee9dfe6?s=96&d=mm&r=g\",\"contentUrl\":\"https:\\\/\\\/secure.gravatar.com\\\/avatar\\\/02e8345e1ec40ab0e0a2a98fdde64a684bbaf994cddcb778b25b8b024ee9dfe6?s=96&d=mm&r=g\",\"caption\":\"admin\"},\"sameAs\":[\"https:\\\/\\\/schoenstatt.com\"],\"url\":\"https:\\\/\\\/schoenstatt.com\\\/de\\\/author\\\/admin\\\/\"}]}<\/script>\n<!-- \/ Yoast SEO Premium plugin. -->","yoast_head_json":{"title":"Ein heiliger Ort, von dem Kraft ausgeht - Schoenstatt","description":"Pfarrer Alois Baumberger, ein Schweizer Missionar, der zu der Gemeinschaft der Sch\u00f6nst\u00e4tter Bundespriester geh\u00f6rt, lebt und arbeitet seit mehr als 40 Jahren in Afrika.","robots":{"index":"index","follow":"follow","max-snippet":"max-snippet:-1","max-image-preview":"max-image-preview:large","max-video-preview":"max-video-preview:-1"},"canonical":"https:\/\/schoenstatt.com\/de\/ein-heiliger-ort-von-dem-kraft-ausgeht\/","og_locale":"de_DE","og_type":"article","og_title":"Ein heiliger Ort, von dem Kraft ausgeht","og_description":"Pfarrer Alois Baumberger, ein Schweizer Missionar, der zu der Gemeinschaft der Sch\u00f6nst\u00e4tter Bundespriester geh\u00f6rt, lebt und arbeitet seit mehr als 40 Jahren in Afrika.","og_url":"https:\/\/schoenstatt.com\/de\/ein-heiliger-ort-von-dem-kraft-ausgeht\/","og_site_name":"Schoenstatt","article_published_time":"2022-01-29T07:30:11+00:00","article_modified_time":"2025-05-15T20:24:09+00:00","og_image":[{"width":960,"height":432,"url":"https:\/\/schoenstatt.com\/wp-content\/uploads\/2022\/01\/WhatsApp-Image-2022-01-19-at-14.22.04-1.jpeg","type":"image\/jpeg"}],"author":"admin","twitter_card":"summary_large_image","twitter_misc":{"Verfasst von":"admin","Gesch\u00e4tzte Lesezeit":"6\u00a0Minuten"},"schema":{"@context":"https:\/\/schema.org","@graph":[{"@type":"Article","@id":"https:\/\/schoenstatt.com\/de\/ein-heiliger-ort-von-dem-kraft-ausgeht\/#article","isPartOf":{"@id":"https:\/\/schoenstatt.com\/de\/ein-heiliger-ort-von-dem-kraft-ausgeht\/"},"author":{"name":"admin","@id":"https:\/\/schoenstatt.com\/de\/#\/schema\/person\/489465b1850e7b216fe2c10dfc262551"},"headline":"Ein heiliger Ort, von dem Kraft ausgeht","datePublished":"2022-01-29T07:30:11+00:00","dateModified":"2025-05-15T20:24:09+00:00","mainEntityOfPage":{"@id":"https:\/\/schoenstatt.com\/de\/ein-heiliger-ort-von-dem-kraft-ausgeht\/"},"wordCount":1096,"publisher":{"@id":"https:\/\/schoenstatt.com\/de\/#organization"},"image":{"@id":"https:\/\/schoenstatt.com\/de\/ein-heiliger-ort-von-dem-kraft-ausgeht\/#primaryimage"},"thumbnailUrl":"https:\/\/schoenstatt.com\/wp-content\/uploads\/2022\/01\/WhatsApp-Image-2022-01-19-at-14.22.04-1.jpeg","articleSection":["Spiritualit\u00e4t"],"inLanguage":"de"},{"@type":"WebPage","@id":"https:\/\/schoenstatt.com\/de\/ein-heiliger-ort-von-dem-kraft-ausgeht\/","url":"https:\/\/schoenstatt.com\/de\/ein-heiliger-ort-von-dem-kraft-ausgeht\/","name":"Ein heiliger Ort, von dem Kraft ausgeht - Schoenstatt","isPartOf":{"@id":"https:\/\/schoenstatt.com\/de\/#website"},"primaryImageOfPage":{"@id":"https:\/\/schoenstatt.com\/de\/ein-heiliger-ort-von-dem-kraft-ausgeht\/#primaryimage"},"image":{"@id":"https:\/\/schoenstatt.com\/de\/ein-heiliger-ort-von-dem-kraft-ausgeht\/#primaryimage"},"thumbnailUrl":"https:\/\/schoenstatt.com\/wp-content\/uploads\/2022\/01\/WhatsApp-Image-2022-01-19-at-14.22.04-1.jpeg","datePublished":"2022-01-29T07:30:11+00:00","dateModified":"2025-05-15T20:24:09+00:00","description":"Pfarrer Alois Baumberger, ein Schweizer Missionar, der zu der Gemeinschaft der Sch\u00f6nst\u00e4tter Bundespriester geh\u00f6rt, lebt und arbeitet seit mehr als 40 Jahren in Afrika.","breadcrumb":{"@id":"https:\/\/schoenstatt.com\/de\/ein-heiliger-ort-von-dem-kraft-ausgeht\/#breadcrumb"},"inLanguage":"de","potentialAction":[{"@type":"ReadAction","target":["https:\/\/schoenstatt.com\/de\/ein-heiliger-ort-von-dem-kraft-ausgeht\/"]}]},{"@type":"ImageObject","inLanguage":"de","@id":"https:\/\/schoenstatt.com\/de\/ein-heiliger-ort-von-dem-kraft-ausgeht\/#primaryimage","url":"https:\/\/schoenstatt.com\/wp-content\/uploads\/2022\/01\/WhatsApp-Image-2022-01-19-at-14.22.04-1.jpeg","contentUrl":"https:\/\/schoenstatt.com\/wp-content\/uploads\/2022\/01\/WhatsApp-Image-2022-01-19-at-14.22.04-1.jpeg","width":960,"height":432,"caption":"Heiliger Ort"},{"@type":"BreadcrumbList","@id":"https:\/\/schoenstatt.com\/de\/ein-heiliger-ort-von-dem-kraft-ausgeht\/#breadcrumb","itemListElement":[{"@type":"ListItem","position":1,"name":"Portada","item":"https:\/\/schoenstatt.com\/de\/home\/"},{"@type":"ListItem","position":2,"name":"Ein heiliger Ort, von dem Kraft ausgeht"}]},{"@type":"WebSite","@id":"https:\/\/schoenstatt.com\/de\/#website","url":"https:\/\/schoenstatt.com\/de\/","name":"Schoenstatt","description":"Apostolic Movement","publisher":{"@id":"https:\/\/schoenstatt.com\/de\/#organization"},"potentialAction":[{"@type":"SearchAction","target":{"@type":"EntryPoint","urlTemplate":"https:\/\/schoenstatt.com\/de\/?s={search_term_string}"},"query-input":{"@type":"PropertyValueSpecification","valueRequired":true,"valueName":"search_term_string"}}],"inLanguage":"de"},{"@type":"Organization","@id":"https:\/\/schoenstatt.com\/de\/#organization","name":"Schoenstatt","url":"https:\/\/schoenstatt.com\/de\/","logo":{"@type":"ImageObject","inLanguage":"de","@id":"https:\/\/schoenstatt.com\/de\/#\/schema\/logo\/image\/","url":"https:\/\/schoenstatt.com\/wp-content\/uploads\/2025\/04\/logo-schoenstatt-white-696x696-1.png","contentUrl":"https:\/\/schoenstatt.com\/wp-content\/uploads\/2025\/04\/logo-schoenstatt-white-696x696-1.png","width":696,"height":694,"caption":"Schoenstatt"},"image":{"@id":"https:\/\/schoenstatt.com\/de\/#\/schema\/logo\/image\/"}},{"@type":"Person","@id":"https:\/\/schoenstatt.com\/de\/#\/schema\/person\/489465b1850e7b216fe2c10dfc262551","name":"admin","image":{"@type":"ImageObject","inLanguage":"de","@id":"https:\/\/secure.gravatar.com\/avatar\/02e8345e1ec40ab0e0a2a98fdde64a684bbaf994cddcb778b25b8b024ee9dfe6?s=96&d=mm&r=g","url":"https:\/\/secure.gravatar.com\/avatar\/02e8345e1ec40ab0e0a2a98fdde64a684bbaf994cddcb778b25b8b024ee9dfe6?s=96&d=mm&r=g","contentUrl":"https:\/\/secure.gravatar.com\/avatar\/02e8345e1ec40ab0e0a2a98fdde64a684bbaf994cddcb778b25b8b024ee9dfe6?s=96&d=mm&r=g","caption":"admin"},"sameAs":["https:\/\/schoenstatt.com"],"url":"https:\/\/schoenstatt.com\/de\/author\/admin\/"}]}},"_links":{"self":[{"href":"https:\/\/schoenstatt.com\/de\/wp-json\/wp\/v2\/posts\/23512","targetHints":{"allow":["GET"]}}],"collection":[{"href":"https:\/\/schoenstatt.com\/de\/wp-json\/wp\/v2\/posts"}],"about":[{"href":"https:\/\/schoenstatt.com\/de\/wp-json\/wp\/v2\/types\/post"}],"author":[{"embeddable":true,"href":"https:\/\/schoenstatt.com\/de\/wp-json\/wp\/v2\/users\/1"}],"replies":[{"embeddable":true,"href":"https:\/\/schoenstatt.com\/de\/wp-json\/wp\/v2\/comments?post=23512"}],"version-history":[{"count":1,"href":"https:\/\/schoenstatt.com\/de\/wp-json\/wp\/v2\/posts\/23512\/revisions"}],"predecessor-version":[{"id":45002,"href":"https:\/\/schoenstatt.com\/de\/wp-json\/wp\/v2\/posts\/23512\/revisions\/45002"}],"wp:featuredmedia":[{"embeddable":true,"href":"https:\/\/schoenstatt.com\/de\/wp-json\/wp\/v2\/media\/23534"}],"wp:attachment":[{"href":"https:\/\/schoenstatt.com\/de\/wp-json\/wp\/v2\/media?parent=23512"}],"wp:term":[{"taxonomy":"category","embeddable":true,"href":"https:\/\/schoenstatt.com\/de\/wp-json\/wp\/v2\/categories?post=23512"},{"taxonomy":"post_tag","embeddable":true,"href":"https:\/\/schoenstatt.com\/de\/wp-json\/wp\/v2\/tags?post=23512"}],"curies":[{"name":"wp","href":"https:\/\/api.w.org\/{rel}","templated":true}]}}