{"id":23291,"date":"2021-03-19T10:00:34","date_gmt":"2021-03-19T09:00:34","guid":{"rendered":"https:\/\/schoenstatt.com\/?p=23291"},"modified":"2025-08-18T17:21:46","modified_gmt":"2025-08-18T15:21:46","slug":"der-heilige-josef-inspiriert-uns-mit-freude-das-ideal-der-heiligen-familie-zu-leben","status":"publish","type":"post","link":"https:\/\/schoenstatt.com\/de\/der-heilige-josef-inspiriert-uns-mit-freude-das-ideal-der-heiligen-familie-zu-leben\/","title":{"rendered":"Der heilige Josef inspiriert uns, mit Freude das Ideal der Heiligen Familie zu leben"},"content":{"rendered":"<p>Josef, ein gerechter Mann, still und verborgen. Er ist ganz zur\u00fcckhaltend und entschlossen, das ganze Licht nur f\u00fcr Jesus und Maria leuchten zu lassen. Er bleibt im Hintergrund und schweigt. Aber heute wollen wir sein helles Licht leuchten lassen. Wir wollen ein wenig von seinem Glanz enth\u00fcllen und das Wachstum seiner Bedeutung in unserer Sch\u00f6nstattfamilie betrachten, die Bedeutung, die unser Vater und Gr\u00fcnder ihm gegeben hat.<\/p>\n<p>Im Jahr 1928 gab <a href=\"https:\/\/schoenstatt.com\/de\/ueber-schoenstatt\/gruender\/\">Pater Josef Kentenich<\/a> einen R\u00fcckblick auf die Geschichte der Verehrung des heiligen Josef in der Kirche.<\/p>\n<p>&#8222;Die Kirche hat auch in diesem Sinne ein Wachstum erfahren, in der Verehrung des heiligen Josef. Aus theologischer Sicht war es ein weiter Weg, bis die Verehrung des heiligen Josef tiefer in die gesamte Kirche eindringen konnte. Im Osten ist diese Verehrung fr\u00fcher entstanden als im Westen. In einem Reichenauer Martyrologium aus der Zeit um 1850 wird der heilige Josef erstmals erw\u00e4hnt. Mit seiner Stellung in der Heilsgeschichte begannen die Mystiker und Theologen sich am Ende des Mittelalters zu besch\u00e4ftigen. Erst im Jahr 1479 wurde sein Fest in das r\u00f6mische Brevier aufgenommen&#8220;.<\/p>\n<p>Pater Kentenich f\u00e4hrt fort: <em>&#8222;War in der Geschichte der Kirche nicht auch der heilige Josef verbannt? Im vierten Jahrhundert begann man, Bilder von ihm zu malen und daf\u00fcr zu sorgen, dass er st\u00e4rker in Erscheinung trat. Erst im 19. Jahrhundert, dem Jahrhundert der gro\u00dfen Marienverehrung, sorgte der Heilige Geist daf\u00fcr, dass er in den Mittelpunkt r\u00fcckte und feierlich als Besch\u00fctzer der Kirche anerkannt wurde.\u201d\u00a0<\/em><\/p>\n<p>Unser Vater und Gr\u00fcnder sieht den heiligen Josef immer in vollkommener Einheit mit Maria. 1950 wies er darauf hin, dass \u201eGott durch Situationen spricht&#8220;. K\u00f6nnte es sein, dass die Gottesmutter durch konkrete Tatsachen unsere Aufmerksamkeit auf den heiligen Josef lenken m\u00f6chte?<\/p>\n<p><img fetchpriority=\"high\" decoding=\"async\" class=\"aligncenter wp-image-23013 size-full\" src=\"https:\/\/schoenstatt.com\/wp-content\/uploads\/2022\/01\/Apresentacao-do-Menino.jpg\" alt=\"\" width=\"798\" height=\"607\" \/><\/p>\n<h3>Von den Anf\u00e4ngen Sch\u00f6nstatts<\/h3>\n<p>Am Anfang der Geschichte unserer Sch\u00f6nstattfamilie standen wir vor gro\u00dfen Schwierigkeiten, und so wurde nat\u00fcrlich das Vertrauen auf die Hilfe des heiligen Josef gepflegt. Im Jahr 1950 best\u00e4tigt unser Vater und Gr\u00fcnder, dass \u201eder heilige Josef &#8211; seit wir ihn zum Verwalter all unserer finanziellen Belange ausgerufen haben &#8211; seine Aufgabe gl\u00e4nzend erf\u00fcllt hat.\u201d<\/p>\n<h3>Organische Vision des heiligen Josef in Sch\u00f6nstatt<\/h3>\n<p>Und er f\u00fcgt hinzu: \u201eMit all dem stehen wir nicht nur ganz im Sinne der Kirche, sondern \u00fcbertreffen sie sogar zum Teil. Vor allem wegen der organischen Sicht des heiligen Josef und der ganzheitlichen Art, ihn zu verehren. Wir verehren ihn nicht nur in dem einen oder dem anderen Sinne, nur als Besch\u00fctzer des inneren Lebens und der Reinheit, nur als Baumeister oder nur als Helfer in wirtschaftlichen N\u00f6ten. Wir geben der Verehrung des heiligen Josef in unserer Familie einen besonderen Charakter&#8220;.<\/p>\n<p>Die Verehrung des heiligen Josef in Sch\u00f6nstatt, wie Pater Kentenich sie versteht, ist umfassend. Unser Gr\u00fcnder stellt mehrere Merkmale des Br\u00e4utigams der Gottesmutter vor: Der heilige Josef hat die Gottesmutter am meisten geliebt und war ihr ein treuer Ehemann, er ist der Vater Jesu, den er besch\u00fctzt und erzieht; deshalb ist Josef ein Vorbild, das Modell eines Vaters, Ehemannes, Gef\u00e4hrten. Er hat alle Tugenden als Mitglied der Heiligen Familie.<\/p>\n<p>Pater Kentenich betont, wie Gott durch \u201eZweitursachen&#8220; handelt. In der Heilsgeschichte ist Jesus die Hauptperson und Maria gibt ihr \u201eJa&#8220;, damit diese Geschichte Wirklichkeit wird. Aber der heilige Josef, gleichsam eine \u201eNebenfigur&#8220; in der Geschichte, ist das Haupt der Familie. In seiner scheinbaren Unbedeutendheit wird er zu einer Schl\u00fcsselfigur\u00a0 f\u00fcr die Rettung der Menschheit.<\/p>\n<p>Je wichtiger das geistliche Leben und unser inneres Leben, das Wachstum in den Tugenden und das Streben nach Vollkommenheit und Heiligkeit f\u00fcr uns sind, desto mehr sichern wir uns die Hilfe des heiligen Josef, desto mehr werden wir von seiner Heiligkeit, seinen Tugenden angesprochen und lernen von seinem Beispiel.<\/p>\n<p><img decoding=\"async\" class=\"aligncenter wp-image-23023 size-large\" src=\"https:\/\/schoenstatt.com\/wp-content\/uploads\/2022\/01\/St-Joseph-574x1024.jpeg\" alt=\"Sao Jos\u00e9\" width=\"574\" height=\"1024\" \/><\/p>\n<h3>Ihm vertrauen wir uns an<\/h3>\n<p>Je zahlreicher die Gefahren f\u00fcr Leib und Leben sind, je mehr der weltliche Geist in uns eindringen und uns vom Ideal abziehen will, desto mehr vertrauen wir auf den Schutz des heiligen Josef.<\/p>\n<p>Je gr\u00f6\u00dfer die wirtschaftlichen und finanziellen Probleme werden, oder je ernster sie werden, desto mehr suchen wir die Hilfe des heiligen Josef, auch in diesen N\u00f6ten und Sorgen.<\/p>\n<p>Je mehr wir unsere Begrenzungen und Unf\u00e4higkeiten in unserer beruflichen Verantwortung und in den Positionen, die wir einnehmen, erfahren, je zahlreicher die Probleme sind, die uns zu \u00fcberw\u00e4ltigen drohen, desto mehr suchen wir Zuflucht beim heiligen Josef.<\/p>\n<p>Je mehr wir durch Alter, Krankheit oder die N\u00e4he des Todes bedr\u00e4ngt und ver\u00e4ngstigt werden, desto mehr stellen wir uns unter den Schutz des heiligen Josef und vertrauen auf seine Hilfe.<\/p>\n<p>Doch unser Vater und Gr\u00fcnder gibt uns einen Hinweis mit auf den Weg: \u201e<em>Es w\u00e4re unangebracht, das hei\u00dft, es w\u00e4re nicht recht von uns, wenn wir d\u00e4chten: Nur wenn wir ihn brauchen, dann wollen wir ihn&#8220; (1928).<\/em><\/p>\n<p>Ja, wir k\u00f6nnen und wollen den heiligen Josef lieben. Und je mehr wir ihn lieben und zu unserem Freund machen, desto n\u00e4her kommen wir der Gottesmutter und Jesus, denn diese drei bilden eine Einheit der Herzen, sie sind eine Familie, die Heilige Familie!<\/p>\n<p>Das best\u00e4tigt unser Vater und Gr\u00fcnder: <em>\u201eDer heilige Thomas von Aquin hat es einmal sehr deutlich formuliert: Jeder Heilige besitzt eine bestimmte Autorit\u00e4t in seiner Aufgabe &#8211; von jedem k\u00f6nnen wir eine bestimmte Gnade erlangen. Vom heiligen Josef aber k\u00f6nnen wir alles erlangen. [&#8230;] Es wird die Zeit kommen, in der der heilige Josef eine Position von viel gr\u00f6\u00dferer Kraft und Herrlichkeit einnehmen wird, als er sie bisher hatte &#8230; Er muss in den Kreis unserer Familie aufgenommen werden&#8220;.<\/em><\/p>\n<p><img decoding=\"async\" class=\"aligncenter wp-image-23015 size-large\" src=\"https:\/\/schoenstatt.com\/wp-content\/uploads\/2022\/01\/St-Joseph-Christmas-682x1024.jpg\" alt=\"\" width=\"682\" height=\"1024\" \/><\/p>\n<h3>M\u00f6ge unsere Liebe zum heiligen Josef immer mehr wachsen<\/h3>\n<p>M\u00f6ge unsere Beziehung zum heiligen Josef weiter wachsen, das hei\u00dft, m\u00f6ge sie lebendig, kraftvoll und urspr\u00fcnglich werden. Das entspricht dem Sinn unseres Vaters und Gr\u00fcnders, denn er bekr\u00e4ftigt: \u201eEs ist dem heiligen Josef sehr wichtig, dass wir ihn pers\u00f6nlich viel mehr lieben als bisher&#8220; (1934).<\/p>\n<p>Pater Kentenich gab uns 1932 folgenden Hinweis: \u201e<em>Was wollen wir tun? Mehr Vertrauen in den heiligen Josef haben. Und seinen Bildern und Statuen mehr Beachtung schenken. Er sollte in den Kreis der Liebe unserer Familie aufgenommen werden&#8220;.<\/em><\/p>\n<p>Lassen wir unsere Liebe zum heiligen Josef wachsen. Lassen wir sie sich erneuern, vertiefen und beleben. Lassen wir nicht zu, dass der heilige Josef in der Ecke bleibt, in der Ecke eines Heiligtums oder eines Hausheiligtums. Geben wir ihm den Ehrenplatz, der ihm entspricht, vor allem einen kleinen Platz der Vorliebe, eine kleine Ecke der Vorliebe in unserem Herzen.<\/p>\n<p>Ebenso vertrauen wir darauf, dass viele gute Berufungen f\u00fcr die heilige Kirche und f\u00fcr das Sch\u00f6nstattwerk geweckt werden, dass er daf\u00fcr sorgt, die Freude an der Berufung zu bewahren, und dass das Wachstum im Ideal und in der Heiligkeit in jedem einzelnen nie aufh\u00f6rt.<\/p>\n<p>Deshalb wollen wir mit Zuversicht sagen: Heiliger Josef, bitte f\u00fcr uns! Wir wollen dem heiligen Josef unsere Dankbarkeit zeigen f\u00fcr all das, was wir t\u00e4glich an materiellen und geistigen Gaben erhalten. Wie k\u00f6nnen wir es ihm also vergelten? Wie k\u00f6nnen wir ihm Freude bereiten? Heiliger Josef, welches Geschenk m\u00f6chtest Du in Deinem besonderen Jahr erhalten? Die Antwort des heiligen Josef wird zweifellos lauten: \u201eWerde den Menschen \u00e4hnlich, die ich am meisten liebe! Werde eine kleine Maria! Jedes Sch\u00f6nstattkind, jedes einzelne ist das gr\u00f6\u00dfte Geschenk f\u00fcr mich! Jedes Sch\u00f6nstattkind, das danach strebt, wie Maria zu sein!<\/p>\n<p>Quelle: <a href=\"http:\/\/www.santuariodeatibaia.org.br\">santuariodeatibaia.org.br<\/a><\/p>\n","protected":false},"excerpt":{"rendered":"<p>Der heilige Josef hat in Sch\u00f6nstatt immer eine wichtige Rolle gespielt. Er ist ein Beispiel f\u00fcr das Ideal der Heiligen Familie; f\u00fcr Jesus und Maria hat er auf alles verzichtet. Er lehrt uns, nach dem Ideal der Heiligkeit in unserer Familie zu streben.<\/p>\n","protected":false},"author":3,"featured_media":23019,"comment_status":"closed","ping_status":"closed","sticky":false,"template":"","format":"standard","meta":{"footnotes":""},"categories":[874,914],"tags":[774,1225],"class_list":["post-23291","post","type-post","status-publish","format-standard","has-post-thumbnail","hentry","category-familie-de","category-spiritualitat-de","tag-familie-de","tag-hl-josef-de"],"yoast_head":"<!-- This site is optimized with the Yoast SEO Premium plugin v27.4 (Yoast SEO v27.5) - https:\/\/yoast.com\/product\/yoast-seo-premium-wordpress\/ -->\n<title>Der heilige Josef inspiriert uns, mit Freude das Ideal der Heiligen Familie zu leben - Schoenstatt<\/title>\n<meta name=\"description\" content=\"Er ist ein vorbildlicher Vater, Ehemann und Gef\u00e4hrte, mit allen Tugenden, die f\u00fcr die Heilige Familie notwendig sind.\" \/>\n<meta name=\"robots\" content=\"index, follow, max-snippet:-1, max-image-preview:large, max-video-preview:-1\" \/>\n<link rel=\"canonical\" href=\"https:\/\/schoenstatt.com\/de\/der-heilige-josef-inspiriert-uns-mit-freude-das-ideal-der-heiligen-familie-zu-leben\/\" \/>\n<meta property=\"og:locale\" content=\"de_DE\" \/>\n<meta property=\"og:type\" content=\"article\" \/>\n<meta property=\"og:title\" content=\"Der heilige Josef inspiriert uns, mit Freude das Ideal der Heiligen Familie zu leben\" \/>\n<meta property=\"og:description\" content=\"Er ist ein vorbildlicher Vater, Ehemann und Gef\u00e4hrte, mit allen Tugenden, die f\u00fcr die Heilige Familie notwendig sind.\" \/>\n<meta property=\"og:url\" content=\"https:\/\/schoenstatt.com\/de\/der-heilige-josef-inspiriert-uns-mit-freude-das-ideal-der-heiligen-familie-zu-leben\/\" \/>\n<meta property=\"og:site_name\" content=\"Schoenstatt\" \/>\n<meta property=\"article:published_time\" content=\"2021-03-19T09:00:34+00:00\" \/>\n<meta property=\"article:modified_time\" content=\"2025-08-18T15:21:46+00:00\" \/>\n<meta property=\"og:image\" content=\"https:\/\/schoenstatt.com\/wp-content\/uploads\/2022\/01\/St-Joseph-statue-2.jpeg\" \/>\n\t<meta property=\"og:image:width\" content=\"1600\" \/>\n\t<meta property=\"og:image:height\" content=\"897\" \/>\n\t<meta property=\"og:image:type\" content=\"image\/jpeg\" \/>\n<meta name=\"author\" content=\"Karen Bueno\" \/>\n<meta name=\"twitter:card\" content=\"summary_large_image\" \/>\n<meta name=\"twitter:label1\" content=\"Verfasst von\" \/>\n\t<meta name=\"twitter:data1\" content=\"Karen Bueno\" \/>\n\t<meta name=\"twitter:label2\" content=\"Gesch\u00e4tzte Lesezeit\" \/>\n\t<meta name=\"twitter:data2\" content=\"7\u00a0Minuten\" \/>\n<script type=\"application\/ld+json\" class=\"yoast-schema-graph\">{\"@context\":\"https:\\\/\\\/schema.org\",\"@graph\":[{\"@type\":\"Article\",\"@id\":\"https:\\\/\\\/schoenstatt.com\\\/de\\\/der-heilige-josef-inspiriert-uns-mit-freude-das-ideal-der-heiligen-familie-zu-leben\\\/#article\",\"isPartOf\":{\"@id\":\"https:\\\/\\\/schoenstatt.com\\\/de\\\/der-heilige-josef-inspiriert-uns-mit-freude-das-ideal-der-heiligen-familie-zu-leben\\\/\"},\"author\":{\"name\":\"Karen Bueno\",\"@id\":\"https:\\\/\\\/schoenstatt.com\\\/de\\\/#\\\/schema\\\/person\\\/5158877ad4acae98b34daaeef2a1ce6e\"},\"headline\":\"Der heilige Josef inspiriert uns, mit Freude das Ideal der Heiligen Familie zu leben\",\"datePublished\":\"2021-03-19T09:00:34+00:00\",\"dateModified\":\"2025-08-18T15:21:46+00:00\",\"mainEntityOfPage\":{\"@id\":\"https:\\\/\\\/schoenstatt.com\\\/de\\\/der-heilige-josef-inspiriert-uns-mit-freude-das-ideal-der-heiligen-familie-zu-leben\\\/\"},\"wordCount\":1276,\"publisher\":{\"@id\":\"https:\\\/\\\/schoenstatt.com\\\/de\\\/#organization\"},\"image\":{\"@id\":\"https:\\\/\\\/schoenstatt.com\\\/de\\\/der-heilige-josef-inspiriert-uns-mit-freude-das-ideal-der-heiligen-familie-zu-leben\\\/#primaryimage\"},\"thumbnailUrl\":\"https:\\\/\\\/schoenstatt.com\\\/wp-content\\\/uploads\\\/2022\\\/01\\\/St-Joseph-statue-2.jpeg\",\"keywords\":[\"Familie\",\"Hl. Josef\"],\"articleSection\":[\"Familie\",\"Spiritualit\u00e4t\"],\"inLanguage\":\"de\"},{\"@type\":\"WebPage\",\"@id\":\"https:\\\/\\\/schoenstatt.com\\\/de\\\/der-heilige-josef-inspiriert-uns-mit-freude-das-ideal-der-heiligen-familie-zu-leben\\\/\",\"url\":\"https:\\\/\\\/schoenstatt.com\\\/de\\\/der-heilige-josef-inspiriert-uns-mit-freude-das-ideal-der-heiligen-familie-zu-leben\\\/\",\"name\":\"Der heilige Josef inspiriert uns, mit Freude das Ideal der Heiligen Familie zu leben - Schoenstatt\",\"isPartOf\":{\"@id\":\"https:\\\/\\\/schoenstatt.com\\\/de\\\/#website\"},\"primaryImageOfPage\":{\"@id\":\"https:\\\/\\\/schoenstatt.com\\\/de\\\/der-heilige-josef-inspiriert-uns-mit-freude-das-ideal-der-heiligen-familie-zu-leben\\\/#primaryimage\"},\"image\":{\"@id\":\"https:\\\/\\\/schoenstatt.com\\\/de\\\/der-heilige-josef-inspiriert-uns-mit-freude-das-ideal-der-heiligen-familie-zu-leben\\\/#primaryimage\"},\"thumbnailUrl\":\"https:\\\/\\\/schoenstatt.com\\\/wp-content\\\/uploads\\\/2022\\\/01\\\/St-Joseph-statue-2.jpeg\",\"datePublished\":\"2021-03-19T09:00:34+00:00\",\"dateModified\":\"2025-08-18T15:21:46+00:00\",\"description\":\"Er ist ein vorbildlicher Vater, Ehemann und Gef\u00e4hrte, mit allen Tugenden, die f\u00fcr die Heilige Familie notwendig sind.\",\"breadcrumb\":{\"@id\":\"https:\\\/\\\/schoenstatt.com\\\/de\\\/der-heilige-josef-inspiriert-uns-mit-freude-das-ideal-der-heiligen-familie-zu-leben\\\/#breadcrumb\"},\"inLanguage\":\"de\",\"potentialAction\":[{\"@type\":\"ReadAction\",\"target\":[\"https:\\\/\\\/schoenstatt.com\\\/de\\\/der-heilige-josef-inspiriert-uns-mit-freude-das-ideal-der-heiligen-familie-zu-leben\\\/\"]}]},{\"@type\":\"ImageObject\",\"inLanguage\":\"de\",\"@id\":\"https:\\\/\\\/schoenstatt.com\\\/de\\\/der-heilige-josef-inspiriert-uns-mit-freude-das-ideal-der-heiligen-familie-zu-leben\\\/#primaryimage\",\"url\":\"https:\\\/\\\/schoenstatt.com\\\/wp-content\\\/uploads\\\/2022\\\/01\\\/St-Joseph-statue-2.jpeg\",\"contentUrl\":\"https:\\\/\\\/schoenstatt.com\\\/wp-content\\\/uploads\\\/2022\\\/01\\\/St-Joseph-statue-2.jpeg\",\"width\":1600,\"height\":897,\"caption\":\"St. Joseph\"},{\"@type\":\"BreadcrumbList\",\"@id\":\"https:\\\/\\\/schoenstatt.com\\\/de\\\/der-heilige-josef-inspiriert-uns-mit-freude-das-ideal-der-heiligen-familie-zu-leben\\\/#breadcrumb\",\"itemListElement\":[{\"@type\":\"ListItem\",\"position\":1,\"name\":\"Portada\",\"item\":\"https:\\\/\\\/schoenstatt.com\\\/de\\\/home\\\/\"},{\"@type\":\"ListItem\",\"position\":2,\"name\":\"Der heilige Josef inspiriert uns, mit Freude das Ideal der Heiligen Familie zu leben\"}]},{\"@type\":\"WebSite\",\"@id\":\"https:\\\/\\\/schoenstatt.com\\\/de\\\/#website\",\"url\":\"https:\\\/\\\/schoenstatt.com\\\/de\\\/\",\"name\":\"Schoenstatt\",\"description\":\"Apostolic Movement\",\"publisher\":{\"@id\":\"https:\\\/\\\/schoenstatt.com\\\/de\\\/#organization\"},\"potentialAction\":[{\"@type\":\"SearchAction\",\"target\":{\"@type\":\"EntryPoint\",\"urlTemplate\":\"https:\\\/\\\/schoenstatt.com\\\/de\\\/?s={search_term_string}\"},\"query-input\":{\"@type\":\"PropertyValueSpecification\",\"valueRequired\":true,\"valueName\":\"search_term_string\"}}],\"inLanguage\":\"de\"},{\"@type\":\"Organization\",\"@id\":\"https:\\\/\\\/schoenstatt.com\\\/de\\\/#organization\",\"name\":\"Schoenstatt\",\"url\":\"https:\\\/\\\/schoenstatt.com\\\/de\\\/\",\"logo\":{\"@type\":\"ImageObject\",\"inLanguage\":\"de\",\"@id\":\"https:\\\/\\\/schoenstatt.com\\\/de\\\/#\\\/schema\\\/logo\\\/image\\\/\",\"url\":\"https:\\\/\\\/schoenstatt.com\\\/wp-content\\\/uploads\\\/2025\\\/04\\\/logo-schoenstatt-white-696x696-1.png\",\"contentUrl\":\"https:\\\/\\\/schoenstatt.com\\\/wp-content\\\/uploads\\\/2025\\\/04\\\/logo-schoenstatt-white-696x696-1.png\",\"width\":696,\"height\":694,\"caption\":\"Schoenstatt\"},\"image\":{\"@id\":\"https:\\\/\\\/schoenstatt.com\\\/de\\\/#\\\/schema\\\/logo\\\/image\\\/\"}},{\"@type\":\"Person\",\"@id\":\"https:\\\/\\\/schoenstatt.com\\\/de\\\/#\\\/schema\\\/person\\\/5158877ad4acae98b34daaeef2a1ce6e\",\"name\":\"Karen Bueno\",\"image\":{\"@type\":\"ImageObject\",\"inLanguage\":\"de\",\"@id\":\"https:\\\/\\\/secure.gravatar.com\\\/avatar\\\/f9f4b823873154269d2b2130f195f6d41037dd0d7fc5f3cacb5c846bae70d66b?s=96&d=mm&r=g\",\"url\":\"https:\\\/\\\/secure.gravatar.com\\\/avatar\\\/f9f4b823873154269d2b2130f195f6d41037dd0d7fc5f3cacb5c846bae70d66b?s=96&d=mm&r=g\",\"contentUrl\":\"https:\\\/\\\/secure.gravatar.com\\\/avatar\\\/f9f4b823873154269d2b2130f195f6d41037dd0d7fc5f3cacb5c846bae70d66b?s=96&d=mm&r=g\",\"caption\":\"Karen Bueno\"},\"url\":\"https:\\\/\\\/schoenstatt.com\\\/de\\\/author\\\/karen-bueno\\\/\"}]}<\/script>\n<!-- \/ Yoast SEO Premium plugin. -->","yoast_head_json":{"title":"Der heilige Josef inspiriert uns, mit Freude das Ideal der Heiligen Familie zu leben - Schoenstatt","description":"Er ist ein vorbildlicher Vater, Ehemann und Gef\u00e4hrte, mit allen Tugenden, die f\u00fcr die Heilige Familie notwendig sind.","robots":{"index":"index","follow":"follow","max-snippet":"max-snippet:-1","max-image-preview":"max-image-preview:large","max-video-preview":"max-video-preview:-1"},"canonical":"https:\/\/schoenstatt.com\/de\/der-heilige-josef-inspiriert-uns-mit-freude-das-ideal-der-heiligen-familie-zu-leben\/","og_locale":"de_DE","og_type":"article","og_title":"Der heilige Josef inspiriert uns, mit Freude das Ideal der Heiligen Familie zu leben","og_description":"Er ist ein vorbildlicher Vater, Ehemann und Gef\u00e4hrte, mit allen Tugenden, die f\u00fcr die Heilige Familie notwendig sind.","og_url":"https:\/\/schoenstatt.com\/de\/der-heilige-josef-inspiriert-uns-mit-freude-das-ideal-der-heiligen-familie-zu-leben\/","og_site_name":"Schoenstatt","article_published_time":"2021-03-19T09:00:34+00:00","article_modified_time":"2025-08-18T15:21:46+00:00","og_image":[{"width":1600,"height":897,"url":"https:\/\/schoenstatt.com\/wp-content\/uploads\/2022\/01\/St-Joseph-statue-2.jpeg","type":"image\/jpeg"}],"author":"Karen Bueno","twitter_card":"summary_large_image","twitter_misc":{"Verfasst von":"Karen Bueno","Gesch\u00e4tzte Lesezeit":"7\u00a0Minuten"},"schema":{"@context":"https:\/\/schema.org","@graph":[{"@type":"Article","@id":"https:\/\/schoenstatt.com\/de\/der-heilige-josef-inspiriert-uns-mit-freude-das-ideal-der-heiligen-familie-zu-leben\/#article","isPartOf":{"@id":"https:\/\/schoenstatt.com\/de\/der-heilige-josef-inspiriert-uns-mit-freude-das-ideal-der-heiligen-familie-zu-leben\/"},"author":{"name":"Karen Bueno","@id":"https:\/\/schoenstatt.com\/de\/#\/schema\/person\/5158877ad4acae98b34daaeef2a1ce6e"},"headline":"Der heilige Josef inspiriert uns, mit Freude das Ideal der Heiligen Familie zu leben","datePublished":"2021-03-19T09:00:34+00:00","dateModified":"2025-08-18T15:21:46+00:00","mainEntityOfPage":{"@id":"https:\/\/schoenstatt.com\/de\/der-heilige-josef-inspiriert-uns-mit-freude-das-ideal-der-heiligen-familie-zu-leben\/"},"wordCount":1276,"publisher":{"@id":"https:\/\/schoenstatt.com\/de\/#organization"},"image":{"@id":"https:\/\/schoenstatt.com\/de\/der-heilige-josef-inspiriert-uns-mit-freude-das-ideal-der-heiligen-familie-zu-leben\/#primaryimage"},"thumbnailUrl":"https:\/\/schoenstatt.com\/wp-content\/uploads\/2022\/01\/St-Joseph-statue-2.jpeg","keywords":["Familie","Hl. Josef"],"articleSection":["Familie","Spiritualit\u00e4t"],"inLanguage":"de"},{"@type":"WebPage","@id":"https:\/\/schoenstatt.com\/de\/der-heilige-josef-inspiriert-uns-mit-freude-das-ideal-der-heiligen-familie-zu-leben\/","url":"https:\/\/schoenstatt.com\/de\/der-heilige-josef-inspiriert-uns-mit-freude-das-ideal-der-heiligen-familie-zu-leben\/","name":"Der heilige Josef inspiriert uns, mit Freude das Ideal der Heiligen Familie zu leben - Schoenstatt","isPartOf":{"@id":"https:\/\/schoenstatt.com\/de\/#website"},"primaryImageOfPage":{"@id":"https:\/\/schoenstatt.com\/de\/der-heilige-josef-inspiriert-uns-mit-freude-das-ideal-der-heiligen-familie-zu-leben\/#primaryimage"},"image":{"@id":"https:\/\/schoenstatt.com\/de\/der-heilige-josef-inspiriert-uns-mit-freude-das-ideal-der-heiligen-familie-zu-leben\/#primaryimage"},"thumbnailUrl":"https:\/\/schoenstatt.com\/wp-content\/uploads\/2022\/01\/St-Joseph-statue-2.jpeg","datePublished":"2021-03-19T09:00:34+00:00","dateModified":"2025-08-18T15:21:46+00:00","description":"Er ist ein vorbildlicher Vater, Ehemann und Gef\u00e4hrte, mit allen Tugenden, die f\u00fcr die Heilige Familie notwendig sind.","breadcrumb":{"@id":"https:\/\/schoenstatt.com\/de\/der-heilige-josef-inspiriert-uns-mit-freude-das-ideal-der-heiligen-familie-zu-leben\/#breadcrumb"},"inLanguage":"de","potentialAction":[{"@type":"ReadAction","target":["https:\/\/schoenstatt.com\/de\/der-heilige-josef-inspiriert-uns-mit-freude-das-ideal-der-heiligen-familie-zu-leben\/"]}]},{"@type":"ImageObject","inLanguage":"de","@id":"https:\/\/schoenstatt.com\/de\/der-heilige-josef-inspiriert-uns-mit-freude-das-ideal-der-heiligen-familie-zu-leben\/#primaryimage","url":"https:\/\/schoenstatt.com\/wp-content\/uploads\/2022\/01\/St-Joseph-statue-2.jpeg","contentUrl":"https:\/\/schoenstatt.com\/wp-content\/uploads\/2022\/01\/St-Joseph-statue-2.jpeg","width":1600,"height":897,"caption":"St. Joseph"},{"@type":"BreadcrumbList","@id":"https:\/\/schoenstatt.com\/de\/der-heilige-josef-inspiriert-uns-mit-freude-das-ideal-der-heiligen-familie-zu-leben\/#breadcrumb","itemListElement":[{"@type":"ListItem","position":1,"name":"Portada","item":"https:\/\/schoenstatt.com\/de\/home\/"},{"@type":"ListItem","position":2,"name":"Der heilige Josef inspiriert uns, mit Freude das Ideal der Heiligen Familie zu leben"}]},{"@type":"WebSite","@id":"https:\/\/schoenstatt.com\/de\/#website","url":"https:\/\/schoenstatt.com\/de\/","name":"Schoenstatt","description":"Apostolic Movement","publisher":{"@id":"https:\/\/schoenstatt.com\/de\/#organization"},"potentialAction":[{"@type":"SearchAction","target":{"@type":"EntryPoint","urlTemplate":"https:\/\/schoenstatt.com\/de\/?s={search_term_string}"},"query-input":{"@type":"PropertyValueSpecification","valueRequired":true,"valueName":"search_term_string"}}],"inLanguage":"de"},{"@type":"Organization","@id":"https:\/\/schoenstatt.com\/de\/#organization","name":"Schoenstatt","url":"https:\/\/schoenstatt.com\/de\/","logo":{"@type":"ImageObject","inLanguage":"de","@id":"https:\/\/schoenstatt.com\/de\/#\/schema\/logo\/image\/","url":"https:\/\/schoenstatt.com\/wp-content\/uploads\/2025\/04\/logo-schoenstatt-white-696x696-1.png","contentUrl":"https:\/\/schoenstatt.com\/wp-content\/uploads\/2025\/04\/logo-schoenstatt-white-696x696-1.png","width":696,"height":694,"caption":"Schoenstatt"},"image":{"@id":"https:\/\/schoenstatt.com\/de\/#\/schema\/logo\/image\/"}},{"@type":"Person","@id":"https:\/\/schoenstatt.com\/de\/#\/schema\/person\/5158877ad4acae98b34daaeef2a1ce6e","name":"Karen Bueno","image":{"@type":"ImageObject","inLanguage":"de","@id":"https:\/\/secure.gravatar.com\/avatar\/f9f4b823873154269d2b2130f195f6d41037dd0d7fc5f3cacb5c846bae70d66b?s=96&d=mm&r=g","url":"https:\/\/secure.gravatar.com\/avatar\/f9f4b823873154269d2b2130f195f6d41037dd0d7fc5f3cacb5c846bae70d66b?s=96&d=mm&r=g","contentUrl":"https:\/\/secure.gravatar.com\/avatar\/f9f4b823873154269d2b2130f195f6d41037dd0d7fc5f3cacb5c846bae70d66b?s=96&d=mm&r=g","caption":"Karen Bueno"},"url":"https:\/\/schoenstatt.com\/de\/author\/karen-bueno\/"}]}},"_links":{"self":[{"href":"https:\/\/schoenstatt.com\/de\/wp-json\/wp\/v2\/posts\/23291","targetHints":{"allow":["GET"]}}],"collection":[{"href":"https:\/\/schoenstatt.com\/de\/wp-json\/wp\/v2\/posts"}],"about":[{"href":"https:\/\/schoenstatt.com\/de\/wp-json\/wp\/v2\/types\/post"}],"author":[{"embeddable":true,"href":"https:\/\/schoenstatt.com\/de\/wp-json\/wp\/v2\/users\/3"}],"replies":[{"embeddable":true,"href":"https:\/\/schoenstatt.com\/de\/wp-json\/wp\/v2\/comments?post=23291"}],"version-history":[{"count":2,"href":"https:\/\/schoenstatt.com\/de\/wp-json\/wp\/v2\/posts\/23291\/revisions"}],"predecessor-version":[{"id":62265,"href":"https:\/\/schoenstatt.com\/de\/wp-json\/wp\/v2\/posts\/23291\/revisions\/62265"}],"wp:featuredmedia":[{"embeddable":true,"href":"https:\/\/schoenstatt.com\/de\/wp-json\/wp\/v2\/media\/23019"}],"wp:attachment":[{"href":"https:\/\/schoenstatt.com\/de\/wp-json\/wp\/v2\/media?parent=23291"}],"wp:term":[{"taxonomy":"category","embeddable":true,"href":"https:\/\/schoenstatt.com\/de\/wp-json\/wp\/v2\/categories?post=23291"},{"taxonomy":"post_tag","embeddable":true,"href":"https:\/\/schoenstatt.com\/de\/wp-json\/wp\/v2\/tags?post=23291"}],"curies":[{"name":"wp","href":"https:\/\/api.w.org\/{rel}","templated":true}]}}