{"id":23188,"date":"2022-01-17T17:30:21","date_gmt":"2022-01-17T16:30:21","guid":{"rendered":"https:\/\/schoenstatt.com\/?p=23188"},"modified":"2025-05-15T20:03:11","modified_gmt":"2025-05-15T18:03:11","slug":"sr-gertrud-maria-aus-wunden-koennen-wunder-werden","status":"publish","type":"post","link":"https:\/\/schoenstatt.com\/de\/sr-gertrud-maria-aus-wunden-koennen-wunder-werden\/","title":{"rendered":"Sr. Gertrud-Maria: \u201eAus Wunden k\u00f6nnen Wunder werden&#8220;"},"content":{"rendered":"<p>Sr. Gertrud-Maria berichtet im 1. Teil ihrer Erz\u00e4hlung von ihrer Berufungsgeschichte in die <a href=\"https:\/\/schoenstatt.com\/de\/familie\/gemeinschaften-in-der-schoenstattbewegung\/frauen\/\">Gemeinschaft der Sch\u00f6nst\u00e4tter Marienschwestern<\/a>. Sie lernte Sch\u00f6nstatt in einer jugendlichen Suchphase kennen, wo sie nicht sicher war, ob sie die Antworten in der katholischen Kirche finden w\u00fcrde. Kurz danach begegnete sie einer Bekannten, die sie fragte: \u201eWas ist denn mit dir passiert? Hast du dich verliebt?\u201c Die innere Antwort war: \u201eIn gewisser Weise ja, ich wusste auf einmal, wo ich hingeh\u00f6re und das habe ich offenbar ausgestrahlt.\u201c<\/p>\n<p>Sr. Gertrud-Maria wagte den \u201eKopfsprung in die Gemeinschaft der Sch\u00f6nst\u00e4tter Marienschwestern, \u201eobwohl ich vorher \u00fcberhaupt nicht daran gedacht habe, so einen Weg zu gehen. Es ist f\u00fcr mich eine Lebensschule geworden, ich habe mich dort angenommen erlebt, ich habe pers\u00f6nliche Beziehungen gekn\u00fcpft, ich durfte wachsen, ich durfte mich auch anvertrauen, coachen lassen, meine Potentiale entdecken und entwickeln. Und ich habe in diesem Prozess sehr viel Achtsamkeit erlebt.\u201c<\/p>\n<p>Ein Satz von Pater Kentenich begeistert Sr. Gertrud-Maria besonders: \u201eEs gibt nichts, was Gott so \u00e4hnlich ist, wie eine edle Frau, die in edler Gelockertheit und gotterf\u00fclltem Selbstbesitz den Geist der gez\u00e4hmten Freiheit ihr eigen nennt, wie eine Schwester der lieben Gottesmutter, wie ich sie gerne der Kirche schenken m\u00f6chte.\u201c Das Streben nach diesem Ideal hat sie in ihrer Gemeinschaft erfahren, bis heute.<\/p>\n<p>Sr. Gertrud-Maria bezeugt: \u201eIch habe in meiner Gemeinschaft ein Klima der edlen Gelockertheit gefunden, von reiner Freude, auch von Kraft und Disziplin. Dass ich da innere Freiheit habe, das ist das Anliegen, das ist die Zielrichtung und so ein Klima pr\u00e4gt meine Gemeinschaft.\u201c Dieses Klima, die Struktur, die Rituale sind gewachsen aus dem Herzen von Pater Kentenich. Das ist sozusagen \u201esein Ich\u201c, das er da hineingegeben hat. Deshalb klingt es f\u00fcr Sr. Gertrud-Maria so paradox, dass ausgerechnet er \u00fcbergriffig gewesen sein sollte.<\/p>\n<p>\u201eIch vertraue darauf, dass hier aus Wunden Wunder werden k\u00f6nnen f\u00fcr unsere <a href=\"http:\/\/www.schoenstatt.at\">Bewegung<\/a>, dass wir \u00fcber manches mehr sprechen, dass manches mehr bekannt wird in der Gesellschaft, in der Kirche, die P\u00e4dagogik, dass man mehr darauf aufmerksam wird, und sie dadurch auch noch fruchtbarer werden kann.<\/p>\n<p>&nbsp;<\/p>\n<p><iframe title=\"13 Schwester Gertrud Maria A\" width=\"800\" height=\"450\" src=\"https:\/\/www.youtube.com\/embed\/EVOhBaUB3kI?feature=oembed\" frameborder=\"0\" allow=\"accelerometer; autoplay; clipboard-write; encrypted-media; gyroscope; picture-in-picture; web-share\" referrerpolicy=\"strict-origin-when-cross-origin\" allowfullscreen><\/iframe><\/p>\n","protected":false},"excerpt":{"rendered":"<p>Sr. Gertrud-Maria Erhard, Initiatorin dieses Videoprojekts: \u201eIch habe einen Kopfsprung gemacht in die Gemeinschaft der Sch\u00f6nst\u00e4tter Marienschwestern. Dort fand ich ein Klima der edlen Gelockertheit, von reiner Freude, auch von Kraft und Disziplin.\u201c<\/p>\n","protected":false},"author":1,"featured_media":23189,"comment_status":"closed","ping_status":"closed","sticky":false,"template":"","format":"standard","meta":{"footnotes":""},"categories":[918,878],"tags":[],"class_list":["post-23188","post","type-post","status-publish","format-standard","has-post-thumbnail","hentry","category-frauen-de","category-p-josef-kentenich-de"],"yoast_head":"<!-- This site is optimized with the Yoast SEO Premium plugin v27.4 (Yoast SEO v27.5) - https:\/\/yoast.com\/product\/yoast-seo-premium-wordpress\/ -->\n<title>Sr. Gertrud-Maria: \u201eAus Wunden k\u00f6nnen Wunder werden&quot; - Schoenstatt<\/title>\n<meta name=\"description\" content=\"Bei der Sch\u00f6nst\u00e4tter Marienschwestern fand ich ein Klima der edlen Gelockertheit, von reiner Freude, auch von Kraft und Disziplin.\u201c\" \/>\n<meta name=\"robots\" content=\"index, follow, max-snippet:-1, max-image-preview:large, max-video-preview:-1\" \/>\n<link rel=\"canonical\" href=\"https:\/\/schoenstatt.com\/de\/sr-gertrud-maria-aus-wunden-koennen-wunder-werden\/\" \/>\n<meta property=\"og:locale\" content=\"de_DE\" \/>\n<meta property=\"og:type\" content=\"article\" \/>\n<meta property=\"og:title\" content=\"Sr. Gertrud-Maria: \u201eAus Wunden k\u00f6nnen Wunder werden&quot;\" \/>\n<meta property=\"og:description\" content=\"Bei der Sch\u00f6nst\u00e4tter Marienschwestern fand ich ein Klima der edlen Gelockertheit, von reiner Freude, auch von Kraft und Disziplin.\u201c\" \/>\n<meta property=\"og:url\" content=\"https:\/\/schoenstatt.com\/de\/sr-gertrud-maria-aus-wunden-koennen-wunder-werden\/\" \/>\n<meta property=\"og:site_name\" content=\"Schoenstatt\" \/>\n<meta property=\"article:published_time\" content=\"2022-01-17T16:30:21+00:00\" \/>\n<meta property=\"article:modified_time\" content=\"2025-05-15T18:03:11+00:00\" \/>\n<meta property=\"og:image\" content=\"https:\/\/schoenstatt.com\/wp-content\/uploads\/2022\/01\/2022-01-15-1-1.png\" \/>\n\t<meta property=\"og:image:width\" content=\"1920\" \/>\n\t<meta property=\"og:image:height\" content=\"1080\" \/>\n\t<meta property=\"og:image:type\" content=\"image\/png\" \/>\n<meta name=\"author\" content=\"admin\" \/>\n<meta name=\"twitter:card\" content=\"summary_large_image\" \/>\n<meta name=\"twitter:label1\" content=\"Verfasst von\" \/>\n\t<meta name=\"twitter:data1\" content=\"admin\" \/>\n\t<meta name=\"twitter:label2\" content=\"Gesch\u00e4tzte Lesezeit\" \/>\n\t<meta name=\"twitter:data2\" content=\"2\u00a0Minuten\" \/>\n<script type=\"application\/ld+json\" class=\"yoast-schema-graph\">{\"@context\":\"https:\\\/\\\/schema.org\",\"@graph\":[{\"@type\":\"Article\",\"@id\":\"https:\\\/\\\/schoenstatt.com\\\/de\\\/sr-gertrud-maria-aus-wunden-koennen-wunder-werden\\\/#article\",\"isPartOf\":{\"@id\":\"https:\\\/\\\/schoenstatt.com\\\/de\\\/sr-gertrud-maria-aus-wunden-koennen-wunder-werden\\\/\"},\"author\":{\"name\":\"admin\",\"@id\":\"https:\\\/\\\/schoenstatt.com\\\/de\\\/#\\\/schema\\\/person\\\/489465b1850e7b216fe2c10dfc262551\"},\"headline\":\"Sr. Gertrud-Maria: \u201eAus Wunden k\u00f6nnen Wunder werden&#8220;\",\"datePublished\":\"2022-01-17T16:30:21+00:00\",\"dateModified\":\"2025-05-15T18:03:11+00:00\",\"mainEntityOfPage\":{\"@id\":\"https:\\\/\\\/schoenstatt.com\\\/de\\\/sr-gertrud-maria-aus-wunden-koennen-wunder-werden\\\/\"},\"wordCount\":370,\"publisher\":{\"@id\":\"https:\\\/\\\/schoenstatt.com\\\/de\\\/#organization\"},\"image\":{\"@id\":\"https:\\\/\\\/schoenstatt.com\\\/de\\\/sr-gertrud-maria-aus-wunden-koennen-wunder-werden\\\/#primaryimage\"},\"thumbnailUrl\":\"https:\\\/\\\/schoenstatt.com\\\/wp-content\\\/uploads\\\/2022\\\/01\\\/2022-01-15-1-1.png\",\"articleSection\":[\"Frauen\",\"P. Josef Kentenich\"],\"inLanguage\":\"de\"},{\"@type\":\"WebPage\",\"@id\":\"https:\\\/\\\/schoenstatt.com\\\/de\\\/sr-gertrud-maria-aus-wunden-koennen-wunder-werden\\\/\",\"url\":\"https:\\\/\\\/schoenstatt.com\\\/de\\\/sr-gertrud-maria-aus-wunden-koennen-wunder-werden\\\/\",\"name\":\"Sr. Gertrud-Maria: \u201eAus Wunden k\u00f6nnen Wunder werden\\\" - Schoenstatt\",\"isPartOf\":{\"@id\":\"https:\\\/\\\/schoenstatt.com\\\/de\\\/#website\"},\"primaryImageOfPage\":{\"@id\":\"https:\\\/\\\/schoenstatt.com\\\/de\\\/sr-gertrud-maria-aus-wunden-koennen-wunder-werden\\\/#primaryimage\"},\"image\":{\"@id\":\"https:\\\/\\\/schoenstatt.com\\\/de\\\/sr-gertrud-maria-aus-wunden-koennen-wunder-werden\\\/#primaryimage\"},\"thumbnailUrl\":\"https:\\\/\\\/schoenstatt.com\\\/wp-content\\\/uploads\\\/2022\\\/01\\\/2022-01-15-1-1.png\",\"datePublished\":\"2022-01-17T16:30:21+00:00\",\"dateModified\":\"2025-05-15T18:03:11+00:00\",\"description\":\"Bei der Sch\u00f6nst\u00e4tter Marienschwestern fand ich ein Klima der edlen Gelockertheit, von reiner Freude, auch von Kraft und Disziplin.\u201c\",\"breadcrumb\":{\"@id\":\"https:\\\/\\\/schoenstatt.com\\\/de\\\/sr-gertrud-maria-aus-wunden-koennen-wunder-werden\\\/#breadcrumb\"},\"inLanguage\":\"de\",\"potentialAction\":[{\"@type\":\"ReadAction\",\"target\":[\"https:\\\/\\\/schoenstatt.com\\\/de\\\/sr-gertrud-maria-aus-wunden-koennen-wunder-werden\\\/\"]}]},{\"@type\":\"ImageObject\",\"inLanguage\":\"de\",\"@id\":\"https:\\\/\\\/schoenstatt.com\\\/de\\\/sr-gertrud-maria-aus-wunden-koennen-wunder-werden\\\/#primaryimage\",\"url\":\"https:\\\/\\\/schoenstatt.com\\\/wp-content\\\/uploads\\\/2022\\\/01\\\/2022-01-15-1-1.png\",\"contentUrl\":\"https:\\\/\\\/schoenstatt.com\\\/wp-content\\\/uploads\\\/2022\\\/01\\\/2022-01-15-1-1.png\",\"width\":1920,\"height\":1080,\"caption\":\"Sr. Gertrud-Maria\"},{\"@type\":\"BreadcrumbList\",\"@id\":\"https:\\\/\\\/schoenstatt.com\\\/de\\\/sr-gertrud-maria-aus-wunden-koennen-wunder-werden\\\/#breadcrumb\",\"itemListElement\":[{\"@type\":\"ListItem\",\"position\":1,\"name\":\"Portada\",\"item\":\"https:\\\/\\\/schoenstatt.com\\\/de\\\/home\\\/\"},{\"@type\":\"ListItem\",\"position\":2,\"name\":\"Sr. Gertrud-Maria: \u201eAus Wunden k\u00f6nnen Wunder werden\u00bb\"}]},{\"@type\":\"WebSite\",\"@id\":\"https:\\\/\\\/schoenstatt.com\\\/de\\\/#website\",\"url\":\"https:\\\/\\\/schoenstatt.com\\\/de\\\/\",\"name\":\"Schoenstatt\",\"description\":\"Apostolic Movement\",\"publisher\":{\"@id\":\"https:\\\/\\\/schoenstatt.com\\\/de\\\/#organization\"},\"potentialAction\":[{\"@type\":\"SearchAction\",\"target\":{\"@type\":\"EntryPoint\",\"urlTemplate\":\"https:\\\/\\\/schoenstatt.com\\\/de\\\/?s={search_term_string}\"},\"query-input\":{\"@type\":\"PropertyValueSpecification\",\"valueRequired\":true,\"valueName\":\"search_term_string\"}}],\"inLanguage\":\"de\"},{\"@type\":\"Organization\",\"@id\":\"https:\\\/\\\/schoenstatt.com\\\/de\\\/#organization\",\"name\":\"Schoenstatt\",\"url\":\"https:\\\/\\\/schoenstatt.com\\\/de\\\/\",\"logo\":{\"@type\":\"ImageObject\",\"inLanguage\":\"de\",\"@id\":\"https:\\\/\\\/schoenstatt.com\\\/de\\\/#\\\/schema\\\/logo\\\/image\\\/\",\"url\":\"https:\\\/\\\/schoenstatt.com\\\/wp-content\\\/uploads\\\/2025\\\/04\\\/logo-schoenstatt-white-696x696-1.png\",\"contentUrl\":\"https:\\\/\\\/schoenstatt.com\\\/wp-content\\\/uploads\\\/2025\\\/04\\\/logo-schoenstatt-white-696x696-1.png\",\"width\":696,\"height\":694,\"caption\":\"Schoenstatt\"},\"image\":{\"@id\":\"https:\\\/\\\/schoenstatt.com\\\/de\\\/#\\\/schema\\\/logo\\\/image\\\/\"}},{\"@type\":\"Person\",\"@id\":\"https:\\\/\\\/schoenstatt.com\\\/de\\\/#\\\/schema\\\/person\\\/489465b1850e7b216fe2c10dfc262551\",\"name\":\"admin\",\"image\":{\"@type\":\"ImageObject\",\"inLanguage\":\"de\",\"@id\":\"https:\\\/\\\/secure.gravatar.com\\\/avatar\\\/02e8345e1ec40ab0e0a2a98fdde64a684bbaf994cddcb778b25b8b024ee9dfe6?s=96&d=mm&r=g\",\"url\":\"https:\\\/\\\/secure.gravatar.com\\\/avatar\\\/02e8345e1ec40ab0e0a2a98fdde64a684bbaf994cddcb778b25b8b024ee9dfe6?s=96&d=mm&r=g\",\"contentUrl\":\"https:\\\/\\\/secure.gravatar.com\\\/avatar\\\/02e8345e1ec40ab0e0a2a98fdde64a684bbaf994cddcb778b25b8b024ee9dfe6?s=96&d=mm&r=g\",\"caption\":\"admin\"},\"sameAs\":[\"https:\\\/\\\/schoenstatt.com\"],\"url\":\"https:\\\/\\\/schoenstatt.com\\\/de\\\/author\\\/admin\\\/\"}]}<\/script>\n<!-- \/ Yoast SEO Premium plugin. -->","yoast_head_json":{"title":"Sr. Gertrud-Maria: \u201eAus Wunden k\u00f6nnen Wunder werden\" - Schoenstatt","description":"Bei der Sch\u00f6nst\u00e4tter Marienschwestern fand ich ein Klima der edlen Gelockertheit, von reiner Freude, auch von Kraft und Disziplin.\u201c","robots":{"index":"index","follow":"follow","max-snippet":"max-snippet:-1","max-image-preview":"max-image-preview:large","max-video-preview":"max-video-preview:-1"},"canonical":"https:\/\/schoenstatt.com\/de\/sr-gertrud-maria-aus-wunden-koennen-wunder-werden\/","og_locale":"de_DE","og_type":"article","og_title":"Sr. Gertrud-Maria: \u201eAus Wunden k\u00f6nnen Wunder werden\"","og_description":"Bei der Sch\u00f6nst\u00e4tter Marienschwestern fand ich ein Klima der edlen Gelockertheit, von reiner Freude, auch von Kraft und Disziplin.\u201c","og_url":"https:\/\/schoenstatt.com\/de\/sr-gertrud-maria-aus-wunden-koennen-wunder-werden\/","og_site_name":"Schoenstatt","article_published_time":"2022-01-17T16:30:21+00:00","article_modified_time":"2025-05-15T18:03:11+00:00","og_image":[{"width":1920,"height":1080,"url":"https:\/\/schoenstatt.com\/wp-content\/uploads\/2022\/01\/2022-01-15-1-1.png","type":"image\/png"}],"author":"admin","twitter_card":"summary_large_image","twitter_misc":{"Verfasst von":"admin","Gesch\u00e4tzte Lesezeit":"2\u00a0Minuten"},"schema":{"@context":"https:\/\/schema.org","@graph":[{"@type":"Article","@id":"https:\/\/schoenstatt.com\/de\/sr-gertrud-maria-aus-wunden-koennen-wunder-werden\/#article","isPartOf":{"@id":"https:\/\/schoenstatt.com\/de\/sr-gertrud-maria-aus-wunden-koennen-wunder-werden\/"},"author":{"name":"admin","@id":"https:\/\/schoenstatt.com\/de\/#\/schema\/person\/489465b1850e7b216fe2c10dfc262551"},"headline":"Sr. Gertrud-Maria: \u201eAus Wunden k\u00f6nnen Wunder werden&#8220;","datePublished":"2022-01-17T16:30:21+00:00","dateModified":"2025-05-15T18:03:11+00:00","mainEntityOfPage":{"@id":"https:\/\/schoenstatt.com\/de\/sr-gertrud-maria-aus-wunden-koennen-wunder-werden\/"},"wordCount":370,"publisher":{"@id":"https:\/\/schoenstatt.com\/de\/#organization"},"image":{"@id":"https:\/\/schoenstatt.com\/de\/sr-gertrud-maria-aus-wunden-koennen-wunder-werden\/#primaryimage"},"thumbnailUrl":"https:\/\/schoenstatt.com\/wp-content\/uploads\/2022\/01\/2022-01-15-1-1.png","articleSection":["Frauen","P. Josef Kentenich"],"inLanguage":"de"},{"@type":"WebPage","@id":"https:\/\/schoenstatt.com\/de\/sr-gertrud-maria-aus-wunden-koennen-wunder-werden\/","url":"https:\/\/schoenstatt.com\/de\/sr-gertrud-maria-aus-wunden-koennen-wunder-werden\/","name":"Sr. Gertrud-Maria: \u201eAus Wunden k\u00f6nnen Wunder werden\" - Schoenstatt","isPartOf":{"@id":"https:\/\/schoenstatt.com\/de\/#website"},"primaryImageOfPage":{"@id":"https:\/\/schoenstatt.com\/de\/sr-gertrud-maria-aus-wunden-koennen-wunder-werden\/#primaryimage"},"image":{"@id":"https:\/\/schoenstatt.com\/de\/sr-gertrud-maria-aus-wunden-koennen-wunder-werden\/#primaryimage"},"thumbnailUrl":"https:\/\/schoenstatt.com\/wp-content\/uploads\/2022\/01\/2022-01-15-1-1.png","datePublished":"2022-01-17T16:30:21+00:00","dateModified":"2025-05-15T18:03:11+00:00","description":"Bei der Sch\u00f6nst\u00e4tter Marienschwestern fand ich ein Klima der edlen Gelockertheit, von reiner Freude, auch von Kraft und Disziplin.\u201c","breadcrumb":{"@id":"https:\/\/schoenstatt.com\/de\/sr-gertrud-maria-aus-wunden-koennen-wunder-werden\/#breadcrumb"},"inLanguage":"de","potentialAction":[{"@type":"ReadAction","target":["https:\/\/schoenstatt.com\/de\/sr-gertrud-maria-aus-wunden-koennen-wunder-werden\/"]}]},{"@type":"ImageObject","inLanguage":"de","@id":"https:\/\/schoenstatt.com\/de\/sr-gertrud-maria-aus-wunden-koennen-wunder-werden\/#primaryimage","url":"https:\/\/schoenstatt.com\/wp-content\/uploads\/2022\/01\/2022-01-15-1-1.png","contentUrl":"https:\/\/schoenstatt.com\/wp-content\/uploads\/2022\/01\/2022-01-15-1-1.png","width":1920,"height":1080,"caption":"Sr. Gertrud-Maria"},{"@type":"BreadcrumbList","@id":"https:\/\/schoenstatt.com\/de\/sr-gertrud-maria-aus-wunden-koennen-wunder-werden\/#breadcrumb","itemListElement":[{"@type":"ListItem","position":1,"name":"Portada","item":"https:\/\/schoenstatt.com\/de\/home\/"},{"@type":"ListItem","position":2,"name":"Sr. Gertrud-Maria: \u201eAus Wunden k\u00f6nnen Wunder werden\u00bb"}]},{"@type":"WebSite","@id":"https:\/\/schoenstatt.com\/de\/#website","url":"https:\/\/schoenstatt.com\/de\/","name":"Schoenstatt","description":"Apostolic Movement","publisher":{"@id":"https:\/\/schoenstatt.com\/de\/#organization"},"potentialAction":[{"@type":"SearchAction","target":{"@type":"EntryPoint","urlTemplate":"https:\/\/schoenstatt.com\/de\/?s={search_term_string}"},"query-input":{"@type":"PropertyValueSpecification","valueRequired":true,"valueName":"search_term_string"}}],"inLanguage":"de"},{"@type":"Organization","@id":"https:\/\/schoenstatt.com\/de\/#organization","name":"Schoenstatt","url":"https:\/\/schoenstatt.com\/de\/","logo":{"@type":"ImageObject","inLanguage":"de","@id":"https:\/\/schoenstatt.com\/de\/#\/schema\/logo\/image\/","url":"https:\/\/schoenstatt.com\/wp-content\/uploads\/2025\/04\/logo-schoenstatt-white-696x696-1.png","contentUrl":"https:\/\/schoenstatt.com\/wp-content\/uploads\/2025\/04\/logo-schoenstatt-white-696x696-1.png","width":696,"height":694,"caption":"Schoenstatt"},"image":{"@id":"https:\/\/schoenstatt.com\/de\/#\/schema\/logo\/image\/"}},{"@type":"Person","@id":"https:\/\/schoenstatt.com\/de\/#\/schema\/person\/489465b1850e7b216fe2c10dfc262551","name":"admin","image":{"@type":"ImageObject","inLanguage":"de","@id":"https:\/\/secure.gravatar.com\/avatar\/02e8345e1ec40ab0e0a2a98fdde64a684bbaf994cddcb778b25b8b024ee9dfe6?s=96&d=mm&r=g","url":"https:\/\/secure.gravatar.com\/avatar\/02e8345e1ec40ab0e0a2a98fdde64a684bbaf994cddcb778b25b8b024ee9dfe6?s=96&d=mm&r=g","contentUrl":"https:\/\/secure.gravatar.com\/avatar\/02e8345e1ec40ab0e0a2a98fdde64a684bbaf994cddcb778b25b8b024ee9dfe6?s=96&d=mm&r=g","caption":"admin"},"sameAs":["https:\/\/schoenstatt.com"],"url":"https:\/\/schoenstatt.com\/de\/author\/admin\/"}]}},"_links":{"self":[{"href":"https:\/\/schoenstatt.com\/de\/wp-json\/wp\/v2\/posts\/23188","targetHints":{"allow":["GET"]}}],"collection":[{"href":"https:\/\/schoenstatt.com\/de\/wp-json\/wp\/v2\/posts"}],"about":[{"href":"https:\/\/schoenstatt.com\/de\/wp-json\/wp\/v2\/types\/post"}],"author":[{"embeddable":true,"href":"https:\/\/schoenstatt.com\/de\/wp-json\/wp\/v2\/users\/1"}],"replies":[{"embeddable":true,"href":"https:\/\/schoenstatt.com\/de\/wp-json\/wp\/v2\/comments?post=23188"}],"version-history":[{"count":1,"href":"https:\/\/schoenstatt.com\/de\/wp-json\/wp\/v2\/posts\/23188\/revisions"}],"predecessor-version":[{"id":44965,"href":"https:\/\/schoenstatt.com\/de\/wp-json\/wp\/v2\/posts\/23188\/revisions\/44965"}],"wp:featuredmedia":[{"embeddable":true,"href":"https:\/\/schoenstatt.com\/de\/wp-json\/wp\/v2\/media\/23189"}],"wp:attachment":[{"href":"https:\/\/schoenstatt.com\/de\/wp-json\/wp\/v2\/media?parent=23188"}],"wp:term":[{"taxonomy":"category","embeddable":true,"href":"https:\/\/schoenstatt.com\/de\/wp-json\/wp\/v2\/categories?post=23188"},{"taxonomy":"post_tag","embeddable":true,"href":"https:\/\/schoenstatt.com\/de\/wp-json\/wp\/v2\/tags?post=23188"}],"curies":[{"name":"wp","href":"https:\/\/api.w.org\/{rel}","templated":true}]}}