{"id":23161,"date":"2022-01-05T16:15:53","date_gmt":"2022-01-05T15:15:53","guid":{"rendered":"https:\/\/schoenstatt.com\/?p=23161"},"modified":"2025-08-18T17:48:46","modified_gmt":"2025-08-18T15:48:46","slug":"neuer-schoenstatt-pater-in-brasilien-p-gabriel-oberle","status":"publish","type":"post","link":"https:\/\/schoenstatt.com\/de\/neuer-schoenstatt-pater-in-brasilien-p-gabriel-oberle\/","title":{"rendered":"Neuer Sch\u00f6nstatt-Pater in Brasilien: P. Gabriel Oberle"},"content":{"rendered":"<p>Unter dem Motto \u201eDein ist das Reich, die Kraft und die Herrlichkeit&#8220; begr\u00fc\u00dfte das Institut der <a href=\"https:\/\/schoenstatt.com\/de\/in-gemeinschaft\/priester\/schoenstatt-patres\/\">Sch\u00f6nstatt-Patres<\/a> seinen Mitbruder Gabriel Oberle als Neupriester.<\/p>\n<p>Gro\u00dfe Ergriffenheit und Dankbarkeit f\u00fcr das Wirken der Gottesmutter im Leben der Menschen kennzeichneten die Priesterweihe von Gabriel Felipe Oberle, Mitglied des S\u00e4kularinstituts der Sch\u00f6nstatt-Patres, die am Samstagmorgen, 1. Januar, in der Metropolitan-Kathedrale von Londrina, Paran\u00e1, stattfand und der Erzbischof Geremias Steinmetz vorstand.<\/p>\n<p>Zu Beginn dankte Pater Jos\u00e9 Fernando Bonini, Regionaloberer der <a href=\"https:\/\/www.schoenstatt-patres.de\/\" target=\"_blank\" rel=\"noopener\">Sch\u00f6nstatt-Patres<\/a> in Brasilien, dem Erzbischof f\u00fcr seine Anwesenheit an einem f\u00fcr die Kirche so bedeutenden Tag, dem Hochfest der Gottesmutter Maria.<\/p>\n<p><img fetchpriority=\"high\" decoding=\"async\" class=\"aligncenter wp-image-22976 size-large\" src=\"https:\/\/schoenstatt.com\/wp-content\/uploads\/2022\/01\/Ordenaciion-Padre-Gabriel-1024x567.png\" alt=\"Priesterweihe von Gabriel Felipe Oberle\" width=\"800\" height=\"443\" \/><\/p>\n<p>An der <a href=\"https:\/\/www.youtube.com\/watch?v=TXzF-h0ntFI\" target=\"_blank\" rel=\"noopener\">Priesterweihe<\/a> waren sowohl die Familie des neuen Priesters \u00a0 als auch Rafael Solano Dur\u00e1n, Priester und andere Seminaristen des Instituts, die zusammen mit Hunderten von Gl\u00e4ubigen am Regionaltreffen der Sch\u00f6nstatt-Patres in Brasilien anwesend. Au\u00dferdem waren die Di\u00f6zesanpriester Andr\u00e9 Luis de Oliveira, der derzeitige Pfarrer, und Marcelo Cruz, ehemaliger Pfarrer von Christus Erl\u00f6ser, wo Gabriel Oberle vor seinem Eintritt in das Priesterseminar Gemeindemitglied war, gekommen.<\/p>\n<p>In seiner Predigt wies Don Geremias darauf hin, dass die Kirche an diesem Sonntag bereits den 55. Weltfriedenstag feierte, und erinnerte an die Botschaft von Papst Franziskus, der alle Menschen und die Kirche auffordert, sich am Aufbau und der Erfahrung eines Dialogs zu beteiligen, damit die Menschheit in Frieden leben kann.<\/p>\n<p>Er begl\u00fcckw\u00fcnschte den Neupriester auch dazu, dass er sich einen so sch\u00f6nen, der Mutter Gottes geweihten Tag ausgesucht hat, um sein Ja zum Leben der Kirche zu verk\u00fcnden, in der Hoffnung, dass Maria Gabriel zu einem marianischen Priester mit einer echten Liebe zur Jungfrau machen m\u00f6ge. \u201eJeder Priester muss sich an Maria wenden, besonders in Zeiten der Krise. Sie hat Jesus in den schwierigsten Momenten begleitet&#8220;, sagte Don Geremias und betonte, dass die Kirche Menschen braucht, die sich ihrer Hingabe und ihres Lebens in Gemeinschaft mit dem Evangelium bewusst sind. Am Ende segnete er ihn mit den Worten: \u201eM\u00f6ge die Mutter Gottes, die Gottesmutter von Sch\u00f6nstatt, mit dir sein&#8220;.<\/p>\n<p><img decoding=\"async\" class=\"aligncenter wp-image-22982 size-full\" src=\"https:\/\/schoenstatt.com\/wp-content\/uploads\/2022\/01\/Ordenaciion-Padre-Gabriel2.png\" alt=\"Priesterweihe von Gabriel Felipe Oberle\" width=\"955\" height=\"711\" \/><\/p>\n<p>Nachdem Gabriel zum neuen Priester geweiht worden war, dankte er Jesus f\u00fcr sein Land, f\u00fcr seine Br\u00fcder, seine Familie und seine Freunde, die auf die eine oder andere Weise seine priesterliche Berufung unterst\u00fctzt hatten. Er bedankte sich auch bei der Sch\u00f6nstattfamilie, die ihn bei seiner Ausbildung begleitet hat und die ihn auch in Zukunft bei seiner Arbeit begleiten wird. \u201eFreund Jesus, ich bitte dich, dass du mir erlaubst, unserer lieben Mutter Maria meine Dankbarkeit auf besondere Weise auszudr\u00fccken. Ich m\u00f6chte Sie alle einladen, sich ihr zu weihen, die unsere Mutter, unsere Gef\u00e4hrtin ist und die uns liebt&#8220;, schloss er.<\/p>\n<p>Am Ende der Weihe \u00fcberreichte Gabriel der Dreimal Wunderbaren Mutter, K\u00f6nigin und Siegerin von Sch\u00f6nstatt in der Kathedrale Blumen und bereitete sich schlie\u00dflich auf die Feier seiner ersten Messe vor, die am folgenden Tag, Sonntag, dem 2. Januar, in der Pfarrei, zu der er geh\u00f6rte, der Gemeinschaft Christus der Erl\u00f6ser, stattfinden sollte.<\/p>\n<p><iframe title=\"Solenidade da Santa M\u00e3e de Deus - Ordena\u00e7\u00e3o Sacerdotal do di\u00e1c. Gabriel Oberle\" width=\"800\" height=\"450\" src=\"https:\/\/www.youtube.com\/embed\/TXzF-h0ntFI?feature=oembed\" frameborder=\"0\" allow=\"accelerometer; autoplay; clipboard-write; encrypted-media; gyroscope; picture-in-picture; web-share\" referrerpolicy=\"strict-origin-when-cross-origin\" allowfullscreen><\/iframe><\/p>\n<p>Fotos: Cleber e Marilsa Lima<\/p>\n","protected":false},"excerpt":{"rendered":"<p>Zu Beginn des Jahres schenkt Sch\u00f6nstatt Brasilien uns allen eine neue Berufung mit der Weihe von Pater Gabriel, der sich in den Dienst der Kirche und Sch\u00f6nstatts stellt.<\/p>\n","protected":false},"author":1,"featured_media":22984,"comment_status":"closed","ping_status":"closed","sticky":false,"template":"","format":"standard","meta":{"footnotes":""},"categories":[195,678,907],"tags":[1246,1093,1133,1159],"class_list":["post-23161","post","type-post","status-publish","format-standard","has-post-thumbnail","hentry","category-amerika-de","category-lander-de","category-schoenstatt-gemeinschaften-de","tag-berufung-de","tag-priesterweihe-de","tag-schonstatt-brasilien-de","tag-schonstatt-patres-de"],"yoast_head":"<!-- This site is optimized with the Yoast SEO Premium plugin v27.4 (Yoast SEO v27.5) - https:\/\/yoast.com\/product\/yoast-seo-premium-wordpress\/ -->\n<title>Neuer Sch\u00f6nstatt-Pater in Brasilien: P. Gabriel Oberle - Schoenstatt<\/title>\n<meta name=\"description\" content=\"Pater Gabriel Oberle wurde am 1. Januar 2022 in der Metropolitankathedrale von Londrina, Paran\u00e1, zum Priester geweiht.\" \/>\n<meta name=\"robots\" content=\"index, follow, max-snippet:-1, max-image-preview:large, max-video-preview:-1\" \/>\n<link rel=\"canonical\" href=\"https:\/\/schoenstatt.com\/de\/neuer-schoenstatt-pater-in-brasilien-p-gabriel-oberle\/\" \/>\n<meta property=\"og:locale\" content=\"de_DE\" \/>\n<meta property=\"og:type\" content=\"article\" \/>\n<meta property=\"og:title\" content=\"Neuer Sch\u00f6nstatt-Pater in Brasilien: P. Gabriel Oberle\" \/>\n<meta property=\"og:description\" content=\"Pater Gabriel Oberle wurde am 1. Januar 2022 in der Metropolitankathedrale von Londrina, Paran\u00e1, zum Priester geweiht.\" \/>\n<meta property=\"og:url\" content=\"https:\/\/schoenstatt.com\/de\/neuer-schoenstatt-pater-in-brasilien-p-gabriel-oberle\/\" \/>\n<meta property=\"og:site_name\" content=\"Schoenstatt\" \/>\n<meta property=\"article:published_time\" content=\"2022-01-05T15:15:53+00:00\" \/>\n<meta property=\"article:modified_time\" content=\"2025-08-18T15:48:46+00:00\" \/>\n<meta property=\"og:image\" content=\"https:\/\/schoenstatt.com\/wp-content\/uploads\/2022\/01\/Ordenaciion-Padre-Gabriel3-1.png\" \/>\n\t<meta property=\"og:image:width\" content=\"1047\" \/>\n\t<meta property=\"og:image:height\" content=\"700\" \/>\n\t<meta property=\"og:image:type\" content=\"image\/png\" \/>\n<meta name=\"author\" content=\"admin\" \/>\n<meta name=\"twitter:card\" content=\"summary_large_image\" \/>\n<meta name=\"twitter:label1\" content=\"Verfasst von\" \/>\n\t<meta name=\"twitter:data1\" content=\"admin\" \/>\n\t<meta name=\"twitter:label2\" content=\"Gesch\u00e4tzte Lesezeit\" \/>\n\t<meta name=\"twitter:data2\" content=\"3\u00a0Minuten\" \/>\n<script type=\"application\/ld+json\" class=\"yoast-schema-graph\">{\"@context\":\"https:\\\/\\\/schema.org\",\"@graph\":[{\"@type\":\"Article\",\"@id\":\"https:\\\/\\\/schoenstatt.com\\\/de\\\/neuer-schoenstatt-pater-in-brasilien-p-gabriel-oberle\\\/#article\",\"isPartOf\":{\"@id\":\"https:\\\/\\\/schoenstatt.com\\\/de\\\/neuer-schoenstatt-pater-in-brasilien-p-gabriel-oberle\\\/\"},\"author\":{\"name\":\"admin\",\"@id\":\"https:\\\/\\\/schoenstatt.com\\\/de\\\/#\\\/schema\\\/person\\\/489465b1850e7b216fe2c10dfc262551\"},\"headline\":\"Neuer Sch\u00f6nstatt-Pater in Brasilien: P. Gabriel Oberle\",\"datePublished\":\"2022-01-05T15:15:53+00:00\",\"dateModified\":\"2025-08-18T15:48:46+00:00\",\"mainEntityOfPage\":{\"@id\":\"https:\\\/\\\/schoenstatt.com\\\/de\\\/neuer-schoenstatt-pater-in-brasilien-p-gabriel-oberle\\\/\"},\"wordCount\":525,\"publisher\":{\"@id\":\"https:\\\/\\\/schoenstatt.com\\\/de\\\/#organization\"},\"image\":{\"@id\":\"https:\\\/\\\/schoenstatt.com\\\/de\\\/neuer-schoenstatt-pater-in-brasilien-p-gabriel-oberle\\\/#primaryimage\"},\"thumbnailUrl\":\"https:\\\/\\\/schoenstatt.com\\\/wp-content\\\/uploads\\\/2022\\\/01\\\/Ordenaciion-Padre-Gabriel3-1.png\",\"keywords\":[\"Berufung\",\"Priesterweihe\",\"Sch\u00f6nstatt Brasilien\",\"Sch\u00f6nstatt-Patres\"],\"articleSection\":[\"Amerika\",\"L\u00e4nder\",\"Schoenstatt Gemeinschaften\"],\"inLanguage\":\"de\"},{\"@type\":\"WebPage\",\"@id\":\"https:\\\/\\\/schoenstatt.com\\\/de\\\/neuer-schoenstatt-pater-in-brasilien-p-gabriel-oberle\\\/\",\"url\":\"https:\\\/\\\/schoenstatt.com\\\/de\\\/neuer-schoenstatt-pater-in-brasilien-p-gabriel-oberle\\\/\",\"name\":\"Neuer Sch\u00f6nstatt-Pater in Brasilien: P. Gabriel Oberle - Schoenstatt\",\"isPartOf\":{\"@id\":\"https:\\\/\\\/schoenstatt.com\\\/de\\\/#website\"},\"primaryImageOfPage\":{\"@id\":\"https:\\\/\\\/schoenstatt.com\\\/de\\\/neuer-schoenstatt-pater-in-brasilien-p-gabriel-oberle\\\/#primaryimage\"},\"image\":{\"@id\":\"https:\\\/\\\/schoenstatt.com\\\/de\\\/neuer-schoenstatt-pater-in-brasilien-p-gabriel-oberle\\\/#primaryimage\"},\"thumbnailUrl\":\"https:\\\/\\\/schoenstatt.com\\\/wp-content\\\/uploads\\\/2022\\\/01\\\/Ordenaciion-Padre-Gabriel3-1.png\",\"datePublished\":\"2022-01-05T15:15:53+00:00\",\"dateModified\":\"2025-08-18T15:48:46+00:00\",\"description\":\"Pater Gabriel Oberle wurde am 1. Januar 2022 in der Metropolitankathedrale von Londrina, Paran\u00e1, zum Priester geweiht.\",\"breadcrumb\":{\"@id\":\"https:\\\/\\\/schoenstatt.com\\\/de\\\/neuer-schoenstatt-pater-in-brasilien-p-gabriel-oberle\\\/#breadcrumb\"},\"inLanguage\":\"de\",\"potentialAction\":[{\"@type\":\"ReadAction\",\"target\":[\"https:\\\/\\\/schoenstatt.com\\\/de\\\/neuer-schoenstatt-pater-in-brasilien-p-gabriel-oberle\\\/\"]}]},{\"@type\":\"ImageObject\",\"inLanguage\":\"de\",\"@id\":\"https:\\\/\\\/schoenstatt.com\\\/de\\\/neuer-schoenstatt-pater-in-brasilien-p-gabriel-oberle\\\/#primaryimage\",\"url\":\"https:\\\/\\\/schoenstatt.com\\\/wp-content\\\/uploads\\\/2022\\\/01\\\/Ordenaciion-Padre-Gabriel3-1.png\",\"contentUrl\":\"https:\\\/\\\/schoenstatt.com\\\/wp-content\\\/uploads\\\/2022\\\/01\\\/Ordenaciion-Padre-Gabriel3-1.png\",\"width\":1047,\"height\":700,\"caption\":\"Priestly ordination of Gabriel Felipe Oberle\"},{\"@type\":\"BreadcrumbList\",\"@id\":\"https:\\\/\\\/schoenstatt.com\\\/de\\\/neuer-schoenstatt-pater-in-brasilien-p-gabriel-oberle\\\/#breadcrumb\",\"itemListElement\":[{\"@type\":\"ListItem\",\"position\":1,\"name\":\"Portada\",\"item\":\"https:\\\/\\\/schoenstatt.com\\\/de\\\/home\\\/\"},{\"@type\":\"ListItem\",\"position\":2,\"name\":\"Neuer Sch\u00f6nstatt-Pater in Brasilien: P. Gabriel Oberle\"}]},{\"@type\":\"WebSite\",\"@id\":\"https:\\\/\\\/schoenstatt.com\\\/de\\\/#website\",\"url\":\"https:\\\/\\\/schoenstatt.com\\\/de\\\/\",\"name\":\"Schoenstatt\",\"description\":\"Apostolic Movement\",\"publisher\":{\"@id\":\"https:\\\/\\\/schoenstatt.com\\\/de\\\/#organization\"},\"potentialAction\":[{\"@type\":\"SearchAction\",\"target\":{\"@type\":\"EntryPoint\",\"urlTemplate\":\"https:\\\/\\\/schoenstatt.com\\\/de\\\/?s={search_term_string}\"},\"query-input\":{\"@type\":\"PropertyValueSpecification\",\"valueRequired\":true,\"valueName\":\"search_term_string\"}}],\"inLanguage\":\"de\"},{\"@type\":\"Organization\",\"@id\":\"https:\\\/\\\/schoenstatt.com\\\/de\\\/#organization\",\"name\":\"Schoenstatt\",\"url\":\"https:\\\/\\\/schoenstatt.com\\\/de\\\/\",\"logo\":{\"@type\":\"ImageObject\",\"inLanguage\":\"de\",\"@id\":\"https:\\\/\\\/schoenstatt.com\\\/de\\\/#\\\/schema\\\/logo\\\/image\\\/\",\"url\":\"https:\\\/\\\/schoenstatt.com\\\/wp-content\\\/uploads\\\/2025\\\/04\\\/logo-schoenstatt-white-696x696-1.png\",\"contentUrl\":\"https:\\\/\\\/schoenstatt.com\\\/wp-content\\\/uploads\\\/2025\\\/04\\\/logo-schoenstatt-white-696x696-1.png\",\"width\":696,\"height\":694,\"caption\":\"Schoenstatt\"},\"image\":{\"@id\":\"https:\\\/\\\/schoenstatt.com\\\/de\\\/#\\\/schema\\\/logo\\\/image\\\/\"}},{\"@type\":\"Person\",\"@id\":\"https:\\\/\\\/schoenstatt.com\\\/de\\\/#\\\/schema\\\/person\\\/489465b1850e7b216fe2c10dfc262551\",\"name\":\"admin\",\"image\":{\"@type\":\"ImageObject\",\"inLanguage\":\"de\",\"@id\":\"https:\\\/\\\/secure.gravatar.com\\\/avatar\\\/02e8345e1ec40ab0e0a2a98fdde64a684bbaf994cddcb778b25b8b024ee9dfe6?s=96&d=mm&r=g\",\"url\":\"https:\\\/\\\/secure.gravatar.com\\\/avatar\\\/02e8345e1ec40ab0e0a2a98fdde64a684bbaf994cddcb778b25b8b024ee9dfe6?s=96&d=mm&r=g\",\"contentUrl\":\"https:\\\/\\\/secure.gravatar.com\\\/avatar\\\/02e8345e1ec40ab0e0a2a98fdde64a684bbaf994cddcb778b25b8b024ee9dfe6?s=96&d=mm&r=g\",\"caption\":\"admin\"},\"sameAs\":[\"https:\\\/\\\/schoenstatt.com\"],\"url\":\"https:\\\/\\\/schoenstatt.com\\\/de\\\/author\\\/admin\\\/\"}]}<\/script>\n<!-- \/ Yoast SEO Premium plugin. -->","yoast_head_json":{"title":"Neuer Sch\u00f6nstatt-Pater in Brasilien: P. Gabriel Oberle - Schoenstatt","description":"Pater Gabriel Oberle wurde am 1. Januar 2022 in der Metropolitankathedrale von Londrina, Paran\u00e1, zum Priester geweiht.","robots":{"index":"index","follow":"follow","max-snippet":"max-snippet:-1","max-image-preview":"max-image-preview:large","max-video-preview":"max-video-preview:-1"},"canonical":"https:\/\/schoenstatt.com\/de\/neuer-schoenstatt-pater-in-brasilien-p-gabriel-oberle\/","og_locale":"de_DE","og_type":"article","og_title":"Neuer Sch\u00f6nstatt-Pater in Brasilien: P. Gabriel Oberle","og_description":"Pater Gabriel Oberle wurde am 1. Januar 2022 in der Metropolitankathedrale von Londrina, Paran\u00e1, zum Priester geweiht.","og_url":"https:\/\/schoenstatt.com\/de\/neuer-schoenstatt-pater-in-brasilien-p-gabriel-oberle\/","og_site_name":"Schoenstatt","article_published_time":"2022-01-05T15:15:53+00:00","article_modified_time":"2025-08-18T15:48:46+00:00","og_image":[{"width":1047,"height":700,"url":"https:\/\/schoenstatt.com\/wp-content\/uploads\/2022\/01\/Ordenaciion-Padre-Gabriel3-1.png","type":"image\/png"}],"author":"admin","twitter_card":"summary_large_image","twitter_misc":{"Verfasst von":"admin","Gesch\u00e4tzte Lesezeit":"3\u00a0Minuten"},"schema":{"@context":"https:\/\/schema.org","@graph":[{"@type":"Article","@id":"https:\/\/schoenstatt.com\/de\/neuer-schoenstatt-pater-in-brasilien-p-gabriel-oberle\/#article","isPartOf":{"@id":"https:\/\/schoenstatt.com\/de\/neuer-schoenstatt-pater-in-brasilien-p-gabriel-oberle\/"},"author":{"name":"admin","@id":"https:\/\/schoenstatt.com\/de\/#\/schema\/person\/489465b1850e7b216fe2c10dfc262551"},"headline":"Neuer Sch\u00f6nstatt-Pater in Brasilien: P. Gabriel Oberle","datePublished":"2022-01-05T15:15:53+00:00","dateModified":"2025-08-18T15:48:46+00:00","mainEntityOfPage":{"@id":"https:\/\/schoenstatt.com\/de\/neuer-schoenstatt-pater-in-brasilien-p-gabriel-oberle\/"},"wordCount":525,"publisher":{"@id":"https:\/\/schoenstatt.com\/de\/#organization"},"image":{"@id":"https:\/\/schoenstatt.com\/de\/neuer-schoenstatt-pater-in-brasilien-p-gabriel-oberle\/#primaryimage"},"thumbnailUrl":"https:\/\/schoenstatt.com\/wp-content\/uploads\/2022\/01\/Ordenaciion-Padre-Gabriel3-1.png","keywords":["Berufung","Priesterweihe","Sch\u00f6nstatt Brasilien","Sch\u00f6nstatt-Patres"],"articleSection":["Amerika","L\u00e4nder","Schoenstatt Gemeinschaften"],"inLanguage":"de"},{"@type":"WebPage","@id":"https:\/\/schoenstatt.com\/de\/neuer-schoenstatt-pater-in-brasilien-p-gabriel-oberle\/","url":"https:\/\/schoenstatt.com\/de\/neuer-schoenstatt-pater-in-brasilien-p-gabriel-oberle\/","name":"Neuer Sch\u00f6nstatt-Pater in Brasilien: P. Gabriel Oberle - Schoenstatt","isPartOf":{"@id":"https:\/\/schoenstatt.com\/de\/#website"},"primaryImageOfPage":{"@id":"https:\/\/schoenstatt.com\/de\/neuer-schoenstatt-pater-in-brasilien-p-gabriel-oberle\/#primaryimage"},"image":{"@id":"https:\/\/schoenstatt.com\/de\/neuer-schoenstatt-pater-in-brasilien-p-gabriel-oberle\/#primaryimage"},"thumbnailUrl":"https:\/\/schoenstatt.com\/wp-content\/uploads\/2022\/01\/Ordenaciion-Padre-Gabriel3-1.png","datePublished":"2022-01-05T15:15:53+00:00","dateModified":"2025-08-18T15:48:46+00:00","description":"Pater Gabriel Oberle wurde am 1. Januar 2022 in der Metropolitankathedrale von Londrina, Paran\u00e1, zum Priester geweiht.","breadcrumb":{"@id":"https:\/\/schoenstatt.com\/de\/neuer-schoenstatt-pater-in-brasilien-p-gabriel-oberle\/#breadcrumb"},"inLanguage":"de","potentialAction":[{"@type":"ReadAction","target":["https:\/\/schoenstatt.com\/de\/neuer-schoenstatt-pater-in-brasilien-p-gabriel-oberle\/"]}]},{"@type":"ImageObject","inLanguage":"de","@id":"https:\/\/schoenstatt.com\/de\/neuer-schoenstatt-pater-in-brasilien-p-gabriel-oberle\/#primaryimage","url":"https:\/\/schoenstatt.com\/wp-content\/uploads\/2022\/01\/Ordenaciion-Padre-Gabriel3-1.png","contentUrl":"https:\/\/schoenstatt.com\/wp-content\/uploads\/2022\/01\/Ordenaciion-Padre-Gabriel3-1.png","width":1047,"height":700,"caption":"Priestly ordination of Gabriel Felipe Oberle"},{"@type":"BreadcrumbList","@id":"https:\/\/schoenstatt.com\/de\/neuer-schoenstatt-pater-in-brasilien-p-gabriel-oberle\/#breadcrumb","itemListElement":[{"@type":"ListItem","position":1,"name":"Portada","item":"https:\/\/schoenstatt.com\/de\/home\/"},{"@type":"ListItem","position":2,"name":"Neuer Sch\u00f6nstatt-Pater in Brasilien: P. Gabriel Oberle"}]},{"@type":"WebSite","@id":"https:\/\/schoenstatt.com\/de\/#website","url":"https:\/\/schoenstatt.com\/de\/","name":"Schoenstatt","description":"Apostolic Movement","publisher":{"@id":"https:\/\/schoenstatt.com\/de\/#organization"},"potentialAction":[{"@type":"SearchAction","target":{"@type":"EntryPoint","urlTemplate":"https:\/\/schoenstatt.com\/de\/?s={search_term_string}"},"query-input":{"@type":"PropertyValueSpecification","valueRequired":true,"valueName":"search_term_string"}}],"inLanguage":"de"},{"@type":"Organization","@id":"https:\/\/schoenstatt.com\/de\/#organization","name":"Schoenstatt","url":"https:\/\/schoenstatt.com\/de\/","logo":{"@type":"ImageObject","inLanguage":"de","@id":"https:\/\/schoenstatt.com\/de\/#\/schema\/logo\/image\/","url":"https:\/\/schoenstatt.com\/wp-content\/uploads\/2025\/04\/logo-schoenstatt-white-696x696-1.png","contentUrl":"https:\/\/schoenstatt.com\/wp-content\/uploads\/2025\/04\/logo-schoenstatt-white-696x696-1.png","width":696,"height":694,"caption":"Schoenstatt"},"image":{"@id":"https:\/\/schoenstatt.com\/de\/#\/schema\/logo\/image\/"}},{"@type":"Person","@id":"https:\/\/schoenstatt.com\/de\/#\/schema\/person\/489465b1850e7b216fe2c10dfc262551","name":"admin","image":{"@type":"ImageObject","inLanguage":"de","@id":"https:\/\/secure.gravatar.com\/avatar\/02e8345e1ec40ab0e0a2a98fdde64a684bbaf994cddcb778b25b8b024ee9dfe6?s=96&d=mm&r=g","url":"https:\/\/secure.gravatar.com\/avatar\/02e8345e1ec40ab0e0a2a98fdde64a684bbaf994cddcb778b25b8b024ee9dfe6?s=96&d=mm&r=g","contentUrl":"https:\/\/secure.gravatar.com\/avatar\/02e8345e1ec40ab0e0a2a98fdde64a684bbaf994cddcb778b25b8b024ee9dfe6?s=96&d=mm&r=g","caption":"admin"},"sameAs":["https:\/\/schoenstatt.com"],"url":"https:\/\/schoenstatt.com\/de\/author\/admin\/"}]}},"_links":{"self":[{"href":"https:\/\/schoenstatt.com\/de\/wp-json\/wp\/v2\/posts\/23161","targetHints":{"allow":["GET"]}}],"collection":[{"href":"https:\/\/schoenstatt.com\/de\/wp-json\/wp\/v2\/posts"}],"about":[{"href":"https:\/\/schoenstatt.com\/de\/wp-json\/wp\/v2\/types\/post"}],"author":[{"embeddable":true,"href":"https:\/\/schoenstatt.com\/de\/wp-json\/wp\/v2\/users\/1"}],"replies":[{"embeddable":true,"href":"https:\/\/schoenstatt.com\/de\/wp-json\/wp\/v2\/comments?post=23161"}],"version-history":[{"count":6,"href":"https:\/\/schoenstatt.com\/de\/wp-json\/wp\/v2\/posts\/23161\/revisions"}],"predecessor-version":[{"id":62298,"href":"https:\/\/schoenstatt.com\/de\/wp-json\/wp\/v2\/posts\/23161\/revisions\/62298"}],"wp:featuredmedia":[{"embeddable":true,"href":"https:\/\/schoenstatt.com\/de\/wp-json\/wp\/v2\/media\/22984"}],"wp:attachment":[{"href":"https:\/\/schoenstatt.com\/de\/wp-json\/wp\/v2\/media?parent=23161"}],"wp:term":[{"taxonomy":"category","embeddable":true,"href":"https:\/\/schoenstatt.com\/de\/wp-json\/wp\/v2\/categories?post=23161"},{"taxonomy":"post_tag","embeddable":true,"href":"https:\/\/schoenstatt.com\/de\/wp-json\/wp\/v2\/tags?post=23161"}],"curies":[{"name":"wp","href":"https:\/\/api.w.org\/{rel}","templated":true}]}}