{"id":23147,"date":"2022-01-10T17:30:40","date_gmt":"2022-01-10T16:30:40","guid":{"rendered":"https:\/\/schoenstatt.com\/?p=23147"},"modified":"2025-08-21T02:48:04","modified_gmt":"2025-08-21T00:48:04","slug":"neu-schoenstatt-argentinien-heiligtum-des-vaters-teil-iii","status":"publish","type":"post","link":"https:\/\/schoenstatt.com\/de\/neu-schoenstatt-argentinien-heiligtum-des-vaters-teil-iii\/","title":{"rendered":"Neu-Sch\u00f6nstatt, Argentinien: Heiligtum des Vaters- Teil III"},"content":{"rendered":"<h3>Panorama<\/h3>\n<p><img fetchpriority=\"high\" decoding=\"async\" class=\"alignleft wp-image-23121 size-medium\" src=\"https:\/\/schoenstatt.com\/wp-content\/uploads\/2022\/01\/Explorar0239-213x300.jpg\" alt=\"Pater Kentenich\" width=\"213\" height=\"300\" \/><\/p>\n<p>Der Gr\u00fcnder wurde von seinem eigenen Vater nicht anerkannt. Dieser Dorn begleitete ihn sein ganzes Leben lang. Seine blutende Wunde wurde durch die warmen m\u00fctterlichen H\u00e4nde der heiligsten Maria geheilt. Und genau diese Wunde war es, die die T\u00fcr zu einer charismatischen Vaterschaft \u00f6ffnete, die Menschen aller Altersgruppen, kultureller Gegebenheiten und Lebensumst\u00e4nde umfasste.<\/p>\n<p>Diese charismatische Vaterschaft, die das Nat\u00fcrliche und das \u00dcbernat\u00fcrliche auf organische Weise vereint, hat sich in die Seelen derer eingepr\u00e4gt, die sie auf ihren Reisen nach Dachau erlebt haben. Es wurde auch in den Grundstein des ersten Sch\u00f6nstatt-Heiligtums in Argentinien aufgenommen:<\/p>\n<p>\u201eDieses Heiligtum soll eine Garantie und ein Unterpfand f\u00fcr alle Zeiten sein, dass das v\u00e4terliche Prinzip in der Kirche und in der Welt anerkannt wird und dass das Reich des Vaters &#8211; Gott &#8211; sich triumphierend ausbreitet. Gleichzeitig muss es ein Symbol der v\u00e4terlichen Liebe und der kindlichen Treue sein&#8220;.<\/p>\n<h3>Heiligtum des Vaters, woher hast Du deinen Namen?<\/h3>\n<p>Als ein der Gottesmutter geweihtes Heiligtum unter dem Titel Sch\u00f6nstatt ist es zweifellos ein Marienheiligtum, aber da es stark durch das Siegel des Vaters gekennzeichnet ist, hat es den Titel Heiligtum des Vaters erhalten.<\/p>\n<h3>Der Vater ist in erster Linie, der Gott-Vater<\/h3>\n<p>Als der Gr\u00fcnder Sch\u00f6nstatts 1947 nach S\u00fcdamerika kam, gr\u00fcndete er drei Provinzen unter den ersten Missionarinnen der Gemeinschaft der Marienschwestern, die er vor dem Zweiten Weltkrieg ausgesandt hatte. In der Vorsehung wurde Brasilien mit Christus, Chile mit dem Heiligen Geist und das Gebiet von Argentinien und Uruguay mit Gott dem Vater in Verbindung gebracht und bildete so eine &#8222;Assistenz der Heiligen Dreifaltigkeit&#8220;. Das patrozentrische Siegel, das diese dritte Provinz kennzeichnete, dr\u00fcckte sich auf vielf\u00e4ltige Weise aus, u.a. dadurch, dass das Vatersymbol zum ersten Mal in einem Sch\u00f6nstatt-Heiligtum angebracht wurde &#8211; 1948: Heiligtum von Nueva Helvecia, Uruguay, zum zweiten: 1952, Neu-Sch\u00f6nstatt, Argentinien.<\/p>\n<h3>Die Gottesmutter, der Wirbelwind, der uns zum Vater f\u00fchrt<\/h3>\n<p>Als Pater Josef Kentenich das Symbol des Vatergottes im Heiligtum von Neu-Sch\u00f6nstatt anbrachte, sagte er:<\/p>\n<p>\u201eDie Gottesmutter ist nicht nur ein Wirbelwind, der uns zu Christus f\u00fchrt, sondern auch zum Vater. Mutter und Sohn haben nur eine Aufgabe: die ihr Anvertrauten zum Vater zu f\u00fchren. Hier haben wir die gro\u00dfe Symbolik vor Augen. Gewiss, wir als Provinz des Vaters haben von Anfang an die Aufgabe gehabt, eine patrozentrische Str\u00f6mung in die Familie, in die Welt und in unsere Zeit zu bringen&#8220; &#8211; 19. M\u00e4rz 1952.<\/p>\n<h3>Der Vater im Himmel braucht die V\u00e4ter auf der Erde.<\/h3>\n<h3><img decoding=\"async\" class=\"alignleft wp-image-23117 size-full\" src=\"https:\/\/schoenstatt.com\/wp-content\/uploads\/2022\/01\/IMG_001.jpg\" alt=\"Pater Kentenich Argentina\" width=\"644\" height=\"1012\" \/><\/h3>\n<p>Wir wissen, dass die Person Gottes, des Vaters, nicht inkarniert ist. Wir kennen ihn durch Jesus Christus. Das hat uns der Gr\u00fcnder gesagt, als er das Symbol des Gottvaters im Heiligtum von Neu-Sch\u00f6nstatt anbrachte:<\/p>\n<p>&#8222;In unserer einfachen Denkweise, die Natur und Gnade immer als ein Ganzes sieht, sehen wir, wie Gott daf\u00fcr sorgt, dass wir auf unserem Weg Gottes Vater-Durchblicke finden. Wenn die Gottesmutter von ihren Heiligt\u00fcmern aus eine tiefe weltweite Erneuerung bewirken will, dann muss sie auch daf\u00fcr sorgen, dass die Vater-Gottes-Transparenzen &#8211; der menschliche Vater als Abbild des ewigen Vaters &#8211; hier auf Erden wieder zur Ruhe kommen.\u201c<\/p>\n<p>Aus diesem Grund wird jede Vater- oder Mutterfigur: der Vater und die Mutter in ihrer Familie, die Autorit\u00e4t in einem Unternehmen oder in einem Land, immer ein Vertreter Gottes sein, der letztlich alle Vaterschaft im Himmel und auf Erden in sich vereint. Der Gr\u00fcnder schlie\u00dft mit diesen Worten:<\/p>\n<p>\u201eViele Menschen haben keine Vorstellung von den v\u00e4terlichen Z\u00fcgen Gottes, weil sie nie das Spiegelbild dieses Gottes, diese v\u00e4terlichen Z\u00fcge, in ihrem menschlichen Vater wahrgenommen haben. Sie wissen, wie sehr ich mich ermutigt gef\u00fchlt habe, alles zu opfern, damit dieser Heilsauftrag Gottes Wirklichkeit werden kann\u2026&#8220;.<\/p>\n<p>Am 17. Mai 2020 schloss sich Papst Franziskus diesen Worten an: \u201eBitten wir den Heiligen Geist, uns immer wieder an diesen Zugang zum Vater zu erinnern; uns daran zu erinnern, dass wir einen Vater haben, und dieser Zivilisation, die sich sehr verwaist f\u00fchlt, die Gnade zu schenken, den Vater wiederzuentdecken, den Vater, der allem Leben einen Sinn gibt und die Menschen zu einer Familie macht&#8220;.<\/p>\n<p>Es ist genau diese Mission, die die Gottesmutter von diesem Gnadenthron in Argentinien aus entfalten m\u00f6chte.<\/p>\n<p>Ein emblematisches Heiligtum in der Geschichte Sch\u00f6nstatts, ein Zeuge der K\u00e4mpfe, die es stark gemacht haben, ein Bastion einer V\u00e4terlichkeit, die Himmel und Erde umschlie\u00dft.<\/p>\n<h3>Jubil\u00e4um des nationalen Sch\u00f6nstatt-Heiligtums in Argentinien<\/h3>\n<p><img decoding=\"async\" class=\"alignnone wp-image-23113 size-large\" src=\"https:\/\/schoenstatt.com\/wp-content\/uploads\/2022\/01\/20.1.52-2-1024x795.jpg\" alt=\"Schoenstatt Argentina\" width=\"800\" height=\"621\" \/>Das Vaterheiligtum wurde am 20. Januar 1952 von Pater Josef Kentenich gesegnet. Heute ist es auf dem Weg, sein 70-j\u00e4hriges Bestehen zu feiern. Neu-Sch\u00f6nstatt, in der Ortschaft Florencio Varela, Buenos Aires, wo sich das Landesheiligtum befindet, wird der Ort der Feierlichkeiten sein, die vom 18. bis 20. Januar 2022 stattfinden werden. Weitere Informationen finden Sie unter <a href=\"https:\/\/www.facebook.com\/nuevoschoenstatt\" target=\"_blank\" rel=\"noopener\">https:\/\/www.facebook.com\/nuevoschoenstatt<\/a>.<\/p>\n<p>Lesen Sie auch:<\/p>\n<ul>\n<li><a href=\"https:\/\/schoenstatt.com\/de\/schoenstatt-gemeinschaften\/neu-schoenstatt-argentinien-vater-heiligtum-zeugnis-des-kreuzes-und-des-sieges-mariens-teil-i\/\">Neu-Sch\u00f6nstatt, Argentinien: Vater-Heiligtum, Zeugnis des Kreuzes und des Sieges Mariens \u2013 Teil I<\/a><\/li>\n<li><a href=\"https:\/\/schoenstatt.com\/de\/spiritualitat\/neu-schoenstatt-argentinien-heiligtum-des-vaters-zeugnis-des-kreuzes-und-des-sieges-mariens-teil-ii\/\">Neu-Sch\u00f6nstatt, Argentinien: Heiligtum des Vaters, Zeugnis des Kreuzes und des Sieges Mariens \u2013 Teil II<\/a><\/li>\n<\/ul>\n","protected":false},"excerpt":{"rendered":"<p>Am 20. Januar feiert Argentinien den 70. Jahrestag der Einweihung des Vater-Heiligtums, seines nationalen Heiligtums.<\/p>\n","protected":false},"author":6,"featured_media":23099,"comment_status":"closed","ping_status":"closed","sticky":false,"template":"","format":"standard","meta":{"footnotes":""},"categories":[195,678,878],"tags":[1010,1299,1113],"class_list":["post-23147","post","type-post","status-publish","format-standard","has-post-thumbnail","hentry","category-amerika-de","category-lander-de","category-p-josef-kentenich-de","tag-florencio-varela-argentinien-de","tag-pater-josef-kentenich-de","tag-schonstatt-argentinien-de"],"yoast_head":"<!-- This site is optimized with the Yoast SEO Premium plugin v27.4 (Yoast SEO v27.4) - https:\/\/yoast.com\/product\/yoast-seo-premium-wordpress\/ -->\n<title>Neu-Sch\u00f6nstatt, Argentinien: Heiligtum des Vaters- Teil III - Schoenstatt<\/title>\n<meta name=\"description\" content=\"Es ist ein Ort, der eine unglaubliche Geschichte der Liebe zwischen Maria und ihren Kindern erz\u00e4hlt, eine Geschichte von Schmerz und Sieg.\" \/>\n<meta name=\"robots\" content=\"index, follow, max-snippet:-1, max-image-preview:large, max-video-preview:-1\" \/>\n<link rel=\"canonical\" href=\"https:\/\/schoenstatt.com\/de\/neu-schoenstatt-argentinien-heiligtum-des-vaters-teil-iii\/\" \/>\n<meta property=\"og:locale\" content=\"de_DE\" \/>\n<meta property=\"og:type\" content=\"article\" \/>\n<meta property=\"og:title\" content=\"Neu-Sch\u00f6nstatt, Argentinien: Heiligtum des Vaters- Teil III\" \/>\n<meta property=\"og:description\" content=\"Es ist ein Ort, der eine unglaubliche Geschichte der Liebe zwischen Maria und ihren Kindern erz\u00e4hlt, eine Geschichte von Schmerz und Sieg.\" \/>\n<meta property=\"og:url\" content=\"https:\/\/schoenstatt.com\/de\/neu-schoenstatt-argentinien-heiligtum-des-vaters-teil-iii\/\" \/>\n<meta property=\"og:site_name\" content=\"Schoenstatt\" \/>\n<meta property=\"article:published_time\" content=\"2022-01-10T16:30:40+00:00\" \/>\n<meta property=\"article:modified_time\" content=\"2025-08-21T00:48:04+00:00\" \/>\n<meta property=\"og:image\" content=\"https:\/\/schoenstatt.com\/wp-content\/uploads\/2022\/01\/Bendicon-FV-2-1.png\" \/>\n\t<meta property=\"og:image:width\" content=\"723\" \/>\n\t<meta property=\"og:image:height\" content=\"476\" \/>\n\t<meta property=\"og:image:type\" content=\"image\/png\" \/>\n<meta name=\"author\" content=\"Vanessa Franke\" \/>\n<meta name=\"twitter:card\" content=\"summary_large_image\" \/>\n<meta name=\"twitter:label1\" content=\"Verfasst von\" \/>\n\t<meta name=\"twitter:data1\" content=\"Vanessa Franke\" \/>\n\t<meta name=\"twitter:label2\" content=\"Gesch\u00e4tzte Lesezeit\" \/>\n\t<meta name=\"twitter:data2\" content=\"5\u00a0Minuten\" \/>\n<script type=\"application\/ld+json\" class=\"yoast-schema-graph\">{\"@context\":\"https:\\\/\\\/schema.org\",\"@graph\":[{\"@type\":\"Article\",\"@id\":\"https:\\\/\\\/schoenstatt.com\\\/de\\\/neu-schoenstatt-argentinien-heiligtum-des-vaters-teil-iii\\\/#article\",\"isPartOf\":{\"@id\":\"https:\\\/\\\/schoenstatt.com\\\/de\\\/neu-schoenstatt-argentinien-heiligtum-des-vaters-teil-iii\\\/\"},\"author\":{\"name\":\"Vanessa Franke\",\"@id\":\"https:\\\/\\\/schoenstatt.com\\\/de\\\/#\\\/schema\\\/person\\\/ea97a60c723e21c923e2177f0f3163f7\"},\"headline\":\"Neu-Sch\u00f6nstatt, Argentinien: Heiligtum des Vaters- Teil III\",\"datePublished\":\"2022-01-10T16:30:40+00:00\",\"dateModified\":\"2025-08-21T00:48:04+00:00\",\"mainEntityOfPage\":{\"@id\":\"https:\\\/\\\/schoenstatt.com\\\/de\\\/neu-schoenstatt-argentinien-heiligtum-des-vaters-teil-iii\\\/\"},\"wordCount\":846,\"publisher\":{\"@id\":\"https:\\\/\\\/schoenstatt.com\\\/de\\\/#organization\"},\"image\":{\"@id\":\"https:\\\/\\\/schoenstatt.com\\\/de\\\/neu-schoenstatt-argentinien-heiligtum-des-vaters-teil-iii\\\/#primaryimage\"},\"thumbnailUrl\":\"https:\\\/\\\/schoenstatt.com\\\/wp-content\\\/uploads\\\/2022\\\/01\\\/Bendicon-FV-2-1.png\",\"keywords\":[\"Florencio Varela - Argentinien\",\"Pater Josef Kentenich\",\"Sch\u00f6nstatt Argentinien\"],\"articleSection\":[\"Amerika\",\"L\u00e4nder\",\"P. Josef Kentenich\"],\"inLanguage\":\"de\"},{\"@type\":\"WebPage\",\"@id\":\"https:\\\/\\\/schoenstatt.com\\\/de\\\/neu-schoenstatt-argentinien-heiligtum-des-vaters-teil-iii\\\/\",\"url\":\"https:\\\/\\\/schoenstatt.com\\\/de\\\/neu-schoenstatt-argentinien-heiligtum-des-vaters-teil-iii\\\/\",\"name\":\"Neu-Sch\u00f6nstatt, Argentinien: Heiligtum des Vaters- Teil III - Schoenstatt\",\"isPartOf\":{\"@id\":\"https:\\\/\\\/schoenstatt.com\\\/de\\\/#website\"},\"primaryImageOfPage\":{\"@id\":\"https:\\\/\\\/schoenstatt.com\\\/de\\\/neu-schoenstatt-argentinien-heiligtum-des-vaters-teil-iii\\\/#primaryimage\"},\"image\":{\"@id\":\"https:\\\/\\\/schoenstatt.com\\\/de\\\/neu-schoenstatt-argentinien-heiligtum-des-vaters-teil-iii\\\/#primaryimage\"},\"thumbnailUrl\":\"https:\\\/\\\/schoenstatt.com\\\/wp-content\\\/uploads\\\/2022\\\/01\\\/Bendicon-FV-2-1.png\",\"datePublished\":\"2022-01-10T16:30:40+00:00\",\"dateModified\":\"2025-08-21T00:48:04+00:00\",\"description\":\"Es ist ein Ort, der eine unglaubliche Geschichte der Liebe zwischen Maria und ihren Kindern erz\u00e4hlt, eine Geschichte von Schmerz und Sieg.\",\"breadcrumb\":{\"@id\":\"https:\\\/\\\/schoenstatt.com\\\/de\\\/neu-schoenstatt-argentinien-heiligtum-des-vaters-teil-iii\\\/#breadcrumb\"},\"inLanguage\":\"de\",\"potentialAction\":[{\"@type\":\"ReadAction\",\"target\":[\"https:\\\/\\\/schoenstatt.com\\\/de\\\/neu-schoenstatt-argentinien-heiligtum-des-vaters-teil-iii\\\/\"]}]},{\"@type\":\"ImageObject\",\"inLanguage\":\"de\",\"@id\":\"https:\\\/\\\/schoenstatt.com\\\/de\\\/neu-schoenstatt-argentinien-heiligtum-des-vaters-teil-iii\\\/#primaryimage\",\"url\":\"https:\\\/\\\/schoenstatt.com\\\/wp-content\\\/uploads\\\/2022\\\/01\\\/Bendicon-FV-2-1.png\",\"contentUrl\":\"https:\\\/\\\/schoenstatt.com\\\/wp-content\\\/uploads\\\/2022\\\/01\\\/Bendicon-FV-2-1.png\",\"width\":723,\"height\":476,\"caption\":\"Schoenstatt Argentina\"},{\"@type\":\"BreadcrumbList\",\"@id\":\"https:\\\/\\\/schoenstatt.com\\\/de\\\/neu-schoenstatt-argentinien-heiligtum-des-vaters-teil-iii\\\/#breadcrumb\",\"itemListElement\":[{\"@type\":\"ListItem\",\"position\":1,\"name\":\"Portada\",\"item\":\"https:\\\/\\\/schoenstatt.com\\\/de\\\/home\\\/\"},{\"@type\":\"ListItem\",\"position\":2,\"name\":\"Neu-Sch\u00f6nstatt, Argentinien: Heiligtum des Vaters- Teil III\"}]},{\"@type\":\"WebSite\",\"@id\":\"https:\\\/\\\/schoenstatt.com\\\/de\\\/#website\",\"url\":\"https:\\\/\\\/schoenstatt.com\\\/de\\\/\",\"name\":\"Schoenstatt\",\"description\":\"Apostolic Movement\",\"publisher\":{\"@id\":\"https:\\\/\\\/schoenstatt.com\\\/de\\\/#organization\"},\"potentialAction\":[{\"@type\":\"SearchAction\",\"target\":{\"@type\":\"EntryPoint\",\"urlTemplate\":\"https:\\\/\\\/schoenstatt.com\\\/de\\\/?s={search_term_string}\"},\"query-input\":{\"@type\":\"PropertyValueSpecification\",\"valueRequired\":true,\"valueName\":\"search_term_string\"}}],\"inLanguage\":\"de\"},{\"@type\":\"Organization\",\"@id\":\"https:\\\/\\\/schoenstatt.com\\\/de\\\/#organization\",\"name\":\"Schoenstatt\",\"url\":\"https:\\\/\\\/schoenstatt.com\\\/de\\\/\",\"logo\":{\"@type\":\"ImageObject\",\"inLanguage\":\"de\",\"@id\":\"https:\\\/\\\/schoenstatt.com\\\/de\\\/#\\\/schema\\\/logo\\\/image\\\/\",\"url\":\"https:\\\/\\\/schoenstatt.com\\\/wp-content\\\/uploads\\\/2025\\\/04\\\/logo-schoenstatt-white-696x696-1.png\",\"contentUrl\":\"https:\\\/\\\/schoenstatt.com\\\/wp-content\\\/uploads\\\/2025\\\/04\\\/logo-schoenstatt-white-696x696-1.png\",\"width\":696,\"height\":694,\"caption\":\"Schoenstatt\"},\"image\":{\"@id\":\"https:\\\/\\\/schoenstatt.com\\\/de\\\/#\\\/schema\\\/logo\\\/image\\\/\"}},{\"@type\":\"Person\",\"@id\":\"https:\\\/\\\/schoenstatt.com\\\/de\\\/#\\\/schema\\\/person\\\/ea97a60c723e21c923e2177f0f3163f7\",\"name\":\"Vanessa Franke\",\"image\":{\"@type\":\"ImageObject\",\"inLanguage\":\"de\",\"@id\":\"https:\\\/\\\/secure.gravatar.com\\\/avatar\\\/a9bcca3409928ccd3195eca11e2ccbb2e5d7c7912e9a945d4f326f81a0a5cb4a?s=96&d=mm&r=g\",\"url\":\"https:\\\/\\\/secure.gravatar.com\\\/avatar\\\/a9bcca3409928ccd3195eca11e2ccbb2e5d7c7912e9a945d4f326f81a0a5cb4a?s=96&d=mm&r=g\",\"contentUrl\":\"https:\\\/\\\/secure.gravatar.com\\\/avatar\\\/a9bcca3409928ccd3195eca11e2ccbb2e5d7c7912e9a945d4f326f81a0a5cb4a?s=96&d=mm&r=g\",\"caption\":\"Vanessa Franke\"},\"url\":\"https:\\\/\\\/schoenstatt.com\\\/de\\\/author\\\/vanessa-franke\\\/\"}]}<\/script>\n<!-- \/ Yoast SEO Premium plugin. -->","yoast_head_json":{"title":"Neu-Sch\u00f6nstatt, Argentinien: Heiligtum des Vaters- Teil III - Schoenstatt","description":"Es ist ein Ort, der eine unglaubliche Geschichte der Liebe zwischen Maria und ihren Kindern erz\u00e4hlt, eine Geschichte von Schmerz und Sieg.","robots":{"index":"index","follow":"follow","max-snippet":"max-snippet:-1","max-image-preview":"max-image-preview:large","max-video-preview":"max-video-preview:-1"},"canonical":"https:\/\/schoenstatt.com\/de\/neu-schoenstatt-argentinien-heiligtum-des-vaters-teil-iii\/","og_locale":"de_DE","og_type":"article","og_title":"Neu-Sch\u00f6nstatt, Argentinien: Heiligtum des Vaters- Teil III","og_description":"Es ist ein Ort, der eine unglaubliche Geschichte der Liebe zwischen Maria und ihren Kindern erz\u00e4hlt, eine Geschichte von Schmerz und Sieg.","og_url":"https:\/\/schoenstatt.com\/de\/neu-schoenstatt-argentinien-heiligtum-des-vaters-teil-iii\/","og_site_name":"Schoenstatt","article_published_time":"2022-01-10T16:30:40+00:00","article_modified_time":"2025-08-21T00:48:04+00:00","og_image":[{"width":723,"height":476,"url":"https:\/\/schoenstatt.com\/wp-content\/uploads\/2022\/01\/Bendicon-FV-2-1.png","type":"image\/png"}],"author":"Vanessa Franke","twitter_card":"summary_large_image","twitter_misc":{"Verfasst von":"Vanessa Franke","Gesch\u00e4tzte Lesezeit":"5\u00a0Minuten"},"schema":{"@context":"https:\/\/schema.org","@graph":[{"@type":"Article","@id":"https:\/\/schoenstatt.com\/de\/neu-schoenstatt-argentinien-heiligtum-des-vaters-teil-iii\/#article","isPartOf":{"@id":"https:\/\/schoenstatt.com\/de\/neu-schoenstatt-argentinien-heiligtum-des-vaters-teil-iii\/"},"author":{"name":"Vanessa Franke","@id":"https:\/\/schoenstatt.com\/de\/#\/schema\/person\/ea97a60c723e21c923e2177f0f3163f7"},"headline":"Neu-Sch\u00f6nstatt, Argentinien: Heiligtum des Vaters- Teil III","datePublished":"2022-01-10T16:30:40+00:00","dateModified":"2025-08-21T00:48:04+00:00","mainEntityOfPage":{"@id":"https:\/\/schoenstatt.com\/de\/neu-schoenstatt-argentinien-heiligtum-des-vaters-teil-iii\/"},"wordCount":846,"publisher":{"@id":"https:\/\/schoenstatt.com\/de\/#organization"},"image":{"@id":"https:\/\/schoenstatt.com\/de\/neu-schoenstatt-argentinien-heiligtum-des-vaters-teil-iii\/#primaryimage"},"thumbnailUrl":"https:\/\/schoenstatt.com\/wp-content\/uploads\/2022\/01\/Bendicon-FV-2-1.png","keywords":["Florencio Varela - Argentinien","Pater Josef Kentenich","Sch\u00f6nstatt Argentinien"],"articleSection":["Amerika","L\u00e4nder","P. Josef Kentenich"],"inLanguage":"de"},{"@type":"WebPage","@id":"https:\/\/schoenstatt.com\/de\/neu-schoenstatt-argentinien-heiligtum-des-vaters-teil-iii\/","url":"https:\/\/schoenstatt.com\/de\/neu-schoenstatt-argentinien-heiligtum-des-vaters-teil-iii\/","name":"Neu-Sch\u00f6nstatt, Argentinien: Heiligtum des Vaters- Teil III - Schoenstatt","isPartOf":{"@id":"https:\/\/schoenstatt.com\/de\/#website"},"primaryImageOfPage":{"@id":"https:\/\/schoenstatt.com\/de\/neu-schoenstatt-argentinien-heiligtum-des-vaters-teil-iii\/#primaryimage"},"image":{"@id":"https:\/\/schoenstatt.com\/de\/neu-schoenstatt-argentinien-heiligtum-des-vaters-teil-iii\/#primaryimage"},"thumbnailUrl":"https:\/\/schoenstatt.com\/wp-content\/uploads\/2022\/01\/Bendicon-FV-2-1.png","datePublished":"2022-01-10T16:30:40+00:00","dateModified":"2025-08-21T00:48:04+00:00","description":"Es ist ein Ort, der eine unglaubliche Geschichte der Liebe zwischen Maria und ihren Kindern erz\u00e4hlt, eine Geschichte von Schmerz und Sieg.","breadcrumb":{"@id":"https:\/\/schoenstatt.com\/de\/neu-schoenstatt-argentinien-heiligtum-des-vaters-teil-iii\/#breadcrumb"},"inLanguage":"de","potentialAction":[{"@type":"ReadAction","target":["https:\/\/schoenstatt.com\/de\/neu-schoenstatt-argentinien-heiligtum-des-vaters-teil-iii\/"]}]},{"@type":"ImageObject","inLanguage":"de","@id":"https:\/\/schoenstatt.com\/de\/neu-schoenstatt-argentinien-heiligtum-des-vaters-teil-iii\/#primaryimage","url":"https:\/\/schoenstatt.com\/wp-content\/uploads\/2022\/01\/Bendicon-FV-2-1.png","contentUrl":"https:\/\/schoenstatt.com\/wp-content\/uploads\/2022\/01\/Bendicon-FV-2-1.png","width":723,"height":476,"caption":"Schoenstatt Argentina"},{"@type":"BreadcrumbList","@id":"https:\/\/schoenstatt.com\/de\/neu-schoenstatt-argentinien-heiligtum-des-vaters-teil-iii\/#breadcrumb","itemListElement":[{"@type":"ListItem","position":1,"name":"Portada","item":"https:\/\/schoenstatt.com\/de\/home\/"},{"@type":"ListItem","position":2,"name":"Neu-Sch\u00f6nstatt, Argentinien: Heiligtum des Vaters- Teil III"}]},{"@type":"WebSite","@id":"https:\/\/schoenstatt.com\/de\/#website","url":"https:\/\/schoenstatt.com\/de\/","name":"Schoenstatt","description":"Apostolic Movement","publisher":{"@id":"https:\/\/schoenstatt.com\/de\/#organization"},"potentialAction":[{"@type":"SearchAction","target":{"@type":"EntryPoint","urlTemplate":"https:\/\/schoenstatt.com\/de\/?s={search_term_string}"},"query-input":{"@type":"PropertyValueSpecification","valueRequired":true,"valueName":"search_term_string"}}],"inLanguage":"de"},{"@type":"Organization","@id":"https:\/\/schoenstatt.com\/de\/#organization","name":"Schoenstatt","url":"https:\/\/schoenstatt.com\/de\/","logo":{"@type":"ImageObject","inLanguage":"de","@id":"https:\/\/schoenstatt.com\/de\/#\/schema\/logo\/image\/","url":"https:\/\/schoenstatt.com\/wp-content\/uploads\/2025\/04\/logo-schoenstatt-white-696x696-1.png","contentUrl":"https:\/\/schoenstatt.com\/wp-content\/uploads\/2025\/04\/logo-schoenstatt-white-696x696-1.png","width":696,"height":694,"caption":"Schoenstatt"},"image":{"@id":"https:\/\/schoenstatt.com\/de\/#\/schema\/logo\/image\/"}},{"@type":"Person","@id":"https:\/\/schoenstatt.com\/de\/#\/schema\/person\/ea97a60c723e21c923e2177f0f3163f7","name":"Vanessa Franke","image":{"@type":"ImageObject","inLanguage":"de","@id":"https:\/\/secure.gravatar.com\/avatar\/a9bcca3409928ccd3195eca11e2ccbb2e5d7c7912e9a945d4f326f81a0a5cb4a?s=96&d=mm&r=g","url":"https:\/\/secure.gravatar.com\/avatar\/a9bcca3409928ccd3195eca11e2ccbb2e5d7c7912e9a945d4f326f81a0a5cb4a?s=96&d=mm&r=g","contentUrl":"https:\/\/secure.gravatar.com\/avatar\/a9bcca3409928ccd3195eca11e2ccbb2e5d7c7912e9a945d4f326f81a0a5cb4a?s=96&d=mm&r=g","caption":"Vanessa Franke"},"url":"https:\/\/schoenstatt.com\/de\/author\/vanessa-franke\/"}]}},"_links":{"self":[{"href":"https:\/\/schoenstatt.com\/de\/wp-json\/wp\/v2\/posts\/23147","targetHints":{"allow":["GET"]}}],"collection":[{"href":"https:\/\/schoenstatt.com\/de\/wp-json\/wp\/v2\/posts"}],"about":[{"href":"https:\/\/schoenstatt.com\/de\/wp-json\/wp\/v2\/types\/post"}],"author":[{"embeddable":true,"href":"https:\/\/schoenstatt.com\/de\/wp-json\/wp\/v2\/users\/6"}],"replies":[{"embeddable":true,"href":"https:\/\/schoenstatt.com\/de\/wp-json\/wp\/v2\/comments?post=23147"}],"version-history":[{"count":1,"href":"https:\/\/schoenstatt.com\/de\/wp-json\/wp\/v2\/posts\/23147\/revisions"}],"predecessor-version":[{"id":44946,"href":"https:\/\/schoenstatt.com\/de\/wp-json\/wp\/v2\/posts\/23147\/revisions\/44946"}],"wp:featuredmedia":[{"embeddable":true,"href":"https:\/\/schoenstatt.com\/de\/wp-json\/wp\/v2\/media\/23099"}],"wp:attachment":[{"href":"https:\/\/schoenstatt.com\/de\/wp-json\/wp\/v2\/media?parent=23147"}],"wp:term":[{"taxonomy":"category","embeddable":true,"href":"https:\/\/schoenstatt.com\/de\/wp-json\/wp\/v2\/categories?post=23147"},{"taxonomy":"post_tag","embeddable":true,"href":"https:\/\/schoenstatt.com\/de\/wp-json\/wp\/v2\/tags?post=23147"}],"curies":[{"name":"wp","href":"https:\/\/api.w.org\/{rel}","templated":true}]}}