{"id":23087,"date":"2022-01-08T08:00:53","date_gmt":"2022-01-08T07:00:53","guid":{"rendered":"https:\/\/schoenstatt.com\/?p=23087"},"modified":"2025-08-18T19:58:38","modified_gmt":"2025-08-18T17:58:38","slug":"die-pilgernde-gottesmutter-geht-nach-albanien","status":"publish","type":"post","link":"https:\/\/schoenstatt.com\/de\/die-pilgernde-gottesmutter-geht-nach-albanien\/","title":{"rendered":"Die pilgernde Gottesmutter geht nach Albanien"},"content":{"rendered":"<h3>Die Pilgernde Gottesmutter kommt in Albanien an und wird von vielen Albanern mit Begeisterung empfangen<\/h3>\n<p>\u201eDurch seine Besuche in R\u00fcsselsheim sind Frrok Pjetri und seine Frau Lula aufmerksam geworden auf das Pilgerheiligtum\u201c, schreibt Pfarrer Balthasar Blumers im albanisch-deutschen Rundbrief. Nach Absprache mit seiner Frau hat er im Advent 2021 das Bild der pilgernden Gottesmutter in seine Heimat nach Shkoder, Albanien, mitgenommen um Jesus und Maria T\u00fcren in seinem Heimatland zu \u00f6ffnen. \u201eEhefrau Lula wird die Liste der teilnehmenden Haushalte erstellen und Herr Pjetri sucht das Gespr\u00e4ch mit seinem Heimatpfarrer f\u00fcr die Erlaubnis, den ersten Pilgerheiligtumskreis in Albanien zu errichten\u201c.<\/p>\n<figure id=\"attachment_23071\" aria-describedby=\"caption-attachment-23071\" style=\"width: 1386px\" class=\"wp-caption alignnone\"><img fetchpriority=\"high\" decoding=\"async\" class=\"wp-image-23071 size-full\" src=\"https:\/\/schoenstatt.com\/wp-content\/uploads\/2022\/01\/20211211_ImTaborheiligtum_FotoAmrein.jpg\" alt=\"pilgernde Gottesmutter\" width=\"1386\" height=\"1208\" \/><figcaption id=\"caption-attachment-23071\" class=\"wp-caption-text\">Pashuk Deda, Frrok Pjetri mit dem ersten Bild der Pilgernden Gottesmutter f\u00fcr Albanien und Pfarrer Balthasar Blumers, Mainz, durch den die Kontakte zustande kamen, im &#8222;Tabor-Heiligtum&#8220; auf dem Marienberg in Sch\u00f6nstatt, Vallendar (Foto: Amrein)<\/figcaption><\/figure>\n<h3>Die Gottesmutter unter die Leute bringen<\/h3>\n<p>Er k\u00f6nne nicht beschreiben, was f\u00fcr eine Freude die Frage an ihn, ob er mit seiner Familie das Bild der Pilgernden Gottesmutter mit nach Albanien nehmen und dort einen ersten Pilgeheiligtumskreis aufbauen wolle, ausgel\u00f6st habe, sagt Frrok Pjetri. \u201eIch hatte das Gef\u00fchl, dass mir Gott einen neuen Weg im Leben aufgezeigt hat. Dadurch bin ich im Glauben gewachsen. Die Aufgabe, die mir, die uns anvertraut ist, nehme ich gerne an und will zu den Menschen gehen. Zusammen mit meiner Frau werden wir die Gottesmutter unter die Leute bringen.\u201c Sein Freund Pashuk Deda habe im Taborheiligtum in Sch\u00f6nstatt, Vallendar ein Bild aufgenommen und er, Frrok, habe es bei Facebook geteilt. \u201eNach einer Stunde hatten 90 Leute geantwortet und 70 es weitergeleitet in Albanien. Sie sagten mir alle ein gutes Wort\u201c, so der in Albanien lebende Familienvater.<\/p>\n<p>&#8222;Bei Frrok habe ich ich erlebt, wie es der Gottesmutter gelingt, einen Menschen zum Apostel zu machen&#8220;, erz\u00e4hlt Pfarrer Blumers. Am 11. Dezember habe er am Eingang von Haus Marienland, das Bild der Pilgernden Gottesmutter in Empfang genommen. &#8222;Danach hat er im &#8218;Taborheiligtum&#8216; das Liebesb\u00fcndnis mit der Gottesmutter geschlossen und ich konnte ihn aussenden.&#8220; Nach der ersten positiven R\u00fccksprache mit dem Ortspfarrer sei bereits die Rede vom Start eines zweiten Pilgerheiligtumskreises am anderen Ende der Stadt Shkode<\/p>\n<figure id=\"attachment_23075\" aria-describedby=\"caption-attachment-23075\" style=\"width: 639px\" class=\"wp-caption aligncenter\"><img decoding=\"async\" class=\"wp-image-23075 size-full\" src=\"https:\/\/schoenstatt.com\/wp-content\/uploads\/2022\/01\/20211211_VorMarienland_FotoBlumers.jpg\" alt=\"Pilgernde Gottesmutter\" width=\"639\" height=\"914\" \/><figcaption id=\"caption-attachment-23075\" class=\"wp-caption-text\">Frrok Pjetri erh\u00e4lt am 11.12.2021 am Eingang des Tagungszentrums Marienland das Bild der Pilgernden Gottesmutter. Pashuk Deda, ein Freund aus Mainz, begleitet ihn mit der albanischen Nationalfahne (Foto: Blumers)<\/figcaption><\/figure>\n<h3>Pilgerheiligtumskreis konkret<\/h3>\n<p>Und so geht das <a href=\"https:\/\/schoenstatt.com\/de\/in-mission\/kirche\/kampagne-der-pilgernden-gottesmutter\/\">Projekt Pilgerheiligtum<\/a> \u00fcberall auf der Welt: Etwa 7 bis 10 Personen oder Familien bilden einen Pilgerkreis. Jeden Monat bleiben Jesus und Maria etwa 3 Tage, dann wandern sie weiter zum n\u00e4chsten Haushalt. Der zust\u00e4ndige Ortspfarrer wird informiert. Wenn er zusagt, kann das Bild der Gottesmutter seine Pilgerreise beginnen. Eine Begleitperson oder Familie ist Ansprechpartner und koordiniert den Pilgerweg der Gottesmutter. Und einmal im Jahr wird kurz berichtet.<\/p>\n<p>Beim Besuch im Haus erh\u00e4lt das Bild der Pilgermutter einen sch\u00f6nen Platz \u2013 dort, wo sich der Alltag abspielt. Ein Geschenk der Besuchten an Jesus und Maria: Wir bem\u00fchen uns um einen Augenblick Zeit f\u00fcr Gott und f\u00fcreinander. Es geht nicht um Geld oder um finanzielle und religi\u00f6se Verpflichtungen. Wenn sich der Pilgerkreis aufl\u00f6st, wird das Bild der Pilgernden Gottesmutter zur\u00fcckgegeben.<\/p>\n<figure id=\"attachment_23083\" aria-describedby=\"caption-attachment-23083\" style=\"width: 1920px\" class=\"wp-caption alignnone\"><img decoding=\"async\" class=\"wp-image-23083 size-full\" src=\"https:\/\/schoenstatt.com\/wp-content\/uploads\/2022\/01\/20211226_105922-scaled.jpg\" alt=\"pilgernde Gottesmutter\" width=\"1920\" height=\"2560\" \/><figcaption id=\"caption-attachment-23083\" class=\"wp-caption-text\">Frrok Pjetri und der Ortspfarrer in der &#8222;Kisha N\u00ebne Tereza&#8220;. In der Mitte ist die Verkl\u00e4rung Christi dargestellt, links die Taufe Jesu am Jordan und rechts die Hochzeit von Kana. (Foto: Pjetri)<\/figcaption><\/figure>\n<h3>25 Jahre Projekt Pilgerheiligtum<\/h3>\n<p>Als Vorbereitungsweg zum Heiligen Jahr 2000 begann 1997 in Deutschland das <a href=\"https:\/\/www.pilgerheiligtum.de\/\" target=\"_blank\" rel=\"noopener\">Projekt Pilgerheiligtum<\/a>. Viele Menschen haben sich im Laufe der 25 Jahre von Maria zu diesem verborgenen Netz der inneren Verbundenheit, das vom Urheiligtum in Sch\u00f6nstatt-Vallendar ausgeht, ansprechen lassen.<\/p>\n<p>Dieser 25 Jahre dauernde fruchtbare wird am Samstag, 1. Oktober 2022, mit dem &#8222;Pilgerheiligtumsfest in Sch\u00f6nstatt&#8220; gefeiert. Save the date!<\/p>\n","protected":false},"excerpt":{"rendered":"<p> Frrok sagt, er k\u00f6nne die Freude nicht beschreiben, die er empfand, als er gefragt wurde, ob er und seine Familie die Pilgernde Gottesmutter nach Albanien bringen und dort den ersten Kreis der Kampagne der Pilgernden Gottesmutter bauen wollten.<\/p>\n","protected":false},"author":1,"featured_media":23077,"comment_status":"closed","ping_status":"closed","sticky":false,"template":"","format":"standard","meta":{"footnotes":""},"categories":[870,902],"tags":[1086,1064,1109],"class_list":["post-23087","post","type-post","status-publish","format-standard","has-post-thumbnail","hentry","category-europa-de","category-pilgerheiligtum-de","tag-apostolat-der-pilgernden-gottesmutter-de","tag-missionare-de","tag-schonstatt-albanien-de"],"yoast_head":"<!-- This site is optimized with the Yoast SEO Premium plugin v27.4 (Yoast SEO v27.5) - https:\/\/yoast.com\/product\/yoast-seo-premium-wordpress\/ -->\n<title>Die pilgernde Gottesmutter geht nach Albanien - Schoenstatt<\/title>\n<meta name=\"description\" content=\"Frrok schloss im Heiligtum das Liebesb\u00fcndnis mit der Gottesmutter und wurde als Missionar der Pilgernden Gottesmutter nach Albanien gesandt.\" \/>\n<meta name=\"robots\" content=\"index, follow, max-snippet:-1, max-image-preview:large, max-video-preview:-1\" \/>\n<link rel=\"canonical\" href=\"https:\/\/schoenstatt.com\/de\/die-pilgernde-gottesmutter-geht-nach-albanien\/\" \/>\n<meta property=\"og:locale\" content=\"de_DE\" \/>\n<meta property=\"og:type\" content=\"article\" \/>\n<meta property=\"og:title\" content=\"Die pilgernde Gottesmutter geht nach Albanien\" \/>\n<meta property=\"og:description\" content=\"Frrok schloss im Heiligtum das Liebesb\u00fcndnis mit der Gottesmutter und wurde als Missionar der Pilgernden Gottesmutter nach Albanien gesandt.\" \/>\n<meta property=\"og:url\" content=\"https:\/\/schoenstatt.com\/de\/die-pilgernde-gottesmutter-geht-nach-albanien\/\" \/>\n<meta property=\"og:site_name\" content=\"Schoenstatt\" \/>\n<meta property=\"article:published_time\" content=\"2022-01-08T07:00:53+00:00\" \/>\n<meta property=\"article:modified_time\" content=\"2025-08-18T17:58:38+00:00\" \/>\n<meta property=\"og:image\" content=\"https:\/\/schoenstatt.com\/wp-content\/uploads\/2022\/01\/20211226_105744-scaled-1.jpg\" \/>\n\t<meta property=\"og:image:width\" content=\"2560\" \/>\n\t<meta property=\"og:image:height\" content=\"1920\" \/>\n\t<meta property=\"og:image:type\" content=\"image\/jpeg\" \/>\n<meta name=\"author\" content=\"admin\" \/>\n<meta name=\"twitter:card\" content=\"summary_large_image\" \/>\n<meta name=\"twitter:label1\" content=\"Verfasst von\" \/>\n\t<meta name=\"twitter:data1\" content=\"admin\" \/>\n\t<meta name=\"twitter:label2\" content=\"Gesch\u00e4tzte Lesezeit\" \/>\n\t<meta name=\"twitter:data2\" content=\"4\u00a0Minuten\" \/>\n<script type=\"application\/ld+json\" class=\"yoast-schema-graph\">{\"@context\":\"https:\\\/\\\/schema.org\",\"@graph\":[{\"@type\":\"Article\",\"@id\":\"https:\\\/\\\/schoenstatt.com\\\/de\\\/die-pilgernde-gottesmutter-geht-nach-albanien\\\/#article\",\"isPartOf\":{\"@id\":\"https:\\\/\\\/schoenstatt.com\\\/de\\\/die-pilgernde-gottesmutter-geht-nach-albanien\\\/\"},\"author\":{\"name\":\"admin\",\"@id\":\"https:\\\/\\\/schoenstatt.com\\\/de\\\/#\\\/schema\\\/person\\\/489465b1850e7b216fe2c10dfc262551\"},\"headline\":\"Die pilgernde Gottesmutter geht nach Albanien\",\"datePublished\":\"2022-01-08T07:00:53+00:00\",\"dateModified\":\"2025-08-18T17:58:38+00:00\",\"mainEntityOfPage\":{\"@id\":\"https:\\\/\\\/schoenstatt.com\\\/de\\\/die-pilgernde-gottesmutter-geht-nach-albanien\\\/\"},\"wordCount\":649,\"publisher\":{\"@id\":\"https:\\\/\\\/schoenstatt.com\\\/de\\\/#organization\"},\"image\":{\"@id\":\"https:\\\/\\\/schoenstatt.com\\\/de\\\/die-pilgernde-gottesmutter-geht-nach-albanien\\\/#primaryimage\"},\"thumbnailUrl\":\"https:\\\/\\\/schoenstatt.com\\\/wp-content\\\/uploads\\\/2022\\\/01\\\/20211226_105744-scaled-1.jpg\",\"keywords\":[\"Apostolat der Pilgernden Gottesmutter\",\"Missionare\",\"Sch\u00f6nstatt Albanien\"],\"articleSection\":[\"Europa\",\"Pilgerheiligtum\"],\"inLanguage\":\"de\"},{\"@type\":\"WebPage\",\"@id\":\"https:\\\/\\\/schoenstatt.com\\\/de\\\/die-pilgernde-gottesmutter-geht-nach-albanien\\\/\",\"url\":\"https:\\\/\\\/schoenstatt.com\\\/de\\\/die-pilgernde-gottesmutter-geht-nach-albanien\\\/\",\"name\":\"Die pilgernde Gottesmutter geht nach Albanien - Schoenstatt\",\"isPartOf\":{\"@id\":\"https:\\\/\\\/schoenstatt.com\\\/de\\\/#website\"},\"primaryImageOfPage\":{\"@id\":\"https:\\\/\\\/schoenstatt.com\\\/de\\\/die-pilgernde-gottesmutter-geht-nach-albanien\\\/#primaryimage\"},\"image\":{\"@id\":\"https:\\\/\\\/schoenstatt.com\\\/de\\\/die-pilgernde-gottesmutter-geht-nach-albanien\\\/#primaryimage\"},\"thumbnailUrl\":\"https:\\\/\\\/schoenstatt.com\\\/wp-content\\\/uploads\\\/2022\\\/01\\\/20211226_105744-scaled-1.jpg\",\"datePublished\":\"2022-01-08T07:00:53+00:00\",\"dateModified\":\"2025-08-18T17:58:38+00:00\",\"description\":\"Frrok schloss im Heiligtum das Liebesb\u00fcndnis mit der Gottesmutter und wurde als Missionar der Pilgernden Gottesmutter nach Albanien gesandt.\",\"breadcrumb\":{\"@id\":\"https:\\\/\\\/schoenstatt.com\\\/de\\\/die-pilgernde-gottesmutter-geht-nach-albanien\\\/#breadcrumb\"},\"inLanguage\":\"de\",\"potentialAction\":[{\"@type\":\"ReadAction\",\"target\":[\"https:\\\/\\\/schoenstatt.com\\\/de\\\/die-pilgernde-gottesmutter-geht-nach-albanien\\\/\"]}]},{\"@type\":\"ImageObject\",\"inLanguage\":\"de\",\"@id\":\"https:\\\/\\\/schoenstatt.com\\\/de\\\/die-pilgernde-gottesmutter-geht-nach-albanien\\\/#primaryimage\",\"url\":\"https:\\\/\\\/schoenstatt.com\\\/wp-content\\\/uploads\\\/2022\\\/01\\\/20211226_105744-scaled-1.jpg\",\"contentUrl\":\"https:\\\/\\\/schoenstatt.com\\\/wp-content\\\/uploads\\\/2022\\\/01\\\/20211226_105744-scaled-1.jpg\",\"width\":2560,\"height\":1920,\"caption\":\"Pilgrim Mother\"},{\"@type\":\"BreadcrumbList\",\"@id\":\"https:\\\/\\\/schoenstatt.com\\\/de\\\/die-pilgernde-gottesmutter-geht-nach-albanien\\\/#breadcrumb\",\"itemListElement\":[{\"@type\":\"ListItem\",\"position\":1,\"name\":\"Portada\",\"item\":\"https:\\\/\\\/schoenstatt.com\\\/de\\\/home\\\/\"},{\"@type\":\"ListItem\",\"position\":2,\"name\":\"Die pilgernde Gottesmutter geht nach Albanien\"}]},{\"@type\":\"WebSite\",\"@id\":\"https:\\\/\\\/schoenstatt.com\\\/de\\\/#website\",\"url\":\"https:\\\/\\\/schoenstatt.com\\\/de\\\/\",\"name\":\"Schoenstatt\",\"description\":\"Apostolic Movement\",\"publisher\":{\"@id\":\"https:\\\/\\\/schoenstatt.com\\\/de\\\/#organization\"},\"potentialAction\":[{\"@type\":\"SearchAction\",\"target\":{\"@type\":\"EntryPoint\",\"urlTemplate\":\"https:\\\/\\\/schoenstatt.com\\\/de\\\/?s={search_term_string}\"},\"query-input\":{\"@type\":\"PropertyValueSpecification\",\"valueRequired\":true,\"valueName\":\"search_term_string\"}}],\"inLanguage\":\"de\"},{\"@type\":\"Organization\",\"@id\":\"https:\\\/\\\/schoenstatt.com\\\/de\\\/#organization\",\"name\":\"Schoenstatt\",\"url\":\"https:\\\/\\\/schoenstatt.com\\\/de\\\/\",\"logo\":{\"@type\":\"ImageObject\",\"inLanguage\":\"de\",\"@id\":\"https:\\\/\\\/schoenstatt.com\\\/de\\\/#\\\/schema\\\/logo\\\/image\\\/\",\"url\":\"https:\\\/\\\/schoenstatt.com\\\/wp-content\\\/uploads\\\/2025\\\/04\\\/logo-schoenstatt-white-696x696-1.png\",\"contentUrl\":\"https:\\\/\\\/schoenstatt.com\\\/wp-content\\\/uploads\\\/2025\\\/04\\\/logo-schoenstatt-white-696x696-1.png\",\"width\":696,\"height\":694,\"caption\":\"Schoenstatt\"},\"image\":{\"@id\":\"https:\\\/\\\/schoenstatt.com\\\/de\\\/#\\\/schema\\\/logo\\\/image\\\/\"}},{\"@type\":\"Person\",\"@id\":\"https:\\\/\\\/schoenstatt.com\\\/de\\\/#\\\/schema\\\/person\\\/489465b1850e7b216fe2c10dfc262551\",\"name\":\"admin\",\"image\":{\"@type\":\"ImageObject\",\"inLanguage\":\"de\",\"@id\":\"https:\\\/\\\/secure.gravatar.com\\\/avatar\\\/02e8345e1ec40ab0e0a2a98fdde64a684bbaf994cddcb778b25b8b024ee9dfe6?s=96&d=mm&r=g\",\"url\":\"https:\\\/\\\/secure.gravatar.com\\\/avatar\\\/02e8345e1ec40ab0e0a2a98fdde64a684bbaf994cddcb778b25b8b024ee9dfe6?s=96&d=mm&r=g\",\"contentUrl\":\"https:\\\/\\\/secure.gravatar.com\\\/avatar\\\/02e8345e1ec40ab0e0a2a98fdde64a684bbaf994cddcb778b25b8b024ee9dfe6?s=96&d=mm&r=g\",\"caption\":\"admin\"},\"sameAs\":[\"https:\\\/\\\/schoenstatt.com\"],\"url\":\"https:\\\/\\\/schoenstatt.com\\\/de\\\/author\\\/admin\\\/\"}]}<\/script>\n<!-- \/ Yoast SEO Premium plugin. -->","yoast_head_json":{"title":"Die pilgernde Gottesmutter geht nach Albanien - Schoenstatt","description":"Frrok schloss im Heiligtum das Liebesb\u00fcndnis mit der Gottesmutter und wurde als Missionar der Pilgernden Gottesmutter nach Albanien gesandt.","robots":{"index":"index","follow":"follow","max-snippet":"max-snippet:-1","max-image-preview":"max-image-preview:large","max-video-preview":"max-video-preview:-1"},"canonical":"https:\/\/schoenstatt.com\/de\/die-pilgernde-gottesmutter-geht-nach-albanien\/","og_locale":"de_DE","og_type":"article","og_title":"Die pilgernde Gottesmutter geht nach Albanien","og_description":"Frrok schloss im Heiligtum das Liebesb\u00fcndnis mit der Gottesmutter und wurde als Missionar der Pilgernden Gottesmutter nach Albanien gesandt.","og_url":"https:\/\/schoenstatt.com\/de\/die-pilgernde-gottesmutter-geht-nach-albanien\/","og_site_name":"Schoenstatt","article_published_time":"2022-01-08T07:00:53+00:00","article_modified_time":"2025-08-18T17:58:38+00:00","og_image":[{"width":2560,"height":1920,"url":"https:\/\/schoenstatt.com\/wp-content\/uploads\/2022\/01\/20211226_105744-scaled-1.jpg","type":"image\/jpeg"}],"author":"admin","twitter_card":"summary_large_image","twitter_misc":{"Verfasst von":"admin","Gesch\u00e4tzte Lesezeit":"4\u00a0Minuten"},"schema":{"@context":"https:\/\/schema.org","@graph":[{"@type":"Article","@id":"https:\/\/schoenstatt.com\/de\/die-pilgernde-gottesmutter-geht-nach-albanien\/#article","isPartOf":{"@id":"https:\/\/schoenstatt.com\/de\/die-pilgernde-gottesmutter-geht-nach-albanien\/"},"author":{"name":"admin","@id":"https:\/\/schoenstatt.com\/de\/#\/schema\/person\/489465b1850e7b216fe2c10dfc262551"},"headline":"Die pilgernde Gottesmutter geht nach Albanien","datePublished":"2022-01-08T07:00:53+00:00","dateModified":"2025-08-18T17:58:38+00:00","mainEntityOfPage":{"@id":"https:\/\/schoenstatt.com\/de\/die-pilgernde-gottesmutter-geht-nach-albanien\/"},"wordCount":649,"publisher":{"@id":"https:\/\/schoenstatt.com\/de\/#organization"},"image":{"@id":"https:\/\/schoenstatt.com\/de\/die-pilgernde-gottesmutter-geht-nach-albanien\/#primaryimage"},"thumbnailUrl":"https:\/\/schoenstatt.com\/wp-content\/uploads\/2022\/01\/20211226_105744-scaled-1.jpg","keywords":["Apostolat der Pilgernden Gottesmutter","Missionare","Sch\u00f6nstatt Albanien"],"articleSection":["Europa","Pilgerheiligtum"],"inLanguage":"de"},{"@type":"WebPage","@id":"https:\/\/schoenstatt.com\/de\/die-pilgernde-gottesmutter-geht-nach-albanien\/","url":"https:\/\/schoenstatt.com\/de\/die-pilgernde-gottesmutter-geht-nach-albanien\/","name":"Die pilgernde Gottesmutter geht nach Albanien - Schoenstatt","isPartOf":{"@id":"https:\/\/schoenstatt.com\/de\/#website"},"primaryImageOfPage":{"@id":"https:\/\/schoenstatt.com\/de\/die-pilgernde-gottesmutter-geht-nach-albanien\/#primaryimage"},"image":{"@id":"https:\/\/schoenstatt.com\/de\/die-pilgernde-gottesmutter-geht-nach-albanien\/#primaryimage"},"thumbnailUrl":"https:\/\/schoenstatt.com\/wp-content\/uploads\/2022\/01\/20211226_105744-scaled-1.jpg","datePublished":"2022-01-08T07:00:53+00:00","dateModified":"2025-08-18T17:58:38+00:00","description":"Frrok schloss im Heiligtum das Liebesb\u00fcndnis mit der Gottesmutter und wurde als Missionar der Pilgernden Gottesmutter nach Albanien gesandt.","breadcrumb":{"@id":"https:\/\/schoenstatt.com\/de\/die-pilgernde-gottesmutter-geht-nach-albanien\/#breadcrumb"},"inLanguage":"de","potentialAction":[{"@type":"ReadAction","target":["https:\/\/schoenstatt.com\/de\/die-pilgernde-gottesmutter-geht-nach-albanien\/"]}]},{"@type":"ImageObject","inLanguage":"de","@id":"https:\/\/schoenstatt.com\/de\/die-pilgernde-gottesmutter-geht-nach-albanien\/#primaryimage","url":"https:\/\/schoenstatt.com\/wp-content\/uploads\/2022\/01\/20211226_105744-scaled-1.jpg","contentUrl":"https:\/\/schoenstatt.com\/wp-content\/uploads\/2022\/01\/20211226_105744-scaled-1.jpg","width":2560,"height":1920,"caption":"Pilgrim Mother"},{"@type":"BreadcrumbList","@id":"https:\/\/schoenstatt.com\/de\/die-pilgernde-gottesmutter-geht-nach-albanien\/#breadcrumb","itemListElement":[{"@type":"ListItem","position":1,"name":"Portada","item":"https:\/\/schoenstatt.com\/de\/home\/"},{"@type":"ListItem","position":2,"name":"Die pilgernde Gottesmutter geht nach Albanien"}]},{"@type":"WebSite","@id":"https:\/\/schoenstatt.com\/de\/#website","url":"https:\/\/schoenstatt.com\/de\/","name":"Schoenstatt","description":"Apostolic Movement","publisher":{"@id":"https:\/\/schoenstatt.com\/de\/#organization"},"potentialAction":[{"@type":"SearchAction","target":{"@type":"EntryPoint","urlTemplate":"https:\/\/schoenstatt.com\/de\/?s={search_term_string}"},"query-input":{"@type":"PropertyValueSpecification","valueRequired":true,"valueName":"search_term_string"}}],"inLanguage":"de"},{"@type":"Organization","@id":"https:\/\/schoenstatt.com\/de\/#organization","name":"Schoenstatt","url":"https:\/\/schoenstatt.com\/de\/","logo":{"@type":"ImageObject","inLanguage":"de","@id":"https:\/\/schoenstatt.com\/de\/#\/schema\/logo\/image\/","url":"https:\/\/schoenstatt.com\/wp-content\/uploads\/2025\/04\/logo-schoenstatt-white-696x696-1.png","contentUrl":"https:\/\/schoenstatt.com\/wp-content\/uploads\/2025\/04\/logo-schoenstatt-white-696x696-1.png","width":696,"height":694,"caption":"Schoenstatt"},"image":{"@id":"https:\/\/schoenstatt.com\/de\/#\/schema\/logo\/image\/"}},{"@type":"Person","@id":"https:\/\/schoenstatt.com\/de\/#\/schema\/person\/489465b1850e7b216fe2c10dfc262551","name":"admin","image":{"@type":"ImageObject","inLanguage":"de","@id":"https:\/\/secure.gravatar.com\/avatar\/02e8345e1ec40ab0e0a2a98fdde64a684bbaf994cddcb778b25b8b024ee9dfe6?s=96&d=mm&r=g","url":"https:\/\/secure.gravatar.com\/avatar\/02e8345e1ec40ab0e0a2a98fdde64a684bbaf994cddcb778b25b8b024ee9dfe6?s=96&d=mm&r=g","contentUrl":"https:\/\/secure.gravatar.com\/avatar\/02e8345e1ec40ab0e0a2a98fdde64a684bbaf994cddcb778b25b8b024ee9dfe6?s=96&d=mm&r=g","caption":"admin"},"sameAs":["https:\/\/schoenstatt.com"],"url":"https:\/\/schoenstatt.com\/de\/author\/admin\/"}]}},"_links":{"self":[{"href":"https:\/\/schoenstatt.com\/de\/wp-json\/wp\/v2\/posts\/23087","targetHints":{"allow":["GET"]}}],"collection":[{"href":"https:\/\/schoenstatt.com\/de\/wp-json\/wp\/v2\/posts"}],"about":[{"href":"https:\/\/schoenstatt.com\/de\/wp-json\/wp\/v2\/types\/post"}],"author":[{"embeddable":true,"href":"https:\/\/schoenstatt.com\/de\/wp-json\/wp\/v2\/users\/1"}],"replies":[{"embeddable":true,"href":"https:\/\/schoenstatt.com\/de\/wp-json\/wp\/v2\/comments?post=23087"}],"version-history":[{"count":6,"href":"https:\/\/schoenstatt.com\/de\/wp-json\/wp\/v2\/posts\/23087\/revisions"}],"predecessor-version":[{"id":62344,"href":"https:\/\/schoenstatt.com\/de\/wp-json\/wp\/v2\/posts\/23087\/revisions\/62344"}],"wp:featuredmedia":[{"embeddable":true,"href":"https:\/\/schoenstatt.com\/de\/wp-json\/wp\/v2\/media\/23077"}],"wp:attachment":[{"href":"https:\/\/schoenstatt.com\/de\/wp-json\/wp\/v2\/media?parent=23087"}],"wp:term":[{"taxonomy":"category","embeddable":true,"href":"https:\/\/schoenstatt.com\/de\/wp-json\/wp\/v2\/categories?post=23087"},{"taxonomy":"post_tag","embeddable":true,"href":"https:\/\/schoenstatt.com\/de\/wp-json\/wp\/v2\/tags?post=23087"}],"curies":[{"name":"wp","href":"https:\/\/api.w.org\/{rel}","templated":true}]}}