{"id":22993,"date":"2021-12-28T17:03:44","date_gmt":"2021-12-28T16:03:44","guid":{"rendered":"https:\/\/schoenstatt.com\/?p=22993"},"modified":"2025-08-18T20:34:26","modified_gmt":"2025-08-18T18:34:26","slug":"der-kleine-lucas-und-seine-grosse-aktion","status":"publish","type":"post","link":"https:\/\/schoenstatt.com\/de\/der-kleine-lucas-und-seine-grosse-aktion\/","title":{"rendered":"Der kleine Lucas und seine gro\u00dfe Aktion"},"content":{"rendered":"<p>Wenn es nach der Geburt Jesu viele Kinder gab, die wegen seiner Mission den M\u00e4rtyrertod erlitten, so gibt es heute viel mehr Kinder, die von der Liebe Christi ber\u00fchrt werden und sich daf\u00fcr einsetzen, dass es \u00fcberall Leben gibt.<\/p>\n<p>Eines dieser Kinder ist Lucas Romanha Sturmer, 11 Jahre alt, der in Santa Maria im S\u00fcden Brasiliens lebt, Sohn von Giovane und Fabiana Sturmer, einem Ehepaar aus der Sch\u00f6nstatt-Familienliga.<\/p>\n<p>Alles begann damit, dass er im Religionsunterricht seiner Schule mit allen Sch\u00fclern seiner Klasse die Aufgabe erhielt, ein Projekt zu entwickeln, um Menschen in Not zu helfen. Das Projekt brauchte nicht durchgef\u00fchrt zu werden. Wo andere Kinder aufh\u00f6rten, ging Lucas weiter. Er sprach mit Mama und Papa dar\u00fcber, wie sein Projekt Menschen helfen k\u00f6nnte, wirklich\u00a0<a href=\"https:\/\/www.brasilien.info\/soziale-arbeit-mit-kindern-in-brasilien\/\" target=\"_blank\" rel=\"noopener\">Hilfe<\/a> zu bekommen. Die Familien, an die Lucas dachte, hatten echte Gesichter und echte Geschichten. Sie werden vom Centro de Referencia Familiar Recanto do Sol -Cefasol- betreut, das von den Sch\u00f6nst\u00e4tter Marienschwestern gegr\u00fcndet und geleitet wird. Wie Pater Kentenich sagt, wenn Ideen ein Gesicht bekommen, weitet sich das Herz und aus Ideen werden konkrete Handlungen.<\/p>\n<p>Dann entstand die Idee, ein Video aufzunehmen, in dem um Lebensmittelspenden f\u00fcr die Familien von Recanto, dem Namen des Cefasol-Betreuungszentrums, gebeten wird. Lucas sagt in seinem Videoclip: \u201eErhelle das Leben eines Kindes dieses Weihnachten&#8220;. Was w\u00e4re, wenn diese Idee funktionieren w\u00fcrde? Fabiana, die Mutter von Lucas, berichtet uns \u00fcber das Ergebnis: \u201eDas Ziel war, f\u00fcnf K\u00f6rbe mit Grundnahrungsmitteln zu erreichen. Aber es war ein solcher Erfolg, dass wir mit den Spenden fast 700 kg Lebensmittel kaufen und 35 K\u00f6rbe herstellen konnten. Es ist also an der Zeit, einen weiteren Clip aufzunehmen und den G\u00f6nnern zu danken. Vor einem Tisch voller Essen sagt Lucas: \u201eHallo an alle&#8230; danke. Ich habe das Gef\u00fchl, dass sich viele Familien \u00fcber diese Geschenke freuen werden&#8220;.<\/p>\n<p>Mathilde Mang, die Leiterin des Cefasol, war sehr \u00fcberrascht \u00fcber den Wunsch dieses Kindes, das nicht etwas erhalten, sondern ein gro\u00dfes Geschenk machen wollte. Lucas wollte sich sogar an der Pr\u00e4sentation beteiligen. Er half Sr. M. Mathilde bei der \u00dcbergabe der K\u00f6rbe und bat sogar um ein Foto mit jeder Familie. \u201eEs war eine Freude f\u00fcr ihn zu sehen, wie alle Familien das Essen erhielten. Er hatte keine Ahnung, wie lohnend es ist, Menschen in Not zu helfen&#8220;, f\u00fcgt seine Mutter hinzu.<\/p>\n<p>Auf diese Weise ist Lucas eines der vielen Kinder, die ihr Bestes geben, damit Christus lebt, damit seine Botschaft die heutige Gesellschaft, ganz Brasilien, in Tabor ver\u00e4ndert.<\/p>\n<p>Sie k\u00f6nnen auch lesen: <a href=\"https:\/\/schoenstatt.com\/de\/spiritualitat\/flutkatastrophe-schoenstaetter-marienschwestern-sind-den-menschen-nahe\/\">Flutkatastrophe \u2013 Sch\u00f6nst\u00e4tter Marienschwestern sind den Menschen nahe<\/a><\/p>\n","protected":false},"excerpt":{"rendered":"<p>Die Idee war, in der Schule ein Projekt durchzuf\u00fchren, bei dem ein Hilfsplan ausgearbeitet wurde, der aber nicht in die Tat umgesetzt werden sollte. Am Ende hat Lucas 700 kg Lebensmittel gesammelt.<\/p>\n","protected":false},"author":1,"featured_media":22634,"comment_status":"closed","ping_status":"closed","sticky":false,"template":"","format":"standard","meta":{"footnotes":""},"categories":[195,910,895],"tags":[1255,1133,755,1213],"class_list":["post-22993","post","type-post","status-publish","format-standard","has-post-thumbnail","hentry","category-amerika-de","category-gesellschaft-de","category-uber-die-mission-de","tag-frauen-de","tag-schonstatt-brasilien-de","tag-soziales-de","tag-soziales-projekt-de"],"yoast_head":"<!-- This site is optimized with the Yoast SEO Premium plugin v27.4 (Yoast SEO v27.5) - https:\/\/yoast.com\/product\/yoast-seo-premium-wordpress\/ -->\n<title>Der kleine Lucas und seine gro\u00dfe Aktion - Schoenstatt<\/title>\n<meta name=\"description\" content=\"Der kleine Lukas entwickelte einen Plan, um Menschen in Not zu helfen \u00fcber das Hilfszentrum Cefasol der Marienschwestern.\" \/>\n<meta name=\"robots\" content=\"index, follow, max-snippet:-1, max-image-preview:large, max-video-preview:-1\" \/>\n<link rel=\"canonical\" href=\"https:\/\/schoenstatt.com\/de\/der-kleine-lucas-und-seine-grosse-aktion\/\" \/>\n<meta property=\"og:locale\" content=\"de_DE\" \/>\n<meta property=\"og:type\" content=\"article\" \/>\n<meta property=\"og:title\" content=\"Der kleine Lucas und seine gro\u00dfe Aktion\" \/>\n<meta property=\"og:description\" content=\"Der kleine Lukas entwickelte einen Plan, um Menschen in Not zu helfen \u00fcber das Hilfszentrum Cefasol der Marienschwestern.\" \/>\n<meta property=\"og:url\" content=\"https:\/\/schoenstatt.com\/de\/der-kleine-lucas-und-seine-grosse-aktion\/\" \/>\n<meta property=\"og:site_name\" content=\"Schoenstatt\" \/>\n<meta property=\"article:published_time\" content=\"2021-12-28T16:03:44+00:00\" \/>\n<meta property=\"article:modified_time\" content=\"2025-08-18T18:34:26+00:00\" \/>\n<meta property=\"og:image\" content=\"https:\/\/schoenstatt.com\/wp-content\/uploads\/2021\/12\/Lucas-1.png\" \/>\n\t<meta property=\"og:image:width\" content=\"669\" \/>\n\t<meta property=\"og:image:height\" content=\"352\" \/>\n\t<meta property=\"og:image:type\" content=\"image\/png\" \/>\n<meta name=\"author\" content=\"admin\" \/>\n<meta name=\"twitter:card\" content=\"summary_large_image\" \/>\n<meta name=\"twitter:label1\" content=\"Verfasst von\" \/>\n\t<meta name=\"twitter:data1\" content=\"admin\" \/>\n\t<meta name=\"twitter:label2\" content=\"Gesch\u00e4tzte Lesezeit\" \/>\n\t<meta name=\"twitter:data2\" content=\"3\u00a0Minuten\" \/>\n<script type=\"application\/ld+json\" class=\"yoast-schema-graph\">{\"@context\":\"https:\\\/\\\/schema.org\",\"@graph\":[{\"@type\":\"Article\",\"@id\":\"https:\\\/\\\/schoenstatt.com\\\/de\\\/der-kleine-lucas-und-seine-grosse-aktion\\\/#article\",\"isPartOf\":{\"@id\":\"https:\\\/\\\/schoenstatt.com\\\/de\\\/der-kleine-lucas-und-seine-grosse-aktion\\\/\"},\"author\":{\"name\":\"admin\",\"@id\":\"https:\\\/\\\/schoenstatt.com\\\/de\\\/#\\\/schema\\\/person\\\/489465b1850e7b216fe2c10dfc262551\"},\"headline\":\"Der kleine Lucas und seine gro\u00dfe Aktion\",\"datePublished\":\"2021-12-28T16:03:44+00:00\",\"dateModified\":\"2025-08-18T18:34:26+00:00\",\"mainEntityOfPage\":{\"@id\":\"https:\\\/\\\/schoenstatt.com\\\/de\\\/der-kleine-lucas-und-seine-grosse-aktion\\\/\"},\"wordCount\":453,\"publisher\":{\"@id\":\"https:\\\/\\\/schoenstatt.com\\\/de\\\/#organization\"},\"image\":{\"@id\":\"https:\\\/\\\/schoenstatt.com\\\/de\\\/der-kleine-lucas-und-seine-grosse-aktion\\\/#primaryimage\"},\"thumbnailUrl\":\"https:\\\/\\\/schoenstatt.com\\\/wp-content\\\/uploads\\\/2021\\\/12\\\/Lucas-1.png\",\"keywords\":[\"Frauen\",\"Sch\u00f6nstatt Brasilien\",\"Soziales\",\"Soziales Projekt\"],\"articleSection\":[\"Amerika\",\"Gesellschaft\",\"\u00dcber die Mission\"],\"inLanguage\":\"de\"},{\"@type\":\"WebPage\",\"@id\":\"https:\\\/\\\/schoenstatt.com\\\/de\\\/der-kleine-lucas-und-seine-grosse-aktion\\\/\",\"url\":\"https:\\\/\\\/schoenstatt.com\\\/de\\\/der-kleine-lucas-und-seine-grosse-aktion\\\/\",\"name\":\"Der kleine Lucas und seine gro\u00dfe Aktion - Schoenstatt\",\"isPartOf\":{\"@id\":\"https:\\\/\\\/schoenstatt.com\\\/de\\\/#website\"},\"primaryImageOfPage\":{\"@id\":\"https:\\\/\\\/schoenstatt.com\\\/de\\\/der-kleine-lucas-und-seine-grosse-aktion\\\/#primaryimage\"},\"image\":{\"@id\":\"https:\\\/\\\/schoenstatt.com\\\/de\\\/der-kleine-lucas-und-seine-grosse-aktion\\\/#primaryimage\"},\"thumbnailUrl\":\"https:\\\/\\\/schoenstatt.com\\\/wp-content\\\/uploads\\\/2021\\\/12\\\/Lucas-1.png\",\"datePublished\":\"2021-12-28T16:03:44+00:00\",\"dateModified\":\"2025-08-18T18:34:26+00:00\",\"description\":\"Der kleine Lukas entwickelte einen Plan, um Menschen in Not zu helfen \u00fcber das Hilfszentrum Cefasol der Marienschwestern.\",\"breadcrumb\":{\"@id\":\"https:\\\/\\\/schoenstatt.com\\\/de\\\/der-kleine-lucas-und-seine-grosse-aktion\\\/#breadcrumb\"},\"inLanguage\":\"de\",\"potentialAction\":[{\"@type\":\"ReadAction\",\"target\":[\"https:\\\/\\\/schoenstatt.com\\\/de\\\/der-kleine-lucas-und-seine-grosse-aktion\\\/\"]}]},{\"@type\":\"ImageObject\",\"inLanguage\":\"de\",\"@id\":\"https:\\\/\\\/schoenstatt.com\\\/de\\\/der-kleine-lucas-und-seine-grosse-aktion\\\/#primaryimage\",\"url\":\"https:\\\/\\\/schoenstatt.com\\\/wp-content\\\/uploads\\\/2021\\\/12\\\/Lucas-1.png\",\"contentUrl\":\"https:\\\/\\\/schoenstatt.com\\\/wp-content\\\/uploads\\\/2021\\\/12\\\/Lucas-1.png\",\"width\":669,\"height\":352,\"caption\":\"Young Lucas\"},{\"@type\":\"BreadcrumbList\",\"@id\":\"https:\\\/\\\/schoenstatt.com\\\/de\\\/der-kleine-lucas-und-seine-grosse-aktion\\\/#breadcrumb\",\"itemListElement\":[{\"@type\":\"ListItem\",\"position\":1,\"name\":\"Portada\",\"item\":\"https:\\\/\\\/schoenstatt.com\\\/de\\\/home\\\/\"},{\"@type\":\"ListItem\",\"position\":2,\"name\":\"Der kleine Lucas und seine gro\u00dfe Aktion\"}]},{\"@type\":\"WebSite\",\"@id\":\"https:\\\/\\\/schoenstatt.com\\\/de\\\/#website\",\"url\":\"https:\\\/\\\/schoenstatt.com\\\/de\\\/\",\"name\":\"Schoenstatt\",\"description\":\"Apostolic Movement\",\"publisher\":{\"@id\":\"https:\\\/\\\/schoenstatt.com\\\/de\\\/#organization\"},\"potentialAction\":[{\"@type\":\"SearchAction\",\"target\":{\"@type\":\"EntryPoint\",\"urlTemplate\":\"https:\\\/\\\/schoenstatt.com\\\/de\\\/?s={search_term_string}\"},\"query-input\":{\"@type\":\"PropertyValueSpecification\",\"valueRequired\":true,\"valueName\":\"search_term_string\"}}],\"inLanguage\":\"de\"},{\"@type\":\"Organization\",\"@id\":\"https:\\\/\\\/schoenstatt.com\\\/de\\\/#organization\",\"name\":\"Schoenstatt\",\"url\":\"https:\\\/\\\/schoenstatt.com\\\/de\\\/\",\"logo\":{\"@type\":\"ImageObject\",\"inLanguage\":\"de\",\"@id\":\"https:\\\/\\\/schoenstatt.com\\\/de\\\/#\\\/schema\\\/logo\\\/image\\\/\",\"url\":\"https:\\\/\\\/schoenstatt.com\\\/wp-content\\\/uploads\\\/2025\\\/04\\\/logo-schoenstatt-white-696x696-1.png\",\"contentUrl\":\"https:\\\/\\\/schoenstatt.com\\\/wp-content\\\/uploads\\\/2025\\\/04\\\/logo-schoenstatt-white-696x696-1.png\",\"width\":696,\"height\":694,\"caption\":\"Schoenstatt\"},\"image\":{\"@id\":\"https:\\\/\\\/schoenstatt.com\\\/de\\\/#\\\/schema\\\/logo\\\/image\\\/\"}},{\"@type\":\"Person\",\"@id\":\"https:\\\/\\\/schoenstatt.com\\\/de\\\/#\\\/schema\\\/person\\\/489465b1850e7b216fe2c10dfc262551\",\"name\":\"admin\",\"image\":{\"@type\":\"ImageObject\",\"inLanguage\":\"de\",\"@id\":\"https:\\\/\\\/secure.gravatar.com\\\/avatar\\\/02e8345e1ec40ab0e0a2a98fdde64a684bbaf994cddcb778b25b8b024ee9dfe6?s=96&d=mm&r=g\",\"url\":\"https:\\\/\\\/secure.gravatar.com\\\/avatar\\\/02e8345e1ec40ab0e0a2a98fdde64a684bbaf994cddcb778b25b8b024ee9dfe6?s=96&d=mm&r=g\",\"contentUrl\":\"https:\\\/\\\/secure.gravatar.com\\\/avatar\\\/02e8345e1ec40ab0e0a2a98fdde64a684bbaf994cddcb778b25b8b024ee9dfe6?s=96&d=mm&r=g\",\"caption\":\"admin\"},\"sameAs\":[\"https:\\\/\\\/schoenstatt.com\"],\"url\":\"https:\\\/\\\/schoenstatt.com\\\/de\\\/author\\\/admin\\\/\"}]}<\/script>\n<!-- \/ Yoast SEO Premium plugin. -->","yoast_head_json":{"title":"Der kleine Lucas und seine gro\u00dfe Aktion - Schoenstatt","description":"Der kleine Lukas entwickelte einen Plan, um Menschen in Not zu helfen \u00fcber das Hilfszentrum Cefasol der Marienschwestern.","robots":{"index":"index","follow":"follow","max-snippet":"max-snippet:-1","max-image-preview":"max-image-preview:large","max-video-preview":"max-video-preview:-1"},"canonical":"https:\/\/schoenstatt.com\/de\/der-kleine-lucas-und-seine-grosse-aktion\/","og_locale":"de_DE","og_type":"article","og_title":"Der kleine Lucas und seine gro\u00dfe Aktion","og_description":"Der kleine Lukas entwickelte einen Plan, um Menschen in Not zu helfen \u00fcber das Hilfszentrum Cefasol der Marienschwestern.","og_url":"https:\/\/schoenstatt.com\/de\/der-kleine-lucas-und-seine-grosse-aktion\/","og_site_name":"Schoenstatt","article_published_time":"2021-12-28T16:03:44+00:00","article_modified_time":"2025-08-18T18:34:26+00:00","og_image":[{"width":669,"height":352,"url":"https:\/\/schoenstatt.com\/wp-content\/uploads\/2021\/12\/Lucas-1.png","type":"image\/png"}],"author":"admin","twitter_card":"summary_large_image","twitter_misc":{"Verfasst von":"admin","Gesch\u00e4tzte Lesezeit":"3\u00a0Minuten"},"schema":{"@context":"https:\/\/schema.org","@graph":[{"@type":"Article","@id":"https:\/\/schoenstatt.com\/de\/der-kleine-lucas-und-seine-grosse-aktion\/#article","isPartOf":{"@id":"https:\/\/schoenstatt.com\/de\/der-kleine-lucas-und-seine-grosse-aktion\/"},"author":{"name":"admin","@id":"https:\/\/schoenstatt.com\/de\/#\/schema\/person\/489465b1850e7b216fe2c10dfc262551"},"headline":"Der kleine Lucas und seine gro\u00dfe Aktion","datePublished":"2021-12-28T16:03:44+00:00","dateModified":"2025-08-18T18:34:26+00:00","mainEntityOfPage":{"@id":"https:\/\/schoenstatt.com\/de\/der-kleine-lucas-und-seine-grosse-aktion\/"},"wordCount":453,"publisher":{"@id":"https:\/\/schoenstatt.com\/de\/#organization"},"image":{"@id":"https:\/\/schoenstatt.com\/de\/der-kleine-lucas-und-seine-grosse-aktion\/#primaryimage"},"thumbnailUrl":"https:\/\/schoenstatt.com\/wp-content\/uploads\/2021\/12\/Lucas-1.png","keywords":["Frauen","Sch\u00f6nstatt Brasilien","Soziales","Soziales Projekt"],"articleSection":["Amerika","Gesellschaft","\u00dcber die Mission"],"inLanguage":"de"},{"@type":"WebPage","@id":"https:\/\/schoenstatt.com\/de\/der-kleine-lucas-und-seine-grosse-aktion\/","url":"https:\/\/schoenstatt.com\/de\/der-kleine-lucas-und-seine-grosse-aktion\/","name":"Der kleine Lucas und seine gro\u00dfe Aktion - Schoenstatt","isPartOf":{"@id":"https:\/\/schoenstatt.com\/de\/#website"},"primaryImageOfPage":{"@id":"https:\/\/schoenstatt.com\/de\/der-kleine-lucas-und-seine-grosse-aktion\/#primaryimage"},"image":{"@id":"https:\/\/schoenstatt.com\/de\/der-kleine-lucas-und-seine-grosse-aktion\/#primaryimage"},"thumbnailUrl":"https:\/\/schoenstatt.com\/wp-content\/uploads\/2021\/12\/Lucas-1.png","datePublished":"2021-12-28T16:03:44+00:00","dateModified":"2025-08-18T18:34:26+00:00","description":"Der kleine Lukas entwickelte einen Plan, um Menschen in Not zu helfen \u00fcber das Hilfszentrum Cefasol der Marienschwestern.","breadcrumb":{"@id":"https:\/\/schoenstatt.com\/de\/der-kleine-lucas-und-seine-grosse-aktion\/#breadcrumb"},"inLanguage":"de","potentialAction":[{"@type":"ReadAction","target":["https:\/\/schoenstatt.com\/de\/der-kleine-lucas-und-seine-grosse-aktion\/"]}]},{"@type":"ImageObject","inLanguage":"de","@id":"https:\/\/schoenstatt.com\/de\/der-kleine-lucas-und-seine-grosse-aktion\/#primaryimage","url":"https:\/\/schoenstatt.com\/wp-content\/uploads\/2021\/12\/Lucas-1.png","contentUrl":"https:\/\/schoenstatt.com\/wp-content\/uploads\/2021\/12\/Lucas-1.png","width":669,"height":352,"caption":"Young Lucas"},{"@type":"BreadcrumbList","@id":"https:\/\/schoenstatt.com\/de\/der-kleine-lucas-und-seine-grosse-aktion\/#breadcrumb","itemListElement":[{"@type":"ListItem","position":1,"name":"Portada","item":"https:\/\/schoenstatt.com\/de\/home\/"},{"@type":"ListItem","position":2,"name":"Der kleine Lucas und seine gro\u00dfe Aktion"}]},{"@type":"WebSite","@id":"https:\/\/schoenstatt.com\/de\/#website","url":"https:\/\/schoenstatt.com\/de\/","name":"Schoenstatt","description":"Apostolic Movement","publisher":{"@id":"https:\/\/schoenstatt.com\/de\/#organization"},"potentialAction":[{"@type":"SearchAction","target":{"@type":"EntryPoint","urlTemplate":"https:\/\/schoenstatt.com\/de\/?s={search_term_string}"},"query-input":{"@type":"PropertyValueSpecification","valueRequired":true,"valueName":"search_term_string"}}],"inLanguage":"de"},{"@type":"Organization","@id":"https:\/\/schoenstatt.com\/de\/#organization","name":"Schoenstatt","url":"https:\/\/schoenstatt.com\/de\/","logo":{"@type":"ImageObject","inLanguage":"de","@id":"https:\/\/schoenstatt.com\/de\/#\/schema\/logo\/image\/","url":"https:\/\/schoenstatt.com\/wp-content\/uploads\/2025\/04\/logo-schoenstatt-white-696x696-1.png","contentUrl":"https:\/\/schoenstatt.com\/wp-content\/uploads\/2025\/04\/logo-schoenstatt-white-696x696-1.png","width":696,"height":694,"caption":"Schoenstatt"},"image":{"@id":"https:\/\/schoenstatt.com\/de\/#\/schema\/logo\/image\/"}},{"@type":"Person","@id":"https:\/\/schoenstatt.com\/de\/#\/schema\/person\/489465b1850e7b216fe2c10dfc262551","name":"admin","image":{"@type":"ImageObject","inLanguage":"de","@id":"https:\/\/secure.gravatar.com\/avatar\/02e8345e1ec40ab0e0a2a98fdde64a684bbaf994cddcb778b25b8b024ee9dfe6?s=96&d=mm&r=g","url":"https:\/\/secure.gravatar.com\/avatar\/02e8345e1ec40ab0e0a2a98fdde64a684bbaf994cddcb778b25b8b024ee9dfe6?s=96&d=mm&r=g","contentUrl":"https:\/\/secure.gravatar.com\/avatar\/02e8345e1ec40ab0e0a2a98fdde64a684bbaf994cddcb778b25b8b024ee9dfe6?s=96&d=mm&r=g","caption":"admin"},"sameAs":["https:\/\/schoenstatt.com"],"url":"https:\/\/schoenstatt.com\/de\/author\/admin\/"}]}},"_links":{"self":[{"href":"https:\/\/schoenstatt.com\/de\/wp-json\/wp\/v2\/posts\/22993","targetHints":{"allow":["GET"]}}],"collection":[{"href":"https:\/\/schoenstatt.com\/de\/wp-json\/wp\/v2\/posts"}],"about":[{"href":"https:\/\/schoenstatt.com\/de\/wp-json\/wp\/v2\/types\/post"}],"author":[{"embeddable":true,"href":"https:\/\/schoenstatt.com\/de\/wp-json\/wp\/v2\/users\/1"}],"replies":[{"embeddable":true,"href":"https:\/\/schoenstatt.com\/de\/wp-json\/wp\/v2\/comments?post=22993"}],"version-history":[{"count":1,"href":"https:\/\/schoenstatt.com\/de\/wp-json\/wp\/v2\/posts\/22993\/revisions"}],"predecessor-version":[{"id":44898,"href":"https:\/\/schoenstatt.com\/de\/wp-json\/wp\/v2\/posts\/22993\/revisions\/44898"}],"wp:featuredmedia":[{"embeddable":true,"href":"https:\/\/schoenstatt.com\/de\/wp-json\/wp\/v2\/media\/22634"}],"wp:attachment":[{"href":"https:\/\/schoenstatt.com\/de\/wp-json\/wp\/v2\/media?parent=22993"}],"wp:term":[{"taxonomy":"category","embeddable":true,"href":"https:\/\/schoenstatt.com\/de\/wp-json\/wp\/v2\/categories?post=22993"},{"taxonomy":"post_tag","embeddable":true,"href":"https:\/\/schoenstatt.com\/de\/wp-json\/wp\/v2\/tags?post=22993"}],"curies":[{"name":"wp","href":"https:\/\/api.w.org\/{rel}","templated":true}]}}