{"id":22753,"date":"2021-06-29T01:06:55","date_gmt":"2021-06-28T23:06:55","guid":{"rendered":"https:\/\/schoenstatt.com\/spiritualitat\/revitalizar-la-familia-como-instrumento-preclaro-evangelizador\/"},"modified":"2025-08-19T20:38:30","modified_gmt":"2025-08-19T18:38:30","slug":"wiederbelebung-der-familie-als-klares-instrument-der-evangelisierung","status":"publish","type":"post","link":"https:\/\/schoenstatt.com\/de\/wiederbelebung-der-familie-als-klares-instrument-der-evangelisierung\/","title":{"rendered":"Wiederbelebung der Familie als klares Instrument der Evangelisierung"},"content":{"rendered":"<p style=\"text-align: center;\"><em>Verschiedene Themen von Amoris Laetitia wurden besprochen: Katechumenat zur Ehe, Ausbildung von Pastoralreferenten, Erziehung von Kindern, Ehespiritualit\u00e4t, Familienmission und Begleitung, Unterscheidung und Integration der Zerbrechlichkeit von Familien (Kapitel VIII von Amoris Laetitia). Es wurden klare Grundlagen f\u00fcr die verschiedenen Themen gegeben sowie das Zeugnis der verschiedenen Gemeinschaften oder Bewegungen, wie sie es in ihrem Leben umsetzen.<\/em><\/p>\n<h1 style=\"text-align: center;\">\u00a0Interview mit Rafael und Cristina Mu\u00f1oz von Pater Heinrich Walter.<\/h1>\n<p><img fetchpriority=\"high\" decoding=\"async\" class=\"aligncenter wp-image-22747 size-large\" src=\"https:\/\/schoenstatt.com\/wp-content\/uploads\/2022\/01\/familia-1024x688.png\" alt=\"\" width=\"840\" height=\"564\" \/><\/p>\n<p>Drei Ehepaare aus der Sch\u00f6nstatt-Bewegung nahmen an dem <a href=\"https:\/\/www.vatican.va\/content\/francesco\/de\/messages\/pont-messages\/2021\/documents\/videomessaggio-forum-amorislaetitia-20210609.html\" target=\"_blank\" rel=\"noopener\">Forum<\/a> teil. Cristina und Rafael Mu\u00f1oz sprachen mit schoenstatt.com \u00fcber ihre Erfahrungen. Sie sind Mitglieder der Generalleitung des <a href=\"https:\/\/schoenstatt.com\/de\/in-gemeinschaft\/famile\/institut-der-schoenstattfamilien\/\">Instituts der Sch\u00f6nstatt-Familien<\/a>, haben 5 Kinder und leben in Barcelona, Spanien.<\/p>\n<h3>Was hat Sie w\u00e4hrend der Tage des Forums am meisten beeindruckt?<\/h3>\n<p>Was uns am meisten beeindruckte, war die Frische der Begegnung, die Vitalit\u00e4t, der Wunsch, f\u00fcr die Mission zu arbeiten, jeder aus seinem Charisma und jeder aus seinen M\u00f6glichkeiten. Bezeichnend war auch die Zahl der Teilnehmer aus aller Welt, etwa 220, darunter Vertreter der verschiedenen Bischofskonferenzen und verschiedener Bewegungen.<\/p>\n<p>Das Bem\u00fchen des Dikasteriums f\u00fcr die Laien, die Familie und das Leben, sich allen Herausforderungen und Schwierigkeiten zu stellen, war lobenswert.<\/p>\n<p>Es wurden verschiedene Themen von Amoris Laetitia behandelt: Katechumenat zur Ehe, Ausbildung von Pastoralreferenten, Erziehung der Kinder, Ehespiritualit\u00e4t, Familienmissionarit\u00e4t und Begleitung, Unterscheidung und Integration der Zerbrechlichkeit der Familien (Kapitel VIII von Amoris Laetitia). Es wurden klare Grundlagen f\u00fcr die verschiedenen Themen gegeben sowie das Zeugnis der verschiedenen Gemeinschaften oder Bewegungen, wie sie es in ihrem Leben umsetzen.<\/p>\n<p>F\u00fcr uns war es sehr interessant, die Verschmelzung der verschiedenen Charismen zu sehen, die der Familienpastoral einen gro\u00dfen Reichtum und eine gro\u00dfe Lebendigkeit verleihen. Ein wichtiges Thema war auch das Anliegen, dass Familien und Pastoralreferenten Seite an Seite arbeiten k\u00f6nnen.<\/p>\n<p>In diesem Forum ist uns klar geworden, dass wir viel s\u00e4en m\u00fcssen, um wenig zu ernten, und dass wir um Gnade und Freude bitten m\u00fcssen in einer Zeit, in der die Fruchtbarkeit knapp ist. Durch alle Beitr\u00e4ge ist uns bewusst, dass wir K\u00f6rper f\u00fcr K\u00f6rper weiterarbeiten m\u00fcssen, dass wir vor allem um kreative Treue gebeten werden.<\/p>\n<h3>Welche Unterschiede in der Situation und Herausforderung nehmen Sie zwischen den Kontinenten und Kulturen wahr?<\/h3>\n<p>Da es sich um ein Online-Treffen handelte, gab es keine Gelegenheit f\u00fcr einen gro\u00dfen Austausch, aber durch den Chat wurden Bedenken und Herausforderungen ge\u00e4u\u00dfert, und obwohl sie nicht behandelt wurden, blieben sie als Anliegen, die dem Dikasterium vorgelegt wurden. Die allgemeing\u00fcltigsten und relevantesten Fragen wurden w\u00e4hrend des Austauschs am Ende eines jeden Themas gestellt und von den Sprechern des jeweiligen Themas beantwortet.<\/p>\n<p>Wir wissen und f\u00fchlen, dass wir eine evangelische und apostolisch geschw\u00e4chte Kirche in einer m\u00e4chtigen Gesellschaft sind. Aber weder war das Christentum der Vergangenheit so solide, wie man glaubt, noch ist das heutige Christentum so schwach, wie es scheint. Was wir sehen konnten, ist, dass wir alle gemeinsam die christliche Initiation von der Familienbasis aus f\u00f6rdern m\u00fcssen. Eine wahre Einweihung ist viel mehr als eine Indoktrination. Initiation ist das Erwachen zur Glaubenserfahrung und daraus die Bereicherung des Glaubensinhaltes, die Orientierung des sittlichen Lebens, die Vertrautheit mit dem Wort Gottes und mit den gro\u00dfen Symbolen der Liturgie, die Pflege des Gemeinschaftssinnes, die \u00d6ffnung der Sensibilit\u00e4t f\u00fcr den Dienst an der Gesellschaft, und das war eine Tatsache, die sich durch die Beitr\u00e4ge als Bed\u00fcrfnis in allen Kontinenten manifestierte.<\/p>\n<h3>Gab es ein gemeinsames Ziel, auf das sie sich gemeinsam zubewegten?<\/h3>\n<p>Die Familie als klares Instrument der Evangelisierung wiederzubeleben. Das Dikasterium legt mit dieser Begegnung in gewisser Weise den Grundstein, um aus der gegenw\u00e4rtigen Situation heraus die Zukunft vorzubereiten, die die Notwendigkeit mit sich bringt, unseren pastoralen Stil zu erneuern, der aufgerufen ist, spiritueller, evangelisierender, mitverantwortlicher, pers\u00f6nlicher und mehr auf die Ausbildung des pastoralen Kerns unserer Gemeinschaften ausgerichtet zu sein.<\/p>\n<h3>Sch\u00f6nstatt hat eine starke Familienbewegung und eine bew\u00e4hrte Erfahrung in der Familienarbeit. Was ist der Beitrag Sch\u00f6nstatts, der in dieser Zeit am meisten gebraucht wird?<\/h3>\n<p>Als Sch\u00f6nstattfamilien sind wir Tr\u00e4ger eines Charismas und einer P\u00e4dagogik, die auf die Bed\u00fcrfnisse der Kirche im Bereich der Familie heute antworten. Wir m\u00fcssen uns bewusster werden, dass wir Tr\u00e4ger einer Mission im Dienst der Kirche sind. Wir haben daf\u00fcr eine gro\u00dfe B\u00fcndnispartnerin, Maria, unsere Mutter, die uns von unseren Hausheiligt\u00fcmern aus dazu auffordert.<\/p>\n<h3>Was m\u00f6chten Sie, dass Sch\u00f6nstatt von diesem Kongress mitnimmt?<\/h3>\n<p>In der Treue zu unserem Vater und Gr\u00fcnder im Sinne von &#8222;die Hand am Puls der Zeit und das Ohr am Herzen Gottes&#8220; sollen wir den Geist erkennen, die Zeichen seiner Gegenwart entdecken und mit ihm in F\u00fcgsamkeit und Demut zusammenarbeiten. Vielleicht w\u00fcrden wir sagen, dass wir es gerne wieder wagen w\u00fcrden, aus der Komfortzone herauszugehen. Unser Blick geht nach vorne, Sch\u00f6nstatt ist eine Bewegung, nicht eine Bruderschaft mit festen Formen. Aus diesem Grund sollten wir Ehepaare jetzt, wo die Welt blutet, Marias sein, die alle N\u00f6te mit marianischen Augen sehen, und wir sollten unseren Glauben und unser Vertrauen in Gott neu erwecken. In dieser Linie ist eine der gro\u00dfen Aufforderungen an uns Familien zu wissen, wie man zuh\u00f6rt. Auf Gott h\u00f6ren, auf sein Wort h\u00f6ren, dem praktischen Glauben an die g\u00f6ttliche Vorsehung treu sein, wie es unser Vater und Gr\u00fcnder wollte.\u00a0 Das Zuh\u00f6ren in unseren Gemeinden, das Zuh\u00f6ren zu unseren Ehepartnern, das Zuh\u00f6ren zu den Jungen und den Alten, zu den Angeh\u00f6rigen anderer Generationen, zu denen, die anders denken. Zuh\u00f6ren setzt Empf\u00e4nglichkeit und Demut voraus, Geduld und Akzeptanz, Offenheit des Herzens, um sich von anderen bewohnen zu lassen. In diesem Sinne beh\u00e4lt die Enzyklika Ecclesiam Suam von Paul VI. (1964), die uns eine ganze Theologie des H\u00f6rens und des Dialogs als Forderung der Erneuerung anbietet, ihre ganze G\u00fcltigkeit.<\/p>\n<h3>Sehen Sie einen Impuls, der vom Kongress an die Sch\u00f6nstatt-Familienbewegung in der ganzen Welt geht?<\/h3>\n<p>Der Kongress l\u00e4dt uns ein, Kirche zu sein, uns in ihren Dienst zu stellen, um ihr die &#8222;Frohe Botschaft Sch\u00f6nstatts&#8220; zu bringen. Wir sollten uns gut bilden, um uns in den Dienst der Ehepastoral in unseren Pfarreien und Di\u00f6zesen zu stellen<\/p>\n<p><img decoding=\"async\" class=\"aligncenter wp-image-22741 size-full\" src=\"https:\/\/schoenstatt.com\/wp-content\/uploads\/2022\/01\/Foto-Santuario.jpg\" alt=\"\" width=\"240\" height=\"320\" \/><\/p>\n<h3><strong>Herzlichen Dank, Cristina und Rafael!<\/strong><\/h3>\n","protected":false},"excerpt":{"rendered":"<p>Forum Amoris Laetitia, online mit der Anwesenheit von 350 Teilnehmern aus der ganzen Welt<\/p>\n","protected":false},"author":3,"featured_media":22745,"comment_status":"closed","ping_status":"closed","sticky":false,"template":"","format":"standard","meta":{"footnotes":""},"categories":[874,851],"tags":[990,774,1150],"class_list":["post-22753","post","type-post","status-publish","format-standard","has-post-thumbnail","hentry","category-familie-de","category-kirche-de","tag-dikasterium-fur-laien-familie-und-leben-de","tag-familie-de","tag-institut-der-schonstattfamilien-de"],"yoast_head":"<!-- This site is optimized with the Yoast SEO Premium plugin v27.4 (Yoast SEO v27.4) - https:\/\/yoast.com\/product\/yoast-seo-premium-wordpress\/ -->\n<title>Wiederbelebung der Familie als klares Instrument der Evangelisierung - Schoenstatt<\/title>\n<meta name=\"description\" content=\"Amoris laetitia: Ehespiritualit\u00e4t, Familienmissionarit\u00e4t und Begleitung, Unterscheidung und Integration der Zerbrechlichkeit von Familien.\" \/>\n<meta name=\"robots\" content=\"index, follow, max-snippet:-1, max-image-preview:large, max-video-preview:-1\" \/>\n<link rel=\"canonical\" href=\"https:\/\/schoenstatt.com\/de\/wiederbelebung-der-familie-als-klares-instrument-der-evangelisierung\/\" \/>\n<meta property=\"og:locale\" content=\"de_DE\" \/>\n<meta property=\"og:type\" content=\"article\" \/>\n<meta property=\"og:title\" content=\"Wiederbelebung der Familie als klares Instrument der Evangelisierung\" \/>\n<meta property=\"og:description\" content=\"Amoris laetitia: Ehespiritualit\u00e4t, Familienmissionarit\u00e4t und Begleitung, Unterscheidung und Integration der Zerbrechlichkeit von Familien.\" \/>\n<meta property=\"og:url\" content=\"https:\/\/schoenstatt.com\/de\/wiederbelebung-der-familie-als-klares-instrument-der-evangelisierung\/\" \/>\n<meta property=\"og:site_name\" content=\"Schoenstatt\" \/>\n<meta property=\"article:published_time\" content=\"2021-06-28T23:06:55+00:00\" \/>\n<meta property=\"article:modified_time\" content=\"2025-08-19T18:38:30+00:00\" \/>\n<meta property=\"og:image\" content=\"https:\/\/schoenstatt.com\/wp-content\/uploads\/2022\/01\/TRIBU-Munoz-Galles-3.jpeg\" \/>\n\t<meta property=\"og:image:width\" content=\"320\" \/>\n\t<meta property=\"og:image:height\" content=\"214\" \/>\n\t<meta property=\"og:image:type\" content=\"image\/jpeg\" \/>\n<meta name=\"author\" content=\"Karen Bueno\" \/>\n<meta name=\"twitter:card\" content=\"summary_large_image\" \/>\n<meta name=\"twitter:label1\" content=\"Verfasst von\" \/>\n\t<meta name=\"twitter:data1\" content=\"Karen Bueno\" \/>\n\t<meta name=\"twitter:label2\" content=\"Gesch\u00e4tzte Lesezeit\" \/>\n\t<meta name=\"twitter:data2\" content=\"6\u00a0Minuten\" \/>\n<script type=\"application\/ld+json\" class=\"yoast-schema-graph\">{\"@context\":\"https:\\\/\\\/schema.org\",\"@graph\":[{\"@type\":\"Article\",\"@id\":\"https:\\\/\\\/schoenstatt.com\\\/de\\\/wiederbelebung-der-familie-als-klares-instrument-der-evangelisierung\\\/#article\",\"isPartOf\":{\"@id\":\"https:\\\/\\\/schoenstatt.com\\\/de\\\/wiederbelebung-der-familie-als-klares-instrument-der-evangelisierung\\\/\"},\"author\":{\"name\":\"Karen Bueno\",\"@id\":\"https:\\\/\\\/schoenstatt.com\\\/de\\\/#\\\/schema\\\/person\\\/5158877ad4acae98b34daaeef2a1ce6e\"},\"headline\":\"Wiederbelebung der Familie als klares Instrument der Evangelisierung\",\"datePublished\":\"2021-06-28T23:06:55+00:00\",\"dateModified\":\"2025-08-19T18:38:30+00:00\",\"mainEntityOfPage\":{\"@id\":\"https:\\\/\\\/schoenstatt.com\\\/de\\\/wiederbelebung-der-familie-als-klares-instrument-der-evangelisierung\\\/\"},\"wordCount\":1068,\"publisher\":{\"@id\":\"https:\\\/\\\/schoenstatt.com\\\/de\\\/#organization\"},\"image\":{\"@id\":\"https:\\\/\\\/schoenstatt.com\\\/de\\\/wiederbelebung-der-familie-als-klares-instrument-der-evangelisierung\\\/#primaryimage\"},\"thumbnailUrl\":\"https:\\\/\\\/schoenstatt.com\\\/wp-content\\\/uploads\\\/2022\\\/01\\\/TRIBU-Munoz-Galles-3.jpeg\",\"keywords\":[\"Dikasterium f\u00fcr Laien, Familie und Leben\",\"Familie\",\"Institut der Sch\u00f6nstattfamilien\"],\"articleSection\":[\"Familie\",\"Kirche\"],\"inLanguage\":\"de\"},{\"@type\":\"WebPage\",\"@id\":\"https:\\\/\\\/schoenstatt.com\\\/de\\\/wiederbelebung-der-familie-als-klares-instrument-der-evangelisierung\\\/\",\"url\":\"https:\\\/\\\/schoenstatt.com\\\/de\\\/wiederbelebung-der-familie-als-klares-instrument-der-evangelisierung\\\/\",\"name\":\"Wiederbelebung der Familie als klares Instrument der Evangelisierung - Schoenstatt\",\"isPartOf\":{\"@id\":\"https:\\\/\\\/schoenstatt.com\\\/de\\\/#website\"},\"primaryImageOfPage\":{\"@id\":\"https:\\\/\\\/schoenstatt.com\\\/de\\\/wiederbelebung-der-familie-als-klares-instrument-der-evangelisierung\\\/#primaryimage\"},\"image\":{\"@id\":\"https:\\\/\\\/schoenstatt.com\\\/de\\\/wiederbelebung-der-familie-als-klares-instrument-der-evangelisierung\\\/#primaryimage\"},\"thumbnailUrl\":\"https:\\\/\\\/schoenstatt.com\\\/wp-content\\\/uploads\\\/2022\\\/01\\\/TRIBU-Munoz-Galles-3.jpeg\",\"datePublished\":\"2021-06-28T23:06:55+00:00\",\"dateModified\":\"2025-08-19T18:38:30+00:00\",\"description\":\"Amoris laetitia: Ehespiritualit\u00e4t, Familienmissionarit\u00e4t und Begleitung, Unterscheidung und Integration der Zerbrechlichkeit von Familien.\",\"breadcrumb\":{\"@id\":\"https:\\\/\\\/schoenstatt.com\\\/de\\\/wiederbelebung-der-familie-als-klares-instrument-der-evangelisierung\\\/#breadcrumb\"},\"inLanguage\":\"de\",\"potentialAction\":[{\"@type\":\"ReadAction\",\"target\":[\"https:\\\/\\\/schoenstatt.com\\\/de\\\/wiederbelebung-der-familie-als-klares-instrument-der-evangelisierung\\\/\"]}]},{\"@type\":\"ImageObject\",\"inLanguage\":\"de\",\"@id\":\"https:\\\/\\\/schoenstatt.com\\\/de\\\/wiederbelebung-der-familie-als-klares-instrument-der-evangelisierung\\\/#primaryimage\",\"url\":\"https:\\\/\\\/schoenstatt.com\\\/wp-content\\\/uploads\\\/2022\\\/01\\\/TRIBU-Munoz-Galles-3.jpeg\",\"contentUrl\":\"https:\\\/\\\/schoenstatt.com\\\/wp-content\\\/uploads\\\/2022\\\/01\\\/TRIBU-Munoz-Galles-3.jpeg\",\"width\":320,\"height\":214,\"caption\":\"Family\"},{\"@type\":\"BreadcrumbList\",\"@id\":\"https:\\\/\\\/schoenstatt.com\\\/de\\\/wiederbelebung-der-familie-als-klares-instrument-der-evangelisierung\\\/#breadcrumb\",\"itemListElement\":[{\"@type\":\"ListItem\",\"position\":1,\"name\":\"Portada\",\"item\":\"https:\\\/\\\/schoenstatt.com\\\/de\\\/home\\\/\"},{\"@type\":\"ListItem\",\"position\":2,\"name\":\"Wiederbelebung der Familie als klares Instrument der Evangelisierung\"}]},{\"@type\":\"WebSite\",\"@id\":\"https:\\\/\\\/schoenstatt.com\\\/de\\\/#website\",\"url\":\"https:\\\/\\\/schoenstatt.com\\\/de\\\/\",\"name\":\"Schoenstatt\",\"description\":\"Apostolic Movement\",\"publisher\":{\"@id\":\"https:\\\/\\\/schoenstatt.com\\\/de\\\/#organization\"},\"potentialAction\":[{\"@type\":\"SearchAction\",\"target\":{\"@type\":\"EntryPoint\",\"urlTemplate\":\"https:\\\/\\\/schoenstatt.com\\\/de\\\/?s={search_term_string}\"},\"query-input\":{\"@type\":\"PropertyValueSpecification\",\"valueRequired\":true,\"valueName\":\"search_term_string\"}}],\"inLanguage\":\"de\"},{\"@type\":\"Organization\",\"@id\":\"https:\\\/\\\/schoenstatt.com\\\/de\\\/#organization\",\"name\":\"Schoenstatt\",\"url\":\"https:\\\/\\\/schoenstatt.com\\\/de\\\/\",\"logo\":{\"@type\":\"ImageObject\",\"inLanguage\":\"de\",\"@id\":\"https:\\\/\\\/schoenstatt.com\\\/de\\\/#\\\/schema\\\/logo\\\/image\\\/\",\"url\":\"https:\\\/\\\/schoenstatt.com\\\/wp-content\\\/uploads\\\/2025\\\/04\\\/logo-schoenstatt-white-696x696-1.png\",\"contentUrl\":\"https:\\\/\\\/schoenstatt.com\\\/wp-content\\\/uploads\\\/2025\\\/04\\\/logo-schoenstatt-white-696x696-1.png\",\"width\":696,\"height\":694,\"caption\":\"Schoenstatt\"},\"image\":{\"@id\":\"https:\\\/\\\/schoenstatt.com\\\/de\\\/#\\\/schema\\\/logo\\\/image\\\/\"}},{\"@type\":\"Person\",\"@id\":\"https:\\\/\\\/schoenstatt.com\\\/de\\\/#\\\/schema\\\/person\\\/5158877ad4acae98b34daaeef2a1ce6e\",\"name\":\"Karen Bueno\",\"image\":{\"@type\":\"ImageObject\",\"inLanguage\":\"de\",\"@id\":\"https:\\\/\\\/secure.gravatar.com\\\/avatar\\\/f9f4b823873154269d2b2130f195f6d41037dd0d7fc5f3cacb5c846bae70d66b?s=96&d=mm&r=g\",\"url\":\"https:\\\/\\\/secure.gravatar.com\\\/avatar\\\/f9f4b823873154269d2b2130f195f6d41037dd0d7fc5f3cacb5c846bae70d66b?s=96&d=mm&r=g\",\"contentUrl\":\"https:\\\/\\\/secure.gravatar.com\\\/avatar\\\/f9f4b823873154269d2b2130f195f6d41037dd0d7fc5f3cacb5c846bae70d66b?s=96&d=mm&r=g\",\"caption\":\"Karen Bueno\"},\"url\":\"https:\\\/\\\/schoenstatt.com\\\/de\\\/author\\\/karen-bueno\\\/\"}]}<\/script>\n<!-- \/ Yoast SEO Premium plugin. -->","yoast_head_json":{"title":"Wiederbelebung der Familie als klares Instrument der Evangelisierung - Schoenstatt","description":"Amoris laetitia: Ehespiritualit\u00e4t, Familienmissionarit\u00e4t und Begleitung, Unterscheidung und Integration der Zerbrechlichkeit von Familien.","robots":{"index":"index","follow":"follow","max-snippet":"max-snippet:-1","max-image-preview":"max-image-preview:large","max-video-preview":"max-video-preview:-1"},"canonical":"https:\/\/schoenstatt.com\/de\/wiederbelebung-der-familie-als-klares-instrument-der-evangelisierung\/","og_locale":"de_DE","og_type":"article","og_title":"Wiederbelebung der Familie als klares Instrument der Evangelisierung","og_description":"Amoris laetitia: Ehespiritualit\u00e4t, Familienmissionarit\u00e4t und Begleitung, Unterscheidung und Integration der Zerbrechlichkeit von Familien.","og_url":"https:\/\/schoenstatt.com\/de\/wiederbelebung-der-familie-als-klares-instrument-der-evangelisierung\/","og_site_name":"Schoenstatt","article_published_time":"2021-06-28T23:06:55+00:00","article_modified_time":"2025-08-19T18:38:30+00:00","og_image":[{"width":320,"height":214,"url":"https:\/\/schoenstatt.com\/wp-content\/uploads\/2022\/01\/TRIBU-Munoz-Galles-3.jpeg","type":"image\/jpeg"}],"author":"Karen Bueno","twitter_card":"summary_large_image","twitter_misc":{"Verfasst von":"Karen Bueno","Gesch\u00e4tzte Lesezeit":"6\u00a0Minuten"},"schema":{"@context":"https:\/\/schema.org","@graph":[{"@type":"Article","@id":"https:\/\/schoenstatt.com\/de\/wiederbelebung-der-familie-als-klares-instrument-der-evangelisierung\/#article","isPartOf":{"@id":"https:\/\/schoenstatt.com\/de\/wiederbelebung-der-familie-als-klares-instrument-der-evangelisierung\/"},"author":{"name":"Karen Bueno","@id":"https:\/\/schoenstatt.com\/de\/#\/schema\/person\/5158877ad4acae98b34daaeef2a1ce6e"},"headline":"Wiederbelebung der Familie als klares Instrument der Evangelisierung","datePublished":"2021-06-28T23:06:55+00:00","dateModified":"2025-08-19T18:38:30+00:00","mainEntityOfPage":{"@id":"https:\/\/schoenstatt.com\/de\/wiederbelebung-der-familie-als-klares-instrument-der-evangelisierung\/"},"wordCount":1068,"publisher":{"@id":"https:\/\/schoenstatt.com\/de\/#organization"},"image":{"@id":"https:\/\/schoenstatt.com\/de\/wiederbelebung-der-familie-als-klares-instrument-der-evangelisierung\/#primaryimage"},"thumbnailUrl":"https:\/\/schoenstatt.com\/wp-content\/uploads\/2022\/01\/TRIBU-Munoz-Galles-3.jpeg","keywords":["Dikasterium f\u00fcr Laien, Familie und Leben","Familie","Institut der Sch\u00f6nstattfamilien"],"articleSection":["Familie","Kirche"],"inLanguage":"de"},{"@type":"WebPage","@id":"https:\/\/schoenstatt.com\/de\/wiederbelebung-der-familie-als-klares-instrument-der-evangelisierung\/","url":"https:\/\/schoenstatt.com\/de\/wiederbelebung-der-familie-als-klares-instrument-der-evangelisierung\/","name":"Wiederbelebung der Familie als klares Instrument der Evangelisierung - Schoenstatt","isPartOf":{"@id":"https:\/\/schoenstatt.com\/de\/#website"},"primaryImageOfPage":{"@id":"https:\/\/schoenstatt.com\/de\/wiederbelebung-der-familie-als-klares-instrument-der-evangelisierung\/#primaryimage"},"image":{"@id":"https:\/\/schoenstatt.com\/de\/wiederbelebung-der-familie-als-klares-instrument-der-evangelisierung\/#primaryimage"},"thumbnailUrl":"https:\/\/schoenstatt.com\/wp-content\/uploads\/2022\/01\/TRIBU-Munoz-Galles-3.jpeg","datePublished":"2021-06-28T23:06:55+00:00","dateModified":"2025-08-19T18:38:30+00:00","description":"Amoris laetitia: Ehespiritualit\u00e4t, Familienmissionarit\u00e4t und Begleitung, Unterscheidung und Integration der Zerbrechlichkeit von Familien.","breadcrumb":{"@id":"https:\/\/schoenstatt.com\/de\/wiederbelebung-der-familie-als-klares-instrument-der-evangelisierung\/#breadcrumb"},"inLanguage":"de","potentialAction":[{"@type":"ReadAction","target":["https:\/\/schoenstatt.com\/de\/wiederbelebung-der-familie-als-klares-instrument-der-evangelisierung\/"]}]},{"@type":"ImageObject","inLanguage":"de","@id":"https:\/\/schoenstatt.com\/de\/wiederbelebung-der-familie-als-klares-instrument-der-evangelisierung\/#primaryimage","url":"https:\/\/schoenstatt.com\/wp-content\/uploads\/2022\/01\/TRIBU-Munoz-Galles-3.jpeg","contentUrl":"https:\/\/schoenstatt.com\/wp-content\/uploads\/2022\/01\/TRIBU-Munoz-Galles-3.jpeg","width":320,"height":214,"caption":"Family"},{"@type":"BreadcrumbList","@id":"https:\/\/schoenstatt.com\/de\/wiederbelebung-der-familie-als-klares-instrument-der-evangelisierung\/#breadcrumb","itemListElement":[{"@type":"ListItem","position":1,"name":"Portada","item":"https:\/\/schoenstatt.com\/de\/home\/"},{"@type":"ListItem","position":2,"name":"Wiederbelebung der Familie als klares Instrument der Evangelisierung"}]},{"@type":"WebSite","@id":"https:\/\/schoenstatt.com\/de\/#website","url":"https:\/\/schoenstatt.com\/de\/","name":"Schoenstatt","description":"Apostolic Movement","publisher":{"@id":"https:\/\/schoenstatt.com\/de\/#organization"},"potentialAction":[{"@type":"SearchAction","target":{"@type":"EntryPoint","urlTemplate":"https:\/\/schoenstatt.com\/de\/?s={search_term_string}"},"query-input":{"@type":"PropertyValueSpecification","valueRequired":true,"valueName":"search_term_string"}}],"inLanguage":"de"},{"@type":"Organization","@id":"https:\/\/schoenstatt.com\/de\/#organization","name":"Schoenstatt","url":"https:\/\/schoenstatt.com\/de\/","logo":{"@type":"ImageObject","inLanguage":"de","@id":"https:\/\/schoenstatt.com\/de\/#\/schema\/logo\/image\/","url":"https:\/\/schoenstatt.com\/wp-content\/uploads\/2025\/04\/logo-schoenstatt-white-696x696-1.png","contentUrl":"https:\/\/schoenstatt.com\/wp-content\/uploads\/2025\/04\/logo-schoenstatt-white-696x696-1.png","width":696,"height":694,"caption":"Schoenstatt"},"image":{"@id":"https:\/\/schoenstatt.com\/de\/#\/schema\/logo\/image\/"}},{"@type":"Person","@id":"https:\/\/schoenstatt.com\/de\/#\/schema\/person\/5158877ad4acae98b34daaeef2a1ce6e","name":"Karen Bueno","image":{"@type":"ImageObject","inLanguage":"de","@id":"https:\/\/secure.gravatar.com\/avatar\/f9f4b823873154269d2b2130f195f6d41037dd0d7fc5f3cacb5c846bae70d66b?s=96&d=mm&r=g","url":"https:\/\/secure.gravatar.com\/avatar\/f9f4b823873154269d2b2130f195f6d41037dd0d7fc5f3cacb5c846bae70d66b?s=96&d=mm&r=g","contentUrl":"https:\/\/secure.gravatar.com\/avatar\/f9f4b823873154269d2b2130f195f6d41037dd0d7fc5f3cacb5c846bae70d66b?s=96&d=mm&r=g","caption":"Karen Bueno"},"url":"https:\/\/schoenstatt.com\/de\/author\/karen-bueno\/"}]}},"_links":{"self":[{"href":"https:\/\/schoenstatt.com\/de\/wp-json\/wp\/v2\/posts\/22753","targetHints":{"allow":["GET"]}}],"collection":[{"href":"https:\/\/schoenstatt.com\/de\/wp-json\/wp\/v2\/posts"}],"about":[{"href":"https:\/\/schoenstatt.com\/de\/wp-json\/wp\/v2\/types\/post"}],"author":[{"embeddable":true,"href":"https:\/\/schoenstatt.com\/de\/wp-json\/wp\/v2\/users\/3"}],"replies":[{"embeddable":true,"href":"https:\/\/schoenstatt.com\/de\/wp-json\/wp\/v2\/comments?post=22753"}],"version-history":[{"count":2,"href":"https:\/\/schoenstatt.com\/de\/wp-json\/wp\/v2\/posts\/22753\/revisions"}],"predecessor-version":[{"id":62689,"href":"https:\/\/schoenstatt.com\/de\/wp-json\/wp\/v2\/posts\/22753\/revisions\/62689"}],"wp:featuredmedia":[{"embeddable":true,"href":"https:\/\/schoenstatt.com\/de\/wp-json\/wp\/v2\/media\/22745"}],"wp:attachment":[{"href":"https:\/\/schoenstatt.com\/de\/wp-json\/wp\/v2\/media?parent=22753"}],"wp:term":[{"taxonomy":"category","embeddable":true,"href":"https:\/\/schoenstatt.com\/de\/wp-json\/wp\/v2\/categories?post=22753"},{"taxonomy":"post_tag","embeddable":true,"href":"https:\/\/schoenstatt.com\/de\/wp-json\/wp\/v2\/tags?post=22753"}],"curies":[{"name":"wp","href":"https:\/\/api.w.org\/{rel}","templated":true}]}}