{"id":22631,"date":"2022-01-01T08:00:01","date_gmt":"2022-01-01T07:00:01","guid":{"rendered":"https:\/\/schoenstatt.com\/?p=22631"},"modified":"2025-08-19T22:28:33","modified_gmt":"2025-08-19T20:28:33","slug":"maria-mutter-gottes-und-unsere-mutter","status":"publish","type":"post","link":"https:\/\/schoenstatt.com\/de\/maria-mutter-gottes-und-unsere-mutter\/","title":{"rendered":"Maria, Mutter Gottes und unsere Mutter"},"content":{"rendered":"<p>Maria ist der historische Ort, an dem Gott Fleisch wird, um unter uns zu wohnen. Christus wird in ihrem Scho\u00df ausgetragen, geboren und w\u00e4chst in v\u00f6lliger Abh\u00e4ngigkeit von seiner Mutter. Von ihr lernt er seine ersten Schritte, seine ersten Worte, seine ersten Spiele, die Gebete seines Volkes. An ihrer Seite w\u00e4chst er an Alter und Weisheit. Gott hat sie auserw\u00e4hlt, sie hat ihre freie Zustimmung gegeben. Und in v\u00f6lliger Gro\u00dfz\u00fcgigkeit schenkt sie zusammen mit Joseph dem Erl\u00f6ser ein Haus. Sie schlie\u00dft sich seiner Mission voll und ganz an, sie wird seine Begleiterin und Mitarbeiterin.<\/p>\n<p>Das Zweite Vatikanische Konzil bekr\u00e4ftigt, dass diese Mutterschaft \u201ein der \u00d6konomie der Gnade unaufh\u00f6rlich fortbesteht&#8220;, da Maria ihre Kinder niemals verl\u00e4sst, \u201edenn einmal in den Himmel aufgenommen, hat sie nicht aufgeh\u00f6rt zu heilen, sondern f\u00e4hrt fort, durch ihre vielf\u00e4ltige F\u00fcrsprache f\u00fcr uns die Gaben des ewigen Heils zu erlangen. Durch ihre m\u00fctterliche Liebe sorgt sie f\u00fcr die Br\u00fcder und Schwestern ihres Sohnes, die auf der Pilgerschaft sind und mit Gefahren und \u00c4ngsten k\u00e4mpfen und gegen die S\u00fcnde ank\u00e4mpfen, bis sie in ihre gl\u00fcckliche Heimat gebracht werden. Deshalb wird die Heilige Jungfrau in der Kirche mit den Titeln F\u00fcrsprecherin, Helferin, Hilfe, Beistand und Mittlerin angerufen. Dies ist jedoch so zu verstehen, dass der W\u00fcrde und Wirksamkeit Christi, des einzigen Vermittlers, nichts weggenommen oder hinzugef\u00fcgt werden darf&#8220; (Lumen gentium, 62).<\/p>\n<p><img fetchpriority=\"high\" decoding=\"async\" class=\"aligncenter wp-image-20272 size-large\" src=\"https:\/\/schoenstatt.com\/wp-content\/uploads\/2021\/10\/Mater-1024x358.jpg\" alt=\"Gottesmutter\" width=\"800\" height=\"280\" \/><\/p>\n<p><a href=\"https:\/\/schoenstatt.com\/de\/about\/gruender\/\">Pater Kentenich<\/a> betont die Gegenwart und das Wirken der Mutter Maria in unserem Leben: \u201e\u201cDie christusgestaltete Frau ist auch die christusgestaltende Mutter der Gl\u00e4ubigen. Sie ist schlechthin die amtliche Christusgeb\u00e4rerin. Sie tritt als Privatperson ganz in den Hintergrund. Sie hat keine Privatinteressen mehr, oder &#8211; was dasselbe bedeutet &#8211; ihr ganz pers\u00f6nliches und pers\u00f6nlichstes, ihr privates Interesse geh\u00f6rt in vollendeter Weise Christus, sowohl in seiner historischen Einmaligkeit als auch in seinen Gliedern. So stark ist sie von ihm aufgesogen, dass es fast den Anschein hat, als w\u00e4re sie ganz in ihn aufgegangen. Sie ist und bleibt in allweg die amtliche Christusgeb\u00e4rerin.<\/p>\n<p>Die Liebe, die sie dem historischen Christus geschenkt hat, \u00fcbertr\u00e4gt sie &#8211; so meint Sankt Bernhard &#8211; auf den mystischen Christus: auf seine Glieder. Darum sind wir nie allein. In allen Situationen wendet sie uns ihre m\u00fctterlichen Augen zu, \u00e4hnlich, wie sie es beim Heiland zu seinen Lebzeiten getan hat. Wie sie im Stalle zu Bethlehem das Weinen und den Schmerz des neugeborenen Kindes gestillt hat, wie sie am Kreuze beim sterbenden Erl\u00f6ser aushielt, auch in dem Augenblicke, als er sich vom Vater verlassen f\u00fchlte, so begleitet sie auch uns, die Glieder des Herrn, von der Wiege bis zum Grabe\u201d.<\/p>\n<h6>(P. Kentenich, Das Lebensgeheimnis Sch\u00f6nstatts. II. Teil: B\u00fcndnisfr\u00f6mmigkeit, Vallendar-Sch\u00f6nstatt 1972, S. 115)<\/h6>\n<p><a href=\"https:\/\/www.youtube.com\/watch?v=wSS1v7-pOtM\" target=\"_blank\" rel=\"noopener\">P. \u00c1ngel Strada<\/a><\/p>\n","protected":false},"excerpt":{"rendered":"<p>Am 1. Januar feiert die Kirche das Hochfest der Gottesmutter Maria und erinnert an das Dogma der g\u00f6ttlichen Mutterschaft Marias in Jesus, das auf dem Konzil von Ephesus im Jahr 431 verk\u00fcndet wurde.<\/p>\n","protected":false},"author":6,"featured_media":22623,"comment_status":"closed","ping_status":"closed","sticky":false,"template":"","format":"standard","meta":{"footnotes":""},"categories":[851,914],"tags":[1055],"class_list":["post-22631","post","type-post","status-publish","format-standard","has-post-thumbnail","hentry","category-kirche-de","category-spiritualitat-de","tag-maria-de"],"yoast_head":"<!-- This site is optimized with the Yoast SEO Premium plugin v27.4 (Yoast SEO v27.4) - https:\/\/yoast.com\/product\/yoast-seo-premium-wordpress\/ -->\n<title>Maria, Mutter Gottes und unsere Mutter - Schoenstatt<\/title>\n<meta name=\"description\" content=\"Maria ist die Mutter des ganzen Christus, des historischen und mystischen Christus. Sie ist die Mutter des Hauptes und der Mitglieder.\" \/>\n<meta name=\"robots\" content=\"index, follow, max-snippet:-1, max-image-preview:large, max-video-preview:-1\" \/>\n<link rel=\"canonical\" href=\"https:\/\/schoenstatt.com\/de\/maria-mutter-gottes-und-unsere-mutter\/\" \/>\n<meta property=\"og:locale\" content=\"de_DE\" \/>\n<meta property=\"og:type\" content=\"article\" \/>\n<meta property=\"og:title\" content=\"Maria, Mutter Gottes und unsere Mutter\" \/>\n<meta property=\"og:description\" content=\"Maria ist die Mutter des ganzen Christus, des historischen und mystischen Christus. Sie ist die Mutter des Hauptes und der Mitglieder.\" \/>\n<meta property=\"og:url\" content=\"https:\/\/schoenstatt.com\/de\/maria-mutter-gottes-und-unsere-mutter\/\" \/>\n<meta property=\"og:site_name\" content=\"Schoenstatt\" \/>\n<meta property=\"article:published_time\" content=\"2022-01-01T07:00:01+00:00\" \/>\n<meta property=\"article:modified_time\" content=\"2025-08-19T20:28:33+00:00\" \/>\n<meta property=\"og:image\" content=\"https:\/\/schoenstatt.com\/wp-content\/uploads\/2021\/12\/cathopic_1511475686328910-1.jpg\" \/>\n\t<meta property=\"og:image:width\" content=\"2048\" \/>\n\t<meta property=\"og:image:height\" content=\"1351\" \/>\n\t<meta property=\"og:image:type\" content=\"image\/jpeg\" \/>\n<meta name=\"author\" content=\"Vanessa Franke\" \/>\n<meta name=\"twitter:card\" content=\"summary_large_image\" \/>\n<meta name=\"twitter:label1\" content=\"Verfasst von\" \/>\n\t<meta name=\"twitter:data1\" content=\"Vanessa Franke\" \/>\n\t<meta name=\"twitter:label2\" content=\"Gesch\u00e4tzte Lesezeit\" \/>\n\t<meta name=\"twitter:data2\" content=\"3\u00a0Minuten\" \/>\n<script type=\"application\/ld+json\" class=\"yoast-schema-graph\">{\"@context\":\"https:\\\/\\\/schema.org\",\"@graph\":[{\"@type\":\"Article\",\"@id\":\"https:\\\/\\\/schoenstatt.com\\\/de\\\/maria-mutter-gottes-und-unsere-mutter\\\/#article\",\"isPartOf\":{\"@id\":\"https:\\\/\\\/schoenstatt.com\\\/de\\\/maria-mutter-gottes-und-unsere-mutter\\\/\"},\"author\":{\"name\":\"Vanessa Franke\",\"@id\":\"https:\\\/\\\/schoenstatt.com\\\/de\\\/#\\\/schema\\\/person\\\/ea97a60c723e21c923e2177f0f3163f7\"},\"headline\":\"Maria, Mutter Gottes und unsere Mutter\",\"datePublished\":\"2022-01-01T07:00:01+00:00\",\"dateModified\":\"2025-08-19T20:28:33+00:00\",\"mainEntityOfPage\":{\"@id\":\"https:\\\/\\\/schoenstatt.com\\\/de\\\/maria-mutter-gottes-und-unsere-mutter\\\/\"},\"wordCount\":484,\"publisher\":{\"@id\":\"https:\\\/\\\/schoenstatt.com\\\/de\\\/#organization\"},\"image\":{\"@id\":\"https:\\\/\\\/schoenstatt.com\\\/de\\\/maria-mutter-gottes-und-unsere-mutter\\\/#primaryimage\"},\"thumbnailUrl\":\"https:\\\/\\\/schoenstatt.com\\\/wp-content\\\/uploads\\\/2021\\\/12\\\/cathopic_1511475686328910-1.jpg\",\"keywords\":[\"Maria\"],\"articleSection\":[\"Kirche\",\"Spiritualit\u00e4t\"],\"inLanguage\":\"de\"},{\"@type\":\"WebPage\",\"@id\":\"https:\\\/\\\/schoenstatt.com\\\/de\\\/maria-mutter-gottes-und-unsere-mutter\\\/\",\"url\":\"https:\\\/\\\/schoenstatt.com\\\/de\\\/maria-mutter-gottes-und-unsere-mutter\\\/\",\"name\":\"Maria, Mutter Gottes und unsere Mutter - Schoenstatt\",\"isPartOf\":{\"@id\":\"https:\\\/\\\/schoenstatt.com\\\/de\\\/#website\"},\"primaryImageOfPage\":{\"@id\":\"https:\\\/\\\/schoenstatt.com\\\/de\\\/maria-mutter-gottes-und-unsere-mutter\\\/#primaryimage\"},\"image\":{\"@id\":\"https:\\\/\\\/schoenstatt.com\\\/de\\\/maria-mutter-gottes-und-unsere-mutter\\\/#primaryimage\"},\"thumbnailUrl\":\"https:\\\/\\\/schoenstatt.com\\\/wp-content\\\/uploads\\\/2021\\\/12\\\/cathopic_1511475686328910-1.jpg\",\"datePublished\":\"2022-01-01T07:00:01+00:00\",\"dateModified\":\"2025-08-19T20:28:33+00:00\",\"description\":\"Maria ist die Mutter des ganzen Christus, des historischen und mystischen Christus. Sie ist die Mutter des Hauptes und der Mitglieder.\",\"breadcrumb\":{\"@id\":\"https:\\\/\\\/schoenstatt.com\\\/de\\\/maria-mutter-gottes-und-unsere-mutter\\\/#breadcrumb\"},\"inLanguage\":\"de\",\"potentialAction\":[{\"@type\":\"ReadAction\",\"target\":[\"https:\\\/\\\/schoenstatt.com\\\/de\\\/maria-mutter-gottes-und-unsere-mutter\\\/\"]}]},{\"@type\":\"ImageObject\",\"inLanguage\":\"de\",\"@id\":\"https:\\\/\\\/schoenstatt.com\\\/de\\\/maria-mutter-gottes-und-unsere-mutter\\\/#primaryimage\",\"url\":\"https:\\\/\\\/schoenstatt.com\\\/wp-content\\\/uploads\\\/2021\\\/12\\\/cathopic_1511475686328910-1.jpg\",\"contentUrl\":\"https:\\\/\\\/schoenstatt.com\\\/wp-content\\\/uploads\\\/2021\\\/12\\\/cathopic_1511475686328910-1.jpg\",\"width\":2048,\"height\":1351,\"caption\":\"Mar\u00eda Madre de Dios\"},{\"@type\":\"BreadcrumbList\",\"@id\":\"https:\\\/\\\/schoenstatt.com\\\/de\\\/maria-mutter-gottes-und-unsere-mutter\\\/#breadcrumb\",\"itemListElement\":[{\"@type\":\"ListItem\",\"position\":1,\"name\":\"Portada\",\"item\":\"https:\\\/\\\/schoenstatt.com\\\/de\\\/home\\\/\"},{\"@type\":\"ListItem\",\"position\":2,\"name\":\"Maria, Mutter Gottes und unsere Mutter\"}]},{\"@type\":\"WebSite\",\"@id\":\"https:\\\/\\\/schoenstatt.com\\\/de\\\/#website\",\"url\":\"https:\\\/\\\/schoenstatt.com\\\/de\\\/\",\"name\":\"Schoenstatt\",\"description\":\"Apostolic Movement\",\"publisher\":{\"@id\":\"https:\\\/\\\/schoenstatt.com\\\/de\\\/#organization\"},\"potentialAction\":[{\"@type\":\"SearchAction\",\"target\":{\"@type\":\"EntryPoint\",\"urlTemplate\":\"https:\\\/\\\/schoenstatt.com\\\/de\\\/?s={search_term_string}\"},\"query-input\":{\"@type\":\"PropertyValueSpecification\",\"valueRequired\":true,\"valueName\":\"search_term_string\"}}],\"inLanguage\":\"de\"},{\"@type\":\"Organization\",\"@id\":\"https:\\\/\\\/schoenstatt.com\\\/de\\\/#organization\",\"name\":\"Schoenstatt\",\"url\":\"https:\\\/\\\/schoenstatt.com\\\/de\\\/\",\"logo\":{\"@type\":\"ImageObject\",\"inLanguage\":\"de\",\"@id\":\"https:\\\/\\\/schoenstatt.com\\\/de\\\/#\\\/schema\\\/logo\\\/image\\\/\",\"url\":\"https:\\\/\\\/schoenstatt.com\\\/wp-content\\\/uploads\\\/2025\\\/04\\\/logo-schoenstatt-white-696x696-1.png\",\"contentUrl\":\"https:\\\/\\\/schoenstatt.com\\\/wp-content\\\/uploads\\\/2025\\\/04\\\/logo-schoenstatt-white-696x696-1.png\",\"width\":696,\"height\":694,\"caption\":\"Schoenstatt\"},\"image\":{\"@id\":\"https:\\\/\\\/schoenstatt.com\\\/de\\\/#\\\/schema\\\/logo\\\/image\\\/\"}},{\"@type\":\"Person\",\"@id\":\"https:\\\/\\\/schoenstatt.com\\\/de\\\/#\\\/schema\\\/person\\\/ea97a60c723e21c923e2177f0f3163f7\",\"name\":\"Vanessa Franke\",\"image\":{\"@type\":\"ImageObject\",\"inLanguage\":\"de\",\"@id\":\"https:\\\/\\\/secure.gravatar.com\\\/avatar\\\/a9bcca3409928ccd3195eca11e2ccbb2e5d7c7912e9a945d4f326f81a0a5cb4a?s=96&d=mm&r=g\",\"url\":\"https:\\\/\\\/secure.gravatar.com\\\/avatar\\\/a9bcca3409928ccd3195eca11e2ccbb2e5d7c7912e9a945d4f326f81a0a5cb4a?s=96&d=mm&r=g\",\"contentUrl\":\"https:\\\/\\\/secure.gravatar.com\\\/avatar\\\/a9bcca3409928ccd3195eca11e2ccbb2e5d7c7912e9a945d4f326f81a0a5cb4a?s=96&d=mm&r=g\",\"caption\":\"Vanessa Franke\"},\"url\":\"https:\\\/\\\/schoenstatt.com\\\/de\\\/author\\\/vanessa-franke\\\/\"}]}<\/script>\n<!-- \/ Yoast SEO Premium plugin. -->","yoast_head_json":{"title":"Maria, Mutter Gottes und unsere Mutter - Schoenstatt","description":"Maria ist die Mutter des ganzen Christus, des historischen und mystischen Christus. Sie ist die Mutter des Hauptes und der Mitglieder.","robots":{"index":"index","follow":"follow","max-snippet":"max-snippet:-1","max-image-preview":"max-image-preview:large","max-video-preview":"max-video-preview:-1"},"canonical":"https:\/\/schoenstatt.com\/de\/maria-mutter-gottes-und-unsere-mutter\/","og_locale":"de_DE","og_type":"article","og_title":"Maria, Mutter Gottes und unsere Mutter","og_description":"Maria ist die Mutter des ganzen Christus, des historischen und mystischen Christus. Sie ist die Mutter des Hauptes und der Mitglieder.","og_url":"https:\/\/schoenstatt.com\/de\/maria-mutter-gottes-und-unsere-mutter\/","og_site_name":"Schoenstatt","article_published_time":"2022-01-01T07:00:01+00:00","article_modified_time":"2025-08-19T20:28:33+00:00","og_image":[{"width":2048,"height":1351,"url":"https:\/\/schoenstatt.com\/wp-content\/uploads\/2021\/12\/cathopic_1511475686328910-1.jpg","type":"image\/jpeg"}],"author":"Vanessa Franke","twitter_card":"summary_large_image","twitter_misc":{"Verfasst von":"Vanessa Franke","Gesch\u00e4tzte Lesezeit":"3\u00a0Minuten"},"schema":{"@context":"https:\/\/schema.org","@graph":[{"@type":"Article","@id":"https:\/\/schoenstatt.com\/de\/maria-mutter-gottes-und-unsere-mutter\/#article","isPartOf":{"@id":"https:\/\/schoenstatt.com\/de\/maria-mutter-gottes-und-unsere-mutter\/"},"author":{"name":"Vanessa Franke","@id":"https:\/\/schoenstatt.com\/de\/#\/schema\/person\/ea97a60c723e21c923e2177f0f3163f7"},"headline":"Maria, Mutter Gottes und unsere Mutter","datePublished":"2022-01-01T07:00:01+00:00","dateModified":"2025-08-19T20:28:33+00:00","mainEntityOfPage":{"@id":"https:\/\/schoenstatt.com\/de\/maria-mutter-gottes-und-unsere-mutter\/"},"wordCount":484,"publisher":{"@id":"https:\/\/schoenstatt.com\/de\/#organization"},"image":{"@id":"https:\/\/schoenstatt.com\/de\/maria-mutter-gottes-und-unsere-mutter\/#primaryimage"},"thumbnailUrl":"https:\/\/schoenstatt.com\/wp-content\/uploads\/2021\/12\/cathopic_1511475686328910-1.jpg","keywords":["Maria"],"articleSection":["Kirche","Spiritualit\u00e4t"],"inLanguage":"de"},{"@type":"WebPage","@id":"https:\/\/schoenstatt.com\/de\/maria-mutter-gottes-und-unsere-mutter\/","url":"https:\/\/schoenstatt.com\/de\/maria-mutter-gottes-und-unsere-mutter\/","name":"Maria, Mutter Gottes und unsere Mutter - Schoenstatt","isPartOf":{"@id":"https:\/\/schoenstatt.com\/de\/#website"},"primaryImageOfPage":{"@id":"https:\/\/schoenstatt.com\/de\/maria-mutter-gottes-und-unsere-mutter\/#primaryimage"},"image":{"@id":"https:\/\/schoenstatt.com\/de\/maria-mutter-gottes-und-unsere-mutter\/#primaryimage"},"thumbnailUrl":"https:\/\/schoenstatt.com\/wp-content\/uploads\/2021\/12\/cathopic_1511475686328910-1.jpg","datePublished":"2022-01-01T07:00:01+00:00","dateModified":"2025-08-19T20:28:33+00:00","description":"Maria ist die Mutter des ganzen Christus, des historischen und mystischen Christus. Sie ist die Mutter des Hauptes und der Mitglieder.","breadcrumb":{"@id":"https:\/\/schoenstatt.com\/de\/maria-mutter-gottes-und-unsere-mutter\/#breadcrumb"},"inLanguage":"de","potentialAction":[{"@type":"ReadAction","target":["https:\/\/schoenstatt.com\/de\/maria-mutter-gottes-und-unsere-mutter\/"]}]},{"@type":"ImageObject","inLanguage":"de","@id":"https:\/\/schoenstatt.com\/de\/maria-mutter-gottes-und-unsere-mutter\/#primaryimage","url":"https:\/\/schoenstatt.com\/wp-content\/uploads\/2021\/12\/cathopic_1511475686328910-1.jpg","contentUrl":"https:\/\/schoenstatt.com\/wp-content\/uploads\/2021\/12\/cathopic_1511475686328910-1.jpg","width":2048,"height":1351,"caption":"Mar\u00eda Madre de Dios"},{"@type":"BreadcrumbList","@id":"https:\/\/schoenstatt.com\/de\/maria-mutter-gottes-und-unsere-mutter\/#breadcrumb","itemListElement":[{"@type":"ListItem","position":1,"name":"Portada","item":"https:\/\/schoenstatt.com\/de\/home\/"},{"@type":"ListItem","position":2,"name":"Maria, Mutter Gottes und unsere Mutter"}]},{"@type":"WebSite","@id":"https:\/\/schoenstatt.com\/de\/#website","url":"https:\/\/schoenstatt.com\/de\/","name":"Schoenstatt","description":"Apostolic Movement","publisher":{"@id":"https:\/\/schoenstatt.com\/de\/#organization"},"potentialAction":[{"@type":"SearchAction","target":{"@type":"EntryPoint","urlTemplate":"https:\/\/schoenstatt.com\/de\/?s={search_term_string}"},"query-input":{"@type":"PropertyValueSpecification","valueRequired":true,"valueName":"search_term_string"}}],"inLanguage":"de"},{"@type":"Organization","@id":"https:\/\/schoenstatt.com\/de\/#organization","name":"Schoenstatt","url":"https:\/\/schoenstatt.com\/de\/","logo":{"@type":"ImageObject","inLanguage":"de","@id":"https:\/\/schoenstatt.com\/de\/#\/schema\/logo\/image\/","url":"https:\/\/schoenstatt.com\/wp-content\/uploads\/2025\/04\/logo-schoenstatt-white-696x696-1.png","contentUrl":"https:\/\/schoenstatt.com\/wp-content\/uploads\/2025\/04\/logo-schoenstatt-white-696x696-1.png","width":696,"height":694,"caption":"Schoenstatt"},"image":{"@id":"https:\/\/schoenstatt.com\/de\/#\/schema\/logo\/image\/"}},{"@type":"Person","@id":"https:\/\/schoenstatt.com\/de\/#\/schema\/person\/ea97a60c723e21c923e2177f0f3163f7","name":"Vanessa Franke","image":{"@type":"ImageObject","inLanguage":"de","@id":"https:\/\/secure.gravatar.com\/avatar\/a9bcca3409928ccd3195eca11e2ccbb2e5d7c7912e9a945d4f326f81a0a5cb4a?s=96&d=mm&r=g","url":"https:\/\/secure.gravatar.com\/avatar\/a9bcca3409928ccd3195eca11e2ccbb2e5d7c7912e9a945d4f326f81a0a5cb4a?s=96&d=mm&r=g","contentUrl":"https:\/\/secure.gravatar.com\/avatar\/a9bcca3409928ccd3195eca11e2ccbb2e5d7c7912e9a945d4f326f81a0a5cb4a?s=96&d=mm&r=g","caption":"Vanessa Franke"},"url":"https:\/\/schoenstatt.com\/de\/author\/vanessa-franke\/"}]}},"_links":{"self":[{"href":"https:\/\/schoenstatt.com\/de\/wp-json\/wp\/v2\/posts\/22631","targetHints":{"allow":["GET"]}}],"collection":[{"href":"https:\/\/schoenstatt.com\/de\/wp-json\/wp\/v2\/posts"}],"about":[{"href":"https:\/\/schoenstatt.com\/de\/wp-json\/wp\/v2\/types\/post"}],"author":[{"embeddable":true,"href":"https:\/\/schoenstatt.com\/de\/wp-json\/wp\/v2\/users\/6"}],"replies":[{"embeddable":true,"href":"https:\/\/schoenstatt.com\/de\/wp-json\/wp\/v2\/comments?post=22631"}],"version-history":[{"count":1,"href":"https:\/\/schoenstatt.com\/de\/wp-json\/wp\/v2\/posts\/22631\/revisions"}],"predecessor-version":[{"id":44911,"href":"https:\/\/schoenstatt.com\/de\/wp-json\/wp\/v2\/posts\/22631\/revisions\/44911"}],"wp:featuredmedia":[{"embeddable":true,"href":"https:\/\/schoenstatt.com\/de\/wp-json\/wp\/v2\/media\/22623"}],"wp:attachment":[{"href":"https:\/\/schoenstatt.com\/de\/wp-json\/wp\/v2\/media?parent=22631"}],"wp:term":[{"taxonomy":"category","embeddable":true,"href":"https:\/\/schoenstatt.com\/de\/wp-json\/wp\/v2\/categories?post=22631"},{"taxonomy":"post_tag","embeddable":true,"href":"https:\/\/schoenstatt.com\/de\/wp-json\/wp\/v2\/tags?post=22631"}],"curies":[{"name":"wp","href":"https:\/\/api.w.org\/{rel}","templated":true}]}}