{"id":22376,"date":"2021-12-19T11:31:59","date_gmt":"2021-12-19T10:31:59","guid":{"rendered":"https:\/\/schoenstatt.com\/?p=22376"},"modified":"2025-05-15T22:25:10","modified_gmt":"2025-05-15T20:25:10","slug":"schenken-komme-von-dem-wort-jemanden-etwas-zu-trinken-geben","status":"publish","type":"post","link":"https:\/\/schoenstatt.com\/de\/schenken-komme-von-dem-wort-jemanden-etwas-zu-trinken-geben\/","title":{"rendered":"\u201eSchenken\u201c komme von dem Wort \u201ejemanden etwas zu trinken geben\u201c"},"content":{"rendered":"<p><strong>4. Adventssonntag: Schenken<\/strong>\u00a0 &#8211; Annette, ist Erzieherin in der Kindertagesst\u00e4tte. Sie erz\u00e4hlt: \u201eSvenja brachte mir aus ihren Ferien ein liebevoll verpackt-zerzaustes P\u00e4ckchen mit. \u201aDas ist f\u00fcr dich\u2018, strahlte sie und landete es schwungvoll in meinen Scho\u00df. Ich \u00f6ffne es langsam und fand darin einen wundersch\u00f6n gemusterten Stein. \u201aWie wunder-, wundersch\u00f6n! Wo hast du ihn gefunden?\u2018, fragte ich sie. Svenja erz\u00e4hlte mit leuchtenden Augen: \u201aGanz oben auf dem Gipfel vom Berg. Ich bin da nur so weit hochgegangen, weil Papa erz\u00e4hlt hat, dass es da oben herrliche Steine gibt, und du sammelst die doch, gell?\u2018 \u201aVielen, vielen Dank, Svenja\u2018, brachte ich \u00fcberw\u00e4ltigt hervor. \u201aJa, das stimmt, ich liebe Steine \u00fcber alles. Aber du h\u00e4ttest doch keinen so weiten Weg machen m\u00fcssen, nur um mir das schenken zu k\u00f6nnen!\u2018 \u201aO doch\u2018, meinte Svenja, der weite Weg geh\u00f6rt doch auch zu meinem Geschenk!\u2018\u201c<\/p>\n<h3>Stille oder besinnliche Musik<\/h3>\n<p>Welcher Weihnachtsgeschenk-Typ seid ihr: Jemand, der ab Sommer schon alles vorbereitet und am 1. Advent bereits alles liebevoll verpackt im Schrank liegen hat? Oder jener, der zwischen Advent und Heiligabend durch die Regale eilt, um alles (Hilfe, die Namensliste derer, denen ich dieses Jahr eigentlich auch etwas schenken wollte, wird ja immer l\u00e4nger) noch rechtzeitig besorgen zu k\u00f6nnen?<\/p>\n<p>Es gibt nicht den einen, einzig-richtigen Weg, es gibt nur meinen Weg, der f\u00fcr mich passt.<\/p>\n<p>Im Herkunftsw\u00f6rterbuch steht, das Wort \u201eschenken\u201c komme von dem Wort \u201ejemanden etwas zu trinken geben\u201c. Also hei\u00dft schenken, jemandem den Durst stillen. Ein neuer Blickwinkel beim Geschenke-Aussuchen? Wonach d\u00fcrstet der\/die andere? Auf das neunte Duft-\u00d6l oder auf eine Einladung zum Abendessen? Auf erlesene Pralinen oder einen von Hand geschriebenen, liebevoll zurechtgemachten Brief?<\/p>\n<p><strong>Stille<\/strong><\/p>\n<p>Papst Franziskus sagt: \u201eWeihnachten, das nun nahe ist, ist das Fest der Begegnung zwischen Gott und Mensch. Ein Kind wird uns geschenkt, das in seiner Person diese Begegnung vollkommen verwirklicht. Ich w\u00fcnsche, dass jeder von Ihnen dieses Geheimnis der Liebe intensiv erleben und dass es auch jeden Dienst tief beseelen m\u00f6ge. Vor allem m\u00f6chte ich den Wunsch aussprechen, dass Jesus, der Herr, Ihren Familien, <a href=\"https:\/\/www.vaticannews.va\/de\/papst\/news\/2021-12\/papst-franziskus-audienz-katholische-aktion-jugend-fotokopie.html\">den Kindern,<\/a> den alten und kranken Menschen reichen <a href=\"https:\/\/schoenstatt.com\/de\/spiritualitat\/gott-entdecken-wo-wir-ihn-am-wenigsten-erwarten\/\">Frieden und Freude schenke<\/a>. Ich w\u00fcnsche Ihnen gesegnete Weihnachten!\u201c (20.12.2013)<\/p>\n<p><img fetchpriority=\"high\" decoding=\"async\" class=\"aligncenter wp-image-22381 size-large\" src=\"https:\/\/schoenstatt.com\/wp-content\/uploads\/2021\/12\/IMG_20211219_105906-1024x577.jpg\" alt=\"Schenken\" width=\"840\" height=\"473\" \/><\/p>\n<p><strong>Liedruf<\/strong><\/p>\n<p><strong>F\u00fcrbitten<\/strong><\/p>\n<p>Guter Gott, der du uns unendlich nahe sein willst, du sehnst dich nach uns und beschreitest \u201eunglaubliche\u201c Wege, um uns in deine Liebe heimzuholen. Deine Z\u00e4rtlichkeit und dein Licht machen unser Leben hoffnungsvoll und warm. Wir m\u00f6chten dir viele Menschen an die Krippe bringen, damit auch sie \u2013 besonders an und im Zugehen auf Weihnachten \u2013 dein Licht und deine Liebe in ihrem Leben sp\u00fcren und erfahren.<\/p>\n<p>Jeder nennt Namen von Personen oder Bev\u00f6lkerungsgruppen, die ihm wichtig sind.<\/p>\n<p>Alle wiederholen den Namen und beten dann gemeinsam: Schenke ihr \/ ihm \/ ihnen von der Krippe aus dein Licht und deine Liebe!<\/p>\n<p>Stellen wir uns, unsere Lieben und unsere ganze Welt unter den Segen unseres liebenden, barmherzigen Gottes.<\/p>\n<p>Guter Gott, uns zugewandter Herr, segne und beh\u00fcte uns. Lasse den Stern von Bethlehem \u00fcber uns leuchten und zeige uns den Weg zum Wunder der Heiligen Nacht.<\/p>\n<p>Nimm von uns alle Tr\u00e4gheit, Hetze und Ungeduld und mach uns bereit f\u00fcr deine \u00fcberraschenden Taten und deine leisen Worte.<\/p>\n<p>\u00d6ffne uns, wie Maria ge\u00f6ffnet war, und lehre uns, anzuhalten, zu empfangen, zu entdecken und zu schenken.<\/p>\n<p>So segne uns Gott, der Vater, der Sohn und der Heilige Geist. Amen.<\/p>\n<p><strong>Liedruf<\/strong><\/p>\n<p><strong>Aktion f\u00fcr die vierte Woche im Advent:<\/strong><\/p>\n<p>Heute klingle ich spontan an einer T\u00fcr und \u00fcbergebe eine T\u00fcte Pl\u00e4tzchen oder eine andere \u201eNettigkeit\u201c mit einem sch\u00f6nen Spruch daran ab: \u201eM\u00f6gest du einen Tag erleben, an dem du neue Dinge entdeckst und dabei merken: Dein Leben ist gehalten und steckt voller Wunder!\u201c<\/p>\n","protected":false},"excerpt":{"rendered":"<p>\u201cO doch\u2018, meinte Svenja, der weite Weg geh\u00f6rt doch auch zu meinem Geschenk!\u201d<\/p>\n","protected":false},"author":1,"featured_media":22377,"comment_status":"closed","ping_status":"closed","sticky":false,"template":"","format":"standard","meta":{"footnotes":""},"categories":[914],"tags":[],"class_list":["post-22376","post","type-post","status-publish","format-standard","has-post-thumbnail","hentry","category-spiritualitat-de"],"yoast_head":"<!-- This site is optimized with the Yoast SEO Premium plugin v27.4 (Yoast SEO v27.5) - https:\/\/yoast.com\/product\/yoast-seo-premium-wordpress\/ -->\n<title>\u201eSchenken\u201c komme von dem Wort \u201ejemanden etwas zu trinken geben\u201c<\/title>\n<meta name=\"description\" content=\"Weihnachten - Fest der Begegnung zwischen Gott und Mensch. Ein Kind wird uns geschenkt, das in seiner Person diese Begegnung vollkommen verwirklicht.\" \/>\n<meta name=\"robots\" content=\"index, follow, max-snippet:-1, max-image-preview:large, max-video-preview:-1\" \/>\n<link rel=\"canonical\" href=\"https:\/\/schoenstatt.com\/de\/schenken-komme-von-dem-wort-jemanden-etwas-zu-trinken-geben\/\" \/>\n<meta property=\"og:locale\" content=\"de_DE\" \/>\n<meta property=\"og:type\" content=\"article\" \/>\n<meta property=\"og:title\" content=\"\u201eSchenken\u201c komme von dem Wort \u201ejemanden etwas zu trinken geben\u201c\" \/>\n<meta property=\"og:description\" content=\"Weihnachten - Fest der Begegnung zwischen Gott und Mensch. Ein Kind wird uns geschenkt, das in seiner Person diese Begegnung vollkommen verwirklicht.\" \/>\n<meta property=\"og:url\" content=\"https:\/\/schoenstatt.com\/de\/schenken-komme-von-dem-wort-jemanden-etwas-zu-trinken-geben\/\" \/>\n<meta property=\"og:site_name\" content=\"Schoenstatt\" \/>\n<meta property=\"article:published_time\" content=\"2021-12-19T10:31:59+00:00\" \/>\n<meta property=\"article:modified_time\" content=\"2025-05-15T20:25:10+00:00\" \/>\n<meta property=\"og:image\" content=\"https:\/\/schoenstatt.com\/wp-content\/uploads\/2021\/12\/IMG_20211219_105614-scaled-1.jpg\" \/>\n\t<meta property=\"og:image:width\" content=\"2560\" \/>\n\t<meta property=\"og:image:height\" content=\"1441\" \/>\n\t<meta property=\"og:image:type\" content=\"image\/jpeg\" \/>\n<meta name=\"author\" content=\"admin\" \/>\n<meta name=\"twitter:card\" content=\"summary_large_image\" \/>\n<meta name=\"twitter:label1\" content=\"Verfasst von\" \/>\n\t<meta name=\"twitter:data1\" content=\"admin\" \/>\n\t<meta name=\"twitter:label2\" content=\"Gesch\u00e4tzte Lesezeit\" \/>\n\t<meta name=\"twitter:data2\" content=\"3\u00a0Minuten\" \/>\n<script type=\"application\/ld+json\" class=\"yoast-schema-graph\">{\"@context\":\"https:\\\/\\\/schema.org\",\"@graph\":[{\"@type\":\"Article\",\"@id\":\"https:\\\/\\\/schoenstatt.com\\\/de\\\/schenken-komme-von-dem-wort-jemanden-etwas-zu-trinken-geben\\\/#article\",\"isPartOf\":{\"@id\":\"https:\\\/\\\/schoenstatt.com\\\/de\\\/schenken-komme-von-dem-wort-jemanden-etwas-zu-trinken-geben\\\/\"},\"author\":{\"name\":\"admin\",\"@id\":\"https:\\\/\\\/schoenstatt.com\\\/de\\\/#\\\/schema\\\/person\\\/489465b1850e7b216fe2c10dfc262551\"},\"headline\":\"\u201eSchenken\u201c komme von dem Wort \u201ejemanden etwas zu trinken geben\u201c\",\"datePublished\":\"2021-12-19T10:31:59+00:00\",\"dateModified\":\"2025-05-15T20:25:10+00:00\",\"mainEntityOfPage\":{\"@id\":\"https:\\\/\\\/schoenstatt.com\\\/de\\\/schenken-komme-von-dem-wort-jemanden-etwas-zu-trinken-geben\\\/\"},\"wordCount\":644,\"publisher\":{\"@id\":\"https:\\\/\\\/schoenstatt.com\\\/de\\\/#organization\"},\"image\":{\"@id\":\"https:\\\/\\\/schoenstatt.com\\\/de\\\/schenken-komme-von-dem-wort-jemanden-etwas-zu-trinken-geben\\\/#primaryimage\"},\"thumbnailUrl\":\"https:\\\/\\\/schoenstatt.com\\\/wp-content\\\/uploads\\\/2021\\\/12\\\/IMG_20211219_105614-scaled-1.jpg\",\"articleSection\":[\"Spiritualit\u00e4t\"],\"inLanguage\":\"de\"},{\"@type\":\"WebPage\",\"@id\":\"https:\\\/\\\/schoenstatt.com\\\/de\\\/schenken-komme-von-dem-wort-jemanden-etwas-zu-trinken-geben\\\/\",\"url\":\"https:\\\/\\\/schoenstatt.com\\\/de\\\/schenken-komme-von-dem-wort-jemanden-etwas-zu-trinken-geben\\\/\",\"name\":\"\u201eSchenken\u201c komme von dem Wort \u201ejemanden etwas zu trinken geben\u201c\",\"isPartOf\":{\"@id\":\"https:\\\/\\\/schoenstatt.com\\\/de\\\/#website\"},\"primaryImageOfPage\":{\"@id\":\"https:\\\/\\\/schoenstatt.com\\\/de\\\/schenken-komme-von-dem-wort-jemanden-etwas-zu-trinken-geben\\\/#primaryimage\"},\"image\":{\"@id\":\"https:\\\/\\\/schoenstatt.com\\\/de\\\/schenken-komme-von-dem-wort-jemanden-etwas-zu-trinken-geben\\\/#primaryimage\"},\"thumbnailUrl\":\"https:\\\/\\\/schoenstatt.com\\\/wp-content\\\/uploads\\\/2021\\\/12\\\/IMG_20211219_105614-scaled-1.jpg\",\"datePublished\":\"2021-12-19T10:31:59+00:00\",\"dateModified\":\"2025-05-15T20:25:10+00:00\",\"description\":\"Weihnachten - Fest der Begegnung zwischen Gott und Mensch. Ein Kind wird uns geschenkt, das in seiner Person diese Begegnung vollkommen verwirklicht.\",\"breadcrumb\":{\"@id\":\"https:\\\/\\\/schoenstatt.com\\\/de\\\/schenken-komme-von-dem-wort-jemanden-etwas-zu-trinken-geben\\\/#breadcrumb\"},\"inLanguage\":\"de\",\"potentialAction\":[{\"@type\":\"ReadAction\",\"target\":[\"https:\\\/\\\/schoenstatt.com\\\/de\\\/schenken-komme-von-dem-wort-jemanden-etwas-zu-trinken-geben\\\/\"]}]},{\"@type\":\"ImageObject\",\"inLanguage\":\"de\",\"@id\":\"https:\\\/\\\/schoenstatt.com\\\/de\\\/schenken-komme-von-dem-wort-jemanden-etwas-zu-trinken-geben\\\/#primaryimage\",\"url\":\"https:\\\/\\\/schoenstatt.com\\\/wp-content\\\/uploads\\\/2021\\\/12\\\/IMG_20211219_105614-scaled-1.jpg\",\"contentUrl\":\"https:\\\/\\\/schoenstatt.com\\\/wp-content\\\/uploads\\\/2021\\\/12\\\/IMG_20211219_105614-scaled-1.jpg\",\"width\":2560,\"height\":1441,\"caption\":\"Schenken\"},{\"@type\":\"BreadcrumbList\",\"@id\":\"https:\\\/\\\/schoenstatt.com\\\/de\\\/schenken-komme-von-dem-wort-jemanden-etwas-zu-trinken-geben\\\/#breadcrumb\",\"itemListElement\":[{\"@type\":\"ListItem\",\"position\":1,\"name\":\"Portada\",\"item\":\"https:\\\/\\\/schoenstatt.com\\\/de\\\/home\\\/\"},{\"@type\":\"ListItem\",\"position\":2,\"name\":\"\u201eSchenken\u201c komme von dem Wort \u201ejemanden etwas zu trinken geben\u201c\"}]},{\"@type\":\"WebSite\",\"@id\":\"https:\\\/\\\/schoenstatt.com\\\/de\\\/#website\",\"url\":\"https:\\\/\\\/schoenstatt.com\\\/de\\\/\",\"name\":\"Schoenstatt\",\"description\":\"Apostolic Movement\",\"publisher\":{\"@id\":\"https:\\\/\\\/schoenstatt.com\\\/de\\\/#organization\"},\"potentialAction\":[{\"@type\":\"SearchAction\",\"target\":{\"@type\":\"EntryPoint\",\"urlTemplate\":\"https:\\\/\\\/schoenstatt.com\\\/de\\\/?s={search_term_string}\"},\"query-input\":{\"@type\":\"PropertyValueSpecification\",\"valueRequired\":true,\"valueName\":\"search_term_string\"}}],\"inLanguage\":\"de\"},{\"@type\":\"Organization\",\"@id\":\"https:\\\/\\\/schoenstatt.com\\\/de\\\/#organization\",\"name\":\"Schoenstatt\",\"url\":\"https:\\\/\\\/schoenstatt.com\\\/de\\\/\",\"logo\":{\"@type\":\"ImageObject\",\"inLanguage\":\"de\",\"@id\":\"https:\\\/\\\/schoenstatt.com\\\/de\\\/#\\\/schema\\\/logo\\\/image\\\/\",\"url\":\"https:\\\/\\\/schoenstatt.com\\\/wp-content\\\/uploads\\\/2025\\\/04\\\/logo-schoenstatt-white-696x696-1.png\",\"contentUrl\":\"https:\\\/\\\/schoenstatt.com\\\/wp-content\\\/uploads\\\/2025\\\/04\\\/logo-schoenstatt-white-696x696-1.png\",\"width\":696,\"height\":694,\"caption\":\"Schoenstatt\"},\"image\":{\"@id\":\"https:\\\/\\\/schoenstatt.com\\\/de\\\/#\\\/schema\\\/logo\\\/image\\\/\"}},{\"@type\":\"Person\",\"@id\":\"https:\\\/\\\/schoenstatt.com\\\/de\\\/#\\\/schema\\\/person\\\/489465b1850e7b216fe2c10dfc262551\",\"name\":\"admin\",\"image\":{\"@type\":\"ImageObject\",\"inLanguage\":\"de\",\"@id\":\"https:\\\/\\\/secure.gravatar.com\\\/avatar\\\/02e8345e1ec40ab0e0a2a98fdde64a684bbaf994cddcb778b25b8b024ee9dfe6?s=96&d=mm&r=g\",\"url\":\"https:\\\/\\\/secure.gravatar.com\\\/avatar\\\/02e8345e1ec40ab0e0a2a98fdde64a684bbaf994cddcb778b25b8b024ee9dfe6?s=96&d=mm&r=g\",\"contentUrl\":\"https:\\\/\\\/secure.gravatar.com\\\/avatar\\\/02e8345e1ec40ab0e0a2a98fdde64a684bbaf994cddcb778b25b8b024ee9dfe6?s=96&d=mm&r=g\",\"caption\":\"admin\"},\"sameAs\":[\"https:\\\/\\\/schoenstatt.com\"],\"url\":\"https:\\\/\\\/schoenstatt.com\\\/de\\\/author\\\/admin\\\/\"}]}<\/script>\n<!-- \/ Yoast SEO Premium plugin. -->","yoast_head_json":{"title":"\u201eSchenken\u201c komme von dem Wort \u201ejemanden etwas zu trinken geben\u201c","description":"Weihnachten - Fest der Begegnung zwischen Gott und Mensch. Ein Kind wird uns geschenkt, das in seiner Person diese Begegnung vollkommen verwirklicht.","robots":{"index":"index","follow":"follow","max-snippet":"max-snippet:-1","max-image-preview":"max-image-preview:large","max-video-preview":"max-video-preview:-1"},"canonical":"https:\/\/schoenstatt.com\/de\/schenken-komme-von-dem-wort-jemanden-etwas-zu-trinken-geben\/","og_locale":"de_DE","og_type":"article","og_title":"\u201eSchenken\u201c komme von dem Wort \u201ejemanden etwas zu trinken geben\u201c","og_description":"Weihnachten - Fest der Begegnung zwischen Gott und Mensch. Ein Kind wird uns geschenkt, das in seiner Person diese Begegnung vollkommen verwirklicht.","og_url":"https:\/\/schoenstatt.com\/de\/schenken-komme-von-dem-wort-jemanden-etwas-zu-trinken-geben\/","og_site_name":"Schoenstatt","article_published_time":"2021-12-19T10:31:59+00:00","article_modified_time":"2025-05-15T20:25:10+00:00","og_image":[{"width":2560,"height":1441,"url":"https:\/\/schoenstatt.com\/wp-content\/uploads\/2021\/12\/IMG_20211219_105614-scaled-1.jpg","type":"image\/jpeg"}],"author":"admin","twitter_card":"summary_large_image","twitter_misc":{"Verfasst von":"admin","Gesch\u00e4tzte Lesezeit":"3\u00a0Minuten"},"schema":{"@context":"https:\/\/schema.org","@graph":[{"@type":"Article","@id":"https:\/\/schoenstatt.com\/de\/schenken-komme-von-dem-wort-jemanden-etwas-zu-trinken-geben\/#article","isPartOf":{"@id":"https:\/\/schoenstatt.com\/de\/schenken-komme-von-dem-wort-jemanden-etwas-zu-trinken-geben\/"},"author":{"name":"admin","@id":"https:\/\/schoenstatt.com\/de\/#\/schema\/person\/489465b1850e7b216fe2c10dfc262551"},"headline":"\u201eSchenken\u201c komme von dem Wort \u201ejemanden etwas zu trinken geben\u201c","datePublished":"2021-12-19T10:31:59+00:00","dateModified":"2025-05-15T20:25:10+00:00","mainEntityOfPage":{"@id":"https:\/\/schoenstatt.com\/de\/schenken-komme-von-dem-wort-jemanden-etwas-zu-trinken-geben\/"},"wordCount":644,"publisher":{"@id":"https:\/\/schoenstatt.com\/de\/#organization"},"image":{"@id":"https:\/\/schoenstatt.com\/de\/schenken-komme-von-dem-wort-jemanden-etwas-zu-trinken-geben\/#primaryimage"},"thumbnailUrl":"https:\/\/schoenstatt.com\/wp-content\/uploads\/2021\/12\/IMG_20211219_105614-scaled-1.jpg","articleSection":["Spiritualit\u00e4t"],"inLanguage":"de"},{"@type":"WebPage","@id":"https:\/\/schoenstatt.com\/de\/schenken-komme-von-dem-wort-jemanden-etwas-zu-trinken-geben\/","url":"https:\/\/schoenstatt.com\/de\/schenken-komme-von-dem-wort-jemanden-etwas-zu-trinken-geben\/","name":"\u201eSchenken\u201c komme von dem Wort \u201ejemanden etwas zu trinken geben\u201c","isPartOf":{"@id":"https:\/\/schoenstatt.com\/de\/#website"},"primaryImageOfPage":{"@id":"https:\/\/schoenstatt.com\/de\/schenken-komme-von-dem-wort-jemanden-etwas-zu-trinken-geben\/#primaryimage"},"image":{"@id":"https:\/\/schoenstatt.com\/de\/schenken-komme-von-dem-wort-jemanden-etwas-zu-trinken-geben\/#primaryimage"},"thumbnailUrl":"https:\/\/schoenstatt.com\/wp-content\/uploads\/2021\/12\/IMG_20211219_105614-scaled-1.jpg","datePublished":"2021-12-19T10:31:59+00:00","dateModified":"2025-05-15T20:25:10+00:00","description":"Weihnachten - Fest der Begegnung zwischen Gott und Mensch. Ein Kind wird uns geschenkt, das in seiner Person diese Begegnung vollkommen verwirklicht.","breadcrumb":{"@id":"https:\/\/schoenstatt.com\/de\/schenken-komme-von-dem-wort-jemanden-etwas-zu-trinken-geben\/#breadcrumb"},"inLanguage":"de","potentialAction":[{"@type":"ReadAction","target":["https:\/\/schoenstatt.com\/de\/schenken-komme-von-dem-wort-jemanden-etwas-zu-trinken-geben\/"]}]},{"@type":"ImageObject","inLanguage":"de","@id":"https:\/\/schoenstatt.com\/de\/schenken-komme-von-dem-wort-jemanden-etwas-zu-trinken-geben\/#primaryimage","url":"https:\/\/schoenstatt.com\/wp-content\/uploads\/2021\/12\/IMG_20211219_105614-scaled-1.jpg","contentUrl":"https:\/\/schoenstatt.com\/wp-content\/uploads\/2021\/12\/IMG_20211219_105614-scaled-1.jpg","width":2560,"height":1441,"caption":"Schenken"},{"@type":"BreadcrumbList","@id":"https:\/\/schoenstatt.com\/de\/schenken-komme-von-dem-wort-jemanden-etwas-zu-trinken-geben\/#breadcrumb","itemListElement":[{"@type":"ListItem","position":1,"name":"Portada","item":"https:\/\/schoenstatt.com\/de\/home\/"},{"@type":"ListItem","position":2,"name":"\u201eSchenken\u201c komme von dem Wort \u201ejemanden etwas zu trinken geben\u201c"}]},{"@type":"WebSite","@id":"https:\/\/schoenstatt.com\/de\/#website","url":"https:\/\/schoenstatt.com\/de\/","name":"Schoenstatt","description":"Apostolic Movement","publisher":{"@id":"https:\/\/schoenstatt.com\/de\/#organization"},"potentialAction":[{"@type":"SearchAction","target":{"@type":"EntryPoint","urlTemplate":"https:\/\/schoenstatt.com\/de\/?s={search_term_string}"},"query-input":{"@type":"PropertyValueSpecification","valueRequired":true,"valueName":"search_term_string"}}],"inLanguage":"de"},{"@type":"Organization","@id":"https:\/\/schoenstatt.com\/de\/#organization","name":"Schoenstatt","url":"https:\/\/schoenstatt.com\/de\/","logo":{"@type":"ImageObject","inLanguage":"de","@id":"https:\/\/schoenstatt.com\/de\/#\/schema\/logo\/image\/","url":"https:\/\/schoenstatt.com\/wp-content\/uploads\/2025\/04\/logo-schoenstatt-white-696x696-1.png","contentUrl":"https:\/\/schoenstatt.com\/wp-content\/uploads\/2025\/04\/logo-schoenstatt-white-696x696-1.png","width":696,"height":694,"caption":"Schoenstatt"},"image":{"@id":"https:\/\/schoenstatt.com\/de\/#\/schema\/logo\/image\/"}},{"@type":"Person","@id":"https:\/\/schoenstatt.com\/de\/#\/schema\/person\/489465b1850e7b216fe2c10dfc262551","name":"admin","image":{"@type":"ImageObject","inLanguage":"de","@id":"https:\/\/secure.gravatar.com\/avatar\/02e8345e1ec40ab0e0a2a98fdde64a684bbaf994cddcb778b25b8b024ee9dfe6?s=96&d=mm&r=g","url":"https:\/\/secure.gravatar.com\/avatar\/02e8345e1ec40ab0e0a2a98fdde64a684bbaf994cddcb778b25b8b024ee9dfe6?s=96&d=mm&r=g","contentUrl":"https:\/\/secure.gravatar.com\/avatar\/02e8345e1ec40ab0e0a2a98fdde64a684bbaf994cddcb778b25b8b024ee9dfe6?s=96&d=mm&r=g","caption":"admin"},"sameAs":["https:\/\/schoenstatt.com"],"url":"https:\/\/schoenstatt.com\/de\/author\/admin\/"}]}},"_links":{"self":[{"href":"https:\/\/schoenstatt.com\/de\/wp-json\/wp\/v2\/posts\/22376","targetHints":{"allow":["GET"]}}],"collection":[{"href":"https:\/\/schoenstatt.com\/de\/wp-json\/wp\/v2\/posts"}],"about":[{"href":"https:\/\/schoenstatt.com\/de\/wp-json\/wp\/v2\/types\/post"}],"author":[{"embeddable":true,"href":"https:\/\/schoenstatt.com\/de\/wp-json\/wp\/v2\/users\/1"}],"replies":[{"embeddable":true,"href":"https:\/\/schoenstatt.com\/de\/wp-json\/wp\/v2\/comments?post=22376"}],"version-history":[{"count":1,"href":"https:\/\/schoenstatt.com\/de\/wp-json\/wp\/v2\/posts\/22376\/revisions"}],"predecessor-version":[{"id":44870,"href":"https:\/\/schoenstatt.com\/de\/wp-json\/wp\/v2\/posts\/22376\/revisions\/44870"}],"wp:featuredmedia":[{"embeddable":true,"href":"https:\/\/schoenstatt.com\/de\/wp-json\/wp\/v2\/media\/22377"}],"wp:attachment":[{"href":"https:\/\/schoenstatt.com\/de\/wp-json\/wp\/v2\/media?parent=22376"}],"wp:term":[{"taxonomy":"category","embeddable":true,"href":"https:\/\/schoenstatt.com\/de\/wp-json\/wp\/v2\/categories?post=22376"},{"taxonomy":"post_tag","embeddable":true,"href":"https:\/\/schoenstatt.com\/de\/wp-json\/wp\/v2\/tags?post=22376"}],"curies":[{"name":"wp","href":"https:\/\/api.w.org\/{rel}","templated":true}]}}