{"id":22323,"date":"2021-12-17T15:05:34","date_gmt":"2021-12-17T14:05:34","guid":{"rendered":"https:\/\/schoenstatt.com\/?p=22323"},"modified":"2025-08-16T04:21:21","modified_gmt":"2025-08-16T02:21:21","slug":"synodalitaet-in-schoenstatt-ein-dienst-am-leben","status":"publish","type":"post","link":"https:\/\/schoenstatt.com\/de\/synodalitaet-in-schoenstatt-ein-dienst-am-leben\/","title":{"rendered":"Synodalit\u00e4t in Sch\u00f6nstatt: Ein Dienst am Leben"},"content":{"rendered":"<p><a href=\"https:\/\/schoenstatt.com\/de\/p-heinrich-walter-ich-komme-aus-der-schule-von-p-kentenich\/\">Pater Heinrich Walter<\/a> vertieft den Geist der Synodalit\u00e4t in Sch\u00f6nstatt von der Konzeption des Gr\u00fcnders an und bindet ihn in die Synodalit\u00e4t der Vision von Papst Franziskus ein.<\/p>\n<p>&#8222;Das Thema Synodalit\u00e4t ist kein Kapitel einer Abhandlung \u00fcber Ekklesiologie und schon gar nicht eine Modeerscheinung, ein Slogan oder ein neuer Begriff, der in unseren Sitzungen verwendet oder instrumentalisiert wird. Die Synodalit\u00e4t dr\u00fcckt das Wesen der Kirche aus, ihre Form, ihren Stil, ihren Auftrag. Deshalb sprechen wir von der synodalen Kirche.&#8220; <a href=\"#[1]\">[1]<\/a><\/p>\n<p>Mit dieser Botschaft beschreibt Papst Franziskus den Weg, den die Kirche von diesem Jahr 2021 an bis zum Jahr 2023 beschreiten wird: den Weg der Synodalit\u00e4t. Der Papst m\u00f6chte, dass alle Menschen geh\u00f6rt werden und an einem <a href=\"https:\/\/www.vatican.va\/content\/francesco\/de\/speeches\/2021\/september\/documents\/20210918-fedeli-diocesiroma.html\" target=\"_blank\" rel=\"noopener\">Prozess der \u201eBegegnung, des Zuh\u00f6rens und der Einsicht&#8220;<\/a> teilnehmen.<\/p>\n<p>Auch die Sch\u00f6nstatt-Bewegung ist in diesen synodalen Prozess eingebunden. Dar\u00fcber sprachen wir im Interview mit Pater Heinrich Walter von der Internationalen Koordination der Sch\u00f6nstatt-Bewegung:<\/p>\n<h3><strong>Wie sehen Sie die Synodalit\u00e4t in der Struktur unserer Sch\u00f6nstatt-Bewegung? Wenn wir an die nationalen Pr\u00e4sidien und das Generalpr\u00e4sidium denken, k\u00f6nnen wir sie als synodal betrachten? Warum?<\/strong><\/h3>\n<p><strong>P. Heinrich Walter &#8211;<\/strong> Zun\u00e4chst einmal m\u00fcssen wir uns fragen, wie wir den synodalen Weg verstehen. Papst Franziskus versteht die Synodalit\u00e4t als das, &#8222;was Gott von der Kirche im dritten Jahrtausend erwartet&#8220; (18.10.2015).<\/p>\n<p>Die Kirche ist ein Volk in der Nachfolge Jesu, d.h. eine Gemeinschaft auf dem Weg zwischen den Bisch\u00f6fen und allen Gl\u00e4ubigen. Deshalb muss die Synodalit\u00e4t nicht nur unter den Bisch\u00f6fen, sondern unter dem ganzen Volk Gottes stattfinden.<\/p>\n<p>Deshalb beginnt der synodale Prozess in den Di\u00f6zesen und Pfarreien. Synodalit\u00e4t ist ein Stil und eine Haltung, mit der die Kirche ihren Auftrag in der Welt erf\u00fcllen will. Sch\u00f6nstatt ist Teil dieser Weggemeinschaft und nimmt an den Prozessen in den Di\u00f6zesen und der Weltkirche teil.<\/p>\n<p>Pater Kentenich hat sich das Selbstverst\u00e4ndnis des Zweiten Vatikanischen Konzils von der Kirche als Volk Gottes zu eigen gemacht; er sprach nach dem Konzil und bis zu seinem Tod sehr oft von der pilgernden Kirche, auch von einer dem\u00fctigen, armen, marianischen Kirche, die vom Heiligen Geist geleitet wird.<\/p>\n<p>Wir verstehen Sch\u00f6nstatt als eine geistliche Familie mit vielen Gemeinschaften und Gliederungen. Wir sprechen von der Sch\u00f6nstatt-Bewegung im Sinne des gemeinsamen Apostolats, das wir durch die Kraft des Charismas in der Kirche aus\u00fcben. Die Aufgabe der Pr\u00e4sidien &#8211; national und weltweit &#8211; ist mit der Einheit der Familie und der authentischen Interpretation des Charismas des Gr\u00fcnders verbunden.<\/p>\n<p>Die Aufgabe des nationalen Zentralb\u00fcros ist es, in einem Land f\u00fcr die Inspiration der Bewegung und die Zentralisierung des Lebens zu sorgen. Die konkrete Organisation des Apostolats liegt in den H\u00e4nden der Verantwortlichen der einzelnen Di\u00f6zesen. Es ist daher nicht so einfach, die Pr\u00e4sidien mit dem Konzept der Synodalit\u00e4t zu vergleichen.<\/p>\n<p><strong>Synodaler Geist in Sch\u00f6nstatt<\/strong><\/p>\n<p>In Sch\u00f6nstatt hingegen kann man von einem synodalen Geist sprechen. Jede Gemeinschaft ist unabh\u00e4ngig, muss aber mit allen anderen in einem gro\u00dfen Rahmen solidarisch sein. Unsere Pr\u00e4sidien haben keine Pr\u00e4sidenten mit Amtsgewalt, wie die Bisch\u00f6fe in den Di\u00f6zesen. Sie entscheiden so weit wie m\u00f6glich einstimmig.<\/p>\n<p>In der Kirche entscheidet immer der Bischof der Di\u00f6zese, und in der Weltsynode entscheidet der Papst nach allen Beratungen. Die Kirche handelt letztlich durch die Autorit\u00e4t der Hierarchie; die Laien haben bisher nur eine beratende Funktion. In Sch\u00f6nstatt verstehen wir die Aus\u00fcbung der Leitung mit einer Unterscheidung: Sie muss im Prinzip mit Autorit\u00e4t ausge\u00fcbt werden, aber in der Anwendung demokratisch.<\/p>\n<h3><strong>Wollte Pater Kentenich, dass alle eine Stimme haben, als er dieses Organisationsmodell entwickelte? Sind wir dem treu, was unser Gr\u00fcnder \u00fcber die Struktur Sch\u00f6nstatts dachte?<\/strong><\/h3>\n<p><strong>P. Heinrich Walter &#8211;<\/strong> Pater Kentenich hat immer verstanden, dass die Sch\u00f6nstattorganisation im Dienst des lebendigen Organismus unserer Bewegung steht. Der Geist und das Leben der Sch\u00f6nstattfamilie war sein zentrales Anliegen: \u201eForm und Geist so zu verbinden, dass Geist und Leben immer die gro\u00dfe alles durchdringende Kraft sind.&#8220; [2]<\/p>\n<p>Daher verstand er F\u00fchrung als einen selbstlosen Dienst am Leben. \u201eEs h\u00e4ngt von der F\u00fchrung ab, inwieweit eine Idee aus den Bed\u00fcrfnissen und W\u00fcnschen der Gemeinschaft erw\u00e4chst und im Streben nach den Zielen aufrechterhalten wird. Pater Kentenich war in dieser Hinsicht ein gro\u00dfer Lehrer. Heute sollten wir uns stets gemeinsam bem\u00fchen, diesen Stil seiner F\u00fchrung und Leitung zu praktizieren. Wir brauchen viel gegenseitige Aufmerksamkeit, eine dem\u00fctige Gebetshaltung, eine tiefe Kenntnis des Sch\u00f6nstatt-Charismas und eine heroische Liebe f\u00fcreinander.<\/p>\n<p>Die Leitung muss immer in Kontakt mit den Lebenstr\u00e4gern in den Zweigstellen und Gemeinschaften stehen. In diesem Sinne hat jeder eine Stimme und muss ernst genommen werden, aber nicht im parlamentarischen Stil, wo die Mehrheit entscheidet. Papst Franziskus beschreibt eine \u00e4hnliche Haltung: \u201eEine synodale Kirche ist eine h\u00f6rende Kirche. Es ist ein gegenseitiges Zuh\u00f6ren, bei dem jeder etwas zu lernen hat. Ein jeder h\u00f6rt auf die anderen und alle h\u00f6ren auf den Heiligen Geist, um zu erkennen, was er den Kirchen sagt&#8220; (17.10.2015).<\/p>\n<p><img fetchpriority=\"high\" decoding=\"async\" class=\"aligncenter wp-image-21903 size-medium\" src=\"https:\/\/schoenstatt.com\/wp-content\/uploads\/2021\/12\/Sinodalidade-P.Walter1-240x300.png\" alt=\"P. Heinrich Walter\" width=\"240\" height=\"300\" \/><\/p>\n<h3><strong>Wie kann Sch\u00f6nstatt von dieser f\u00f6derativen Struktur aus, die aus autonomen Gemeinschaften besteht, zur Kirche beitragen und gleichzeitig versuchen, in der Einheit zu leben?<\/strong><\/h3>\n<p><strong>P. Heinrich Walter:<\/strong> Dar\u00fcber habe ich schon oft nachgedacht. In erster Linie geht es darum, aus der Kraft des Liebesb\u00fcndnisses im Herzen der Kirche zu wirken. Ausschlaggebend ist eine gro\u00dfe Liebe zur Kirche. Synodalit\u00e4t kann in der Kirche nur dann fruchtbar sein, wenn es viele Lebenstr\u00e4ger gibt, die in einem wahrhaft christlichen Geist vertrauensvoll und mitverantwortlich arbeiten.<\/p>\n<p>Dies betrifft sowohl Einzelpersonen als auch Gemeinschaften und Bewegungen.<\/p>\n<p>Eine synodal geleitete Kirche braucht eine gro\u00dfe Pflege des Geistes, damit das dezentralisierte Leben der Kirchen von einer tiefen inneren Motivation getragen wird. Das hat mit dem Geist der Bekehrung und der missionarischen Umgestaltung der Kirche zu tun, von der Papst Franziskus spricht.<\/p>\n<p><strong>Eine starke Pflege des Geistes ist unerl\u00e4sslich<\/strong><\/p>\n<p>Ich denke dabei auch an die Wirkung der Pilgernden Gottesmutter bei Ihnen in Brasilien. Je mehr Freiheit in den verschiedenen Kulturr\u00e4umen herrscht, desto st\u00e4rker m\u00fcssen die Lebensstr\u00f6mungen und die Prozesse des gemeinsamen Lebens in der Kirche sein. Wir nennen dies die Pflege des Geistes. Nur durch eine kraftvolle Pflege des Geistes kann die Vision des Paulus von dem einen Leib mit vielen Gliedern und dem einen Geist mit vielen verschiedenen Gaben zeitgem\u00e4\u00df Gestalt annehmen.<\/p>\n<p>Heute sprechen wir auch von vers\u00f6hnter Vielfalt. Ich sehe die Arbeit an einer breiten Kultivierung des Geistes als einen zentralen Beitrag Sch\u00f6nstatts f\u00fcr die Zukunft der Kirche.<\/p>\n<h3><strong>Wie und auf welche Weise k\u00f6nnen wir Ihrer Meinung nach die Synodalit\u00e4t in Sch\u00f6nstatt verbessern?<\/strong><\/h3>\n<p><strong>P. Heinrich Walter &#8211;<\/strong> Im Zusammenhang mit der Synodalit\u00e4t spricht Papst Franziskus viel \u00fcber das Zuh\u00f6ren, das H\u00f6ren aufeinander, das H\u00f6ren auch auf den Heiligen Geist. Pater Kentenich spricht viel von Freiheit und einer Kirche, die vom Heiligen Geist geleitet wird. Er w\u00e4hlte f\u00fcr Sch\u00f6nstatt den Weg des f\u00f6derativen Zusammenschlusses, weil er mit der Synergie rechnete, die aus dem freien Zusammenwirken innerhalb einer Familie entsteht. Damit wollte er gro\u00dfe Vitalit\u00e4t und Fruchtbarkeit erreichen. Hier ist noch viel Wachstum m\u00f6glich.<\/p>\n<p><strong>Leben wird im Leben entfacht<\/strong><\/p>\n<p>Innerhalb unserer Gemeinschaften sollten wir weniger Wert auf unsere eigenen R\u00e4ume legen, sondern uns mehr f\u00fcr das Leben und die Arbeit anderer Zweige und Gemeinschaften interessieren. Oft wissen wir nur, was unsere eigene Branche oder Gemeinschaft tut. Das Leben entz\u00fcndet sich am Leben, sagte Pater Kentenich. Dies geschieht auch durch Interesse, Informationen und Zeugnisse aus anderen L\u00e4ndern und Kulturen. Wir k\u00f6nnten diesen Reichtum sichtbarer machen und uns so in der ganzen Welt miteinander freuen.<\/p>\n<p>Dies k\u00f6nnte \u00fcber Zeitschriften, Medienveranstaltungen und soziale Medien geschehen. Ich freue mich, dass sich auch auf internationaler Ebene durch Besuche und Initiativen zwischen unseren Niederlassungen viel tut. Eine wichtige Rolle spielt die junge Generation, die die ganze Welt kennen lernen will. Sie sind hervorragende Botschafter f\u00fcr das Leben zwischen L\u00e4ndern und Kulturen.<\/p>\n<p>\u00dcbersetzung aus dem Deutschen ins Portugiesische: P. Antonio Bracht<br \/>\nQuelle: schoenstatt.org.br<\/p>\n<p id=\"[1]\">[1] Ansprache von Papst Franziskus an die Gl\u00e4ubigen in der Di\u00f6zese Rom. Halle Paul VI. Samstag, 18. September 2021<\/p>\n<p>[2] Das Geheimnis der Vitalit\u00e4t Sch\u00f6nstatts, Teil 1. Geist und Form. Josef Kentenich. Editorial Nueva Patris, M\u00e4rz 2011, S. 75.<\/p>\n","protected":false},"excerpt":{"rendered":"<p>Aus der Kraft des Liebesb\u00fcndnisses im Herzen der Kirche<\/p>\n","protected":false},"author":6,"featured_media":21899,"comment_status":"closed","ping_status":"open","sticky":false,"template":"","format":"standard","meta":{"footnotes":""},"categories":[851],"tags":[1234,1237,1231],"class_list":["post-22323","post","type-post","status-publish","format-standard","has-post-thumbnail","hentry","category-kirche-de","tag-synodaler-weg-de","tag-synodalitat-de","tag-synode-de"],"yoast_head":"<!-- This site is optimized with the Yoast SEO Premium plugin v27.4 (Yoast SEO v27.4) - https:\/\/yoast.com\/product\/yoast-seo-premium-wordpress\/ -->\n<title>Synodalit\u00e4t in Sch\u00f6nstatt: Ein Dienst am Leben - Schoenstatt<\/title>\n<meta name=\"description\" content=\"&quot;Synodalit\u00e4t dr\u00fcckt das Wesen der Kirche aus, ihren Stil, ihren Auftrag. Deshalb sprechen wir von einer synodalen Kirche.&quot; - Papst Franziskus\" \/>\n<meta name=\"robots\" content=\"index, follow, max-snippet:-1, max-image-preview:large, max-video-preview:-1\" \/>\n<link rel=\"canonical\" href=\"https:\/\/schoenstatt.com\/de\/synodalitaet-in-schoenstatt-ein-dienst-am-leben\/\" \/>\n<meta property=\"og:locale\" content=\"de_DE\" \/>\n<meta property=\"og:type\" content=\"article\" \/>\n<meta property=\"og:title\" content=\"Synodalit\u00e4t in Sch\u00f6nstatt: Ein Dienst am Leben\" \/>\n<meta property=\"og:description\" content=\"&quot;Synodalit\u00e4t dr\u00fcckt das Wesen der Kirche aus, ihren Stil, ihren Auftrag. Deshalb sprechen wir von einer synodalen Kirche.&quot; - Papst Franziskus\" \/>\n<meta property=\"og:url\" content=\"https:\/\/schoenstatt.com\/de\/synodalitaet-in-schoenstatt-ein-dienst-am-leben\/\" \/>\n<meta property=\"og:site_name\" content=\"Schoenstatt\" \/>\n<meta property=\"article:published_time\" content=\"2021-12-17T14:05:34+00:00\" \/>\n<meta property=\"article:modified_time\" content=\"2025-08-16T02:21:21+00:00\" \/>\n<meta property=\"og:image\" content=\"https:\/\/schoenstatt.com\/wp-content\/uploads\/2021\/12\/Sinodalidade-P.-Walter-1.png\" \/>\n\t<meta property=\"og:image:width\" content=\"2091\" \/>\n\t<meta property=\"og:image:height\" content=\"1410\" \/>\n\t<meta property=\"og:image:type\" content=\"image\/png\" \/>\n<meta name=\"author\" content=\"Vanessa Franke\" \/>\n<meta name=\"twitter:card\" content=\"summary_large_image\" \/>\n<meta name=\"twitter:label1\" content=\"Verfasst von\" \/>\n\t<meta name=\"twitter:data1\" content=\"Vanessa Franke\" \/>\n\t<meta name=\"twitter:label2\" content=\"Gesch\u00e4tzte Lesezeit\" \/>\n\t<meta name=\"twitter:data2\" content=\"7\u00a0Minuten\" \/>\n<script type=\"application\/ld+json\" class=\"yoast-schema-graph\">{\"@context\":\"https:\\\/\\\/schema.org\",\"@graph\":[{\"@type\":\"Article\",\"@id\":\"https:\\\/\\\/schoenstatt.com\\\/de\\\/synodalitaet-in-schoenstatt-ein-dienst-am-leben\\\/#article\",\"isPartOf\":{\"@id\":\"https:\\\/\\\/schoenstatt.com\\\/de\\\/synodalitaet-in-schoenstatt-ein-dienst-am-leben\\\/\"},\"author\":{\"name\":\"Vanessa Franke\",\"@id\":\"https:\\\/\\\/schoenstatt.com\\\/de\\\/#\\\/schema\\\/person\\\/ea97a60c723e21c923e2177f0f3163f7\"},\"headline\":\"Synodalit\u00e4t in Sch\u00f6nstatt: Ein Dienst am Leben\",\"datePublished\":\"2021-12-17T14:05:34+00:00\",\"dateModified\":\"2025-08-16T02:21:21+00:00\",\"mainEntityOfPage\":{\"@id\":\"https:\\\/\\\/schoenstatt.com\\\/de\\\/synodalitaet-in-schoenstatt-ein-dienst-am-leben\\\/\"},\"wordCount\":1430,\"publisher\":{\"@id\":\"https:\\\/\\\/schoenstatt.com\\\/de\\\/#organization\"},\"image\":{\"@id\":\"https:\\\/\\\/schoenstatt.com\\\/de\\\/synodalitaet-in-schoenstatt-ein-dienst-am-leben\\\/#primaryimage\"},\"thumbnailUrl\":\"https:\\\/\\\/schoenstatt.com\\\/wp-content\\\/uploads\\\/2021\\\/12\\\/Sinodalidade-P.-Walter-1.png\",\"keywords\":[\"Synodaler Weg\",\"Synodalit\u00e4t\",\"Synode\"],\"articleSection\":[\"Kirche\"],\"inLanguage\":\"de\"},{\"@type\":\"WebPage\",\"@id\":\"https:\\\/\\\/schoenstatt.com\\\/de\\\/synodalitaet-in-schoenstatt-ein-dienst-am-leben\\\/\",\"url\":\"https:\\\/\\\/schoenstatt.com\\\/de\\\/synodalitaet-in-schoenstatt-ein-dienst-am-leben\\\/\",\"name\":\"Synodalit\u00e4t in Sch\u00f6nstatt: Ein Dienst am Leben - Schoenstatt\",\"isPartOf\":{\"@id\":\"https:\\\/\\\/schoenstatt.com\\\/de\\\/#website\"},\"primaryImageOfPage\":{\"@id\":\"https:\\\/\\\/schoenstatt.com\\\/de\\\/synodalitaet-in-schoenstatt-ein-dienst-am-leben\\\/#primaryimage\"},\"image\":{\"@id\":\"https:\\\/\\\/schoenstatt.com\\\/de\\\/synodalitaet-in-schoenstatt-ein-dienst-am-leben\\\/#primaryimage\"},\"thumbnailUrl\":\"https:\\\/\\\/schoenstatt.com\\\/wp-content\\\/uploads\\\/2021\\\/12\\\/Sinodalidade-P.-Walter-1.png\",\"datePublished\":\"2021-12-17T14:05:34+00:00\",\"dateModified\":\"2025-08-16T02:21:21+00:00\",\"description\":\"\\\"Synodalit\u00e4t dr\u00fcckt das Wesen der Kirche aus, ihren Stil, ihren Auftrag. Deshalb sprechen wir von einer synodalen Kirche.\\\" - Papst Franziskus\",\"breadcrumb\":{\"@id\":\"https:\\\/\\\/schoenstatt.com\\\/de\\\/synodalitaet-in-schoenstatt-ein-dienst-am-leben\\\/#breadcrumb\"},\"inLanguage\":\"de\",\"potentialAction\":[{\"@type\":\"ReadAction\",\"target\":[\"https:\\\/\\\/schoenstatt.com\\\/de\\\/synodalitaet-in-schoenstatt-ein-dienst-am-leben\\\/\"]}]},{\"@type\":\"ImageObject\",\"inLanguage\":\"de\",\"@id\":\"https:\\\/\\\/schoenstatt.com\\\/de\\\/synodalitaet-in-schoenstatt-ein-dienst-am-leben\\\/#primaryimage\",\"url\":\"https:\\\/\\\/schoenstatt.com\\\/wp-content\\\/uploads\\\/2021\\\/12\\\/Sinodalidade-P.-Walter-1.png\",\"contentUrl\":\"https:\\\/\\\/schoenstatt.com\\\/wp-content\\\/uploads\\\/2021\\\/12\\\/Sinodalidade-P.-Walter-1.png\",\"width\":2091,\"height\":1410,\"caption\":\"Sinodalidade\"},{\"@type\":\"BreadcrumbList\",\"@id\":\"https:\\\/\\\/schoenstatt.com\\\/de\\\/synodalitaet-in-schoenstatt-ein-dienst-am-leben\\\/#breadcrumb\",\"itemListElement\":[{\"@type\":\"ListItem\",\"position\":1,\"name\":\"Portada\",\"item\":\"https:\\\/\\\/schoenstatt.com\\\/de\\\/home\\\/\"},{\"@type\":\"ListItem\",\"position\":2,\"name\":\"Synodalit\u00e4t in Sch\u00f6nstatt: Ein Dienst am Leben\"}]},{\"@type\":\"WebSite\",\"@id\":\"https:\\\/\\\/schoenstatt.com\\\/de\\\/#website\",\"url\":\"https:\\\/\\\/schoenstatt.com\\\/de\\\/\",\"name\":\"Schoenstatt\",\"description\":\"Apostolic Movement\",\"publisher\":{\"@id\":\"https:\\\/\\\/schoenstatt.com\\\/de\\\/#organization\"},\"potentialAction\":[{\"@type\":\"SearchAction\",\"target\":{\"@type\":\"EntryPoint\",\"urlTemplate\":\"https:\\\/\\\/schoenstatt.com\\\/de\\\/?s={search_term_string}\"},\"query-input\":{\"@type\":\"PropertyValueSpecification\",\"valueRequired\":true,\"valueName\":\"search_term_string\"}}],\"inLanguage\":\"de\"},{\"@type\":\"Organization\",\"@id\":\"https:\\\/\\\/schoenstatt.com\\\/de\\\/#organization\",\"name\":\"Schoenstatt\",\"url\":\"https:\\\/\\\/schoenstatt.com\\\/de\\\/\",\"logo\":{\"@type\":\"ImageObject\",\"inLanguage\":\"de\",\"@id\":\"https:\\\/\\\/schoenstatt.com\\\/de\\\/#\\\/schema\\\/logo\\\/image\\\/\",\"url\":\"https:\\\/\\\/schoenstatt.com\\\/wp-content\\\/uploads\\\/2025\\\/04\\\/logo-schoenstatt-white-696x696-1.png\",\"contentUrl\":\"https:\\\/\\\/schoenstatt.com\\\/wp-content\\\/uploads\\\/2025\\\/04\\\/logo-schoenstatt-white-696x696-1.png\",\"width\":696,\"height\":694,\"caption\":\"Schoenstatt\"},\"image\":{\"@id\":\"https:\\\/\\\/schoenstatt.com\\\/de\\\/#\\\/schema\\\/logo\\\/image\\\/\"}},{\"@type\":\"Person\",\"@id\":\"https:\\\/\\\/schoenstatt.com\\\/de\\\/#\\\/schema\\\/person\\\/ea97a60c723e21c923e2177f0f3163f7\",\"name\":\"Vanessa Franke\",\"image\":{\"@type\":\"ImageObject\",\"inLanguage\":\"de\",\"@id\":\"https:\\\/\\\/secure.gravatar.com\\\/avatar\\\/a9bcca3409928ccd3195eca11e2ccbb2e5d7c7912e9a945d4f326f81a0a5cb4a?s=96&d=mm&r=g\",\"url\":\"https:\\\/\\\/secure.gravatar.com\\\/avatar\\\/a9bcca3409928ccd3195eca11e2ccbb2e5d7c7912e9a945d4f326f81a0a5cb4a?s=96&d=mm&r=g\",\"contentUrl\":\"https:\\\/\\\/secure.gravatar.com\\\/avatar\\\/a9bcca3409928ccd3195eca11e2ccbb2e5d7c7912e9a945d4f326f81a0a5cb4a?s=96&d=mm&r=g\",\"caption\":\"Vanessa Franke\"},\"url\":\"https:\\\/\\\/schoenstatt.com\\\/de\\\/author\\\/vanessa-franke\\\/\"}]}<\/script>\n<!-- \/ Yoast SEO Premium plugin. -->","yoast_head_json":{"title":"Synodalit\u00e4t in Sch\u00f6nstatt: Ein Dienst am Leben - Schoenstatt","description":"\"Synodalit\u00e4t dr\u00fcckt das Wesen der Kirche aus, ihren Stil, ihren Auftrag. Deshalb sprechen wir von einer synodalen Kirche.\" - Papst Franziskus","robots":{"index":"index","follow":"follow","max-snippet":"max-snippet:-1","max-image-preview":"max-image-preview:large","max-video-preview":"max-video-preview:-1"},"canonical":"https:\/\/schoenstatt.com\/de\/synodalitaet-in-schoenstatt-ein-dienst-am-leben\/","og_locale":"de_DE","og_type":"article","og_title":"Synodalit\u00e4t in Sch\u00f6nstatt: Ein Dienst am Leben","og_description":"\"Synodalit\u00e4t dr\u00fcckt das Wesen der Kirche aus, ihren Stil, ihren Auftrag. Deshalb sprechen wir von einer synodalen Kirche.\" - Papst Franziskus","og_url":"https:\/\/schoenstatt.com\/de\/synodalitaet-in-schoenstatt-ein-dienst-am-leben\/","og_site_name":"Schoenstatt","article_published_time":"2021-12-17T14:05:34+00:00","article_modified_time":"2025-08-16T02:21:21+00:00","og_image":[{"width":2091,"height":1410,"url":"https:\/\/schoenstatt.com\/wp-content\/uploads\/2021\/12\/Sinodalidade-P.-Walter-1.png","type":"image\/png"}],"author":"Vanessa Franke","twitter_card":"summary_large_image","twitter_misc":{"Verfasst von":"Vanessa Franke","Gesch\u00e4tzte Lesezeit":"7\u00a0Minuten"},"schema":{"@context":"https:\/\/schema.org","@graph":[{"@type":"Article","@id":"https:\/\/schoenstatt.com\/de\/synodalitaet-in-schoenstatt-ein-dienst-am-leben\/#article","isPartOf":{"@id":"https:\/\/schoenstatt.com\/de\/synodalitaet-in-schoenstatt-ein-dienst-am-leben\/"},"author":{"name":"Vanessa Franke","@id":"https:\/\/schoenstatt.com\/de\/#\/schema\/person\/ea97a60c723e21c923e2177f0f3163f7"},"headline":"Synodalit\u00e4t in Sch\u00f6nstatt: Ein Dienst am Leben","datePublished":"2021-12-17T14:05:34+00:00","dateModified":"2025-08-16T02:21:21+00:00","mainEntityOfPage":{"@id":"https:\/\/schoenstatt.com\/de\/synodalitaet-in-schoenstatt-ein-dienst-am-leben\/"},"wordCount":1430,"publisher":{"@id":"https:\/\/schoenstatt.com\/de\/#organization"},"image":{"@id":"https:\/\/schoenstatt.com\/de\/synodalitaet-in-schoenstatt-ein-dienst-am-leben\/#primaryimage"},"thumbnailUrl":"https:\/\/schoenstatt.com\/wp-content\/uploads\/2021\/12\/Sinodalidade-P.-Walter-1.png","keywords":["Synodaler Weg","Synodalit\u00e4t","Synode"],"articleSection":["Kirche"],"inLanguage":"de"},{"@type":"WebPage","@id":"https:\/\/schoenstatt.com\/de\/synodalitaet-in-schoenstatt-ein-dienst-am-leben\/","url":"https:\/\/schoenstatt.com\/de\/synodalitaet-in-schoenstatt-ein-dienst-am-leben\/","name":"Synodalit\u00e4t in Sch\u00f6nstatt: Ein Dienst am Leben - Schoenstatt","isPartOf":{"@id":"https:\/\/schoenstatt.com\/de\/#website"},"primaryImageOfPage":{"@id":"https:\/\/schoenstatt.com\/de\/synodalitaet-in-schoenstatt-ein-dienst-am-leben\/#primaryimage"},"image":{"@id":"https:\/\/schoenstatt.com\/de\/synodalitaet-in-schoenstatt-ein-dienst-am-leben\/#primaryimage"},"thumbnailUrl":"https:\/\/schoenstatt.com\/wp-content\/uploads\/2021\/12\/Sinodalidade-P.-Walter-1.png","datePublished":"2021-12-17T14:05:34+00:00","dateModified":"2025-08-16T02:21:21+00:00","description":"\"Synodalit\u00e4t dr\u00fcckt das Wesen der Kirche aus, ihren Stil, ihren Auftrag. Deshalb sprechen wir von einer synodalen Kirche.\" - Papst Franziskus","breadcrumb":{"@id":"https:\/\/schoenstatt.com\/de\/synodalitaet-in-schoenstatt-ein-dienst-am-leben\/#breadcrumb"},"inLanguage":"de","potentialAction":[{"@type":"ReadAction","target":["https:\/\/schoenstatt.com\/de\/synodalitaet-in-schoenstatt-ein-dienst-am-leben\/"]}]},{"@type":"ImageObject","inLanguage":"de","@id":"https:\/\/schoenstatt.com\/de\/synodalitaet-in-schoenstatt-ein-dienst-am-leben\/#primaryimage","url":"https:\/\/schoenstatt.com\/wp-content\/uploads\/2021\/12\/Sinodalidade-P.-Walter-1.png","contentUrl":"https:\/\/schoenstatt.com\/wp-content\/uploads\/2021\/12\/Sinodalidade-P.-Walter-1.png","width":2091,"height":1410,"caption":"Sinodalidade"},{"@type":"BreadcrumbList","@id":"https:\/\/schoenstatt.com\/de\/synodalitaet-in-schoenstatt-ein-dienst-am-leben\/#breadcrumb","itemListElement":[{"@type":"ListItem","position":1,"name":"Portada","item":"https:\/\/schoenstatt.com\/de\/home\/"},{"@type":"ListItem","position":2,"name":"Synodalit\u00e4t in Sch\u00f6nstatt: Ein Dienst am Leben"}]},{"@type":"WebSite","@id":"https:\/\/schoenstatt.com\/de\/#website","url":"https:\/\/schoenstatt.com\/de\/","name":"Schoenstatt","description":"Apostolic Movement","publisher":{"@id":"https:\/\/schoenstatt.com\/de\/#organization"},"potentialAction":[{"@type":"SearchAction","target":{"@type":"EntryPoint","urlTemplate":"https:\/\/schoenstatt.com\/de\/?s={search_term_string}"},"query-input":{"@type":"PropertyValueSpecification","valueRequired":true,"valueName":"search_term_string"}}],"inLanguage":"de"},{"@type":"Organization","@id":"https:\/\/schoenstatt.com\/de\/#organization","name":"Schoenstatt","url":"https:\/\/schoenstatt.com\/de\/","logo":{"@type":"ImageObject","inLanguage":"de","@id":"https:\/\/schoenstatt.com\/de\/#\/schema\/logo\/image\/","url":"https:\/\/schoenstatt.com\/wp-content\/uploads\/2025\/04\/logo-schoenstatt-white-696x696-1.png","contentUrl":"https:\/\/schoenstatt.com\/wp-content\/uploads\/2025\/04\/logo-schoenstatt-white-696x696-1.png","width":696,"height":694,"caption":"Schoenstatt"},"image":{"@id":"https:\/\/schoenstatt.com\/de\/#\/schema\/logo\/image\/"}},{"@type":"Person","@id":"https:\/\/schoenstatt.com\/de\/#\/schema\/person\/ea97a60c723e21c923e2177f0f3163f7","name":"Vanessa Franke","image":{"@type":"ImageObject","inLanguage":"de","@id":"https:\/\/secure.gravatar.com\/avatar\/a9bcca3409928ccd3195eca11e2ccbb2e5d7c7912e9a945d4f326f81a0a5cb4a?s=96&d=mm&r=g","url":"https:\/\/secure.gravatar.com\/avatar\/a9bcca3409928ccd3195eca11e2ccbb2e5d7c7912e9a945d4f326f81a0a5cb4a?s=96&d=mm&r=g","contentUrl":"https:\/\/secure.gravatar.com\/avatar\/a9bcca3409928ccd3195eca11e2ccbb2e5d7c7912e9a945d4f326f81a0a5cb4a?s=96&d=mm&r=g","caption":"Vanessa Franke"},"url":"https:\/\/schoenstatt.com\/de\/author\/vanessa-franke\/"}]}},"_links":{"self":[{"href":"https:\/\/schoenstatt.com\/de\/wp-json\/wp\/v2\/posts\/22323","targetHints":{"allow":["GET"]}}],"collection":[{"href":"https:\/\/schoenstatt.com\/de\/wp-json\/wp\/v2\/posts"}],"about":[{"href":"https:\/\/schoenstatt.com\/de\/wp-json\/wp\/v2\/types\/post"}],"author":[{"embeddable":true,"href":"https:\/\/schoenstatt.com\/de\/wp-json\/wp\/v2\/users\/6"}],"replies":[{"embeddable":true,"href":"https:\/\/schoenstatt.com\/de\/wp-json\/wp\/v2\/comments?post=22323"}],"version-history":[{"count":6,"href":"https:\/\/schoenstatt.com\/de\/wp-json\/wp\/v2\/posts\/22323\/revisions"}],"predecessor-version":[{"id":62095,"href":"https:\/\/schoenstatt.com\/de\/wp-json\/wp\/v2\/posts\/22323\/revisions\/62095"}],"wp:featuredmedia":[{"embeddable":true,"href":"https:\/\/schoenstatt.com\/de\/wp-json\/wp\/v2\/media\/21899"}],"wp:attachment":[{"href":"https:\/\/schoenstatt.com\/de\/wp-json\/wp\/v2\/media?parent=22323"}],"wp:term":[{"taxonomy":"category","embeddable":true,"href":"https:\/\/schoenstatt.com\/de\/wp-json\/wp\/v2\/categories?post=22323"},{"taxonomy":"post_tag","embeddable":true,"href":"https:\/\/schoenstatt.com\/de\/wp-json\/wp\/v2\/tags?post=22323"}],"curies":[{"name":"wp","href":"https:\/\/api.w.org\/{rel}","templated":true}]}}