{"id":22229,"date":"2021-12-12T11:55:43","date_gmt":"2021-12-12T10:55:43","guid":{"rendered":"https:\/\/schoenstatt.com\/?p=22229"},"modified":"2025-05-15T22:25:12","modified_gmt":"2025-05-15T20:25:12","slug":"gott-entdecken-wo-wir-ihn-am-wenigsten-erwarten","status":"publish","type":"post","link":"https:\/\/schoenstatt.com\/de\/gott-entdecken-wo-wir-ihn-am-wenigsten-erwarten\/","title":{"rendered":"Gott entdecken, wo wir ihn am wenigsten erwarten"},"content":{"rendered":"<p><strong>Wir m\u00fcssen Gott entdecken, wo wir ihn am wenigsten erwarten: in unseren Dunkelheiten, <a href=\"https:\/\/schoenstatt.com\/de\/about\/spiritualitaet\/praktischer-glaube-an-die-goettliche-vorsehung\/\">in den unscheinbaren Allt\u00e4glichkeiten<\/a>, in der K\u00fcche, im unsympathischen Mitmenschen, am Krankenbett, beim Lego-Spielen, beim Vorlesen, beim Putzeimer \u2026<\/strong><\/p>\n<p>Ein M\u00e4rchen erz\u00e4hlt: \u201eNachdem die Hirten zur\u00fcck waren vom Stall zu Bethlehem, schauten alle auf den kleinen Hirtenjungen, der an einem leuchtenden B\u00fcschel Stroh herumnestelte. \u201aIch hab\u2018 mir die Halme zur Erinnerung aus dem Stall mitgenommen\u2018, sagte er wie zur Entschuldigung. \u201aSie stammen aus der Krippe, in der das Kind lag.\u2018 In seinen schmutzigen kleinen Kinderh\u00e4nden entdeckten sie einen Stern, etwas schief aus dem Stroh geflochten. \u201aIch habe in dieser Nacht viele Sterne gesehen\u2018, sagte der alte Hirte. \u201aAber dieser hier ist der Sch\u00f6nste. Ab heute gibt es nicht mehr oben und unten, das Licht des Himmels und die Dunkelheit dieser Welt. Seit heute geh\u00f6ren beide untrennbar zusammen. Es wird so viel leeres Stroh gedroschen. Es werden so viele sch\u00f6ne Worte gemacht, wie alles besser werden k\u00f6nnte, und dar\u00fcber kommt unbemerkt der Himmel auf die Erde. Wo f\u00e4ngt der Himmel an? Auf Stroh, ausgerechnet auf Stroh!\u201c (Auszug aus: \u201eDas M\u00e4rchen vom allersch\u00f6nsten Weihnachtsstern\u201c von U. Peters)<\/p>\n<p>Der Hirte ist \u00fcberzeugt, es f\u00e4ngt mit dem Himmel so gew\u00f6hnlich an, so allt\u00e4glich. Wir m\u00fcssen ihn entdecken, wo wir ihn am wenigsten erwarten: in unseren Dunkelheiten, in den unscheinbaren Allt\u00e4glichkeiten, in der K\u00fcche, im unsympathischen Mitmenschen, am Krankenbett, beim Lego-Spielen, beim Vorlesen, beim Putzeimer \u2026<\/p>\n<p><img fetchpriority=\"high\" decoding=\"async\" class=\"aligncenter wp-image-22234 size-large\" src=\"https:\/\/schoenstatt.com\/wp-content\/uploads\/2021\/12\/IMG_20211212_085616-1024x577.jpg\" alt=\"\" width=\"840\" height=\"473\" \/><\/p>\n<h3>Impuls: Wo f\u00e4ngt der Himmel bei mir an? Wen oder was m\u00f6chte ich \u201edem Himmel\u201c anvertrauen?<\/h3>\n<p>Papst Franziskus sagt: \u201eGott \u00fcberrascht uns immer! So ist der Herr. Br\u00fcder und Schwestern, verschlie\u00dfen wir uns nicht dem Neuen, das Gott in unser Leben bringen will. Es gibt keine Situation, die Gott nicht \u00e4ndern kann, es gibt keine S\u00fcnde, die er nicht vergeben kann, wenn wir uns ihm \u00f6ffnen.\u201c (Osternacht 2013)<\/p>\n<p><a href=\"https:\/\/www.schoenstatt.de\/de\/news\/5495\/112\/emtdecken-SonntagsGedanken-im-Advent.htm\">Mit Freude durchwarten und entdecken<\/a> wir gemeinsam die Tage des Advents. Entdecken wir t\u00e4gliche kleine Freir\u00e4ume f\u00fcr uns und unseren Gott. Entdecken wir neue, ermutigende Seiten an unserem Ehemann und unseren Kindern und bringen diese auch ins Wort. Entdecken wir die Sch\u00f6nheit des Winters drau\u00dfen und machen uns auf zu einem kurzen, wohltuenden Spaziergang durch die K\u00e4lte. Der W\u00e4schekorb darf warten \u2013 auch er hat Advent!<\/p>\n<p>Liedruf<\/p>\n<h3>Aktion f\u00fcr die dritte Woche im Advent<\/h3>\n<h3>Heute gehe ich mit dem Sto\u00dfgebet \u201eDer Herr ist mein Hirte, nichts wird mir mangeln!\u201c durch den Tag.<\/h3>\n<p>&nbsp;<\/p>\n<p>&nbsp;<\/p>\n","protected":false},"excerpt":{"rendered":"<p>Mit Freude durchwarten und entdecken wir gemeinsam die Tage des Advents.<\/p>\n","protected":false},"author":1,"featured_media":22230,"comment_status":"closed","ping_status":"closed","sticky":false,"template":"","format":"standard","meta":{"footnotes":""},"categories":[914],"tags":[],"class_list":["post-22229","post","type-post","status-publish","format-standard","has-post-thumbnail","hentry","category-spiritualitat-de"],"yoast_head":"<!-- This site is optimized with the Yoast SEO Premium plugin v27.4 (Yoast SEO v27.4) - https:\/\/yoast.com\/product\/yoast-seo-premium-wordpress\/ -->\n<title>Gott entdecken, wo wir ihn am wenigsten erwarten - Schoenstatt<\/title>\n<meta name=\"description\" content=\"Mit Freude durchwarten und entdecken wir gemeinsam die Tage des Advents. Entdecken wir t\u00e4gliche kleine Freir\u00e4ume f\u00fcr uns und unseren Gott.\" \/>\n<meta name=\"robots\" content=\"index, follow, max-snippet:-1, max-image-preview:large, max-video-preview:-1\" \/>\n<link rel=\"canonical\" href=\"https:\/\/schoenstatt.com\/de\/gott-entdecken-wo-wir-ihn-am-wenigsten-erwarten\/\" \/>\n<meta property=\"og:locale\" content=\"de_DE\" \/>\n<meta property=\"og:type\" content=\"article\" \/>\n<meta property=\"og:title\" content=\"Gott entdecken, wo wir ihn am wenigsten erwarten\" \/>\n<meta property=\"og:description\" content=\"Mit Freude durchwarten und entdecken wir gemeinsam die Tage des Advents. Entdecken wir t\u00e4gliche kleine Freir\u00e4ume f\u00fcr uns und unseren Gott.\" \/>\n<meta property=\"og:url\" content=\"https:\/\/schoenstatt.com\/de\/gott-entdecken-wo-wir-ihn-am-wenigsten-erwarten\/\" \/>\n<meta property=\"og:site_name\" content=\"Schoenstatt\" \/>\n<meta property=\"article:published_time\" content=\"2021-12-12T10:55:43+00:00\" \/>\n<meta property=\"article:modified_time\" content=\"2025-05-15T20:25:12+00:00\" \/>\n<meta property=\"og:image\" content=\"https:\/\/schoenstatt.com\/wp-content\/uploads\/2021\/12\/parroquiamadridejos-1575720090261-cathopic-scaled-1.jpg\" \/>\n\t<meta property=\"og:image:width\" content=\"2560\" \/>\n\t<meta property=\"og:image:height\" content=\"1920\" \/>\n\t<meta property=\"og:image:type\" content=\"image\/jpeg\" \/>\n<meta name=\"author\" content=\"admin\" \/>\n<meta name=\"twitter:card\" content=\"summary_large_image\" \/>\n<meta name=\"twitter:label1\" content=\"Verfasst von\" \/>\n\t<meta name=\"twitter:data1\" content=\"admin\" \/>\n\t<meta name=\"twitter:label2\" content=\"Gesch\u00e4tzte Lesezeit\" \/>\n\t<meta name=\"twitter:data2\" content=\"2\u00a0Minuten\" \/>\n<script type=\"application\/ld+json\" class=\"yoast-schema-graph\">{\"@context\":\"https:\\\/\\\/schema.org\",\"@graph\":[{\"@type\":\"Article\",\"@id\":\"https:\\\/\\\/schoenstatt.com\\\/de\\\/gott-entdecken-wo-wir-ihn-am-wenigsten-erwarten\\\/#article\",\"isPartOf\":{\"@id\":\"https:\\\/\\\/schoenstatt.com\\\/de\\\/gott-entdecken-wo-wir-ihn-am-wenigsten-erwarten\\\/\"},\"author\":{\"name\":\"admin\",\"@id\":\"https:\\\/\\\/schoenstatt.com\\\/de\\\/#\\\/schema\\\/person\\\/489465b1850e7b216fe2c10dfc262551\"},\"headline\":\"Gott entdecken, wo wir ihn am wenigsten erwarten\",\"datePublished\":\"2021-12-12T10:55:43+00:00\",\"dateModified\":\"2025-05-15T20:25:12+00:00\",\"mainEntityOfPage\":{\"@id\":\"https:\\\/\\\/schoenstatt.com\\\/de\\\/gott-entdecken-wo-wir-ihn-am-wenigsten-erwarten\\\/\"},\"wordCount\":436,\"publisher\":{\"@id\":\"https:\\\/\\\/schoenstatt.com\\\/de\\\/#organization\"},\"image\":{\"@id\":\"https:\\\/\\\/schoenstatt.com\\\/de\\\/gott-entdecken-wo-wir-ihn-am-wenigsten-erwarten\\\/#primaryimage\"},\"thumbnailUrl\":\"https:\\\/\\\/schoenstatt.com\\\/wp-content\\\/uploads\\\/2021\\\/12\\\/parroquiamadridejos-1575720090261-cathopic-scaled-1.jpg\",\"articleSection\":[\"Spiritualit\u00e4t\"],\"inLanguage\":\"de\"},{\"@type\":\"WebPage\",\"@id\":\"https:\\\/\\\/schoenstatt.com\\\/de\\\/gott-entdecken-wo-wir-ihn-am-wenigsten-erwarten\\\/\",\"url\":\"https:\\\/\\\/schoenstatt.com\\\/de\\\/gott-entdecken-wo-wir-ihn-am-wenigsten-erwarten\\\/\",\"name\":\"Gott entdecken, wo wir ihn am wenigsten erwarten - Schoenstatt\",\"isPartOf\":{\"@id\":\"https:\\\/\\\/schoenstatt.com\\\/de\\\/#website\"},\"primaryImageOfPage\":{\"@id\":\"https:\\\/\\\/schoenstatt.com\\\/de\\\/gott-entdecken-wo-wir-ihn-am-wenigsten-erwarten\\\/#primaryimage\"},\"image\":{\"@id\":\"https:\\\/\\\/schoenstatt.com\\\/de\\\/gott-entdecken-wo-wir-ihn-am-wenigsten-erwarten\\\/#primaryimage\"},\"thumbnailUrl\":\"https:\\\/\\\/schoenstatt.com\\\/wp-content\\\/uploads\\\/2021\\\/12\\\/parroquiamadridejos-1575720090261-cathopic-scaled-1.jpg\",\"datePublished\":\"2021-12-12T10:55:43+00:00\",\"dateModified\":\"2025-05-15T20:25:12+00:00\",\"description\":\"Mit Freude durchwarten und entdecken wir gemeinsam die Tage des Advents. Entdecken wir t\u00e4gliche kleine Freir\u00e4ume f\u00fcr uns und unseren Gott.\",\"breadcrumb\":{\"@id\":\"https:\\\/\\\/schoenstatt.com\\\/de\\\/gott-entdecken-wo-wir-ihn-am-wenigsten-erwarten\\\/#breadcrumb\"},\"inLanguage\":\"de\",\"potentialAction\":[{\"@type\":\"ReadAction\",\"target\":[\"https:\\\/\\\/schoenstatt.com\\\/de\\\/gott-entdecken-wo-wir-ihn-am-wenigsten-erwarten\\\/\"]}]},{\"@type\":\"ImageObject\",\"inLanguage\":\"de\",\"@id\":\"https:\\\/\\\/schoenstatt.com\\\/de\\\/gott-entdecken-wo-wir-ihn-am-wenigsten-erwarten\\\/#primaryimage\",\"url\":\"https:\\\/\\\/schoenstatt.com\\\/wp-content\\\/uploads\\\/2021\\\/12\\\/parroquiamadridejos-1575720090261-cathopic-scaled-1.jpg\",\"contentUrl\":\"https:\\\/\\\/schoenstatt.com\\\/wp-content\\\/uploads\\\/2021\\\/12\\\/parroquiamadridejos-1575720090261-cathopic-scaled-1.jpg\",\"width\":2560,\"height\":1920,\"caption\":\"Cathopic.com (parroquiamadridejos)\"},{\"@type\":\"BreadcrumbList\",\"@id\":\"https:\\\/\\\/schoenstatt.com\\\/de\\\/gott-entdecken-wo-wir-ihn-am-wenigsten-erwarten\\\/#breadcrumb\",\"itemListElement\":[{\"@type\":\"ListItem\",\"position\":1,\"name\":\"Portada\",\"item\":\"https:\\\/\\\/schoenstatt.com\\\/de\\\/home\\\/\"},{\"@type\":\"ListItem\",\"position\":2,\"name\":\"Gott entdecken, wo wir ihn am wenigsten erwarten\"}]},{\"@type\":\"WebSite\",\"@id\":\"https:\\\/\\\/schoenstatt.com\\\/de\\\/#website\",\"url\":\"https:\\\/\\\/schoenstatt.com\\\/de\\\/\",\"name\":\"Schoenstatt\",\"description\":\"Apostolic Movement\",\"publisher\":{\"@id\":\"https:\\\/\\\/schoenstatt.com\\\/de\\\/#organization\"},\"potentialAction\":[{\"@type\":\"SearchAction\",\"target\":{\"@type\":\"EntryPoint\",\"urlTemplate\":\"https:\\\/\\\/schoenstatt.com\\\/de\\\/?s={search_term_string}\"},\"query-input\":{\"@type\":\"PropertyValueSpecification\",\"valueRequired\":true,\"valueName\":\"search_term_string\"}}],\"inLanguage\":\"de\"},{\"@type\":\"Organization\",\"@id\":\"https:\\\/\\\/schoenstatt.com\\\/de\\\/#organization\",\"name\":\"Schoenstatt\",\"url\":\"https:\\\/\\\/schoenstatt.com\\\/de\\\/\",\"logo\":{\"@type\":\"ImageObject\",\"inLanguage\":\"de\",\"@id\":\"https:\\\/\\\/schoenstatt.com\\\/de\\\/#\\\/schema\\\/logo\\\/image\\\/\",\"url\":\"https:\\\/\\\/schoenstatt.com\\\/wp-content\\\/uploads\\\/2025\\\/04\\\/logo-schoenstatt-white-696x696-1.png\",\"contentUrl\":\"https:\\\/\\\/schoenstatt.com\\\/wp-content\\\/uploads\\\/2025\\\/04\\\/logo-schoenstatt-white-696x696-1.png\",\"width\":696,\"height\":694,\"caption\":\"Schoenstatt\"},\"image\":{\"@id\":\"https:\\\/\\\/schoenstatt.com\\\/de\\\/#\\\/schema\\\/logo\\\/image\\\/\"}},{\"@type\":\"Person\",\"@id\":\"https:\\\/\\\/schoenstatt.com\\\/de\\\/#\\\/schema\\\/person\\\/489465b1850e7b216fe2c10dfc262551\",\"name\":\"admin\",\"image\":{\"@type\":\"ImageObject\",\"inLanguage\":\"de\",\"@id\":\"https:\\\/\\\/secure.gravatar.com\\\/avatar\\\/02e8345e1ec40ab0e0a2a98fdde64a684bbaf994cddcb778b25b8b024ee9dfe6?s=96&d=mm&r=g\",\"url\":\"https:\\\/\\\/secure.gravatar.com\\\/avatar\\\/02e8345e1ec40ab0e0a2a98fdde64a684bbaf994cddcb778b25b8b024ee9dfe6?s=96&d=mm&r=g\",\"contentUrl\":\"https:\\\/\\\/secure.gravatar.com\\\/avatar\\\/02e8345e1ec40ab0e0a2a98fdde64a684bbaf994cddcb778b25b8b024ee9dfe6?s=96&d=mm&r=g\",\"caption\":\"admin\"},\"sameAs\":[\"https:\\\/\\\/schoenstatt.com\"],\"url\":\"https:\\\/\\\/schoenstatt.com\\\/de\\\/author\\\/admin\\\/\"}]}<\/script>\n<!-- \/ Yoast SEO Premium plugin. -->","yoast_head_json":{"title":"Gott entdecken, wo wir ihn am wenigsten erwarten - Schoenstatt","description":"Mit Freude durchwarten und entdecken wir gemeinsam die Tage des Advents. Entdecken wir t\u00e4gliche kleine Freir\u00e4ume f\u00fcr uns und unseren Gott.","robots":{"index":"index","follow":"follow","max-snippet":"max-snippet:-1","max-image-preview":"max-image-preview:large","max-video-preview":"max-video-preview:-1"},"canonical":"https:\/\/schoenstatt.com\/de\/gott-entdecken-wo-wir-ihn-am-wenigsten-erwarten\/","og_locale":"de_DE","og_type":"article","og_title":"Gott entdecken, wo wir ihn am wenigsten erwarten","og_description":"Mit Freude durchwarten und entdecken wir gemeinsam die Tage des Advents. Entdecken wir t\u00e4gliche kleine Freir\u00e4ume f\u00fcr uns und unseren Gott.","og_url":"https:\/\/schoenstatt.com\/de\/gott-entdecken-wo-wir-ihn-am-wenigsten-erwarten\/","og_site_name":"Schoenstatt","article_published_time":"2021-12-12T10:55:43+00:00","article_modified_time":"2025-05-15T20:25:12+00:00","og_image":[{"width":2560,"height":1920,"url":"https:\/\/schoenstatt.com\/wp-content\/uploads\/2021\/12\/parroquiamadridejos-1575720090261-cathopic-scaled-1.jpg","type":"image\/jpeg"}],"author":"admin","twitter_card":"summary_large_image","twitter_misc":{"Verfasst von":"admin","Gesch\u00e4tzte Lesezeit":"2\u00a0Minuten"},"schema":{"@context":"https:\/\/schema.org","@graph":[{"@type":"Article","@id":"https:\/\/schoenstatt.com\/de\/gott-entdecken-wo-wir-ihn-am-wenigsten-erwarten\/#article","isPartOf":{"@id":"https:\/\/schoenstatt.com\/de\/gott-entdecken-wo-wir-ihn-am-wenigsten-erwarten\/"},"author":{"name":"admin","@id":"https:\/\/schoenstatt.com\/de\/#\/schema\/person\/489465b1850e7b216fe2c10dfc262551"},"headline":"Gott entdecken, wo wir ihn am wenigsten erwarten","datePublished":"2021-12-12T10:55:43+00:00","dateModified":"2025-05-15T20:25:12+00:00","mainEntityOfPage":{"@id":"https:\/\/schoenstatt.com\/de\/gott-entdecken-wo-wir-ihn-am-wenigsten-erwarten\/"},"wordCount":436,"publisher":{"@id":"https:\/\/schoenstatt.com\/de\/#organization"},"image":{"@id":"https:\/\/schoenstatt.com\/de\/gott-entdecken-wo-wir-ihn-am-wenigsten-erwarten\/#primaryimage"},"thumbnailUrl":"https:\/\/schoenstatt.com\/wp-content\/uploads\/2021\/12\/parroquiamadridejos-1575720090261-cathopic-scaled-1.jpg","articleSection":["Spiritualit\u00e4t"],"inLanguage":"de"},{"@type":"WebPage","@id":"https:\/\/schoenstatt.com\/de\/gott-entdecken-wo-wir-ihn-am-wenigsten-erwarten\/","url":"https:\/\/schoenstatt.com\/de\/gott-entdecken-wo-wir-ihn-am-wenigsten-erwarten\/","name":"Gott entdecken, wo wir ihn am wenigsten erwarten - Schoenstatt","isPartOf":{"@id":"https:\/\/schoenstatt.com\/de\/#website"},"primaryImageOfPage":{"@id":"https:\/\/schoenstatt.com\/de\/gott-entdecken-wo-wir-ihn-am-wenigsten-erwarten\/#primaryimage"},"image":{"@id":"https:\/\/schoenstatt.com\/de\/gott-entdecken-wo-wir-ihn-am-wenigsten-erwarten\/#primaryimage"},"thumbnailUrl":"https:\/\/schoenstatt.com\/wp-content\/uploads\/2021\/12\/parroquiamadridejos-1575720090261-cathopic-scaled-1.jpg","datePublished":"2021-12-12T10:55:43+00:00","dateModified":"2025-05-15T20:25:12+00:00","description":"Mit Freude durchwarten und entdecken wir gemeinsam die Tage des Advents. Entdecken wir t\u00e4gliche kleine Freir\u00e4ume f\u00fcr uns und unseren Gott.","breadcrumb":{"@id":"https:\/\/schoenstatt.com\/de\/gott-entdecken-wo-wir-ihn-am-wenigsten-erwarten\/#breadcrumb"},"inLanguage":"de","potentialAction":[{"@type":"ReadAction","target":["https:\/\/schoenstatt.com\/de\/gott-entdecken-wo-wir-ihn-am-wenigsten-erwarten\/"]}]},{"@type":"ImageObject","inLanguage":"de","@id":"https:\/\/schoenstatt.com\/de\/gott-entdecken-wo-wir-ihn-am-wenigsten-erwarten\/#primaryimage","url":"https:\/\/schoenstatt.com\/wp-content\/uploads\/2021\/12\/parroquiamadridejos-1575720090261-cathopic-scaled-1.jpg","contentUrl":"https:\/\/schoenstatt.com\/wp-content\/uploads\/2021\/12\/parroquiamadridejos-1575720090261-cathopic-scaled-1.jpg","width":2560,"height":1920,"caption":"Cathopic.com (parroquiamadridejos)"},{"@type":"BreadcrumbList","@id":"https:\/\/schoenstatt.com\/de\/gott-entdecken-wo-wir-ihn-am-wenigsten-erwarten\/#breadcrumb","itemListElement":[{"@type":"ListItem","position":1,"name":"Portada","item":"https:\/\/schoenstatt.com\/de\/home\/"},{"@type":"ListItem","position":2,"name":"Gott entdecken, wo wir ihn am wenigsten erwarten"}]},{"@type":"WebSite","@id":"https:\/\/schoenstatt.com\/de\/#website","url":"https:\/\/schoenstatt.com\/de\/","name":"Schoenstatt","description":"Apostolic Movement","publisher":{"@id":"https:\/\/schoenstatt.com\/de\/#organization"},"potentialAction":[{"@type":"SearchAction","target":{"@type":"EntryPoint","urlTemplate":"https:\/\/schoenstatt.com\/de\/?s={search_term_string}"},"query-input":{"@type":"PropertyValueSpecification","valueRequired":true,"valueName":"search_term_string"}}],"inLanguage":"de"},{"@type":"Organization","@id":"https:\/\/schoenstatt.com\/de\/#organization","name":"Schoenstatt","url":"https:\/\/schoenstatt.com\/de\/","logo":{"@type":"ImageObject","inLanguage":"de","@id":"https:\/\/schoenstatt.com\/de\/#\/schema\/logo\/image\/","url":"https:\/\/schoenstatt.com\/wp-content\/uploads\/2025\/04\/logo-schoenstatt-white-696x696-1.png","contentUrl":"https:\/\/schoenstatt.com\/wp-content\/uploads\/2025\/04\/logo-schoenstatt-white-696x696-1.png","width":696,"height":694,"caption":"Schoenstatt"},"image":{"@id":"https:\/\/schoenstatt.com\/de\/#\/schema\/logo\/image\/"}},{"@type":"Person","@id":"https:\/\/schoenstatt.com\/de\/#\/schema\/person\/489465b1850e7b216fe2c10dfc262551","name":"admin","image":{"@type":"ImageObject","inLanguage":"de","@id":"https:\/\/secure.gravatar.com\/avatar\/02e8345e1ec40ab0e0a2a98fdde64a684bbaf994cddcb778b25b8b024ee9dfe6?s=96&d=mm&r=g","url":"https:\/\/secure.gravatar.com\/avatar\/02e8345e1ec40ab0e0a2a98fdde64a684bbaf994cddcb778b25b8b024ee9dfe6?s=96&d=mm&r=g","contentUrl":"https:\/\/secure.gravatar.com\/avatar\/02e8345e1ec40ab0e0a2a98fdde64a684bbaf994cddcb778b25b8b024ee9dfe6?s=96&d=mm&r=g","caption":"admin"},"sameAs":["https:\/\/schoenstatt.com"],"url":"https:\/\/schoenstatt.com\/de\/author\/admin\/"}]}},"_links":{"self":[{"href":"https:\/\/schoenstatt.com\/de\/wp-json\/wp\/v2\/posts\/22229","targetHints":{"allow":["GET"]}}],"collection":[{"href":"https:\/\/schoenstatt.com\/de\/wp-json\/wp\/v2\/posts"}],"about":[{"href":"https:\/\/schoenstatt.com\/de\/wp-json\/wp\/v2\/types\/post"}],"author":[{"embeddable":true,"href":"https:\/\/schoenstatt.com\/de\/wp-json\/wp\/v2\/users\/1"}],"replies":[{"embeddable":true,"href":"https:\/\/schoenstatt.com\/de\/wp-json\/wp\/v2\/comments?post=22229"}],"version-history":[{"count":1,"href":"https:\/\/schoenstatt.com\/de\/wp-json\/wp\/v2\/posts\/22229\/revisions"}],"predecessor-version":[{"id":44859,"href":"https:\/\/schoenstatt.com\/de\/wp-json\/wp\/v2\/posts\/22229\/revisions\/44859"}],"wp:featuredmedia":[{"embeddable":true,"href":"https:\/\/schoenstatt.com\/de\/wp-json\/wp\/v2\/media\/22230"}],"wp:attachment":[{"href":"https:\/\/schoenstatt.com\/de\/wp-json\/wp\/v2\/media?parent=22229"}],"wp:term":[{"taxonomy":"category","embeddable":true,"href":"https:\/\/schoenstatt.com\/de\/wp-json\/wp\/v2\/categories?post=22229"},{"taxonomy":"post_tag","embeddable":true,"href":"https:\/\/schoenstatt.com\/de\/wp-json\/wp\/v2\/tags?post=22229"}],"curies":[{"name":"wp","href":"https:\/\/api.w.org\/{rel}","templated":true}]}}