{"id":22211,"date":"2021-12-11T09:18:46","date_gmt":"2021-12-11T08:18:46","guid":{"rendered":"https:\/\/schoenstatt.com\/?p=22211"},"modified":"2025-05-15T20:24:04","modified_gmt":"2025-05-15T18:24:04","slug":"schoenstattpater-joachim-schmiedl-unerwartet-verstorben","status":"publish","type":"post","link":"https:\/\/schoenstatt.com\/de\/schoenstattpater-joachim-schmiedl-unerwartet-verstorben\/","title":{"rendered":"Sch\u00f6nstattpater Joachim Schmiedl unerwartet verstorben"},"content":{"rendered":"<p>Mit Betroffenheit, gro\u00dfer Trauer und Schmerz hat die Gemeinschaft der Sch\u00f6nstatt-Patres den Tod ihres Mitglieds Pater Dr. Joachim Schmiedl ISch bekannt gegeben, der am Morgen des 10. Dezember 2021 ganz pl\u00f6tzlich und unerwartet im Alter von fast 63 Jahren verstorben ist. Das Requiem f\u00fcr Pater Schmiedl wird am Samstag, 18.12.2021, um 13:00 Uhr in der Pilgerkirche in Sch\u00f6nstatt, Vallendar, gefeiert. Die Beisetzung erfolgt im Anschluss auf dem Friedhof der Sch\u00f6nstatt-Patres auf Berg Sion.<\/p>\n<p>Joachim Schmiedl wurde am 18.12.1958 in N\u00fcrnberg geboren. Nach dem Abitur 1977 trat er in das S\u00e4kularinstitut der Sch\u00f6nstatt-Patres ein, wo er von 1978 bis 1980 das Noviziat absolvierte. Von 1980 bis 1987 dauerte sein Studium der Katholischen Theologie in M\u00fcnster\/W. Er wurde 1988 dort promoviert. Im selben Jahr empfing er die Priesterweihe. Erste Eins\u00e4tze als Seelsorger waren von 1988 bis 1990 als Vikar in Oberndorf\/Neckar (Di\u00f6zese Rottenburg-Stuttgart) und von 1990 bis 1998 als Jugendseelsorger in den Di\u00f6zesen Rottenburg-Stuttgart, Eichst\u00e4tt, Aachen, Essen und Paderborn.<\/p>\n<h3>Wissenschaftliche T\u00e4tigkeit<\/h3>\n<p>Nach der Habilitation 1998 an der Katholisch-Theologischen Fakult\u00e4t der Westf\u00e4lischen Wilhelms-Universit\u00e4t M\u00fcnster begann er eine T\u00e4tigkeit als Dozent f\u00fcr Kirchengeschichte an der Theologischen Fakult\u00e4t der Philosophisch-Theologischen Hochschule Vallendar PTHV. 2001 wurde Schmiedl ordentlicher Professor f\u00fcr Kirchengeschichte an der PTHV und \u00fcbernahm im Fr\u00fchjahr 2009 die Aufgabe des Dekans der Theologischen Fakult\u00e4t. Von 2017 bis 2020 war Schmiedl Vorsitzender des Katholisch-Theologischen Fakult\u00e4tentages, dem er seit 2007 als Mitglied des Beirates und von 2015 bis 2017 schon und seit 2020 wieder als stellvertretender Vorsitzender angeh\u00f6rte.<\/p>\n<p>Ein besonderes Forschungsinteresse galt synodalen Themen z.B. in von der Deutschen Forschungsgemeinschaft DFG gef\u00f6rderten Projekten wie: \u201eDas Zweite Vatikanische Konzil und seine Rezeption in der deutschen Kirche\u201c (2009-2011) sowie: \u201eMitteleurop\u00e4ische Nationalsynoden in der katholischen Kirche nach dem Zweiten Vatikanischen Konzil\u201c (2012-2014). Mit gro\u00dfer Leidenschaft war er seit 2016 beteiligt am interkontinentalen Projekt: \u201eVatican II \u2014 Legacy and Mandate\u201c, das bis 2024 projektiert ist.<\/p>\n<h3>Aufgaben in der Sch\u00f6nstatt-Bewegung<\/h3>\n<p>In seiner Gemeinschaft der <a href=\"https:\/\/schoenstatt.com\/de\/familie\/gemeinschaften-in-der-schoenstattbewegung\/priester\/\">Sch\u00f6nstatt-Patres<\/a> hatte er in der Zeit von 1998 bis 2001 die Aufgabe des Generalsekret\u00e4rs inne. Im Jahr 2000 \u00fcbernahm er das Amt des geistlichen Assistenten des Sch\u00f6nstatt-Instituts Marienbr\u00fcder. Schon seit 1997 arbeitete er mit im Team f\u00fcr die F\u00fchrung des Seligsprechungsprozesses von Pater Joseph Kentenichs. Seit 2003 ist er Vize-Postulator im Seligsprechungsprozess f\u00fcr Josef Engling, eine Aufgabe, die er Ende 2021 an eine Nachfolgerin \u00fcbergeben wollte. Seit 2017 ist er zweiter Vertreter der Sch\u00f6nstatt-Patres im Landespr\u00e4sidium der Sch\u00f6nstatt-Bewegung Deutschland. Zu seinen wissenschaftlichen Aktivit\u00e4ten innerhalb der Sch\u00f6nstatt-Bewegung geh\u00f6rt seine T\u00e4tigkeit als Chefredakteur der Zeitschrift \u201eREGNUM&#8220;.<\/p>\n<h3>Vielf\u00e4ltiges Engagement<\/h3>\n<p>Schmiedl engagierte sich von 2015 bis 2017 als Delegierter im Gespr\u00e4chsprozess der deutschen Kirche. Von 2012 bis 2016 war er Synodaler der Di\u00f6zesansynode Trier und seit 2020 Delegierter beim Synodalen Weg. Zu seinem vielf\u00e4ltigen Engagement geh\u00f6rten u.a. die Mitgliedschaft in der wissenschaftlichen Kommission der \u201eKommission f\u00fcr Zeitgeschichte\u201c, Bonn (seit 2013), die Pr\u00e4sidentschaft der Deutschen Sektion der Europ\u00e4ischen Gesellschaft f\u00fcr katholische Theologie (2006-2015), der stellvertretende Vorsitz der Deutschen Arbeitsgemeinschaft f\u00fcr Mariologie (2002-2018), die Mitgliedschaft im Beirat der G\u00f6rres-Gesellschaft (seit 2006), die Mitgliedschaft im wissenschaftlichen Beirat von \u201eTheologie im Fernkurs\u201c (seit 2010) sowie die Mitgliedschaft im wissenschaftlichen Beirat des Pius-Parsch-Instituts Klosterneuburg (seit 2012). Von 1999 bis 2006 hatte er zusammen mit Gisela Fleckenstein die Leitung des Schwerter Arbeitskreises \u201eKatholizismusforschung\u201c und seit 2001 die Leitung des Arbeitskreises \u201eOrdensgeschichte des 19.\/20. Jahrhunderts\u201c \u00fcbernommen. Von 2002 bis 2018 war er korrespondierendes Mitglied der \u201ePontificia Academia Mariana Internationalis\u201c, Vaticanstadt.<\/p>\n<p>Joachim Schmiedl war vielf\u00e4ltig publizistisch t\u00e4tig. Von 1990 bis 2001 war er st\u00e4ndiger Mitarbeiter im Redaktionsteam der <a href=\"https:\/\/www.patris-verlag.de\/\">Monatszeitschrift &#8222;basis&#8220;<\/a>. 2002 \u00fcbernahm er als Chefredakteur die Verantwortung f\u00fcr die theologische Zeitschrift \u201eREGNUM\u201c. Seit 2004 ist er Herausgeber der \u201eQuellen und Abhandlungen zur mittelrheinischen Kirchengeschichte\u201c, 2013 Herausgeber der Reihe \u201eEuropas Synoden nach dem Zweiten Vatikanischen Konzil\u201c. Seit 2013 engagierte er sich f\u00fcr den Rezensionsteil der Zeitschrift \u201eOrdenskorrespondenz&#8220; und von 2014 bis 2021 war er Mitglied im Redaktionsteam von DIAKONIA.<\/p>\n<h3>Dank f\u00fcr ein inspirierendes Leben<\/h3>\n<p>Mit Pater Joachim Schmiedl verliert die Sch\u00f6nstatt-Bewegung eine Pers\u00f6nlichkeit mit gro\u00dfem historischen Wissen, die in beeindruckender Weise Wissenschaft und Glaube verbinden konnte und dabei einem sehr weiten Denken Raum lie\u00df. Beliebt waren seine Predigten im Sonntagsgottesdienst im Urheiligtum, die durch Sachkenntnis und konkrete Impulse f\u00fcr den Glaubensweg im Alltag auffielen und zahlreichen, auch virtuellen Gottesdienstbesuchern wertvolle Anregungen f\u00fcr ihren Lebensweg mitgaben. Die Sch\u00f6nstatt-Bewegung spricht Pater Schmiedls Familie und seiner Gemeinschaft f\u00fcr den herben Verlust dieses inspirierenden Menschen ein herzliches Beileid aus und dankt dem Dreifaltigen Gott f\u00fcr das bereichernde Wirken des Wissenschaftlers und Priesters Joachim Schmiedl.<\/p>\n<h3>Erste Reaktionen in der wissenschaftlichen Welt<\/h3>\n<p>In den sozialen Medien reagierten Wissenschaftler aus verschiedenen Bereichen mit Erstaunen und Trauer \u00fcber seinen Tod und mit Dankbarkeit f\u00fcr sein Wirken. Professor Massimo Fraggioli schrieb: &#8222;Schreckliche, sehr traurige Nachrichten&#8220;. Theologe Peter De Mey: &#8222;Er verband so viele von uns in unseren Bem\u00fchungen, das Erbe des Zweiten Vatikanischen Konzils lebendig zu halten. Wir sind alle sehr traurig. M\u00f6ge Joachim im Frieden unseres himmlischen Vaters ruhen.&#8220; Forscherin Agnes Desmazieres: &#8222;Was f\u00fcr eine traurige Nachricht. So ein wunderbarer Mensch.&#8220; Theologe Flo Klug: &#8222;Das ist eine sehr traurige Nachricht. So ein anst\u00e4ndiger Mensch.&#8220; Theologin Regina Heyder: &#8222;Wirklich sehr traurig.&#8220; Professorin Alana Harris: &#8222;Mein Gott! Es ist so traurig, das zu h\u00f6ren.&#8220; Forscher Rolando Iberico Ruiz: &#8222;In der Tat eine sehr traurige Nachricht!&#8220; Theologe Paul Pulikkan: &#8222;Wirklich ein gro\u00dfer Verlust f\u00fcr die Kirche und die Studien zum Zweiten Vatikanischen Konzil. RIP.&#8220;<\/p>\n<h3>Mehr Informationen<\/h3>\n<p><strong>Requiem: Samstag, 18.12.2021, um 13:00 Uhr, Pilgerkirche in Sch\u00f6nstatt, Vallendar<\/strong><br \/>\n<strong>Beisetzung im Anschluss, Friedhof der Sch\u00f6nstatt-Patres auf Berg Sion, Vallendar<\/strong><br \/>\n<strong>Kondolenzadresse: P. Theo Breitinger, Provinzial, Berg Sion 6, 56179 Vallendar,\u00a0provinzsekretariat@schoenstatt-patres.de<\/strong><\/p>\n","protected":false},"excerpt":{"rendered":"<p>Ein Leben im Dienst der Wissenschaft &#8211; Sch\u00f6nstatt-Bewegung trauert um Joachim Schmiedl ISch<\/p>\n","protected":false},"author":1,"featured_media":22212,"comment_status":"closed","ping_status":"closed","sticky":false,"template":"","format":"standard","meta":{"footnotes":""},"categories":[910,907],"tags":[],"class_list":["post-22211","post","type-post","status-publish","format-standard","has-post-thumbnail","hentry","category-gesellschaft-de","category-schoenstatt-gemeinschaften-de"],"yoast_head":"<!-- This site is optimized with the Yoast SEO Premium plugin v27.4 (Yoast SEO v27.4) - https:\/\/yoast.com\/product\/yoast-seo-premium-wordpress\/ -->\n<title>Sch\u00f6nstattpater Joachim Schmiedl unerwartet verstorben - Schoenstatt<\/title>\n<meta name=\"description\" content=\"Sch\u00f6nstatt - Der Tod von Sch\u00f6nstattpater Joachim Schmiedl hinterl\u00e4sst gro\u00dfe Trauer in Sch\u00f6nstatt und in der wissenschaftlichen Welt.\" \/>\n<meta name=\"robots\" content=\"index, follow, max-snippet:-1, max-image-preview:large, max-video-preview:-1\" \/>\n<link rel=\"canonical\" href=\"https:\/\/schoenstatt.com\/de\/schoenstattpater-joachim-schmiedl-unerwartet-verstorben\/\" \/>\n<meta property=\"og:locale\" content=\"de_DE\" \/>\n<meta property=\"og:type\" content=\"article\" \/>\n<meta property=\"og:title\" content=\"Sch\u00f6nstattpater Joachim Schmiedl unerwartet verstorben\" \/>\n<meta property=\"og:description\" content=\"Sch\u00f6nstatt - Der Tod von Sch\u00f6nstattpater Joachim Schmiedl hinterl\u00e4sst gro\u00dfe Trauer in Sch\u00f6nstatt und in der wissenschaftlichen Welt.\" \/>\n<meta property=\"og:url\" content=\"https:\/\/schoenstatt.com\/de\/schoenstattpater-joachim-schmiedl-unerwartet-verstorben\/\" \/>\n<meta property=\"og:site_name\" content=\"Schoenstatt\" \/>\n<meta property=\"article:published_time\" content=\"2021-12-11T08:18:46+00:00\" \/>\n<meta property=\"article:modified_time\" content=\"2025-05-15T18:24:04+00:00\" \/>\n<meta property=\"og:image\" content=\"https:\/\/schoenstatt.com\/wp-content\/uploads\/2021\/12\/P.-Schmiedl-1.png\" \/>\n\t<meta property=\"og:image:width\" content=\"1093\" \/>\n\t<meta property=\"og:image:height\" content=\"557\" \/>\n\t<meta property=\"og:image:type\" content=\"image\/png\" \/>\n<meta name=\"author\" content=\"admin\" \/>\n<meta name=\"twitter:card\" content=\"summary_large_image\" \/>\n<meta name=\"twitter:label1\" content=\"Verfasst von\" \/>\n\t<meta name=\"twitter:data1\" content=\"admin\" \/>\n\t<meta name=\"twitter:label2\" content=\"Gesch\u00e4tzte Lesezeit\" \/>\n\t<meta name=\"twitter:data2\" content=\"4\u00a0Minuten\" \/>\n<script type=\"application\/ld+json\" class=\"yoast-schema-graph\">{\"@context\":\"https:\\\/\\\/schema.org\",\"@graph\":[{\"@type\":\"Article\",\"@id\":\"https:\\\/\\\/schoenstatt.com\\\/de\\\/schoenstattpater-joachim-schmiedl-unerwartet-verstorben\\\/#article\",\"isPartOf\":{\"@id\":\"https:\\\/\\\/schoenstatt.com\\\/de\\\/schoenstattpater-joachim-schmiedl-unerwartet-verstorben\\\/\"},\"author\":{\"name\":\"admin\",\"@id\":\"https:\\\/\\\/schoenstatt.com\\\/de\\\/#\\\/schema\\\/person\\\/489465b1850e7b216fe2c10dfc262551\"},\"headline\":\"Sch\u00f6nstattpater Joachim Schmiedl unerwartet verstorben\",\"datePublished\":\"2021-12-11T08:18:46+00:00\",\"dateModified\":\"2025-05-15T18:24:04+00:00\",\"mainEntityOfPage\":{\"@id\":\"https:\\\/\\\/schoenstatt.com\\\/de\\\/schoenstattpater-joachim-schmiedl-unerwartet-verstorben\\\/\"},\"wordCount\":936,\"publisher\":{\"@id\":\"https:\\\/\\\/schoenstatt.com\\\/de\\\/#organization\"},\"image\":{\"@id\":\"https:\\\/\\\/schoenstatt.com\\\/de\\\/schoenstattpater-joachim-schmiedl-unerwartet-verstorben\\\/#primaryimage\"},\"thumbnailUrl\":\"https:\\\/\\\/schoenstatt.com\\\/wp-content\\\/uploads\\\/2021\\\/12\\\/P.-Schmiedl-1.png\",\"articleSection\":[\"Gesellschaft\",\"Schoenstatt Gemeinschaften\"],\"inLanguage\":\"de\"},{\"@type\":\"WebPage\",\"@id\":\"https:\\\/\\\/schoenstatt.com\\\/de\\\/schoenstattpater-joachim-schmiedl-unerwartet-verstorben\\\/\",\"url\":\"https:\\\/\\\/schoenstatt.com\\\/de\\\/schoenstattpater-joachim-schmiedl-unerwartet-verstorben\\\/\",\"name\":\"Sch\u00f6nstattpater Joachim Schmiedl unerwartet verstorben - Schoenstatt\",\"isPartOf\":{\"@id\":\"https:\\\/\\\/schoenstatt.com\\\/de\\\/#website\"},\"primaryImageOfPage\":{\"@id\":\"https:\\\/\\\/schoenstatt.com\\\/de\\\/schoenstattpater-joachim-schmiedl-unerwartet-verstorben\\\/#primaryimage\"},\"image\":{\"@id\":\"https:\\\/\\\/schoenstatt.com\\\/de\\\/schoenstattpater-joachim-schmiedl-unerwartet-verstorben\\\/#primaryimage\"},\"thumbnailUrl\":\"https:\\\/\\\/schoenstatt.com\\\/wp-content\\\/uploads\\\/2021\\\/12\\\/P.-Schmiedl-1.png\",\"datePublished\":\"2021-12-11T08:18:46+00:00\",\"dateModified\":\"2025-05-15T18:24:04+00:00\",\"description\":\"Sch\u00f6nstatt - Der Tod von Sch\u00f6nstattpater Joachim Schmiedl hinterl\u00e4sst gro\u00dfe Trauer in Sch\u00f6nstatt und in der wissenschaftlichen Welt.\",\"breadcrumb\":{\"@id\":\"https:\\\/\\\/schoenstatt.com\\\/de\\\/schoenstattpater-joachim-schmiedl-unerwartet-verstorben\\\/#breadcrumb\"},\"inLanguage\":\"de\",\"potentialAction\":[{\"@type\":\"ReadAction\",\"target\":[\"https:\\\/\\\/schoenstatt.com\\\/de\\\/schoenstattpater-joachim-schmiedl-unerwartet-verstorben\\\/\"]}]},{\"@type\":\"ImageObject\",\"inLanguage\":\"de\",\"@id\":\"https:\\\/\\\/schoenstatt.com\\\/de\\\/schoenstattpater-joachim-schmiedl-unerwartet-verstorben\\\/#primaryimage\",\"url\":\"https:\\\/\\\/schoenstatt.com\\\/wp-content\\\/uploads\\\/2021\\\/12\\\/P.-Schmiedl-1.png\",\"contentUrl\":\"https:\\\/\\\/schoenstatt.com\\\/wp-content\\\/uploads\\\/2021\\\/12\\\/P.-Schmiedl-1.png\",\"width\":1093,\"height\":557,\"caption\":\"Sch\u00f6nstattpater\"},{\"@type\":\"BreadcrumbList\",\"@id\":\"https:\\\/\\\/schoenstatt.com\\\/de\\\/schoenstattpater-joachim-schmiedl-unerwartet-verstorben\\\/#breadcrumb\",\"itemListElement\":[{\"@type\":\"ListItem\",\"position\":1,\"name\":\"Portada\",\"item\":\"https:\\\/\\\/schoenstatt.com\\\/de\\\/home\\\/\"},{\"@type\":\"ListItem\",\"position\":2,\"name\":\"Sch\u00f6nstattpater Joachim Schmiedl unerwartet verstorben\"}]},{\"@type\":\"WebSite\",\"@id\":\"https:\\\/\\\/schoenstatt.com\\\/de\\\/#website\",\"url\":\"https:\\\/\\\/schoenstatt.com\\\/de\\\/\",\"name\":\"Schoenstatt\",\"description\":\"Apostolic Movement\",\"publisher\":{\"@id\":\"https:\\\/\\\/schoenstatt.com\\\/de\\\/#organization\"},\"potentialAction\":[{\"@type\":\"SearchAction\",\"target\":{\"@type\":\"EntryPoint\",\"urlTemplate\":\"https:\\\/\\\/schoenstatt.com\\\/de\\\/?s={search_term_string}\"},\"query-input\":{\"@type\":\"PropertyValueSpecification\",\"valueRequired\":true,\"valueName\":\"search_term_string\"}}],\"inLanguage\":\"de\"},{\"@type\":\"Organization\",\"@id\":\"https:\\\/\\\/schoenstatt.com\\\/de\\\/#organization\",\"name\":\"Schoenstatt\",\"url\":\"https:\\\/\\\/schoenstatt.com\\\/de\\\/\",\"logo\":{\"@type\":\"ImageObject\",\"inLanguage\":\"de\",\"@id\":\"https:\\\/\\\/schoenstatt.com\\\/de\\\/#\\\/schema\\\/logo\\\/image\\\/\",\"url\":\"https:\\\/\\\/schoenstatt.com\\\/wp-content\\\/uploads\\\/2025\\\/04\\\/logo-schoenstatt-white-696x696-1.png\",\"contentUrl\":\"https:\\\/\\\/schoenstatt.com\\\/wp-content\\\/uploads\\\/2025\\\/04\\\/logo-schoenstatt-white-696x696-1.png\",\"width\":696,\"height\":694,\"caption\":\"Schoenstatt\"},\"image\":{\"@id\":\"https:\\\/\\\/schoenstatt.com\\\/de\\\/#\\\/schema\\\/logo\\\/image\\\/\"}},{\"@type\":\"Person\",\"@id\":\"https:\\\/\\\/schoenstatt.com\\\/de\\\/#\\\/schema\\\/person\\\/489465b1850e7b216fe2c10dfc262551\",\"name\":\"admin\",\"image\":{\"@type\":\"ImageObject\",\"inLanguage\":\"de\",\"@id\":\"https:\\\/\\\/secure.gravatar.com\\\/avatar\\\/02e8345e1ec40ab0e0a2a98fdde64a684bbaf994cddcb778b25b8b024ee9dfe6?s=96&d=mm&r=g\",\"url\":\"https:\\\/\\\/secure.gravatar.com\\\/avatar\\\/02e8345e1ec40ab0e0a2a98fdde64a684bbaf994cddcb778b25b8b024ee9dfe6?s=96&d=mm&r=g\",\"contentUrl\":\"https:\\\/\\\/secure.gravatar.com\\\/avatar\\\/02e8345e1ec40ab0e0a2a98fdde64a684bbaf994cddcb778b25b8b024ee9dfe6?s=96&d=mm&r=g\",\"caption\":\"admin\"},\"sameAs\":[\"https:\\\/\\\/schoenstatt.com\"],\"url\":\"https:\\\/\\\/schoenstatt.com\\\/de\\\/author\\\/admin\\\/\"}]}<\/script>\n<!-- \/ Yoast SEO Premium plugin. -->","yoast_head_json":{"title":"Sch\u00f6nstattpater Joachim Schmiedl unerwartet verstorben - Schoenstatt","description":"Sch\u00f6nstatt - Der Tod von Sch\u00f6nstattpater Joachim Schmiedl hinterl\u00e4sst gro\u00dfe Trauer in Sch\u00f6nstatt und in der wissenschaftlichen Welt.","robots":{"index":"index","follow":"follow","max-snippet":"max-snippet:-1","max-image-preview":"max-image-preview:large","max-video-preview":"max-video-preview:-1"},"canonical":"https:\/\/schoenstatt.com\/de\/schoenstattpater-joachim-schmiedl-unerwartet-verstorben\/","og_locale":"de_DE","og_type":"article","og_title":"Sch\u00f6nstattpater Joachim Schmiedl unerwartet verstorben","og_description":"Sch\u00f6nstatt - Der Tod von Sch\u00f6nstattpater Joachim Schmiedl hinterl\u00e4sst gro\u00dfe Trauer in Sch\u00f6nstatt und in der wissenschaftlichen Welt.","og_url":"https:\/\/schoenstatt.com\/de\/schoenstattpater-joachim-schmiedl-unerwartet-verstorben\/","og_site_name":"Schoenstatt","article_published_time":"2021-12-11T08:18:46+00:00","article_modified_time":"2025-05-15T18:24:04+00:00","og_image":[{"width":1093,"height":557,"url":"https:\/\/schoenstatt.com\/wp-content\/uploads\/2021\/12\/P.-Schmiedl-1.png","type":"image\/png"}],"author":"admin","twitter_card":"summary_large_image","twitter_misc":{"Verfasst von":"admin","Gesch\u00e4tzte Lesezeit":"4\u00a0Minuten"},"schema":{"@context":"https:\/\/schema.org","@graph":[{"@type":"Article","@id":"https:\/\/schoenstatt.com\/de\/schoenstattpater-joachim-schmiedl-unerwartet-verstorben\/#article","isPartOf":{"@id":"https:\/\/schoenstatt.com\/de\/schoenstattpater-joachim-schmiedl-unerwartet-verstorben\/"},"author":{"name":"admin","@id":"https:\/\/schoenstatt.com\/de\/#\/schema\/person\/489465b1850e7b216fe2c10dfc262551"},"headline":"Sch\u00f6nstattpater Joachim Schmiedl unerwartet verstorben","datePublished":"2021-12-11T08:18:46+00:00","dateModified":"2025-05-15T18:24:04+00:00","mainEntityOfPage":{"@id":"https:\/\/schoenstatt.com\/de\/schoenstattpater-joachim-schmiedl-unerwartet-verstorben\/"},"wordCount":936,"publisher":{"@id":"https:\/\/schoenstatt.com\/de\/#organization"},"image":{"@id":"https:\/\/schoenstatt.com\/de\/schoenstattpater-joachim-schmiedl-unerwartet-verstorben\/#primaryimage"},"thumbnailUrl":"https:\/\/schoenstatt.com\/wp-content\/uploads\/2021\/12\/P.-Schmiedl-1.png","articleSection":["Gesellschaft","Schoenstatt Gemeinschaften"],"inLanguage":"de"},{"@type":"WebPage","@id":"https:\/\/schoenstatt.com\/de\/schoenstattpater-joachim-schmiedl-unerwartet-verstorben\/","url":"https:\/\/schoenstatt.com\/de\/schoenstattpater-joachim-schmiedl-unerwartet-verstorben\/","name":"Sch\u00f6nstattpater Joachim Schmiedl unerwartet verstorben - Schoenstatt","isPartOf":{"@id":"https:\/\/schoenstatt.com\/de\/#website"},"primaryImageOfPage":{"@id":"https:\/\/schoenstatt.com\/de\/schoenstattpater-joachim-schmiedl-unerwartet-verstorben\/#primaryimage"},"image":{"@id":"https:\/\/schoenstatt.com\/de\/schoenstattpater-joachim-schmiedl-unerwartet-verstorben\/#primaryimage"},"thumbnailUrl":"https:\/\/schoenstatt.com\/wp-content\/uploads\/2021\/12\/P.-Schmiedl-1.png","datePublished":"2021-12-11T08:18:46+00:00","dateModified":"2025-05-15T18:24:04+00:00","description":"Sch\u00f6nstatt - Der Tod von Sch\u00f6nstattpater Joachim Schmiedl hinterl\u00e4sst gro\u00dfe Trauer in Sch\u00f6nstatt und in der wissenschaftlichen Welt.","breadcrumb":{"@id":"https:\/\/schoenstatt.com\/de\/schoenstattpater-joachim-schmiedl-unerwartet-verstorben\/#breadcrumb"},"inLanguage":"de","potentialAction":[{"@type":"ReadAction","target":["https:\/\/schoenstatt.com\/de\/schoenstattpater-joachim-schmiedl-unerwartet-verstorben\/"]}]},{"@type":"ImageObject","inLanguage":"de","@id":"https:\/\/schoenstatt.com\/de\/schoenstattpater-joachim-schmiedl-unerwartet-verstorben\/#primaryimage","url":"https:\/\/schoenstatt.com\/wp-content\/uploads\/2021\/12\/P.-Schmiedl-1.png","contentUrl":"https:\/\/schoenstatt.com\/wp-content\/uploads\/2021\/12\/P.-Schmiedl-1.png","width":1093,"height":557,"caption":"Sch\u00f6nstattpater"},{"@type":"BreadcrumbList","@id":"https:\/\/schoenstatt.com\/de\/schoenstattpater-joachim-schmiedl-unerwartet-verstorben\/#breadcrumb","itemListElement":[{"@type":"ListItem","position":1,"name":"Portada","item":"https:\/\/schoenstatt.com\/de\/home\/"},{"@type":"ListItem","position":2,"name":"Sch\u00f6nstattpater Joachim Schmiedl unerwartet verstorben"}]},{"@type":"WebSite","@id":"https:\/\/schoenstatt.com\/de\/#website","url":"https:\/\/schoenstatt.com\/de\/","name":"Schoenstatt","description":"Apostolic Movement","publisher":{"@id":"https:\/\/schoenstatt.com\/de\/#organization"},"potentialAction":[{"@type":"SearchAction","target":{"@type":"EntryPoint","urlTemplate":"https:\/\/schoenstatt.com\/de\/?s={search_term_string}"},"query-input":{"@type":"PropertyValueSpecification","valueRequired":true,"valueName":"search_term_string"}}],"inLanguage":"de"},{"@type":"Organization","@id":"https:\/\/schoenstatt.com\/de\/#organization","name":"Schoenstatt","url":"https:\/\/schoenstatt.com\/de\/","logo":{"@type":"ImageObject","inLanguage":"de","@id":"https:\/\/schoenstatt.com\/de\/#\/schema\/logo\/image\/","url":"https:\/\/schoenstatt.com\/wp-content\/uploads\/2025\/04\/logo-schoenstatt-white-696x696-1.png","contentUrl":"https:\/\/schoenstatt.com\/wp-content\/uploads\/2025\/04\/logo-schoenstatt-white-696x696-1.png","width":696,"height":694,"caption":"Schoenstatt"},"image":{"@id":"https:\/\/schoenstatt.com\/de\/#\/schema\/logo\/image\/"}},{"@type":"Person","@id":"https:\/\/schoenstatt.com\/de\/#\/schema\/person\/489465b1850e7b216fe2c10dfc262551","name":"admin","image":{"@type":"ImageObject","inLanguage":"de","@id":"https:\/\/secure.gravatar.com\/avatar\/02e8345e1ec40ab0e0a2a98fdde64a684bbaf994cddcb778b25b8b024ee9dfe6?s=96&d=mm&r=g","url":"https:\/\/secure.gravatar.com\/avatar\/02e8345e1ec40ab0e0a2a98fdde64a684bbaf994cddcb778b25b8b024ee9dfe6?s=96&d=mm&r=g","contentUrl":"https:\/\/secure.gravatar.com\/avatar\/02e8345e1ec40ab0e0a2a98fdde64a684bbaf994cddcb778b25b8b024ee9dfe6?s=96&d=mm&r=g","caption":"admin"},"sameAs":["https:\/\/schoenstatt.com"],"url":"https:\/\/schoenstatt.com\/de\/author\/admin\/"}]}},"_links":{"self":[{"href":"https:\/\/schoenstatt.com\/de\/wp-json\/wp\/v2\/posts\/22211","targetHints":{"allow":["GET"]}}],"collection":[{"href":"https:\/\/schoenstatt.com\/de\/wp-json\/wp\/v2\/posts"}],"about":[{"href":"https:\/\/schoenstatt.com\/de\/wp-json\/wp\/v2\/types\/post"}],"author":[{"embeddable":true,"href":"https:\/\/schoenstatt.com\/de\/wp-json\/wp\/v2\/users\/1"}],"replies":[{"embeddable":true,"href":"https:\/\/schoenstatt.com\/de\/wp-json\/wp\/v2\/comments?post=22211"}],"version-history":[{"count":1,"href":"https:\/\/schoenstatt.com\/de\/wp-json\/wp\/v2\/posts\/22211\/revisions"}],"predecessor-version":[{"id":44854,"href":"https:\/\/schoenstatt.com\/de\/wp-json\/wp\/v2\/posts\/22211\/revisions\/44854"}],"wp:featuredmedia":[{"embeddable":true,"href":"https:\/\/schoenstatt.com\/de\/wp-json\/wp\/v2\/media\/22212"}],"wp:attachment":[{"href":"https:\/\/schoenstatt.com\/de\/wp-json\/wp\/v2\/media?parent=22211"}],"wp:term":[{"taxonomy":"category","embeddable":true,"href":"https:\/\/schoenstatt.com\/de\/wp-json\/wp\/v2\/categories?post=22211"},{"taxonomy":"post_tag","embeddable":true,"href":"https:\/\/schoenstatt.com\/de\/wp-json\/wp\/v2\/tags?post=22211"}],"curies":[{"name":"wp","href":"https:\/\/api.w.org\/{rel}","templated":true}]}}