{"id":22132,"date":"2021-12-08T08:00:47","date_gmt":"2021-12-08T07:00:47","guid":{"rendered":"https:\/\/schoenstatt.com\/?p=22132"},"modified":"2025-08-19T22:28:53","modified_gmt":"2025-08-19T20:28:53","slug":"immaculata-voll-der-gnade","status":"publish","type":"post","link":"https:\/\/schoenstatt.com\/de\/immaculata-voll-der-gnade\/","title":{"rendered":"Immaculata: Voll der Gnade"},"content":{"rendered":"<p>\u201eSiehe, ich bin die Magd des Herrn; mir geschehe, wie du gesagt hast&#8220;. Die Sehnsucht Gottes wohnte in Maria, und sie nahm die Aufgabe an, die ihr gestellt wurde.<\/p>\n<p>War es f\u00fcr Gott notwendig, dass <a href=\"https:\/\/schoenstatt.com\/de\/spiritualitaet\/\">Maria<\/a> unbefleckt ist? Vielleicht nicht, aber sie hat etwas getan, um eine perfekte Wohnung f\u00fcr ihren Sohn zu sein. \u201eMaria war das erste betretene Land, das von der Gnade erobert wurde&#8220;. Dieser sch\u00f6ne Satz von Garc\u00eda Paredes vermittelt uns das g\u00f6ttliche Wirken im Herzen einer kleinen Frau, die auf der Erde geboren wurde, aber vom ersten Augenblick ihrer Empf\u00e4ngnis an den Blick Gottes auf ihr Herz gerichtet hatte. &#8222;Bevor ich dich im Mutterleib formte, kannte ich dich, und bevor du geboren wurdest, habe ich dich geweiht&#8220; Jer 1,5.<\/p>\n<p><a href=\"https:\/\/de.wikipedia.org\/wiki\/Unbefleckte_Empf%C3%A4ngnis\" target=\"_blank\" rel=\"noopener\">Das Dogma<\/a> spricht zu uns von der neuen Eva und ber\u00fchrt daher die Frage der Erbs\u00fcnde, die keine von uns begangene S\u00fcnde ist, sondern ein Zustand, der sich anbahnt, nicht eine Handlung. Die Tatsache, dass Maria von der Erbs\u00fcnde befreit und bewahrt wurde, zeugt von der Gnade des Herrn in ihr, die ihr die wahre Willensfreiheit schenkte, ohne dass sie eine pers\u00f6nliche Verpflichtung aufgab. Die Gnade wohnte immer in ihr und verwandelte sich in eine bedingungslose Liebe zu Gott. Diese Liebe bewegte ihr ganzes Wesen dazu, dem Vater jeden Tag ihres Lebens ein &#8222;Fiat&#8220; zu schenken, das im Laufe der Zeit immer gr\u00f6\u00dfer und tiefer wurde und aus ihr ein neues Modell der Frau f\u00fcr die Menschheit machte. Wie k\u00f6nnte man von einer neuen Eva sprechen, wenn nur eine kleine Spur der alten in ihr w\u00e4re? Unm\u00f6glich, in Maria gab es nie eine S\u00fcnde, ihr ganzes Wesen ist rein und unbefleckt, denn sie lie\u00df sich nur von der Gabe des Herrn ber\u00fchren.<\/p>\n<p><img fetchpriority=\"high\" decoding=\"async\" class=\"aligncenter wp-image-21832 size-full\" src=\"https:\/\/schoenstatt.com\/wp-content\/uploads\/2021\/11\/Virgen-nina-3.jpg\" alt=\"Immaculata\" width=\"331\" height=\"363\" \/><\/p>\n<p>Gnade und Wille k\u00f6nnen die Heiligkeit im Menschen aufbauen. Maria wurde gefragt, und sie antwortete: \u201eSiehe, ich bin die Magd des Herrn; mir geschehe, wie du es gesagt hast&#8220; (Lk 1,38). Sie h\u00e4tte sich dem Plan des Sch\u00f6pfers verweigern k\u00f6nnen, aber die Sehnsucht Gottes wohnte in ihr, und sie nahm die Aufgabe an, die ihr gestellt wurde. Das Dogma der Unbefleckten spricht zu uns von der Berufung und Weihe der Seligen Jungfrau als reine Gnade Gottes. \u201eGott ist es, der das gute Werk in ihr begonnen und es vollendet hat bis auf den Tag Christi Jesu&#8220; (Phil 1,6). Mit seiner Gnade hat der Vater die vollkommene Wohnung f\u00fcr seinen Sohn Jesus vorbereitet, und die Jungfrau, die Frau der Erde, nimmt den neuen Menschen auf und schenkt sich ihm, und in der Kreuzigung schenkt Jesus sie der Menschheit.<\/p>\n<p>In der Heiligen Jungfrau gab es keine S\u00fcnde, sie war einfach ein Werkzeug der Liebe. Ihre Pr\u00e4senz ist diskret, still und transparent. In ihr wird uns das Geheimnis offenbart: \u201eGott wollte sich dem Menschen nicht ohne den Menschen n\u00e4hern&#8220;.<\/p>\n<p>Wir alle sind dazu berufen, die Wohnung des Herrn zu sein.\u00a0 Er erwartet von jedem von uns eine Antwort, denn die Gnade erweckt alles, was uns gott\u00e4hnlich macht, und der Wille verwandelt es in Taten der Liebe und Barmherzigkeit gegen\u00fcber unseren Br\u00fcdern und Schwestern.<\/p>\n<p><img decoding=\"async\" class=\"alignright wp-image-22128 size-medium\" src=\"https:\/\/schoenstatt.com\/wp-content\/uploads\/2021\/11\/pictures-133-221x300.jpg\" alt=\"Immaculata\" width=\"221\" height=\"300\" \/>Das Dogma der Unbefleckten Empf\u00e4ngnis sollte uns dazu bringen, dar\u00fcber nachzudenken, was die Menschheit jetzt ohne Gott ist. Es scheint, dass unser Sch\u00f6pfer kein Zuhause hat, dass es keinen Platz f\u00fcr ihn gibt, denn wir haben das Herz mit Nebens\u00e4chlichkeiten besetzt, wir haben es in einen unordentlichen Raum verwandelt, wo die Gnade darauf wartet, freigesetzt zu werden, es braucht die Initiative der Menschen, um die Liebe zu entfachen; um unser Verst\u00e4ndnis zu erleuchten und zu tun, was wir tun m\u00fcssen, denn alles, was wir aus gutem Willen tun, ist Verdienst der Gnade, die nur von unserem geliebten Herrn kommen kann. Der heilige Augustinus ist in einem seiner S\u00e4tze sehr deutlich, wenn er sagt: \u201eGott, der dich ohne dich geschaffen hat, wird dich nicht ohne dich retten&#8220;.<\/p>\n<p>Wir sind die Wohnst\u00e4tte Gottes. Ihn anzunehmen, wird uns zu seinen treuen Werkzeugen machen, und wir werden f\u00e4hig sein, die Aufgaben zu erf\u00fcllen, die, so schwierig sie auch erscheinen m\u00f6gen, von der Gnade erleuchtet werden, und unser Herz wird vor Gott rein sein.<\/p>\n","protected":false},"excerpt":{"rendered":"<p>Wir k\u00f6nnen das Dogma der Unbefleckten Empf\u00e4ngnis verstehen, wenn wir die Heiligkeit Marias betrachten.<\/p>\n","protected":false},"author":1,"featured_media":21823,"comment_status":"closed","ping_status":"open","sticky":false,"template":"","format":"standard","meta":{"footnotes":""},"categories":[851,914],"tags":[1055],"class_list":["post-22132","post","type-post","status-publish","format-standard","has-post-thumbnail","hentry","category-kirche-de","category-spiritualitat-de","tag-maria-de"],"yoast_head":"<!-- This site is optimized with the Yoast SEO Premium plugin v27.4 (Yoast SEO v27.4) - https:\/\/yoast.com\/product\/yoast-seo-premium-wordpress\/ -->\n<title>Immaculata: Voll der Gnade - Schoenstatt<\/title>\n<meta name=\"description\" content=\"In der Seligen Jungfrau, gab es keine S\u00fcnde, sie war einfach ein Werkzeug der Liebe. Ihre Pr\u00e4senz ist diskret, still und transparent.\" \/>\n<meta name=\"robots\" content=\"index, follow, max-snippet:-1, max-image-preview:large, max-video-preview:-1\" \/>\n<link rel=\"canonical\" href=\"https:\/\/schoenstatt.com\/de\/immaculata-voll-der-gnade\/\" \/>\n<meta property=\"og:locale\" content=\"de_DE\" \/>\n<meta property=\"og:type\" content=\"article\" \/>\n<meta property=\"og:title\" content=\"Immaculata: Voll der Gnade\" \/>\n<meta property=\"og:description\" content=\"In der Seligen Jungfrau, gab es keine S\u00fcnde, sie war einfach ein Werkzeug der Liebe. Ihre Pr\u00e4senz ist diskret, still und transparent.\" \/>\n<meta property=\"og:url\" content=\"https:\/\/schoenstatt.com\/de\/immaculata-voll-der-gnade\/\" \/>\n<meta property=\"og:site_name\" content=\"Schoenstatt\" \/>\n<meta property=\"article:published_time\" content=\"2021-12-08T07:00:47+00:00\" \/>\n<meta property=\"article:modified_time\" content=\"2025-08-19T20:28:53+00:00\" \/>\n<meta property=\"og:image\" content=\"https:\/\/schoenstatt.com\/wp-content\/uploads\/2025\/04\/logo-schoenstatt-white-1200x1200-1.webp\" \/>\n\t<meta property=\"og:image:width\" content=\"1200\" \/>\n\t<meta property=\"og:image:height\" content=\"1195\" \/>\n\t<meta property=\"og:image:type\" content=\"image\/webp\" \/>\n<meta name=\"author\" content=\"admin\" \/>\n<meta name=\"twitter:card\" content=\"summary_large_image\" \/>\n<meta name=\"twitter:label1\" content=\"Verfasst von\" \/>\n\t<meta name=\"twitter:data1\" content=\"admin\" \/>\n\t<meta name=\"twitter:label2\" content=\"Gesch\u00e4tzte Lesezeit\" \/>\n\t<meta name=\"twitter:data2\" content=\"4\u00a0Minuten\" \/>\n<script type=\"application\/ld+json\" class=\"yoast-schema-graph\">{\"@context\":\"https:\\\/\\\/schema.org\",\"@graph\":[{\"@type\":\"Article\",\"@id\":\"https:\\\/\\\/schoenstatt.com\\\/de\\\/immaculata-voll-der-gnade\\\/#article\",\"isPartOf\":{\"@id\":\"https:\\\/\\\/schoenstatt.com\\\/de\\\/immaculata-voll-der-gnade\\\/\"},\"author\":{\"name\":\"admin\",\"@id\":\"https:\\\/\\\/schoenstatt.com\\\/de\\\/#\\\/schema\\\/person\\\/489465b1850e7b216fe2c10dfc262551\"},\"headline\":\"Immaculata: Voll der Gnade\",\"datePublished\":\"2021-12-08T07:00:47+00:00\",\"dateModified\":\"2025-08-19T20:28:53+00:00\",\"mainEntityOfPage\":{\"@id\":\"https:\\\/\\\/schoenstatt.com\\\/de\\\/immaculata-voll-der-gnade\\\/\"},\"wordCount\":716,\"publisher\":{\"@id\":\"https:\\\/\\\/schoenstatt.com\\\/de\\\/#organization\"},\"image\":{\"@id\":\"https:\\\/\\\/schoenstatt.com\\\/de\\\/immaculata-voll-der-gnade\\\/#primaryimage\"},\"thumbnailUrl\":\"https:\\\/\\\/schoenstatt.com\\\/wp-content\\\/uploads\\\/2021\\\/11\\\/pictures-131-e1638176842987-1.bmp\",\"keywords\":[\"Maria\"],\"articleSection\":[\"Kirche\",\"Spiritualit\u00e4t\"],\"inLanguage\":\"de\"},{\"@type\":\"WebPage\",\"@id\":\"https:\\\/\\\/schoenstatt.com\\\/de\\\/immaculata-voll-der-gnade\\\/\",\"url\":\"https:\\\/\\\/schoenstatt.com\\\/de\\\/immaculata-voll-der-gnade\\\/\",\"name\":\"Immaculata: Voll der Gnade - Schoenstatt\",\"isPartOf\":{\"@id\":\"https:\\\/\\\/schoenstatt.com\\\/de\\\/#website\"},\"primaryImageOfPage\":{\"@id\":\"https:\\\/\\\/schoenstatt.com\\\/de\\\/immaculata-voll-der-gnade\\\/#primaryimage\"},\"image\":{\"@id\":\"https:\\\/\\\/schoenstatt.com\\\/de\\\/immaculata-voll-der-gnade\\\/#primaryimage\"},\"thumbnailUrl\":\"https:\\\/\\\/schoenstatt.com\\\/wp-content\\\/uploads\\\/2021\\\/11\\\/pictures-131-e1638176842987-1.bmp\",\"datePublished\":\"2021-12-08T07:00:47+00:00\",\"dateModified\":\"2025-08-19T20:28:53+00:00\",\"description\":\"In der Seligen Jungfrau, gab es keine S\u00fcnde, sie war einfach ein Werkzeug der Liebe. Ihre Pr\u00e4senz ist diskret, still und transparent.\",\"breadcrumb\":{\"@id\":\"https:\\\/\\\/schoenstatt.com\\\/de\\\/immaculata-voll-der-gnade\\\/#breadcrumb\"},\"inLanguage\":\"de\",\"potentialAction\":[{\"@type\":\"ReadAction\",\"target\":[\"https:\\\/\\\/schoenstatt.com\\\/de\\\/immaculata-voll-der-gnade\\\/\"]}]},{\"@type\":\"ImageObject\",\"inLanguage\":\"de\",\"@id\":\"https:\\\/\\\/schoenstatt.com\\\/de\\\/immaculata-voll-der-gnade\\\/#primaryimage\",\"url\":\"https:\\\/\\\/schoenstatt.com\\\/wp-content\\\/uploads\\\/2021\\\/11\\\/pictures-131-e1638176842987-1.bmp\",\"contentUrl\":\"https:\\\/\\\/schoenstatt.com\\\/wp-content\\\/uploads\\\/2021\\\/11\\\/pictures-131-e1638176842987-1.bmp\",\"width\":703,\"height\":727,\"caption\":\"Mary Immaculate\"},{\"@type\":\"BreadcrumbList\",\"@id\":\"https:\\\/\\\/schoenstatt.com\\\/de\\\/immaculata-voll-der-gnade\\\/#breadcrumb\",\"itemListElement\":[{\"@type\":\"ListItem\",\"position\":1,\"name\":\"Portada\",\"item\":\"https:\\\/\\\/schoenstatt.com\\\/de\\\/home\\\/\"},{\"@type\":\"ListItem\",\"position\":2,\"name\":\"Immaculata: Voll der Gnade\"}]},{\"@type\":\"WebSite\",\"@id\":\"https:\\\/\\\/schoenstatt.com\\\/de\\\/#website\",\"url\":\"https:\\\/\\\/schoenstatt.com\\\/de\\\/\",\"name\":\"Schoenstatt\",\"description\":\"Apostolic Movement\",\"publisher\":{\"@id\":\"https:\\\/\\\/schoenstatt.com\\\/de\\\/#organization\"},\"potentialAction\":[{\"@type\":\"SearchAction\",\"target\":{\"@type\":\"EntryPoint\",\"urlTemplate\":\"https:\\\/\\\/schoenstatt.com\\\/de\\\/?s={search_term_string}\"},\"query-input\":{\"@type\":\"PropertyValueSpecification\",\"valueRequired\":true,\"valueName\":\"search_term_string\"}}],\"inLanguage\":\"de\"},{\"@type\":\"Organization\",\"@id\":\"https:\\\/\\\/schoenstatt.com\\\/de\\\/#organization\",\"name\":\"Schoenstatt\",\"url\":\"https:\\\/\\\/schoenstatt.com\\\/de\\\/\",\"logo\":{\"@type\":\"ImageObject\",\"inLanguage\":\"de\",\"@id\":\"https:\\\/\\\/schoenstatt.com\\\/de\\\/#\\\/schema\\\/logo\\\/image\\\/\",\"url\":\"https:\\\/\\\/schoenstatt.com\\\/wp-content\\\/uploads\\\/2025\\\/04\\\/logo-schoenstatt-white-696x696-1.png\",\"contentUrl\":\"https:\\\/\\\/schoenstatt.com\\\/wp-content\\\/uploads\\\/2025\\\/04\\\/logo-schoenstatt-white-696x696-1.png\",\"width\":696,\"height\":694,\"caption\":\"Schoenstatt\"},\"image\":{\"@id\":\"https:\\\/\\\/schoenstatt.com\\\/de\\\/#\\\/schema\\\/logo\\\/image\\\/\"}},{\"@type\":\"Person\",\"@id\":\"https:\\\/\\\/schoenstatt.com\\\/de\\\/#\\\/schema\\\/person\\\/489465b1850e7b216fe2c10dfc262551\",\"name\":\"admin\",\"image\":{\"@type\":\"ImageObject\",\"inLanguage\":\"de\",\"@id\":\"https:\\\/\\\/secure.gravatar.com\\\/avatar\\\/02e8345e1ec40ab0e0a2a98fdde64a684bbaf994cddcb778b25b8b024ee9dfe6?s=96&d=mm&r=g\",\"url\":\"https:\\\/\\\/secure.gravatar.com\\\/avatar\\\/02e8345e1ec40ab0e0a2a98fdde64a684bbaf994cddcb778b25b8b024ee9dfe6?s=96&d=mm&r=g\",\"contentUrl\":\"https:\\\/\\\/secure.gravatar.com\\\/avatar\\\/02e8345e1ec40ab0e0a2a98fdde64a684bbaf994cddcb778b25b8b024ee9dfe6?s=96&d=mm&r=g\",\"caption\":\"admin\"},\"sameAs\":[\"https:\\\/\\\/schoenstatt.com\"],\"url\":\"https:\\\/\\\/schoenstatt.com\\\/de\\\/author\\\/admin\\\/\"}]}<\/script>\n<!-- \/ Yoast SEO Premium plugin. -->","yoast_head_json":{"title":"Immaculata: Voll der Gnade - Schoenstatt","description":"In der Seligen Jungfrau, gab es keine S\u00fcnde, sie war einfach ein Werkzeug der Liebe. Ihre Pr\u00e4senz ist diskret, still und transparent.","robots":{"index":"index","follow":"follow","max-snippet":"max-snippet:-1","max-image-preview":"max-image-preview:large","max-video-preview":"max-video-preview:-1"},"canonical":"https:\/\/schoenstatt.com\/de\/immaculata-voll-der-gnade\/","og_locale":"de_DE","og_type":"article","og_title":"Immaculata: Voll der Gnade","og_description":"In der Seligen Jungfrau, gab es keine S\u00fcnde, sie war einfach ein Werkzeug der Liebe. Ihre Pr\u00e4senz ist diskret, still und transparent.","og_url":"https:\/\/schoenstatt.com\/de\/immaculata-voll-der-gnade\/","og_site_name":"Schoenstatt","article_published_time":"2021-12-08T07:00:47+00:00","article_modified_time":"2025-08-19T20:28:53+00:00","og_image":[{"width":1200,"height":1195,"url":"https:\/\/schoenstatt.com\/wp-content\/uploads\/2025\/04\/logo-schoenstatt-white-1200x1200-1.webp","type":"image\/webp"}],"author":"admin","twitter_card":"summary_large_image","twitter_misc":{"Verfasst von":"admin","Gesch\u00e4tzte Lesezeit":"4\u00a0Minuten"},"schema":{"@context":"https:\/\/schema.org","@graph":[{"@type":"Article","@id":"https:\/\/schoenstatt.com\/de\/immaculata-voll-der-gnade\/#article","isPartOf":{"@id":"https:\/\/schoenstatt.com\/de\/immaculata-voll-der-gnade\/"},"author":{"name":"admin","@id":"https:\/\/schoenstatt.com\/de\/#\/schema\/person\/489465b1850e7b216fe2c10dfc262551"},"headline":"Immaculata: Voll der Gnade","datePublished":"2021-12-08T07:00:47+00:00","dateModified":"2025-08-19T20:28:53+00:00","mainEntityOfPage":{"@id":"https:\/\/schoenstatt.com\/de\/immaculata-voll-der-gnade\/"},"wordCount":716,"publisher":{"@id":"https:\/\/schoenstatt.com\/de\/#organization"},"image":{"@id":"https:\/\/schoenstatt.com\/de\/immaculata-voll-der-gnade\/#primaryimage"},"thumbnailUrl":"https:\/\/schoenstatt.com\/wp-content\/uploads\/2021\/11\/pictures-131-e1638176842987-1.bmp","keywords":["Maria"],"articleSection":["Kirche","Spiritualit\u00e4t"],"inLanguage":"de"},{"@type":"WebPage","@id":"https:\/\/schoenstatt.com\/de\/immaculata-voll-der-gnade\/","url":"https:\/\/schoenstatt.com\/de\/immaculata-voll-der-gnade\/","name":"Immaculata: Voll der Gnade - Schoenstatt","isPartOf":{"@id":"https:\/\/schoenstatt.com\/de\/#website"},"primaryImageOfPage":{"@id":"https:\/\/schoenstatt.com\/de\/immaculata-voll-der-gnade\/#primaryimage"},"image":{"@id":"https:\/\/schoenstatt.com\/de\/immaculata-voll-der-gnade\/#primaryimage"},"thumbnailUrl":"https:\/\/schoenstatt.com\/wp-content\/uploads\/2021\/11\/pictures-131-e1638176842987-1.bmp","datePublished":"2021-12-08T07:00:47+00:00","dateModified":"2025-08-19T20:28:53+00:00","description":"In der Seligen Jungfrau, gab es keine S\u00fcnde, sie war einfach ein Werkzeug der Liebe. Ihre Pr\u00e4senz ist diskret, still und transparent.","breadcrumb":{"@id":"https:\/\/schoenstatt.com\/de\/immaculata-voll-der-gnade\/#breadcrumb"},"inLanguage":"de","potentialAction":[{"@type":"ReadAction","target":["https:\/\/schoenstatt.com\/de\/immaculata-voll-der-gnade\/"]}]},{"@type":"ImageObject","inLanguage":"de","@id":"https:\/\/schoenstatt.com\/de\/immaculata-voll-der-gnade\/#primaryimage","url":"https:\/\/schoenstatt.com\/wp-content\/uploads\/2021\/11\/pictures-131-e1638176842987-1.bmp","contentUrl":"https:\/\/schoenstatt.com\/wp-content\/uploads\/2021\/11\/pictures-131-e1638176842987-1.bmp","width":703,"height":727,"caption":"Mary Immaculate"},{"@type":"BreadcrumbList","@id":"https:\/\/schoenstatt.com\/de\/immaculata-voll-der-gnade\/#breadcrumb","itemListElement":[{"@type":"ListItem","position":1,"name":"Portada","item":"https:\/\/schoenstatt.com\/de\/home\/"},{"@type":"ListItem","position":2,"name":"Immaculata: Voll der Gnade"}]},{"@type":"WebSite","@id":"https:\/\/schoenstatt.com\/de\/#website","url":"https:\/\/schoenstatt.com\/de\/","name":"Schoenstatt","description":"Apostolic Movement","publisher":{"@id":"https:\/\/schoenstatt.com\/de\/#organization"},"potentialAction":[{"@type":"SearchAction","target":{"@type":"EntryPoint","urlTemplate":"https:\/\/schoenstatt.com\/de\/?s={search_term_string}"},"query-input":{"@type":"PropertyValueSpecification","valueRequired":true,"valueName":"search_term_string"}}],"inLanguage":"de"},{"@type":"Organization","@id":"https:\/\/schoenstatt.com\/de\/#organization","name":"Schoenstatt","url":"https:\/\/schoenstatt.com\/de\/","logo":{"@type":"ImageObject","inLanguage":"de","@id":"https:\/\/schoenstatt.com\/de\/#\/schema\/logo\/image\/","url":"https:\/\/schoenstatt.com\/wp-content\/uploads\/2025\/04\/logo-schoenstatt-white-696x696-1.png","contentUrl":"https:\/\/schoenstatt.com\/wp-content\/uploads\/2025\/04\/logo-schoenstatt-white-696x696-1.png","width":696,"height":694,"caption":"Schoenstatt"},"image":{"@id":"https:\/\/schoenstatt.com\/de\/#\/schema\/logo\/image\/"}},{"@type":"Person","@id":"https:\/\/schoenstatt.com\/de\/#\/schema\/person\/489465b1850e7b216fe2c10dfc262551","name":"admin","image":{"@type":"ImageObject","inLanguage":"de","@id":"https:\/\/secure.gravatar.com\/avatar\/02e8345e1ec40ab0e0a2a98fdde64a684bbaf994cddcb778b25b8b024ee9dfe6?s=96&d=mm&r=g","url":"https:\/\/secure.gravatar.com\/avatar\/02e8345e1ec40ab0e0a2a98fdde64a684bbaf994cddcb778b25b8b024ee9dfe6?s=96&d=mm&r=g","contentUrl":"https:\/\/secure.gravatar.com\/avatar\/02e8345e1ec40ab0e0a2a98fdde64a684bbaf994cddcb778b25b8b024ee9dfe6?s=96&d=mm&r=g","caption":"admin"},"sameAs":["https:\/\/schoenstatt.com"],"url":"https:\/\/schoenstatt.com\/de\/author\/admin\/"}]}},"_links":{"self":[{"href":"https:\/\/schoenstatt.com\/de\/wp-json\/wp\/v2\/posts\/22132","targetHints":{"allow":["GET"]}}],"collection":[{"href":"https:\/\/schoenstatt.com\/de\/wp-json\/wp\/v2\/posts"}],"about":[{"href":"https:\/\/schoenstatt.com\/de\/wp-json\/wp\/v2\/types\/post"}],"author":[{"embeddable":true,"href":"https:\/\/schoenstatt.com\/de\/wp-json\/wp\/v2\/users\/1"}],"replies":[{"embeddable":true,"href":"https:\/\/schoenstatt.com\/de\/wp-json\/wp\/v2\/comments?post=22132"}],"version-history":[{"count":2,"href":"https:\/\/schoenstatt.com\/de\/wp-json\/wp\/v2\/posts\/22132\/revisions"}],"predecessor-version":[{"id":62781,"href":"https:\/\/schoenstatt.com\/de\/wp-json\/wp\/v2\/posts\/22132\/revisions\/62781"}],"wp:featuredmedia":[{"embeddable":true,"href":"https:\/\/schoenstatt.com\/de\/wp-json\/wp\/v2\/media\/21823"}],"wp:attachment":[{"href":"https:\/\/schoenstatt.com\/de\/wp-json\/wp\/v2\/media?parent=22132"}],"wp:term":[{"taxonomy":"category","embeddable":true,"href":"https:\/\/schoenstatt.com\/de\/wp-json\/wp\/v2\/categories?post=22132"},{"taxonomy":"post_tag","embeddable":true,"href":"https:\/\/schoenstatt.com\/de\/wp-json\/wp\/v2\/tags?post=22132"}],"curies":[{"name":"wp","href":"https:\/\/api.w.org\/{rel}","templated":true}]}}