{"id":21879,"date":"2021-12-03T08:00:55","date_gmt":"2021-12-03T07:00:55","guid":{"rendered":"https:\/\/schoenstatt.com\/?p=21879"},"modified":"2025-08-18T17:36:00","modified_gmt":"2025-08-18T15:36:00","slug":"ciees-2021-internationaler-kongress-der-schoenstatt-unternehmer","status":"publish","type":"post","link":"https:\/\/schoenstatt.com\/de\/ciees-2021-internationaler-kongress-der-schoenstatt-unternehmer\/","title":{"rendered":"CIEES 2021: Internationaler Kongress der Sch\u00f6nstatt-Unternehmer"},"content":{"rendered":"<p>150 F\u00fchrungskr\u00e4fte aus Wirtschaft und Arbeitswelt nahmen mit Begeisterung am VI. Internationalen Kongress der Sch\u00f6nstatt-Gemeinschaft der Unternehmer und F\u00fchrungskr\u00e4fte (CIEES) teil, der am 5. und 6. November von Santiago de Chile aus im Online-Format stattfand.<\/p>\n<p>Das zweit\u00e4gige Treffen stand unter dem Motto \u201eMissionare vom Heiligtum in die Arbeitswelt&#8220; und wurde von Teilnehmern aus 12 L\u00e4ndern und 14 CIEES-Gemeinschaften besucht.<\/p>\n<p>\u201eJede Gemeinschaft konnte ihre Fr\u00fcchte, Initiativen und Apostolate der letzten 10 Jahre vorstellen, was zu einer gro\u00dfen Beteiligung f\u00fchrte&#8220;, sagte Francisco Contardo, Pr\u00e4sident des CIEES Chile, der bei der Veranstaltung den internationalen Vorsitz der Organisation \u00fcbernahm.<\/p>\n<p>\u201eWir hatten ausgezeichnete Redner, die zu uns \u00fcber Autorit\u00e4t, Zielsetzung und Bindung sprachen, mit dem Schwerpunkt, von Sch\u00f6nstatt aus in die Kirche und die Welt hinauszugehen, wie Pater Kentenich es von uns verlangt hat&#8220;, so Contardo.<\/p>\n<p><img fetchpriority=\"high\" decoding=\"async\" class=\"aligncenter wp-image-21862 size-full\" src=\"https:\/\/schoenstatt.com\/wp-content\/uploads\/2021\/11\/Ciees.jpg\" alt=\"Internationaler Kongress CIEES 2021\" width=\"1280\" height=\"960\" \/><\/p>\n<p>Der Kongress war besonders dynamisch, da er auch Workshops umfasste, die vom Team der CIEES-Ausbildungsdirektion unter der Leitung von Paola G\u00f3mez vorbereitet wurden, mit einem Dutzend Moderatoren, die die Gruppenarbeit in R\u00e4umen leiteten. \u201eSie nutzt eine moderne Plattform, die es uns erm\u00f6glichte, sofort Meinungen und Trends zu erhalten, was es uns erleichterte, schnell Schlussfolgerungen zu ziehen&#8220;, so Paola G\u00f3mez.<\/p>\n<p>Bei dieser Gelegenheit zog der scheidende Pr\u00e4sident von CIEES International, Carlos Pampliega, eine Bilanz der wichtigsten Errungenschaften der letzten zwei Jahre und dankte f\u00fcr die Unterst\u00fctzung aus allen L\u00e4ndern.<\/p>\n<p><img decoding=\"async\" class=\"alignleft wp-image-21868 size-medium\" src=\"https:\/\/schoenstatt.com\/wp-content\/uploads\/2021\/11\/Ciees-3-300x225.jpg\" alt=\"Internationaler Kongress CIEES\" width=\"300\" height=\"225\" \/>Auf dem Kongress, mit dem das 10-j\u00e4hrige Bestehen des CIEES gefeiert wurde, gab Pater Rafael Fern\u00e1ndez, der zusammen mit einer Gruppe von Laien diese Organisation gegr\u00fcndet hat, ein Zeugnis ab und wurde f\u00fcr sein jahrelanges Engagement gedankt. Geehrt wurde auch Christian Ketterer, der nach einer herausragenden Karriere, in der er die Bildung von Gemeinschaften in ganz Lateinamerika f\u00f6rderte und unterst\u00fctzte, als Exekutivdirektor zur\u00fccktrat.<\/p>\n<p>Schoenstatt International hat Francisco Contardo, den neuen Pr\u00e4sidenten von CIEES International, interviewt. Im Folgenden finden Sie eine Abschrift des Interviews:<\/p>\n<h3>Welchen Einfluss k\u00f6nnen dieser Kongress und der CIEES selbst auf einen gerechteren Umgang mit sozialen Fragen in der Arbeitswelt haben?<\/h3>\n<p>Man k\u00f6nnte meinen, es handele sich um einen Mikroansatz, aber das ist nicht der Fall. Die Pr\u00e4sentationen sprachen von Stimmigkeit und insbesondere von der Behandlung der Mitarbeiter der Organisation nach dem Vorbild des heiligen Josef in seinem Jahr. So wurden zahlreiche Beispiele entwickelt, die uns herausforderten und bei denen wir erkannten, wie weit wir gekommen sind, aber auch, wo wir Fehler gemacht haben und wo wir fairer sein m\u00fcssen. In den Workshops \u00e4u\u00dferten viele der Teilnehmer bereits konkrete Ver\u00e4nderungen und Ma\u00dfnahmen f\u00fcr mehr Gerechtigkeit in ihren Organisationen.<\/p>\n<h3>Wie entwickelt sich der CIEES?<\/h3>\n<p><img decoding=\"async\" class=\"alignright wp-image-21872 size-medium\" src=\"https:\/\/schoenstatt.com\/wp-content\/uploads\/2021\/11\/Ciees-4-300x225.jpg\" alt=\"Internationaler Kongress \" width=\"300\" height=\"225\" \/>Obwohl nicht alle CIEES-Mitglieder daran teilnahmen, hat sich die Botschaft bereits unter ihnen verbreitet, und heute sind wir 290 registrierte Teilnehmer, die 5.320 Menschen direkt betreffen. Die positiven Auswirkungen sind also viel gr\u00f6\u00dfer, als man auf den ersten Blick vermuten k\u00f6nnte. Deshalb ist es so wichtig, in der Mission weiterzumachen, mehr L\u00e4nder und Gemeinschaften zu erreichen.\u00a0 Sch\u00f6nstatt und unsere Kirche, wir k\u00f6nnen sie auch bei der Arbeit leben!<\/p>\n<h3>Welchen Beitrag leistete Pater Rafael Fern\u00e1ndez zu diesem Treffen?<\/h3>\n<p>Pater Rafael Fern\u00e1ndez gab uns einen \u00dcberblick \u00fcber die Geschichte des CIEES, wie er aus einem Treffen im Heiligtum von Bellavista in Chile hervorging, das im weitesten Sinne f\u00fcr die Arbeitswelt bestimmt war, und wo einer der Teilnehmer, Eduardo Jurado, der aus Ecuador kam, ihm die Idee unterbreitete, eine Instanz von Sch\u00f6nstatt-Gesch\u00e4ftsleuten und F\u00fchrungskr\u00e4ften zu bilden; und so begann diese Geschichte. Ein Jahr sp\u00e4ter fand der erste internationale CIEES-Kongress in Guayaquil statt.<\/p>\n<h3>Welche Herausforderungen hat Pater Rafael angesprochen?<\/h3>\n<p>Pater Rafael wies darauf hin, dass es nun an der Zeit sei, dass die Laien ihre Apostolate in der realen Welt anf\u00fchren. Und er forderte uns auf, diesen Auftrag auch in der Welt der Kommunikation umzusetzen. Dort, wo er ein Pionier in der Verbreitung der P\u00e4dagogik Pater Kentenichs war, bittet er uns Laien, die Herausforderung anzunehmen.<\/p>\n<p><a href=\"https:\/\/cieesinternacional.org\/\" target=\"_blank\" rel=\"noopener\">https:\/\/cieesinternacional.org\/<\/a><\/p>\n","protected":false},"excerpt":{"rendered":"<p>150 F\u00fchrungskr\u00e4fte aus 12 L\u00e4ndern verpflichten sich, als Missionare vom Heiligtum aus in die Arbeitswelt zu gehen<\/p>\n","protected":false},"author":1,"featured_media":21863,"comment_status":"closed","ping_status":"open","sticky":false,"template":"","format":"standard","meta":{"footnotes":""},"categories":[910,660],"tags":[1144,926],"class_list":["post-21879","post","type-post","status-publish","format-standard","has-post-thumbnail","hentry","category-gesellschaft-de","category-veranstaltungen-de","tag-gemeinschaft-der-unternehmer-und-fuhrungskrafte-schonstatts-ciees-de","tag-schonstatt-chile-de"],"yoast_head":"<!-- This site is optimized with the Yoast SEO Premium plugin v27.4 (Yoast SEO v27.5) - https:\/\/yoast.com\/product\/yoast-seo-premium-wordpress\/ -->\n<title>CIEES 2021: Internationaler Kongress der Sch\u00f6nstatt-Unternehmer - Schoenstatt<\/title>\n<meta name=\"description\" content=\"VI. Internationale Kongress CIEES 2021: Themen wie Autorit\u00e4t, Verbindungen, Stimmigkeit und Nachhaltigkeit im Lichte der Kentenich-P\u00e4dagogik.\" \/>\n<meta name=\"robots\" content=\"index, follow, max-snippet:-1, max-image-preview:large, max-video-preview:-1\" \/>\n<link rel=\"canonical\" href=\"https:\/\/schoenstatt.com\/de\/ciees-2021-internationaler-kongress-der-schoenstatt-unternehmer\/\" \/>\n<meta property=\"og:locale\" content=\"de_DE\" \/>\n<meta property=\"og:type\" content=\"article\" \/>\n<meta property=\"og:title\" content=\"CIEES 2021: Internationaler Kongress der Sch\u00f6nstatt-Unternehmer\" \/>\n<meta property=\"og:description\" content=\"VI. Internationale Kongress CIEES 2021: Themen wie Autorit\u00e4t, Verbindungen, Stimmigkeit und Nachhaltigkeit im Lichte der Kentenich-P\u00e4dagogik.\" \/>\n<meta property=\"og:url\" content=\"https:\/\/schoenstatt.com\/de\/ciees-2021-internationaler-kongress-der-schoenstatt-unternehmer\/\" \/>\n<meta property=\"og:site_name\" content=\"Schoenstatt\" \/>\n<meta property=\"article:published_time\" content=\"2021-12-03T07:00:55+00:00\" \/>\n<meta property=\"article:modified_time\" content=\"2025-08-18T15:36:00+00:00\" \/>\n<meta property=\"og:image\" content=\"https:\/\/schoenstatt.com\/wp-content\/uploads\/2021\/11\/Ciees-2-1.jpg\" \/>\n\t<meta property=\"og:image:width\" content=\"1024\" \/>\n\t<meta property=\"og:image:height\" content=\"768\" \/>\n\t<meta property=\"og:image:type\" content=\"image\/jpeg\" \/>\n<meta name=\"author\" content=\"admin\" \/>\n<meta name=\"twitter:card\" content=\"summary_large_image\" \/>\n<meta name=\"twitter:label1\" content=\"Verfasst von\" \/>\n\t<meta name=\"twitter:data1\" content=\"admin\" \/>\n\t<meta name=\"twitter:label2\" content=\"Gesch\u00e4tzte Lesezeit\" \/>\n\t<meta name=\"twitter:data2\" content=\"4\u00a0Minuten\" \/>\n<script type=\"application\/ld+json\" class=\"yoast-schema-graph\">{\"@context\":\"https:\\\/\\\/schema.org\",\"@graph\":[{\"@type\":\"Article\",\"@id\":\"https:\\\/\\\/schoenstatt.com\\\/de\\\/ciees-2021-internationaler-kongress-der-schoenstatt-unternehmer\\\/#article\",\"isPartOf\":{\"@id\":\"https:\\\/\\\/schoenstatt.com\\\/de\\\/ciees-2021-internationaler-kongress-der-schoenstatt-unternehmer\\\/\"},\"author\":{\"name\":\"admin\",\"@id\":\"https:\\\/\\\/schoenstatt.com\\\/de\\\/#\\\/schema\\\/person\\\/489465b1850e7b216fe2c10dfc262551\"},\"headline\":\"CIEES 2021: Internationaler Kongress der Sch\u00f6nstatt-Unternehmer\",\"datePublished\":\"2021-12-03T07:00:55+00:00\",\"dateModified\":\"2025-08-18T15:36:00+00:00\",\"mainEntityOfPage\":{\"@id\":\"https:\\\/\\\/schoenstatt.com\\\/de\\\/ciees-2021-internationaler-kongress-der-schoenstatt-unternehmer\\\/\"},\"wordCount\":678,\"publisher\":{\"@id\":\"https:\\\/\\\/schoenstatt.com\\\/de\\\/#organization\"},\"image\":{\"@id\":\"https:\\\/\\\/schoenstatt.com\\\/de\\\/ciees-2021-internationaler-kongress-der-schoenstatt-unternehmer\\\/#primaryimage\"},\"thumbnailUrl\":\"https:\\\/\\\/schoenstatt.com\\\/wp-content\\\/uploads\\\/2021\\\/11\\\/Ciees-2-1.jpg\",\"keywords\":[\"Gemeinschaft der Unternehmer und F\u00fchrungskr\u00e4fte Sch\u00f6nstatts (CIEES)\",\"Sch\u00f6nstatt Chile\"],\"articleSection\":[\"Gesellschaft\",\"Veranstaltungen\"],\"inLanguage\":\"de\"},{\"@type\":\"WebPage\",\"@id\":\"https:\\\/\\\/schoenstatt.com\\\/de\\\/ciees-2021-internationaler-kongress-der-schoenstatt-unternehmer\\\/\",\"url\":\"https:\\\/\\\/schoenstatt.com\\\/de\\\/ciees-2021-internationaler-kongress-der-schoenstatt-unternehmer\\\/\",\"name\":\"CIEES 2021: Internationaler Kongress der Sch\u00f6nstatt-Unternehmer - Schoenstatt\",\"isPartOf\":{\"@id\":\"https:\\\/\\\/schoenstatt.com\\\/de\\\/#website\"},\"primaryImageOfPage\":{\"@id\":\"https:\\\/\\\/schoenstatt.com\\\/de\\\/ciees-2021-internationaler-kongress-der-schoenstatt-unternehmer\\\/#primaryimage\"},\"image\":{\"@id\":\"https:\\\/\\\/schoenstatt.com\\\/de\\\/ciees-2021-internationaler-kongress-der-schoenstatt-unternehmer\\\/#primaryimage\"},\"thumbnailUrl\":\"https:\\\/\\\/schoenstatt.com\\\/wp-content\\\/uploads\\\/2021\\\/11\\\/Ciees-2-1.jpg\",\"datePublished\":\"2021-12-03T07:00:55+00:00\",\"dateModified\":\"2025-08-18T15:36:00+00:00\",\"description\":\"VI. Internationale Kongress CIEES 2021: Themen wie Autorit\u00e4t, Verbindungen, Stimmigkeit und Nachhaltigkeit im Lichte der Kentenich-P\u00e4dagogik.\",\"breadcrumb\":{\"@id\":\"https:\\\/\\\/schoenstatt.com\\\/de\\\/ciees-2021-internationaler-kongress-der-schoenstatt-unternehmer\\\/#breadcrumb\"},\"inLanguage\":\"de\",\"potentialAction\":[{\"@type\":\"ReadAction\",\"target\":[\"https:\\\/\\\/schoenstatt.com\\\/de\\\/ciees-2021-internationaler-kongress-der-schoenstatt-unternehmer\\\/\"]}]},{\"@type\":\"ImageObject\",\"inLanguage\":\"de\",\"@id\":\"https:\\\/\\\/schoenstatt.com\\\/de\\\/ciees-2021-internationaler-kongress-der-schoenstatt-unternehmer\\\/#primaryimage\",\"url\":\"https:\\\/\\\/schoenstatt.com\\\/wp-content\\\/uploads\\\/2021\\\/11\\\/Ciees-2-1.jpg\",\"contentUrl\":\"https:\\\/\\\/schoenstatt.com\\\/wp-content\\\/uploads\\\/2021\\\/11\\\/Ciees-2-1.jpg\",\"width\":1024,\"height\":768,\"caption\":\"CIEES 2021\"},{\"@type\":\"BreadcrumbList\",\"@id\":\"https:\\\/\\\/schoenstatt.com\\\/de\\\/ciees-2021-internationaler-kongress-der-schoenstatt-unternehmer\\\/#breadcrumb\",\"itemListElement\":[{\"@type\":\"ListItem\",\"position\":1,\"name\":\"Portada\",\"item\":\"https:\\\/\\\/schoenstatt.com\\\/de\\\/home\\\/\"},{\"@type\":\"ListItem\",\"position\":2,\"name\":\"CIEES 2021: Internationaler Kongress der Sch\u00f6nstatt-Unternehmer\"}]},{\"@type\":\"WebSite\",\"@id\":\"https:\\\/\\\/schoenstatt.com\\\/de\\\/#website\",\"url\":\"https:\\\/\\\/schoenstatt.com\\\/de\\\/\",\"name\":\"Schoenstatt\",\"description\":\"Apostolic Movement\",\"publisher\":{\"@id\":\"https:\\\/\\\/schoenstatt.com\\\/de\\\/#organization\"},\"potentialAction\":[{\"@type\":\"SearchAction\",\"target\":{\"@type\":\"EntryPoint\",\"urlTemplate\":\"https:\\\/\\\/schoenstatt.com\\\/de\\\/?s={search_term_string}\"},\"query-input\":{\"@type\":\"PropertyValueSpecification\",\"valueRequired\":true,\"valueName\":\"search_term_string\"}}],\"inLanguage\":\"de\"},{\"@type\":\"Organization\",\"@id\":\"https:\\\/\\\/schoenstatt.com\\\/de\\\/#organization\",\"name\":\"Schoenstatt\",\"url\":\"https:\\\/\\\/schoenstatt.com\\\/de\\\/\",\"logo\":{\"@type\":\"ImageObject\",\"inLanguage\":\"de\",\"@id\":\"https:\\\/\\\/schoenstatt.com\\\/de\\\/#\\\/schema\\\/logo\\\/image\\\/\",\"url\":\"https:\\\/\\\/schoenstatt.com\\\/wp-content\\\/uploads\\\/2025\\\/04\\\/logo-schoenstatt-white-696x696-1.png\",\"contentUrl\":\"https:\\\/\\\/schoenstatt.com\\\/wp-content\\\/uploads\\\/2025\\\/04\\\/logo-schoenstatt-white-696x696-1.png\",\"width\":696,\"height\":694,\"caption\":\"Schoenstatt\"},\"image\":{\"@id\":\"https:\\\/\\\/schoenstatt.com\\\/de\\\/#\\\/schema\\\/logo\\\/image\\\/\"}},{\"@type\":\"Person\",\"@id\":\"https:\\\/\\\/schoenstatt.com\\\/de\\\/#\\\/schema\\\/person\\\/489465b1850e7b216fe2c10dfc262551\",\"name\":\"admin\",\"image\":{\"@type\":\"ImageObject\",\"inLanguage\":\"de\",\"@id\":\"https:\\\/\\\/secure.gravatar.com\\\/avatar\\\/02e8345e1ec40ab0e0a2a98fdde64a684bbaf994cddcb778b25b8b024ee9dfe6?s=96&d=mm&r=g\",\"url\":\"https:\\\/\\\/secure.gravatar.com\\\/avatar\\\/02e8345e1ec40ab0e0a2a98fdde64a684bbaf994cddcb778b25b8b024ee9dfe6?s=96&d=mm&r=g\",\"contentUrl\":\"https:\\\/\\\/secure.gravatar.com\\\/avatar\\\/02e8345e1ec40ab0e0a2a98fdde64a684bbaf994cddcb778b25b8b024ee9dfe6?s=96&d=mm&r=g\",\"caption\":\"admin\"},\"sameAs\":[\"https:\\\/\\\/schoenstatt.com\"],\"url\":\"https:\\\/\\\/schoenstatt.com\\\/de\\\/author\\\/admin\\\/\"}]}<\/script>\n<!-- \/ Yoast SEO Premium plugin. -->","yoast_head_json":{"title":"CIEES 2021: Internationaler Kongress der Sch\u00f6nstatt-Unternehmer - Schoenstatt","description":"VI. Internationale Kongress CIEES 2021: Themen wie Autorit\u00e4t, Verbindungen, Stimmigkeit und Nachhaltigkeit im Lichte der Kentenich-P\u00e4dagogik.","robots":{"index":"index","follow":"follow","max-snippet":"max-snippet:-1","max-image-preview":"max-image-preview:large","max-video-preview":"max-video-preview:-1"},"canonical":"https:\/\/schoenstatt.com\/de\/ciees-2021-internationaler-kongress-der-schoenstatt-unternehmer\/","og_locale":"de_DE","og_type":"article","og_title":"CIEES 2021: Internationaler Kongress der Sch\u00f6nstatt-Unternehmer","og_description":"VI. Internationale Kongress CIEES 2021: Themen wie Autorit\u00e4t, Verbindungen, Stimmigkeit und Nachhaltigkeit im Lichte der Kentenich-P\u00e4dagogik.","og_url":"https:\/\/schoenstatt.com\/de\/ciees-2021-internationaler-kongress-der-schoenstatt-unternehmer\/","og_site_name":"Schoenstatt","article_published_time":"2021-12-03T07:00:55+00:00","article_modified_time":"2025-08-18T15:36:00+00:00","og_image":[{"width":1024,"height":768,"url":"https:\/\/schoenstatt.com\/wp-content\/uploads\/2021\/11\/Ciees-2-1.jpg","type":"image\/jpeg"}],"author":"admin","twitter_card":"summary_large_image","twitter_misc":{"Verfasst von":"admin","Gesch\u00e4tzte Lesezeit":"4\u00a0Minuten"},"schema":{"@context":"https:\/\/schema.org","@graph":[{"@type":"Article","@id":"https:\/\/schoenstatt.com\/de\/ciees-2021-internationaler-kongress-der-schoenstatt-unternehmer\/#article","isPartOf":{"@id":"https:\/\/schoenstatt.com\/de\/ciees-2021-internationaler-kongress-der-schoenstatt-unternehmer\/"},"author":{"name":"admin","@id":"https:\/\/schoenstatt.com\/de\/#\/schema\/person\/489465b1850e7b216fe2c10dfc262551"},"headline":"CIEES 2021: Internationaler Kongress der Sch\u00f6nstatt-Unternehmer","datePublished":"2021-12-03T07:00:55+00:00","dateModified":"2025-08-18T15:36:00+00:00","mainEntityOfPage":{"@id":"https:\/\/schoenstatt.com\/de\/ciees-2021-internationaler-kongress-der-schoenstatt-unternehmer\/"},"wordCount":678,"publisher":{"@id":"https:\/\/schoenstatt.com\/de\/#organization"},"image":{"@id":"https:\/\/schoenstatt.com\/de\/ciees-2021-internationaler-kongress-der-schoenstatt-unternehmer\/#primaryimage"},"thumbnailUrl":"https:\/\/schoenstatt.com\/wp-content\/uploads\/2021\/11\/Ciees-2-1.jpg","keywords":["Gemeinschaft der Unternehmer und F\u00fchrungskr\u00e4fte Sch\u00f6nstatts (CIEES)","Sch\u00f6nstatt Chile"],"articleSection":["Gesellschaft","Veranstaltungen"],"inLanguage":"de"},{"@type":"WebPage","@id":"https:\/\/schoenstatt.com\/de\/ciees-2021-internationaler-kongress-der-schoenstatt-unternehmer\/","url":"https:\/\/schoenstatt.com\/de\/ciees-2021-internationaler-kongress-der-schoenstatt-unternehmer\/","name":"CIEES 2021: Internationaler Kongress der Sch\u00f6nstatt-Unternehmer - Schoenstatt","isPartOf":{"@id":"https:\/\/schoenstatt.com\/de\/#website"},"primaryImageOfPage":{"@id":"https:\/\/schoenstatt.com\/de\/ciees-2021-internationaler-kongress-der-schoenstatt-unternehmer\/#primaryimage"},"image":{"@id":"https:\/\/schoenstatt.com\/de\/ciees-2021-internationaler-kongress-der-schoenstatt-unternehmer\/#primaryimage"},"thumbnailUrl":"https:\/\/schoenstatt.com\/wp-content\/uploads\/2021\/11\/Ciees-2-1.jpg","datePublished":"2021-12-03T07:00:55+00:00","dateModified":"2025-08-18T15:36:00+00:00","description":"VI. Internationale Kongress CIEES 2021: Themen wie Autorit\u00e4t, Verbindungen, Stimmigkeit und Nachhaltigkeit im Lichte der Kentenich-P\u00e4dagogik.","breadcrumb":{"@id":"https:\/\/schoenstatt.com\/de\/ciees-2021-internationaler-kongress-der-schoenstatt-unternehmer\/#breadcrumb"},"inLanguage":"de","potentialAction":[{"@type":"ReadAction","target":["https:\/\/schoenstatt.com\/de\/ciees-2021-internationaler-kongress-der-schoenstatt-unternehmer\/"]}]},{"@type":"ImageObject","inLanguage":"de","@id":"https:\/\/schoenstatt.com\/de\/ciees-2021-internationaler-kongress-der-schoenstatt-unternehmer\/#primaryimage","url":"https:\/\/schoenstatt.com\/wp-content\/uploads\/2021\/11\/Ciees-2-1.jpg","contentUrl":"https:\/\/schoenstatt.com\/wp-content\/uploads\/2021\/11\/Ciees-2-1.jpg","width":1024,"height":768,"caption":"CIEES 2021"},{"@type":"BreadcrumbList","@id":"https:\/\/schoenstatt.com\/de\/ciees-2021-internationaler-kongress-der-schoenstatt-unternehmer\/#breadcrumb","itemListElement":[{"@type":"ListItem","position":1,"name":"Portada","item":"https:\/\/schoenstatt.com\/de\/home\/"},{"@type":"ListItem","position":2,"name":"CIEES 2021: Internationaler Kongress der Sch\u00f6nstatt-Unternehmer"}]},{"@type":"WebSite","@id":"https:\/\/schoenstatt.com\/de\/#website","url":"https:\/\/schoenstatt.com\/de\/","name":"Schoenstatt","description":"Apostolic Movement","publisher":{"@id":"https:\/\/schoenstatt.com\/de\/#organization"},"potentialAction":[{"@type":"SearchAction","target":{"@type":"EntryPoint","urlTemplate":"https:\/\/schoenstatt.com\/de\/?s={search_term_string}"},"query-input":{"@type":"PropertyValueSpecification","valueRequired":true,"valueName":"search_term_string"}}],"inLanguage":"de"},{"@type":"Organization","@id":"https:\/\/schoenstatt.com\/de\/#organization","name":"Schoenstatt","url":"https:\/\/schoenstatt.com\/de\/","logo":{"@type":"ImageObject","inLanguage":"de","@id":"https:\/\/schoenstatt.com\/de\/#\/schema\/logo\/image\/","url":"https:\/\/schoenstatt.com\/wp-content\/uploads\/2025\/04\/logo-schoenstatt-white-696x696-1.png","contentUrl":"https:\/\/schoenstatt.com\/wp-content\/uploads\/2025\/04\/logo-schoenstatt-white-696x696-1.png","width":696,"height":694,"caption":"Schoenstatt"},"image":{"@id":"https:\/\/schoenstatt.com\/de\/#\/schema\/logo\/image\/"}},{"@type":"Person","@id":"https:\/\/schoenstatt.com\/de\/#\/schema\/person\/489465b1850e7b216fe2c10dfc262551","name":"admin","image":{"@type":"ImageObject","inLanguage":"de","@id":"https:\/\/secure.gravatar.com\/avatar\/02e8345e1ec40ab0e0a2a98fdde64a684bbaf994cddcb778b25b8b024ee9dfe6?s=96&d=mm&r=g","url":"https:\/\/secure.gravatar.com\/avatar\/02e8345e1ec40ab0e0a2a98fdde64a684bbaf994cddcb778b25b8b024ee9dfe6?s=96&d=mm&r=g","contentUrl":"https:\/\/secure.gravatar.com\/avatar\/02e8345e1ec40ab0e0a2a98fdde64a684bbaf994cddcb778b25b8b024ee9dfe6?s=96&d=mm&r=g","caption":"admin"},"sameAs":["https:\/\/schoenstatt.com"],"url":"https:\/\/schoenstatt.com\/de\/author\/admin\/"}]}},"_links":{"self":[{"href":"https:\/\/schoenstatt.com\/de\/wp-json\/wp\/v2\/posts\/21879","targetHints":{"allow":["GET"]}}],"collection":[{"href":"https:\/\/schoenstatt.com\/de\/wp-json\/wp\/v2\/posts"}],"about":[{"href":"https:\/\/schoenstatt.com\/de\/wp-json\/wp\/v2\/types\/post"}],"author":[{"embeddable":true,"href":"https:\/\/schoenstatt.com\/de\/wp-json\/wp\/v2\/users\/1"}],"replies":[{"embeddable":true,"href":"https:\/\/schoenstatt.com\/de\/wp-json\/wp\/v2\/comments?post=21879"}],"version-history":[{"count":1,"href":"https:\/\/schoenstatt.com\/de\/wp-json\/wp\/v2\/posts\/21879\/revisions"}],"predecessor-version":[{"id":44839,"href":"https:\/\/schoenstatt.com\/de\/wp-json\/wp\/v2\/posts\/21879\/revisions\/44839"}],"wp:featuredmedia":[{"embeddable":true,"href":"https:\/\/schoenstatt.com\/de\/wp-json\/wp\/v2\/media\/21863"}],"wp:attachment":[{"href":"https:\/\/schoenstatt.com\/de\/wp-json\/wp\/v2\/media?parent=21879"}],"wp:term":[{"taxonomy":"category","embeddable":true,"href":"https:\/\/schoenstatt.com\/de\/wp-json\/wp\/v2\/categories?post=21879"},{"taxonomy":"post_tag","embeddable":true,"href":"https:\/\/schoenstatt.com\/de\/wp-json\/wp\/v2\/tags?post=21879"}],"curies":[{"name":"wp","href":"https:\/\/api.w.org\/{rel}","templated":true}]}}