{"id":21584,"date":"2021-11-26T08:00:58","date_gmt":"2021-11-26T07:00:58","guid":{"rendered":"https:\/\/schoenstatt.com\/?p=21584"},"modified":"2025-08-19T02:29:58","modified_gmt":"2025-08-19T00:29:58","slug":"neu-schoenstatt-argentinien-vater-heiligtum-zeugnis-des-kreuzes-und-des-sieges-mariens-teil-i","status":"publish","type":"post","link":"https:\/\/schoenstatt.com\/de\/neu-schoenstatt-argentinien-vater-heiligtum-zeugnis-des-kreuzes-und-des-sieges-mariens-teil-i\/","title":{"rendered":"Neu-Sch\u00f6nstatt, Argentinien: Vater-Heiligtum, Zeugnis des Kreuzes und des Sieges Mariens &#8211; Teil I"},"content":{"rendered":"<h3>Panorama<\/h3>\n<p>Die Schwestern in Argentinien, wie auch in allen ihren Einrichtungen auf anderen Kontinenten, hatten die Selbsthingabe Pater Kentenichs im Konzentrationslager Dachau als ein tiefes Siegel f\u00fcr das Wirken Gottes in Sch\u00f6nstatt erlebt. So entstand zwischen Pater Kentenich und ihnen eine sehr tiefe Schicksalsverbundenheit. Er hatte darauf verzichtet, menschliche Wege einzuschlagen, die seinen Weg ins Konzentrationslager h\u00e4tten verhindern k\u00f6nnen, damit seine geistigen Kinder die Freiheit der Kinder Gottes erobern konnten.<\/p>\n<p>So wurden auf dem Grundstein des ersten Sch\u00f6nstatt-Heiligtums in Argentinien die Worte eingraviert: \u201eDieses Heiligtum soll f\u00fcr alle Zeiten Garantie und Unterpfand sein, dass der Geist des 20. Januar 1942 in der Familie nicht stirbt.&#8220; Wer h\u00e4tte geahnt, dass am selben Tag die Schwestern in Sch\u00f6nstatt, Deutschland, von der Trennung des Gr\u00fcnders durch das Heilige Offizium erfahren w\u00fcrden?<\/p>\n<h3>Jubil\u00e4um des nationalen Sch\u00f6nstatt-Heiligtums in Argentinien<\/h3>\n<figure id=\"attachment_21523\" aria-describedby=\"caption-attachment-21523\" style=\"width: 693px\" class=\"wp-caption aligncenter\"><img fetchpriority=\"high\" decoding=\"async\" class=\"wp-image-21523 size-full\" src=\"https:\/\/schoenstatt.com\/wp-content\/uploads\/2021\/11\/FV-Santuario.png\" alt=\"Vater Heiligtum, Argentinien\" width=\"693\" height=\"480\" \/><figcaption id=\"caption-attachment-21523\" class=\"wp-caption-text\">Vater &#8211; Heiligtum<\/figcaption><\/figure>\n<p>Das Vater-Heiligtum, das am 20. Januar 1952 von Pater Josef Kentenich eingeweiht wurde, feiert in diesen Tagen sein 70-j\u00e4hriges Bestehen. Das neue Sch\u00f6nstatt in der Ortschaft Florencio Varela, Buenos Aires, wo sich das nationale Sch\u00f6nstatt-Heiligtum befindet, wird der Ort der Feierlichkeiten sein.<\/p>\n<h3>Vater-Heiligtum, woher kommt dein Name?<\/h3>\n<p>Es war nicht das Erste, das nach dem Vorbild des Urheiligtums gebaut wurde. Es war nicht das Zweite und auch nicht das Dritte&#8230; Es hat lange Zeit gebraucht, um ersehnt, gesucht, von Vater geweiht und mit seinen Tr\u00e4nen gesegnet zu werden.<\/p>\n<h3>Zweiter Meilenstein<\/h3>\n<p>Am 20. Januar 1942 &#8211; dem Dreh- und Angelpunkt der Sch\u00f6nstattgeschichte &#8211; kristallisierte sich etwas heraus, das sich entwickelt hatte, wie alles, was Leben hat: die Bindung an den Gr\u00fcnder. Dies vertiefte sich mit seiner Entscheidung, keinen menschlichen Weg zu nehmen, um dem Konzentrationslager zu entkommen, und wurde spontan in den Seelen der Missionsschwestern, die nach ihrer Befreiung aus Dachau Besuch von Pater Kentenich bekamen, erfahrungsm\u00e4\u00dfig festgehalten.<\/p>\n<p>Bei ihrer Ankunft in Nueva Helvecia, Uruguay, wo sich das Provinzhaus der Schwestern von Argentinien-Uruguay vor\u00fcbergehend befand, hatte die Gemeinschaft der Marienschwestern zum ersten Mal Kontakt mit dem Briefmaterial und den geheimen Texten, die w\u00e4hrend der Haftzeit Pater Kentenichs im Koblenzer Gef\u00e4ngnis ausgetauscht worden waren. Der Gr\u00fcnder selbst berichtete \u00fcber die Ereignisse dieser Monate, die in der Entscheidung vom 20. Januar gipfelten. Hinzu kam die Lebenserfahrung seiner verschiedenen Besuche in den Jahren 1947 \u2013 1952.<\/p>\n<h3>Entstehung der Filial-Heiligt\u00fcmer<\/h3>\n<figure id=\"attachment_21559\" aria-describedby=\"caption-attachment-21559\" style=\"width: 300px\" class=\"wp-caption alignleft\"><img decoding=\"async\" class=\"wp-image-21559 size-medium\" src=\"https:\/\/schoenstatt.com\/wp-content\/uploads\/2021\/11\/Uruguay-300x230.png\" alt=\"Heiligtum in Nueva Helvetia - Uruguay\" width=\"300\" height=\"230\" \/><figcaption id=\"caption-attachment-21559\" class=\"wp-caption-text\">Heiligtum in Nueva Helvetia &#8211; Uruguay<\/figcaption><\/figure>\n<p>Im Jahr 1943, als Pater Kentenich in Dachau war, wurde das erste Filial-Heiligtum in Nueva Helvecia, Uruguay, errichtet. Bei seinem ersten Besuch in S\u00fcdamerika brachte der Gr\u00fcnder seine Freude \u00fcber diese Initiative zum Ausdruck und schlug sie den anderen s\u00fcdamerikanischen L\u00e4ndern vor. Ein Filial-Heiligtum wurde 1948 in Santa Maria, Brasilien, 1949 in Santiago de Chile und in Cathcart, S\u00fcdafrika, errichtet.<\/p>\n<figure id=\"attachment_21555\" aria-describedby=\"caption-attachment-21555\" style=\"width: 300px\" class=\"wp-caption alignright\"><img decoding=\"async\" class=\"wp-image-21555 size-medium\" src=\"https:\/\/schoenstatt.com\/wp-content\/uploads\/2021\/11\/Santuario-Uruguay-interior-300x196.png\" alt=\"Heiligtum Uruguay\" width=\"300\" height=\"196\" \/><figcaption id=\"caption-attachment-21555\" class=\"wp-caption-text\">Heiligtum Uruguay<\/figcaption><\/figure>\n<h3>Warum ist das nicht auch in Argentinien geschehen?<\/h3>\n<p>Die g\u00f6ttliche Vorsehung hat vorausgesehen, dass es nicht so einfach sein w\u00fcrde, den endg\u00fcltigen Ort zu finden, um die Schicksalsgemeinschaft zwischen der Familie und dem Gr\u00fcnder noch deutlicher zu machen. Im Mai 1948 verabschiedete sich Pater Kentenich um in den Vereinigten Staaten zu reisen und \u00fcbergab ausdr\u00fccklich die Aufgabe, einen Platz f\u00fcr das Heiligtum zu finden. Es dauerte drei Jahre und acht Monate, die gleiche Zeit, in der er zwischen Gef\u00e4ngnis und Konzentrationslager seiner Freiheit beraubt war, bevor er sie finden und den Kauf wirksam machen konnte. In diesen schwierigen Jahren, wie wir im zweiten und dritten Teil der Geschichte sehen werden, waren die K\u00e4mpfe um die Eroberung des Landes mit denen des Gr\u00fcnders verflochten, der versuchte, das Charisma Sch\u00f6nstatts als ein Angebot Gottes an die Kirche und die Welt zu verstehen.<\/p>\n<p>Er selbst hatte ein Ticket gebucht, um das Heiligtum am 20. Januar 1951 zu segnen, aber es wurde nichts daraus. Erst am 15. August desselben Jahres konnten die Schwestern den Grundstein auf dem Gel\u00e4nde von Neu-Sch\u00f6nstatt legen, wo sich die Mater ter Admirabilis endlich zum ersten Mal in Argentinien niederlassen wollte.<\/p>\n<p>Der Gr\u00fcnder hatte versprochen von \u00fcberall auf der Welt zu kommen, um dieses Heiligtum zu segnen. W\u00fcrde es m\u00f6glich sein, dieses Versprechen zu erf\u00fcllen, wenn er jetzt an Gebote und Verbote gebunden war? Ungewissheit tr\u00fcbte die Freude \u00fcber das, was endlich wahr zu werden schien.<\/p>\n<p>Das Heiligtum wurde mit dem Beitrag der langsam wachsenden Sch\u00f6nstattfamilie gebaut. Der 20. Januar 1952 w\u00e4re nun das ideale Datum f\u00fcr die Einweihung dieses Heiligtums. Aber&#8230; k\u00f6nnte Pater Kentenich anwesend sein?<\/p>\n<h3>11. Januar 1952. Ein Telegramm: \u201eIch werde am Donnerstag um 8:00 Uhr mit SAS 923 ankommen.&#8220;<\/h3>\n<p><img loading=\"lazy\" decoding=\"async\" class=\"aligncenter wp-image-21586 size-full\" src=\"https:\/\/schoenstatt.com\/wp-content\/uploads\/2021\/11\/Father.png\" alt=\"Pater Kentenich\" width=\"573\" height=\"634\" \/><\/p>\n<p>Pater Kentenich teilt mit, dass er in Argentinien ankommen wird. Die unermessliche Freude \u00fcber diese Nachricht wurde jedoch wieder getr\u00fcbt, als ihm mitgeteilt wurde, dass die Schwestern aufgrund der gegen ihn ergriffenen Verwaltungsma\u00dfnahmen wegen schwerer S\u00fcnden verboten war, mit ihm zu sprechen.<\/p>\n<p>Donnerstag, 17. Januar 1952. Pater Josef Kentenich kommt auf dem internationalen Flughafen von Ezeiza an. &#8222;Es ist ein Wunder, ein Wunder des Vertrauens, dass ich hier bin&#8220;, sagt er, als er den argentinischen Boden betritt.<\/p>\n<h3>20. Januar 1952, zehn Jahre nach dem zweiten Meilenstein in der Geschichte der Kirche.<\/h3>\n<p>Die Blumen, die das Altarbild und den Altar f\u00fcr die Segnung der neu errichteten kleinen Kapelle schm\u00fccken, bilden den Buchstaben &#8220; V&#8220;, das Symbol des Sieges. Bei der Ankunft kniet Pater Kentenich an der Kommunionbank und zeichnet mit dem Finger ein &#8220; V&#8220;, um anzuzeigen, dass er die Botschaft verstanden hat. Die Schwestern knien in den Kirchenb\u00e4nken. Von hinten betet Sr. M. Ursula, Provinzoberin, mit Tr\u00e4nen in den Augen spontan: &#8222;Heiligste Jungfrau, wie kannst Du das zulassen? Drei Jahre und acht Monate lang haben wir auf Vater gewartet, um dieses Heiligtum einzuweihen, und jetzt l\u00e4sst du uns so leiden?<\/p>\n<p>Pater Kentenich dreht sich um. Tr\u00e4nen flie\u00dfen \u00fcber seine Wangen. Er segnet sie mit einer ausladenden Geste, die zeigt, dass dies das Einzige ist, was er ihnen geben kann, und verl\u00e4sst das Heiligtum.<\/p>\n<p>Ein emblematisches Heiligtum in der Geschichte Sch\u00f6nstatts, ein Zeugnis der K\u00e4mpfe, die es stark gemacht haben, ein Symbol der Schicksalsgemeinschaft, die seine Mauern durchdrungen hat.<\/p>\n<h3>Fortsetzung folgt<\/h3>\n<p><a href=\"https:\/\/www.nuevoschoenstatt.org.ar\/san-ofvarela.html\" target=\"_blank\" rel=\"noopener\">https:\/\/www.nuevoschoenstatt.org.ar\/san-ofvarela.html<\/a><\/p>\n<p><a href=\"https:\/\/schoenstatt.com\/de\/spiritualitat\/freude-ueber-einweihung-des-heiligtums-in-santa-cruz-bolivien\/\">Freude \u00fcber Einweihung des Heiligtums in Santa Cruz, Bolivien<\/a><\/p>\n","protected":false},"excerpt":{"rendered":"<p>Am 20. Januar feiert Argentinien den 70. Jahrestag der Einweihung des Vater-Heiligtums, seines nationalen Heiligtums.<\/p>\n","protected":false},"author":1,"featured_media":21506,"comment_status":"closed","ping_status":"open","sticky":false,"template":"","format":"standard","meta":{"footnotes":""},"categories":[195,678],"tags":[1287,1010,1043,1113],"class_list":["post-21584","post","type-post","status-publish","format-standard","has-post-thumbnail","hentry","category-amerika-de","category-lander-de","tag-amerika-de","tag-florencio-varela-argentinien-de","tag-jubilaum-de","tag-schonstatt-argentinien-de"],"yoast_head":"<!-- This site is optimized with the Yoast SEO Premium plugin v27.4 (Yoast SEO v27.4) - https:\/\/yoast.com\/product\/yoast-seo-premium-wordpress\/ -->\n<title>Neu-Sch\u00f6nstatt, Argentinien: Vater-Heiligtum, Zeugnis des Kreuzes und des Sieges Mariens - Teil I<\/title>\n<meta name=\"description\" content=\"Das Sch\u00f6nstatt-Heiligtum in Neu-Sch\u00f6nstatt, Argentinien, begeht 70 Jahre seit seiner Einweihung - eine au\u00dfergew\u00f6hnliche Geschichte.\" \/>\n<meta name=\"robots\" content=\"index, follow, max-snippet:-1, max-image-preview:large, max-video-preview:-1\" \/>\n<link rel=\"canonical\" href=\"https:\/\/schoenstatt.com\/de\/neu-schoenstatt-argentinien-vater-heiligtum-zeugnis-des-kreuzes-und-des-sieges-mariens-teil-i\/\" \/>\n<meta property=\"og:locale\" content=\"de_DE\" \/>\n<meta property=\"og:type\" content=\"article\" \/>\n<meta property=\"og:title\" content=\"Neu-Sch\u00f6nstatt, Argentinien: Vater-Heiligtum, Zeugnis des Kreuzes und des Sieges Mariens - Teil I\" \/>\n<meta property=\"og:description\" content=\"Das Sch\u00f6nstatt-Heiligtum in Neu-Sch\u00f6nstatt, Argentinien, begeht 70 Jahre seit seiner Einweihung - eine au\u00dfergew\u00f6hnliche Geschichte.\" \/>\n<meta property=\"og:url\" content=\"https:\/\/schoenstatt.com\/de\/neu-schoenstatt-argentinien-vater-heiligtum-zeugnis-des-kreuzes-und-des-sieges-mariens-teil-i\/\" \/>\n<meta property=\"og:site_name\" content=\"Schoenstatt\" \/>\n<meta property=\"article:published_time\" content=\"2021-11-26T07:00:58+00:00\" \/>\n<meta property=\"article:modified_time\" content=\"2025-08-19T00:29:58+00:00\" \/>\n<meta property=\"og:image\" content=\"https:\/\/schoenstatt.com\/wp-content\/uploads\/2021\/11\/Bendicon-FV-2-1.png\" \/>\n\t<meta property=\"og:image:width\" content=\"723\" \/>\n\t<meta property=\"og:image:height\" content=\"476\" \/>\n\t<meta property=\"og:image:type\" content=\"image\/png\" \/>\n<meta name=\"author\" content=\"admin\" \/>\n<meta name=\"twitter:card\" content=\"summary_large_image\" \/>\n<meta name=\"twitter:label1\" content=\"Verfasst von\" \/>\n\t<meta name=\"twitter:data1\" content=\"admin\" \/>\n\t<meta name=\"twitter:label2\" content=\"Gesch\u00e4tzte Lesezeit\" \/>\n\t<meta name=\"twitter:data2\" content=\"6\u00a0Minuten\" \/>\n<script type=\"application\/ld+json\" class=\"yoast-schema-graph\">{\"@context\":\"https:\\\/\\\/schema.org\",\"@graph\":[{\"@type\":\"Article\",\"@id\":\"https:\\\/\\\/schoenstatt.com\\\/de\\\/neu-schoenstatt-argentinien-vater-heiligtum-zeugnis-des-kreuzes-und-des-sieges-mariens-teil-i\\\/#article\",\"isPartOf\":{\"@id\":\"https:\\\/\\\/schoenstatt.com\\\/de\\\/neu-schoenstatt-argentinien-vater-heiligtum-zeugnis-des-kreuzes-und-des-sieges-mariens-teil-i\\\/\"},\"author\":{\"name\":\"admin\",\"@id\":\"https:\\\/\\\/schoenstatt.com\\\/de\\\/#\\\/schema\\\/person\\\/489465b1850e7b216fe2c10dfc262551\"},\"headline\":\"Neu-Sch\u00f6nstatt, Argentinien: Vater-Heiligtum, Zeugnis des Kreuzes und des Sieges Mariens &#8211; Teil I\",\"datePublished\":\"2021-11-26T07:00:58+00:00\",\"dateModified\":\"2025-08-19T00:29:58+00:00\",\"mainEntityOfPage\":{\"@id\":\"https:\\\/\\\/schoenstatt.com\\\/de\\\/neu-schoenstatt-argentinien-vater-heiligtum-zeugnis-des-kreuzes-und-des-sieges-mariens-teil-i\\\/\"},\"wordCount\":1058,\"publisher\":{\"@id\":\"https:\\\/\\\/schoenstatt.com\\\/de\\\/#organization\"},\"image\":{\"@id\":\"https:\\\/\\\/schoenstatt.com\\\/de\\\/neu-schoenstatt-argentinien-vater-heiligtum-zeugnis-des-kreuzes-und-des-sieges-mariens-teil-i\\\/#primaryimage\"},\"thumbnailUrl\":\"https:\\\/\\\/schoenstatt.com\\\/wp-content\\\/uploads\\\/2021\\\/11\\\/Bendicon-FV-2-1.png\",\"keywords\":[\"Amerika\",\"Florencio Varela - Argentinien\",\"Jubil\u00e4um\",\"Sch\u00f6nstatt Argentinien\"],\"articleSection\":[\"Amerika\",\"L\u00e4nder\"],\"inLanguage\":\"de\"},{\"@type\":\"WebPage\",\"@id\":\"https:\\\/\\\/schoenstatt.com\\\/de\\\/neu-schoenstatt-argentinien-vater-heiligtum-zeugnis-des-kreuzes-und-des-sieges-mariens-teil-i\\\/\",\"url\":\"https:\\\/\\\/schoenstatt.com\\\/de\\\/neu-schoenstatt-argentinien-vater-heiligtum-zeugnis-des-kreuzes-und-des-sieges-mariens-teil-i\\\/\",\"name\":\"Neu-Sch\u00f6nstatt, Argentinien: Vater-Heiligtum, Zeugnis des Kreuzes und des Sieges Mariens - Teil I\",\"isPartOf\":{\"@id\":\"https:\\\/\\\/schoenstatt.com\\\/de\\\/#website\"},\"primaryImageOfPage\":{\"@id\":\"https:\\\/\\\/schoenstatt.com\\\/de\\\/neu-schoenstatt-argentinien-vater-heiligtum-zeugnis-des-kreuzes-und-des-sieges-mariens-teil-i\\\/#primaryimage\"},\"image\":{\"@id\":\"https:\\\/\\\/schoenstatt.com\\\/de\\\/neu-schoenstatt-argentinien-vater-heiligtum-zeugnis-des-kreuzes-und-des-sieges-mariens-teil-i\\\/#primaryimage\"},\"thumbnailUrl\":\"https:\\\/\\\/schoenstatt.com\\\/wp-content\\\/uploads\\\/2021\\\/11\\\/Bendicon-FV-2-1.png\",\"datePublished\":\"2021-11-26T07:00:58+00:00\",\"dateModified\":\"2025-08-19T00:29:58+00:00\",\"description\":\"Das Sch\u00f6nstatt-Heiligtum in Neu-Sch\u00f6nstatt, Argentinien, begeht 70 Jahre seit seiner Einweihung - eine au\u00dfergew\u00f6hnliche Geschichte.\",\"breadcrumb\":{\"@id\":\"https:\\\/\\\/schoenstatt.com\\\/de\\\/neu-schoenstatt-argentinien-vater-heiligtum-zeugnis-des-kreuzes-und-des-sieges-mariens-teil-i\\\/#breadcrumb\"},\"inLanguage\":\"de\",\"potentialAction\":[{\"@type\":\"ReadAction\",\"target\":[\"https:\\\/\\\/schoenstatt.com\\\/de\\\/neu-schoenstatt-argentinien-vater-heiligtum-zeugnis-des-kreuzes-und-des-sieges-mariens-teil-i\\\/\"]}]},{\"@type\":\"ImageObject\",\"inLanguage\":\"de\",\"@id\":\"https:\\\/\\\/schoenstatt.com\\\/de\\\/neu-schoenstatt-argentinien-vater-heiligtum-zeugnis-des-kreuzes-und-des-sieges-mariens-teil-i\\\/#primaryimage\",\"url\":\"https:\\\/\\\/schoenstatt.com\\\/wp-content\\\/uploads\\\/2021\\\/11\\\/Bendicon-FV-2-1.png\",\"contentUrl\":\"https:\\\/\\\/schoenstatt.com\\\/wp-content\\\/uploads\\\/2021\\\/11\\\/Bendicon-FV-2-1.png\",\"width\":723,\"height\":476,\"caption\":\"Father Shrine\"},{\"@type\":\"BreadcrumbList\",\"@id\":\"https:\\\/\\\/schoenstatt.com\\\/de\\\/neu-schoenstatt-argentinien-vater-heiligtum-zeugnis-des-kreuzes-und-des-sieges-mariens-teil-i\\\/#breadcrumb\",\"itemListElement\":[{\"@type\":\"ListItem\",\"position\":1,\"name\":\"Portada\",\"item\":\"https:\\\/\\\/schoenstatt.com\\\/de\\\/home\\\/\"},{\"@type\":\"ListItem\",\"position\":2,\"name\":\"Neu-Sch\u00f6nstatt, Argentinien: Vater-Heiligtum, Zeugnis des Kreuzes und des Sieges Mariens &#8211; Teil I\"}]},{\"@type\":\"WebSite\",\"@id\":\"https:\\\/\\\/schoenstatt.com\\\/de\\\/#website\",\"url\":\"https:\\\/\\\/schoenstatt.com\\\/de\\\/\",\"name\":\"Schoenstatt\",\"description\":\"Apostolic Movement\",\"publisher\":{\"@id\":\"https:\\\/\\\/schoenstatt.com\\\/de\\\/#organization\"},\"potentialAction\":[{\"@type\":\"SearchAction\",\"target\":{\"@type\":\"EntryPoint\",\"urlTemplate\":\"https:\\\/\\\/schoenstatt.com\\\/de\\\/?s={search_term_string}\"},\"query-input\":{\"@type\":\"PropertyValueSpecification\",\"valueRequired\":true,\"valueName\":\"search_term_string\"}}],\"inLanguage\":\"de\"},{\"@type\":\"Organization\",\"@id\":\"https:\\\/\\\/schoenstatt.com\\\/de\\\/#organization\",\"name\":\"Schoenstatt\",\"url\":\"https:\\\/\\\/schoenstatt.com\\\/de\\\/\",\"logo\":{\"@type\":\"ImageObject\",\"inLanguage\":\"de\",\"@id\":\"https:\\\/\\\/schoenstatt.com\\\/de\\\/#\\\/schema\\\/logo\\\/image\\\/\",\"url\":\"https:\\\/\\\/schoenstatt.com\\\/wp-content\\\/uploads\\\/2025\\\/04\\\/logo-schoenstatt-white-696x696-1.png\",\"contentUrl\":\"https:\\\/\\\/schoenstatt.com\\\/wp-content\\\/uploads\\\/2025\\\/04\\\/logo-schoenstatt-white-696x696-1.png\",\"width\":696,\"height\":694,\"caption\":\"Schoenstatt\"},\"image\":{\"@id\":\"https:\\\/\\\/schoenstatt.com\\\/de\\\/#\\\/schema\\\/logo\\\/image\\\/\"}},{\"@type\":\"Person\",\"@id\":\"https:\\\/\\\/schoenstatt.com\\\/de\\\/#\\\/schema\\\/person\\\/489465b1850e7b216fe2c10dfc262551\",\"name\":\"admin\",\"image\":{\"@type\":\"ImageObject\",\"inLanguage\":\"de\",\"@id\":\"https:\\\/\\\/secure.gravatar.com\\\/avatar\\\/02e8345e1ec40ab0e0a2a98fdde64a684bbaf994cddcb778b25b8b024ee9dfe6?s=96&d=mm&r=g\",\"url\":\"https:\\\/\\\/secure.gravatar.com\\\/avatar\\\/02e8345e1ec40ab0e0a2a98fdde64a684bbaf994cddcb778b25b8b024ee9dfe6?s=96&d=mm&r=g\",\"contentUrl\":\"https:\\\/\\\/secure.gravatar.com\\\/avatar\\\/02e8345e1ec40ab0e0a2a98fdde64a684bbaf994cddcb778b25b8b024ee9dfe6?s=96&d=mm&r=g\",\"caption\":\"admin\"},\"sameAs\":[\"https:\\\/\\\/schoenstatt.com\"],\"url\":\"https:\\\/\\\/schoenstatt.com\\\/de\\\/author\\\/admin\\\/\"}]}<\/script>\n<!-- \/ Yoast SEO Premium plugin. -->","yoast_head_json":{"title":"Neu-Sch\u00f6nstatt, Argentinien: Vater-Heiligtum, Zeugnis des Kreuzes und des Sieges Mariens - Teil I","description":"Das Sch\u00f6nstatt-Heiligtum in Neu-Sch\u00f6nstatt, Argentinien, begeht 70 Jahre seit seiner Einweihung - eine au\u00dfergew\u00f6hnliche Geschichte.","robots":{"index":"index","follow":"follow","max-snippet":"max-snippet:-1","max-image-preview":"max-image-preview:large","max-video-preview":"max-video-preview:-1"},"canonical":"https:\/\/schoenstatt.com\/de\/neu-schoenstatt-argentinien-vater-heiligtum-zeugnis-des-kreuzes-und-des-sieges-mariens-teil-i\/","og_locale":"de_DE","og_type":"article","og_title":"Neu-Sch\u00f6nstatt, Argentinien: Vater-Heiligtum, Zeugnis des Kreuzes und des Sieges Mariens - Teil I","og_description":"Das Sch\u00f6nstatt-Heiligtum in Neu-Sch\u00f6nstatt, Argentinien, begeht 70 Jahre seit seiner Einweihung - eine au\u00dfergew\u00f6hnliche Geschichte.","og_url":"https:\/\/schoenstatt.com\/de\/neu-schoenstatt-argentinien-vater-heiligtum-zeugnis-des-kreuzes-und-des-sieges-mariens-teil-i\/","og_site_name":"Schoenstatt","article_published_time":"2021-11-26T07:00:58+00:00","article_modified_time":"2025-08-19T00:29:58+00:00","og_image":[{"width":723,"height":476,"url":"https:\/\/schoenstatt.com\/wp-content\/uploads\/2021\/11\/Bendicon-FV-2-1.png","type":"image\/png"}],"author":"admin","twitter_card":"summary_large_image","twitter_misc":{"Verfasst von":"admin","Gesch\u00e4tzte Lesezeit":"6\u00a0Minuten"},"schema":{"@context":"https:\/\/schema.org","@graph":[{"@type":"Article","@id":"https:\/\/schoenstatt.com\/de\/neu-schoenstatt-argentinien-vater-heiligtum-zeugnis-des-kreuzes-und-des-sieges-mariens-teil-i\/#article","isPartOf":{"@id":"https:\/\/schoenstatt.com\/de\/neu-schoenstatt-argentinien-vater-heiligtum-zeugnis-des-kreuzes-und-des-sieges-mariens-teil-i\/"},"author":{"name":"admin","@id":"https:\/\/schoenstatt.com\/de\/#\/schema\/person\/489465b1850e7b216fe2c10dfc262551"},"headline":"Neu-Sch\u00f6nstatt, Argentinien: Vater-Heiligtum, Zeugnis des Kreuzes und des Sieges Mariens &#8211; Teil I","datePublished":"2021-11-26T07:00:58+00:00","dateModified":"2025-08-19T00:29:58+00:00","mainEntityOfPage":{"@id":"https:\/\/schoenstatt.com\/de\/neu-schoenstatt-argentinien-vater-heiligtum-zeugnis-des-kreuzes-und-des-sieges-mariens-teil-i\/"},"wordCount":1058,"publisher":{"@id":"https:\/\/schoenstatt.com\/de\/#organization"},"image":{"@id":"https:\/\/schoenstatt.com\/de\/neu-schoenstatt-argentinien-vater-heiligtum-zeugnis-des-kreuzes-und-des-sieges-mariens-teil-i\/#primaryimage"},"thumbnailUrl":"https:\/\/schoenstatt.com\/wp-content\/uploads\/2021\/11\/Bendicon-FV-2-1.png","keywords":["Amerika","Florencio Varela - Argentinien","Jubil\u00e4um","Sch\u00f6nstatt Argentinien"],"articleSection":["Amerika","L\u00e4nder"],"inLanguage":"de"},{"@type":"WebPage","@id":"https:\/\/schoenstatt.com\/de\/neu-schoenstatt-argentinien-vater-heiligtum-zeugnis-des-kreuzes-und-des-sieges-mariens-teil-i\/","url":"https:\/\/schoenstatt.com\/de\/neu-schoenstatt-argentinien-vater-heiligtum-zeugnis-des-kreuzes-und-des-sieges-mariens-teil-i\/","name":"Neu-Sch\u00f6nstatt, Argentinien: Vater-Heiligtum, Zeugnis des Kreuzes und des Sieges Mariens - Teil I","isPartOf":{"@id":"https:\/\/schoenstatt.com\/de\/#website"},"primaryImageOfPage":{"@id":"https:\/\/schoenstatt.com\/de\/neu-schoenstatt-argentinien-vater-heiligtum-zeugnis-des-kreuzes-und-des-sieges-mariens-teil-i\/#primaryimage"},"image":{"@id":"https:\/\/schoenstatt.com\/de\/neu-schoenstatt-argentinien-vater-heiligtum-zeugnis-des-kreuzes-und-des-sieges-mariens-teil-i\/#primaryimage"},"thumbnailUrl":"https:\/\/schoenstatt.com\/wp-content\/uploads\/2021\/11\/Bendicon-FV-2-1.png","datePublished":"2021-11-26T07:00:58+00:00","dateModified":"2025-08-19T00:29:58+00:00","description":"Das Sch\u00f6nstatt-Heiligtum in Neu-Sch\u00f6nstatt, Argentinien, begeht 70 Jahre seit seiner Einweihung - eine au\u00dfergew\u00f6hnliche Geschichte.","breadcrumb":{"@id":"https:\/\/schoenstatt.com\/de\/neu-schoenstatt-argentinien-vater-heiligtum-zeugnis-des-kreuzes-und-des-sieges-mariens-teil-i\/#breadcrumb"},"inLanguage":"de","potentialAction":[{"@type":"ReadAction","target":["https:\/\/schoenstatt.com\/de\/neu-schoenstatt-argentinien-vater-heiligtum-zeugnis-des-kreuzes-und-des-sieges-mariens-teil-i\/"]}]},{"@type":"ImageObject","inLanguage":"de","@id":"https:\/\/schoenstatt.com\/de\/neu-schoenstatt-argentinien-vater-heiligtum-zeugnis-des-kreuzes-und-des-sieges-mariens-teil-i\/#primaryimage","url":"https:\/\/schoenstatt.com\/wp-content\/uploads\/2021\/11\/Bendicon-FV-2-1.png","contentUrl":"https:\/\/schoenstatt.com\/wp-content\/uploads\/2021\/11\/Bendicon-FV-2-1.png","width":723,"height":476,"caption":"Father Shrine"},{"@type":"BreadcrumbList","@id":"https:\/\/schoenstatt.com\/de\/neu-schoenstatt-argentinien-vater-heiligtum-zeugnis-des-kreuzes-und-des-sieges-mariens-teil-i\/#breadcrumb","itemListElement":[{"@type":"ListItem","position":1,"name":"Portada","item":"https:\/\/schoenstatt.com\/de\/home\/"},{"@type":"ListItem","position":2,"name":"Neu-Sch\u00f6nstatt, Argentinien: Vater-Heiligtum, Zeugnis des Kreuzes und des Sieges Mariens &#8211; Teil I"}]},{"@type":"WebSite","@id":"https:\/\/schoenstatt.com\/de\/#website","url":"https:\/\/schoenstatt.com\/de\/","name":"Schoenstatt","description":"Apostolic Movement","publisher":{"@id":"https:\/\/schoenstatt.com\/de\/#organization"},"potentialAction":[{"@type":"SearchAction","target":{"@type":"EntryPoint","urlTemplate":"https:\/\/schoenstatt.com\/de\/?s={search_term_string}"},"query-input":{"@type":"PropertyValueSpecification","valueRequired":true,"valueName":"search_term_string"}}],"inLanguage":"de"},{"@type":"Organization","@id":"https:\/\/schoenstatt.com\/de\/#organization","name":"Schoenstatt","url":"https:\/\/schoenstatt.com\/de\/","logo":{"@type":"ImageObject","inLanguage":"de","@id":"https:\/\/schoenstatt.com\/de\/#\/schema\/logo\/image\/","url":"https:\/\/schoenstatt.com\/wp-content\/uploads\/2025\/04\/logo-schoenstatt-white-696x696-1.png","contentUrl":"https:\/\/schoenstatt.com\/wp-content\/uploads\/2025\/04\/logo-schoenstatt-white-696x696-1.png","width":696,"height":694,"caption":"Schoenstatt"},"image":{"@id":"https:\/\/schoenstatt.com\/de\/#\/schema\/logo\/image\/"}},{"@type":"Person","@id":"https:\/\/schoenstatt.com\/de\/#\/schema\/person\/489465b1850e7b216fe2c10dfc262551","name":"admin","image":{"@type":"ImageObject","inLanguage":"de","@id":"https:\/\/secure.gravatar.com\/avatar\/02e8345e1ec40ab0e0a2a98fdde64a684bbaf994cddcb778b25b8b024ee9dfe6?s=96&d=mm&r=g","url":"https:\/\/secure.gravatar.com\/avatar\/02e8345e1ec40ab0e0a2a98fdde64a684bbaf994cddcb778b25b8b024ee9dfe6?s=96&d=mm&r=g","contentUrl":"https:\/\/secure.gravatar.com\/avatar\/02e8345e1ec40ab0e0a2a98fdde64a684bbaf994cddcb778b25b8b024ee9dfe6?s=96&d=mm&r=g","caption":"admin"},"sameAs":["https:\/\/schoenstatt.com"],"url":"https:\/\/schoenstatt.com\/de\/author\/admin\/"}]}},"_links":{"self":[{"href":"https:\/\/schoenstatt.com\/de\/wp-json\/wp\/v2\/posts\/21584","targetHints":{"allow":["GET"]}}],"collection":[{"href":"https:\/\/schoenstatt.com\/de\/wp-json\/wp\/v2\/posts"}],"about":[{"href":"https:\/\/schoenstatt.com\/de\/wp-json\/wp\/v2\/types\/post"}],"author":[{"embeddable":true,"href":"https:\/\/schoenstatt.com\/de\/wp-json\/wp\/v2\/users\/1"}],"replies":[{"embeddable":true,"href":"https:\/\/schoenstatt.com\/de\/wp-json\/wp\/v2\/comments?post=21584"}],"version-history":[{"count":1,"href":"https:\/\/schoenstatt.com\/de\/wp-json\/wp\/v2\/posts\/21584\/revisions"}],"predecessor-version":[{"id":44831,"href":"https:\/\/schoenstatt.com\/de\/wp-json\/wp\/v2\/posts\/21584\/revisions\/44831"}],"wp:featuredmedia":[{"embeddable":true,"href":"https:\/\/schoenstatt.com\/de\/wp-json\/wp\/v2\/media\/21506"}],"wp:attachment":[{"href":"https:\/\/schoenstatt.com\/de\/wp-json\/wp\/v2\/media?parent=21584"}],"wp:term":[{"taxonomy":"category","embeddable":true,"href":"https:\/\/schoenstatt.com\/de\/wp-json\/wp\/v2\/categories?post=21584"},{"taxonomy":"post_tag","embeddable":true,"href":"https:\/\/schoenstatt.com\/de\/wp-json\/wp\/v2\/tags?post=21584"}],"curies":[{"name":"wp","href":"https:\/\/api.w.org\/{rel}","templated":true}]}}