{"id":20970,"date":"2021-11-04T17:39:12","date_gmt":"2021-11-04T16:39:12","guid":{"rendered":"https:\/\/schoenstatt.com\/?p=20970"},"modified":"2025-08-21T01:20:01","modified_gmt":"2025-08-20T23:20:01","slug":"menschen-die-unter-depressionen-leiden-das-video-vom-papst","status":"publish","type":"post","link":"https:\/\/schoenstatt.com\/de\/menschen-die-unter-depressionen-leiden-das-video-vom-papst\/","title":{"rendered":"Menschen, die unter Depressionen leiden: Das Video vom Papst"},"content":{"rendered":"<p><em><strong>Arbeits\u00fcberlastung<\/strong> und <strong>Arbeitsstress<\/strong> f\u00fchren bei vielen Menschen zu extremer Ersch\u00f6pfung, geistiger, emotionaler, affektiver und k\u00f6rperlicher Ersch\u00f6pfung.<\/em><\/p>\n<p><em>Traurigkeit, Apathie und geistige Ersch\u00f6pfung beherrschen das Leben der Menschen, die mit Tempo des modernen Lebens \u00fcberfordert sind.<\/em><\/p>\n<p><em>Versuchen wir, denen nahe zu sein, die ersch\u00f6pft sind, die verzweifelt und ohne Hoffnung sind, indem wir ihnen oft nur schweigend zuh\u00f6ren, weil wir nicht zu ihnen kommen und sagen k\u00f6nnen: \u201eNein, das Leben ist nicht so. H\u00f6r auf mich, ich verrate dir das Rezept.\u201c Es gibt kein Rezept.<\/em><\/p>\n<p><img fetchpriority=\"high\" decoding=\"async\" class=\"wp-image-20972 aligncenter\" src=\"https:\/\/schoenstatt.com\/wp-content\/uploads\/2021\/11\/DE-300x170.png\" alt=\"Das Video vom Papst\" width=\"600\" height=\"341\" \/><br \/>\n<em>Und vergessen wir nicht, dass neben der unverzichtbaren psychologischen Begleitung, die n\u00fctzlich und wirksam ist, ihnen auch die Worte <strong>Jesu<\/strong> helfen. Es kommt mir das Wort in den Sinn und ins Herz: \u201eKommt alle zu mir, die ihr m\u00fchselig und beladen seid. Ich will euch erquicken.\u201c<\/em><\/p>\n<p><em>Beten wir, dass Menschen, die unter Depressionen oder Burn-out leiden, geholfen werde, ein Licht zu finden, das ihnen neue <strong>Lebensfreude<\/strong> er\u00f6ffnet.<\/em><\/p>\n<p><iframe title=\"Menschen, die unter Depressionen leiden - Das Video vom Papst 11 \u2013 November 2021\" width=\"800\" height=\"450\" src=\"https:\/\/www.youtube.com\/embed\/SY2ok2zzoQk?feature=oembed\" frameborder=\"0\" allow=\"accelerometer; autoplay; clipboard-write; encrypted-media; gyroscope; picture-in-picture; web-share\" referrerpolicy=\"strict-origin-when-cross-origin\" allowfullscreen><\/iframe><\/p>\n<p><strong>Quelle:<\/strong>\u00a0<a href=\"http:\/\/thepopevideo.org\" target=\"_blank\" rel=\"noopener\"><em>thepopevideo.org<\/em><\/a><\/p>\n<p>Lesen Sie auch:<\/p>\n<p><em><a href=\"https:\/\/schoenstatt.com\/de\/jugend\/papst-an-jugend-liebe-respekt-und-menschenrechte-verteidigen\/\" target=\"_blank\" rel=\"noopener\">Papst an Jugend: Liebe, Respekt und Menschenrechte verteidigen<\/a><\/em><\/p>\n","protected":false},"excerpt":{"rendered":"<p>Beten wir, dass Menschen, die unter Depressionen oder Burn-out leiden, ein Licht finden.<\/p>\n","protected":false},"author":6,"featured_media":20952,"comment_status":"closed","ping_status":"open","sticky":false,"template":"","format":"standard","meta":{"footnotes":""},"categories":[851,852],"tags":[854,415],"class_list":["post-20970","post","type-post","status-publish","format-standard","has-post-thumbnail","hentry","category-kirche-de","category-papst-franziskus-de","tag-papst-franziskus-de","tag-video-des-papstes-de"],"yoast_head":"<!-- This site is optimized with the Yoast SEO Premium plugin v27.4 (Yoast SEO v27.5) - https:\/\/yoast.com\/product\/yoast-seo-premium-wordpress\/ -->\n<title>Menschen, die unter Depressionen leiden: Das Video vom Papst - Schoenstatt<\/title>\n<meta name=\"description\" content=\"Beten wir, dass Menschen, die unter Depressionen oder Burn-out leiden, geholfen werde, ein Licht, das ihnen neue Lebensfreude zu finden.\" \/>\n<meta name=\"robots\" content=\"index, follow, max-snippet:-1, max-image-preview:large, max-video-preview:-1\" \/>\n<link rel=\"canonical\" href=\"https:\/\/schoenstatt.com\/de\/menschen-die-unter-depressionen-leiden-das-video-vom-papst\/\" \/>\n<meta property=\"og:locale\" content=\"de_DE\" \/>\n<meta property=\"og:type\" content=\"article\" \/>\n<meta property=\"og:title\" content=\"Menschen, die unter Depressionen leiden: Das Video vom Papst\" \/>\n<meta property=\"og:description\" content=\"Beten wir, dass Menschen, die unter Depressionen oder Burn-out leiden, geholfen werde, ein Licht, das ihnen neue Lebensfreude zu finden.\" \/>\n<meta property=\"og:url\" content=\"https:\/\/schoenstatt.com\/de\/menschen-die-unter-depressionen-leiden-das-video-vom-papst\/\" \/>\n<meta property=\"og:site_name\" content=\"Schoenstatt\" \/>\n<meta property=\"article:published_time\" content=\"2021-11-04T16:39:12+00:00\" \/>\n<meta property=\"article:modified_time\" content=\"2025-08-20T23:20:01+00:00\" \/>\n<meta property=\"og:image\" content=\"https:\/\/schoenstatt.com\/wp-content\/uploads\/2021\/11\/Featured-image-2.png\" \/>\n\t<meta property=\"og:image:width\" content=\"1812\" \/>\n\t<meta property=\"og:image:height\" content=\"1032\" \/>\n\t<meta property=\"og:image:type\" content=\"image\/png\" \/>\n<meta name=\"author\" content=\"Vanessa Franke\" \/>\n<meta name=\"twitter:card\" content=\"summary_large_image\" \/>\n<meta name=\"twitter:label1\" content=\"Verfasst von\" \/>\n\t<meta name=\"twitter:data1\" content=\"Vanessa Franke\" \/>\n\t<meta name=\"twitter:label2\" content=\"Gesch\u00e4tzte Lesezeit\" \/>\n\t<meta name=\"twitter:data2\" content=\"2\u00a0Minuten\" \/>\n<script type=\"application\/ld+json\" class=\"yoast-schema-graph\">{\"@context\":\"https:\\\/\\\/schema.org\",\"@graph\":[{\"@type\":\"Article\",\"@id\":\"https:\\\/\\\/schoenstatt.com\\\/de\\\/menschen-die-unter-depressionen-leiden-das-video-vom-papst\\\/#article\",\"isPartOf\":{\"@id\":\"https:\\\/\\\/schoenstatt.com\\\/de\\\/menschen-die-unter-depressionen-leiden-das-video-vom-papst\\\/\"},\"author\":{\"name\":\"Vanessa Franke\",\"@id\":\"https:\\\/\\\/schoenstatt.com\\\/de\\\/#\\\/schema\\\/person\\\/ea97a60c723e21c923e2177f0f3163f7\"},\"headline\":\"Menschen, die unter Depressionen leiden: Das Video vom Papst\",\"datePublished\":\"2021-11-04T16:39:12+00:00\",\"dateModified\":\"2025-08-20T23:20:01+00:00\",\"mainEntityOfPage\":{\"@id\":\"https:\\\/\\\/schoenstatt.com\\\/de\\\/menschen-die-unter-depressionen-leiden-das-video-vom-papst\\\/\"},\"wordCount\":192,\"publisher\":{\"@id\":\"https:\\\/\\\/schoenstatt.com\\\/de\\\/#organization\"},\"image\":{\"@id\":\"https:\\\/\\\/schoenstatt.com\\\/de\\\/menschen-die-unter-depressionen-leiden-das-video-vom-papst\\\/#primaryimage\"},\"thumbnailUrl\":\"https:\\\/\\\/schoenstatt.com\\\/wp-content\\\/uploads\\\/2021\\\/11\\\/Featured-image-2.png\",\"keywords\":[\"Papst Franziskus\",\"Video des Papstes\"],\"articleSection\":[\"Kirche\",\"Papst Franziskus\"],\"inLanguage\":\"de\"},{\"@type\":\"WebPage\",\"@id\":\"https:\\\/\\\/schoenstatt.com\\\/de\\\/menschen-die-unter-depressionen-leiden-das-video-vom-papst\\\/\",\"url\":\"https:\\\/\\\/schoenstatt.com\\\/de\\\/menschen-die-unter-depressionen-leiden-das-video-vom-papst\\\/\",\"name\":\"Menschen, die unter Depressionen leiden: Das Video vom Papst - Schoenstatt\",\"isPartOf\":{\"@id\":\"https:\\\/\\\/schoenstatt.com\\\/de\\\/#website\"},\"primaryImageOfPage\":{\"@id\":\"https:\\\/\\\/schoenstatt.com\\\/de\\\/menschen-die-unter-depressionen-leiden-das-video-vom-papst\\\/#primaryimage\"},\"image\":{\"@id\":\"https:\\\/\\\/schoenstatt.com\\\/de\\\/menschen-die-unter-depressionen-leiden-das-video-vom-papst\\\/#primaryimage\"},\"thumbnailUrl\":\"https:\\\/\\\/schoenstatt.com\\\/wp-content\\\/uploads\\\/2021\\\/11\\\/Featured-image-2.png\",\"datePublished\":\"2021-11-04T16:39:12+00:00\",\"dateModified\":\"2025-08-20T23:20:01+00:00\",\"description\":\"Beten wir, dass Menschen, die unter Depressionen oder Burn-out leiden, geholfen werde, ein Licht, das ihnen neue Lebensfreude zu finden.\",\"breadcrumb\":{\"@id\":\"https:\\\/\\\/schoenstatt.com\\\/de\\\/menschen-die-unter-depressionen-leiden-das-video-vom-papst\\\/#breadcrumb\"},\"inLanguage\":\"de\",\"potentialAction\":[{\"@type\":\"ReadAction\",\"target\":[\"https:\\\/\\\/schoenstatt.com\\\/de\\\/menschen-die-unter-depressionen-leiden-das-video-vom-papst\\\/\"]}]},{\"@type\":\"ImageObject\",\"inLanguage\":\"de\",\"@id\":\"https:\\\/\\\/schoenstatt.com\\\/de\\\/menschen-die-unter-depressionen-leiden-das-video-vom-papst\\\/#primaryimage\",\"url\":\"https:\\\/\\\/schoenstatt.com\\\/wp-content\\\/uploads\\\/2021\\\/11\\\/Featured-image-2.png\",\"contentUrl\":\"https:\\\/\\\/schoenstatt.com\\\/wp-content\\\/uploads\\\/2021\\\/11\\\/Featured-image-2.png\",\"width\":1812,\"height\":1032,\"caption\":\"El video del Papa\"},{\"@type\":\"BreadcrumbList\",\"@id\":\"https:\\\/\\\/schoenstatt.com\\\/de\\\/menschen-die-unter-depressionen-leiden-das-video-vom-papst\\\/#breadcrumb\",\"itemListElement\":[{\"@type\":\"ListItem\",\"position\":1,\"name\":\"Portada\",\"item\":\"https:\\\/\\\/schoenstatt.com\\\/de\\\/home\\\/\"},{\"@type\":\"ListItem\",\"position\":2,\"name\":\"Menschen, die unter Depressionen leiden: Das Video vom Papst\"}]},{\"@type\":\"WebSite\",\"@id\":\"https:\\\/\\\/schoenstatt.com\\\/de\\\/#website\",\"url\":\"https:\\\/\\\/schoenstatt.com\\\/de\\\/\",\"name\":\"Schoenstatt\",\"description\":\"Apostolic Movement\",\"publisher\":{\"@id\":\"https:\\\/\\\/schoenstatt.com\\\/de\\\/#organization\"},\"potentialAction\":[{\"@type\":\"SearchAction\",\"target\":{\"@type\":\"EntryPoint\",\"urlTemplate\":\"https:\\\/\\\/schoenstatt.com\\\/de\\\/?s={search_term_string}\"},\"query-input\":{\"@type\":\"PropertyValueSpecification\",\"valueRequired\":true,\"valueName\":\"search_term_string\"}}],\"inLanguage\":\"de\"},{\"@type\":\"Organization\",\"@id\":\"https:\\\/\\\/schoenstatt.com\\\/de\\\/#organization\",\"name\":\"Schoenstatt\",\"url\":\"https:\\\/\\\/schoenstatt.com\\\/de\\\/\",\"logo\":{\"@type\":\"ImageObject\",\"inLanguage\":\"de\",\"@id\":\"https:\\\/\\\/schoenstatt.com\\\/de\\\/#\\\/schema\\\/logo\\\/image\\\/\",\"url\":\"https:\\\/\\\/schoenstatt.com\\\/wp-content\\\/uploads\\\/2025\\\/04\\\/logo-schoenstatt-white-696x696-1.png\",\"contentUrl\":\"https:\\\/\\\/schoenstatt.com\\\/wp-content\\\/uploads\\\/2025\\\/04\\\/logo-schoenstatt-white-696x696-1.png\",\"width\":696,\"height\":694,\"caption\":\"Schoenstatt\"},\"image\":{\"@id\":\"https:\\\/\\\/schoenstatt.com\\\/de\\\/#\\\/schema\\\/logo\\\/image\\\/\"}},{\"@type\":\"Person\",\"@id\":\"https:\\\/\\\/schoenstatt.com\\\/de\\\/#\\\/schema\\\/person\\\/ea97a60c723e21c923e2177f0f3163f7\",\"name\":\"Vanessa Franke\",\"image\":{\"@type\":\"ImageObject\",\"inLanguage\":\"de\",\"@id\":\"https:\\\/\\\/secure.gravatar.com\\\/avatar\\\/a9bcca3409928ccd3195eca11e2ccbb2e5d7c7912e9a945d4f326f81a0a5cb4a?s=96&d=mm&r=g\",\"url\":\"https:\\\/\\\/secure.gravatar.com\\\/avatar\\\/a9bcca3409928ccd3195eca11e2ccbb2e5d7c7912e9a945d4f326f81a0a5cb4a?s=96&d=mm&r=g\",\"contentUrl\":\"https:\\\/\\\/secure.gravatar.com\\\/avatar\\\/a9bcca3409928ccd3195eca11e2ccbb2e5d7c7912e9a945d4f326f81a0a5cb4a?s=96&d=mm&r=g\",\"caption\":\"Vanessa Franke\"},\"url\":\"https:\\\/\\\/schoenstatt.com\\\/de\\\/author\\\/vanessa-franke\\\/\"}]}<\/script>\n<!-- \/ Yoast SEO Premium plugin. -->","yoast_head_json":{"title":"Menschen, die unter Depressionen leiden: Das Video vom Papst - Schoenstatt","description":"Beten wir, dass Menschen, die unter Depressionen oder Burn-out leiden, geholfen werde, ein Licht, das ihnen neue Lebensfreude zu finden.","robots":{"index":"index","follow":"follow","max-snippet":"max-snippet:-1","max-image-preview":"max-image-preview:large","max-video-preview":"max-video-preview:-1"},"canonical":"https:\/\/schoenstatt.com\/de\/menschen-die-unter-depressionen-leiden-das-video-vom-papst\/","og_locale":"de_DE","og_type":"article","og_title":"Menschen, die unter Depressionen leiden: Das Video vom Papst","og_description":"Beten wir, dass Menschen, die unter Depressionen oder Burn-out leiden, geholfen werde, ein Licht, das ihnen neue Lebensfreude zu finden.","og_url":"https:\/\/schoenstatt.com\/de\/menschen-die-unter-depressionen-leiden-das-video-vom-papst\/","og_site_name":"Schoenstatt","article_published_time":"2021-11-04T16:39:12+00:00","article_modified_time":"2025-08-20T23:20:01+00:00","og_image":[{"width":1812,"height":1032,"url":"https:\/\/schoenstatt.com\/wp-content\/uploads\/2021\/11\/Featured-image-2.png","type":"image\/png"}],"author":"Vanessa Franke","twitter_card":"summary_large_image","twitter_misc":{"Verfasst von":"Vanessa Franke","Gesch\u00e4tzte Lesezeit":"2\u00a0Minuten"},"schema":{"@context":"https:\/\/schema.org","@graph":[{"@type":"Article","@id":"https:\/\/schoenstatt.com\/de\/menschen-die-unter-depressionen-leiden-das-video-vom-papst\/#article","isPartOf":{"@id":"https:\/\/schoenstatt.com\/de\/menschen-die-unter-depressionen-leiden-das-video-vom-papst\/"},"author":{"name":"Vanessa Franke","@id":"https:\/\/schoenstatt.com\/de\/#\/schema\/person\/ea97a60c723e21c923e2177f0f3163f7"},"headline":"Menschen, die unter Depressionen leiden: Das Video vom Papst","datePublished":"2021-11-04T16:39:12+00:00","dateModified":"2025-08-20T23:20:01+00:00","mainEntityOfPage":{"@id":"https:\/\/schoenstatt.com\/de\/menschen-die-unter-depressionen-leiden-das-video-vom-papst\/"},"wordCount":192,"publisher":{"@id":"https:\/\/schoenstatt.com\/de\/#organization"},"image":{"@id":"https:\/\/schoenstatt.com\/de\/menschen-die-unter-depressionen-leiden-das-video-vom-papst\/#primaryimage"},"thumbnailUrl":"https:\/\/schoenstatt.com\/wp-content\/uploads\/2021\/11\/Featured-image-2.png","keywords":["Papst Franziskus","Video des Papstes"],"articleSection":["Kirche","Papst Franziskus"],"inLanguage":"de"},{"@type":"WebPage","@id":"https:\/\/schoenstatt.com\/de\/menschen-die-unter-depressionen-leiden-das-video-vom-papst\/","url":"https:\/\/schoenstatt.com\/de\/menschen-die-unter-depressionen-leiden-das-video-vom-papst\/","name":"Menschen, die unter Depressionen leiden: Das Video vom Papst - Schoenstatt","isPartOf":{"@id":"https:\/\/schoenstatt.com\/de\/#website"},"primaryImageOfPage":{"@id":"https:\/\/schoenstatt.com\/de\/menschen-die-unter-depressionen-leiden-das-video-vom-papst\/#primaryimage"},"image":{"@id":"https:\/\/schoenstatt.com\/de\/menschen-die-unter-depressionen-leiden-das-video-vom-papst\/#primaryimage"},"thumbnailUrl":"https:\/\/schoenstatt.com\/wp-content\/uploads\/2021\/11\/Featured-image-2.png","datePublished":"2021-11-04T16:39:12+00:00","dateModified":"2025-08-20T23:20:01+00:00","description":"Beten wir, dass Menschen, die unter Depressionen oder Burn-out leiden, geholfen werde, ein Licht, das ihnen neue Lebensfreude zu finden.","breadcrumb":{"@id":"https:\/\/schoenstatt.com\/de\/menschen-die-unter-depressionen-leiden-das-video-vom-papst\/#breadcrumb"},"inLanguage":"de","potentialAction":[{"@type":"ReadAction","target":["https:\/\/schoenstatt.com\/de\/menschen-die-unter-depressionen-leiden-das-video-vom-papst\/"]}]},{"@type":"ImageObject","inLanguage":"de","@id":"https:\/\/schoenstatt.com\/de\/menschen-die-unter-depressionen-leiden-das-video-vom-papst\/#primaryimage","url":"https:\/\/schoenstatt.com\/wp-content\/uploads\/2021\/11\/Featured-image-2.png","contentUrl":"https:\/\/schoenstatt.com\/wp-content\/uploads\/2021\/11\/Featured-image-2.png","width":1812,"height":1032,"caption":"El video del Papa"},{"@type":"BreadcrumbList","@id":"https:\/\/schoenstatt.com\/de\/menschen-die-unter-depressionen-leiden-das-video-vom-papst\/#breadcrumb","itemListElement":[{"@type":"ListItem","position":1,"name":"Portada","item":"https:\/\/schoenstatt.com\/de\/home\/"},{"@type":"ListItem","position":2,"name":"Menschen, die unter Depressionen leiden: Das Video vom Papst"}]},{"@type":"WebSite","@id":"https:\/\/schoenstatt.com\/de\/#website","url":"https:\/\/schoenstatt.com\/de\/","name":"Schoenstatt","description":"Apostolic Movement","publisher":{"@id":"https:\/\/schoenstatt.com\/de\/#organization"},"potentialAction":[{"@type":"SearchAction","target":{"@type":"EntryPoint","urlTemplate":"https:\/\/schoenstatt.com\/de\/?s={search_term_string}"},"query-input":{"@type":"PropertyValueSpecification","valueRequired":true,"valueName":"search_term_string"}}],"inLanguage":"de"},{"@type":"Organization","@id":"https:\/\/schoenstatt.com\/de\/#organization","name":"Schoenstatt","url":"https:\/\/schoenstatt.com\/de\/","logo":{"@type":"ImageObject","inLanguage":"de","@id":"https:\/\/schoenstatt.com\/de\/#\/schema\/logo\/image\/","url":"https:\/\/schoenstatt.com\/wp-content\/uploads\/2025\/04\/logo-schoenstatt-white-696x696-1.png","contentUrl":"https:\/\/schoenstatt.com\/wp-content\/uploads\/2025\/04\/logo-schoenstatt-white-696x696-1.png","width":696,"height":694,"caption":"Schoenstatt"},"image":{"@id":"https:\/\/schoenstatt.com\/de\/#\/schema\/logo\/image\/"}},{"@type":"Person","@id":"https:\/\/schoenstatt.com\/de\/#\/schema\/person\/ea97a60c723e21c923e2177f0f3163f7","name":"Vanessa Franke","image":{"@type":"ImageObject","inLanguage":"de","@id":"https:\/\/secure.gravatar.com\/avatar\/a9bcca3409928ccd3195eca11e2ccbb2e5d7c7912e9a945d4f326f81a0a5cb4a?s=96&d=mm&r=g","url":"https:\/\/secure.gravatar.com\/avatar\/a9bcca3409928ccd3195eca11e2ccbb2e5d7c7912e9a945d4f326f81a0a5cb4a?s=96&d=mm&r=g","contentUrl":"https:\/\/secure.gravatar.com\/avatar\/a9bcca3409928ccd3195eca11e2ccbb2e5d7c7912e9a945d4f326f81a0a5cb4a?s=96&d=mm&r=g","caption":"Vanessa Franke"},"url":"https:\/\/schoenstatt.com\/de\/author\/vanessa-franke\/"}]}},"_links":{"self":[{"href":"https:\/\/schoenstatt.com\/de\/wp-json\/wp\/v2\/posts\/20970","targetHints":{"allow":["GET"]}}],"collection":[{"href":"https:\/\/schoenstatt.com\/de\/wp-json\/wp\/v2\/posts"}],"about":[{"href":"https:\/\/schoenstatt.com\/de\/wp-json\/wp\/v2\/types\/post"}],"author":[{"embeddable":true,"href":"https:\/\/schoenstatt.com\/de\/wp-json\/wp\/v2\/users\/6"}],"replies":[{"embeddable":true,"href":"https:\/\/schoenstatt.com\/de\/wp-json\/wp\/v2\/comments?post=20970"}],"version-history":[{"count":1,"href":"https:\/\/schoenstatt.com\/de\/wp-json\/wp\/v2\/posts\/20970\/revisions"}],"predecessor-version":[{"id":44780,"href":"https:\/\/schoenstatt.com\/de\/wp-json\/wp\/v2\/posts\/20970\/revisions\/44780"}],"wp:featuredmedia":[{"embeddable":true,"href":"https:\/\/schoenstatt.com\/de\/wp-json\/wp\/v2\/media\/20952"}],"wp:attachment":[{"href":"https:\/\/schoenstatt.com\/de\/wp-json\/wp\/v2\/media?parent=20970"}],"wp:term":[{"taxonomy":"category","embeddable":true,"href":"https:\/\/schoenstatt.com\/de\/wp-json\/wp\/v2\/categories?post=20970"},{"taxonomy":"post_tag","embeddable":true,"href":"https:\/\/schoenstatt.com\/de\/wp-json\/wp\/v2\/tags?post=20970"}],"curies":[{"name":"wp","href":"https:\/\/api.w.org\/{rel}","templated":true}]}}