{"id":20885,"date":"2021-07-27T17:09:06","date_gmt":"2021-07-27T15:09:06","guid":{"rendered":"https:\/\/schoenstatt.com\/spiritualitat\/el-papa-francisco-rezo-con-los-abuelos\/"},"modified":"2025-08-21T01:21:04","modified_gmt":"2025-08-20T23:21:04","slug":"papst-franziskus-hat-mit-grosseltern-gebetet","status":"publish","type":"post","link":"https:\/\/schoenstatt.com\/de\/papst-franziskus-hat-mit-grosseltern-gebetet\/","title":{"rendered":"Papst Franziskus hat mit Gro\u00dfeltern gebetet"},"content":{"rendered":"<p>Vatican Stadt<\/p>\n<h3>Das Fest der Gro\u00dfeltern<\/h3>\n<p>Als Konsequenz aus dem Welttag der Gro\u00dfeltern und \u00c4ltesten regte Erzbischof Dr. Heiner Koch, Vorsitzender der Kommission f\u00fcr Ehe und Familie der Deutschen Bischofskonferenz, an, die Einladung in konkrete Aktivit\u00e4ten umzusetzen. Deshalb ermutigte der Erzbischof von Berlin, sich an diesem Tag mit den Generationen zu treffen und Geschichten und Erfahrungen auszutauschen. Er betonte auch,\u00a0<strong>dass \u00e4ltere Menschen einen Schatz an Lebenserfahrung und Glauben mit sich tragen, der es wert ist, mit den n\u00e4chsten Generationen<\/strong>,<strong> ihren Enkeln, geteilt und lebendig gehalten zu werden<\/strong>.\u00a0Besonders wichtig ist der Appell von Erzbischof Koch an die pastoralen Mitarbeiter in den Pfarreien. Damit auch sie zum Austausch beitragen k\u00f6nnen, schl\u00e4gt er vor, \u201eGro\u00dfeltern und \u00e4ltere Menschen aufzufordern und einzuladen, Geschichten aus ihrem Leben und ihrer Glaubenserfahrung aufzuschreiben, zu sammeln und auf der Website der jeweiligen Gemeinde zu ver\u00f6ffentlichen\u201c.<\/p>\n<p><img fetchpriority=\"high\" decoding=\"async\" class=\"aligncenter wp-image-20831 size-large\" src=\"https:\/\/schoenstatt.com\/wp-content\/uploads\/2021\/11\/abuelos-681x1024.png\" alt=\"\" width=\"681\" height=\"1024\" \/><\/p>\n<h3>Besuch von einem Engel erhalten<\/h3>\n<p>In seiner Botschaft ist Papst Franziskus sehr konkret, wenn er erkl\u00e4rt, dass der Sinn dieses Welttages nach der langen Zeit der Isolation darin besteht, dass alle Gro\u00dfeltern,<strong>\u00a0alle \u00e4lteren Menschen, einen Besuch von einem Engel bekommen<\/strong>.\u00a0\u201eManchmal werden sie das Gesicht unserer Enkelkinder haben, manchmal das von Verwandten, von guten und alten Freunden oder von Menschen, die wir gerade in diesen schwierigen Zeiten kennen gelernt haben\u201c.<\/p>\n<p>Das Dikasterium wird seinerseits den Jugendlichen, die ihre Gro\u00dfeltern besuchen, den vollkommenen Ablass gew\u00e4hren, der durch das Dekret der Apostolischen P\u00f6nitentiarie eingef\u00fchrt wurde, und es kann eine Gelegenheit sein, gemeinsam die Botschaft des Heiligen Vaters anzuschauen oder gemeinsam das Gebet zu rezitieren, das auf Video vorgestellt wurde und das unter\u00a0https:\/\/bit.ly\/elderly2021\u00a0heruntergeladen werden kann.<\/p>\n<h3>Das offizielle Gebet<\/h3>\n<p><iframe title=\"El Papa reza con los abuelos y los ancianos del mundo\" width=\"800\" height=\"450\" src=\"https:\/\/www.youtube.com\/embed\/GA8x_1nB4o4?feature=oembed\" frameborder=\"0\" allow=\"accelerometer; autoplay; clipboard-write; encrypted-media; gyroscope; picture-in-picture; web-share\" referrerpolicy=\"strict-origin-when-cross-origin\" allowfullscreen><\/iframe><\/p>\n<p>Ich danke Dir, Herr,<br \/>\nf\u00fcr den Trost Deiner Anwesenheit:<br \/>\nAuch in der Einsamkeit,<br \/>\nbist Du meine Hoffnung, mein Vertrauen;<br \/>\nSeit meiner Jugend bist Du mein Fels und meine Festung!<\/p>\n<p>Danke, dass Du mir eine Familie geschenkt hast<br \/>\nund um den Segen eines langen Lebens.<br \/>\nIch danke Dir f\u00fcr die Momente der Freude und der Not,<br \/>\nf\u00fcr die erf\u00fcllten Tr\u00e4ume und f\u00fcr die, die noch vor mir liegen.<br \/>\nIch danke Dir f\u00fcr diese Zeit der erneuten Fruchtbarkeit,<br \/>\nzu der Du mich gerufen hast.<\/p>\n<p>Herr, st\u00e4rke meinen Glauben,<br \/>\nMach mich zu einem Werkzeug Deines Friedens;<br \/>\nlehre mich, diejenigen willkommen zu hei\u00dfen, die mehr leiden als ich,<br \/>\nnicht aufh\u00f6ren zu tr\u00e4umen<br \/>\nund den neuen Generationen von Deinen Wundern zu erz\u00e4hlen.<\/p>\n<p>Besch\u00fctze und leite Papst Franziskus und die Kirche,<br \/>\ndamit das Licht des Evangeliums bis an die Enden der Erde reicht.<br \/>\nSende Deinen Geist, Herr, um die Welt zu erneuern,<br \/>\nbis sich der pandemische Sturm gelegt hat,<br \/>\ndie Armen getr\u00f6stet und alle Kriege enden.<\/p>\n<p>Erhalte mich in der Schw\u00e4che,<br \/>\nund gew\u00e4hre mir, voll zu leben<br \/>\njeden Moment, den Du mir schenkst,<br \/>\nmit der Gewissheit, dass Du bei mir bist<br \/>\njeden Tag bis zum Ende der Welt.<\/p>\n<p>Amen.<\/p>\n<p><strong>Mehr Informationen:<\/strong><\/p>\n<p>Botschaft von Papst Franziskus zum <a href=\"https:\/\/www.vatican.va\/content\/francesco\/de\/messages\/nonni\/documents\/20210531-messaggio-nonni-anziani.html\" target=\"_blank\" rel=\"noopener\">1. Welttag der Gro\u00dfeltern und \u00e4lteren Menschen (pdf)<\/a>.<\/p>\n<p>Quelle:\u00a0<a href=\"http:\/\/www.vaticannews.va\" target=\"_blank\" rel=\"noopener\">vaticannews.va<\/a><\/p>\n","protected":false},"excerpt":{"rendered":"<p>Ein neuer Welttag, der um den Tag der Gro\u00dfeltern Jesu, Hl. Anna und Hl. Joachim, gefeiert wird.<\/p>\n","protected":false},"author":3,"featured_media":20879,"comment_status":"closed","ping_status":"open","sticky":false,"template":"","format":"standard","meta":{"footnotes":""},"categories":[851],"tags":[993,854],"class_list":["post-20885","post","type-post","status-publish","format-standard","has-post-thumbnail","hentry","category-kirche-de","tag-altere-menschen-groseltern-de","tag-papst-franziskus-de"],"yoast_head":"<!-- This site is optimized with the Yoast SEO Premium plugin v27.4 (Yoast SEO v27.5) - https:\/\/yoast.com\/product\/yoast-seo-premium-wordpress\/ -->\n<title>Papst Franziskus hat mit Gro\u00dfeltern gebetet - Schoenstatt<\/title>\n<meta name=\"description\" content=\"Der neue Welttag wird zuk\u00fcnftig am vierten Sonntag im Juli, um den Tag der Gro\u00dfeltern Jesu, der Heiligen Anna und Joachim, gefeiert.\" \/>\n<meta name=\"robots\" content=\"index, follow, max-snippet:-1, max-image-preview:large, max-video-preview:-1\" \/>\n<link rel=\"canonical\" href=\"https:\/\/schoenstatt.com\/de\/papst-franziskus-hat-mit-grosseltern-gebetet\/\" \/>\n<meta property=\"og:locale\" content=\"de_DE\" \/>\n<meta property=\"og:type\" content=\"article\" \/>\n<meta property=\"og:title\" content=\"Papst Franziskus hat mit Gro\u00dfeltern gebetet\" \/>\n<meta property=\"og:description\" content=\"Der neue Welttag wird zuk\u00fcnftig am vierten Sonntag im Juli, um den Tag der Gro\u00dfeltern Jesu, der Heiligen Anna und Joachim, gefeiert.\" \/>\n<meta property=\"og:url\" content=\"https:\/\/schoenstatt.com\/de\/papst-franziskus-hat-mit-grosseltern-gebetet\/\" \/>\n<meta property=\"og:site_name\" content=\"Schoenstatt\" \/>\n<meta property=\"article:published_time\" content=\"2021-07-27T15:09:06+00:00\" \/>\n<meta property=\"article:modified_time\" content=\"2025-08-20T23:21:04+00:00\" \/>\n<meta property=\"og:image\" content=\"https:\/\/schoenstatt.com\/wp-content\/uploads\/2021\/11\/foto-abuelos-scaled-1.jpg\" \/>\n\t<meta property=\"og:image:width\" content=\"2560\" \/>\n\t<meta property=\"og:image:height\" content=\"1920\" \/>\n\t<meta property=\"og:image:type\" content=\"image\/jpeg\" \/>\n<meta name=\"author\" content=\"Karen Bueno\" \/>\n<meta name=\"twitter:card\" content=\"summary_large_image\" \/>\n<meta name=\"twitter:label1\" content=\"Verfasst von\" \/>\n\t<meta name=\"twitter:data1\" content=\"Karen Bueno\" \/>\n\t<meta name=\"twitter:label2\" content=\"Gesch\u00e4tzte Lesezeit\" \/>\n\t<meta name=\"twitter:data2\" content=\"3\u00a0Minuten\" \/>\n<script type=\"application\/ld+json\" class=\"yoast-schema-graph\">{\"@context\":\"https:\\\/\\\/schema.org\",\"@graph\":[{\"@type\":\"Article\",\"@id\":\"https:\\\/\\\/schoenstatt.com\\\/de\\\/papst-franziskus-hat-mit-grosseltern-gebetet\\\/#article\",\"isPartOf\":{\"@id\":\"https:\\\/\\\/schoenstatt.com\\\/de\\\/papst-franziskus-hat-mit-grosseltern-gebetet\\\/\"},\"author\":{\"name\":\"Karen Bueno\",\"@id\":\"https:\\\/\\\/schoenstatt.com\\\/de\\\/#\\\/schema\\\/person\\\/5158877ad4acae98b34daaeef2a1ce6e\"},\"headline\":\"Papst Franziskus hat mit Gro\u00dfeltern gebetet\",\"datePublished\":\"2021-07-27T15:09:06+00:00\",\"dateModified\":\"2025-08-20T23:21:04+00:00\",\"mainEntityOfPage\":{\"@id\":\"https:\\\/\\\/schoenstatt.com\\\/de\\\/papst-franziskus-hat-mit-grosseltern-gebetet\\\/\"},\"wordCount\":528,\"publisher\":{\"@id\":\"https:\\\/\\\/schoenstatt.com\\\/de\\\/#organization\"},\"image\":{\"@id\":\"https:\\\/\\\/schoenstatt.com\\\/de\\\/papst-franziskus-hat-mit-grosseltern-gebetet\\\/#primaryimage\"},\"thumbnailUrl\":\"https:\\\/\\\/schoenstatt.com\\\/wp-content\\\/uploads\\\/2021\\\/11\\\/foto-abuelos-scaled-1.jpg\",\"keywords\":[\"\u00c4ltere Menschen \\\/ Gro\u00dfeltern\",\"Papst Franziskus\"],\"articleSection\":[\"Kirche\"],\"inLanguage\":\"de\"},{\"@type\":\"WebPage\",\"@id\":\"https:\\\/\\\/schoenstatt.com\\\/de\\\/papst-franziskus-hat-mit-grosseltern-gebetet\\\/\",\"url\":\"https:\\\/\\\/schoenstatt.com\\\/de\\\/papst-franziskus-hat-mit-grosseltern-gebetet\\\/\",\"name\":\"Papst Franziskus hat mit Gro\u00dfeltern gebetet - Schoenstatt\",\"isPartOf\":{\"@id\":\"https:\\\/\\\/schoenstatt.com\\\/de\\\/#website\"},\"primaryImageOfPage\":{\"@id\":\"https:\\\/\\\/schoenstatt.com\\\/de\\\/papst-franziskus-hat-mit-grosseltern-gebetet\\\/#primaryimage\"},\"image\":{\"@id\":\"https:\\\/\\\/schoenstatt.com\\\/de\\\/papst-franziskus-hat-mit-grosseltern-gebetet\\\/#primaryimage\"},\"thumbnailUrl\":\"https:\\\/\\\/schoenstatt.com\\\/wp-content\\\/uploads\\\/2021\\\/11\\\/foto-abuelos-scaled-1.jpg\",\"datePublished\":\"2021-07-27T15:09:06+00:00\",\"dateModified\":\"2025-08-20T23:21:04+00:00\",\"description\":\"Der neue Welttag wird zuk\u00fcnftig am vierten Sonntag im Juli, um den Tag der Gro\u00dfeltern Jesu, der Heiligen Anna und Joachim, gefeiert.\",\"breadcrumb\":{\"@id\":\"https:\\\/\\\/schoenstatt.com\\\/de\\\/papst-franziskus-hat-mit-grosseltern-gebetet\\\/#breadcrumb\"},\"inLanguage\":\"de\",\"potentialAction\":[{\"@type\":\"ReadAction\",\"target\":[\"https:\\\/\\\/schoenstatt.com\\\/de\\\/papst-franziskus-hat-mit-grosseltern-gebetet\\\/\"]}]},{\"@type\":\"ImageObject\",\"inLanguage\":\"de\",\"@id\":\"https:\\\/\\\/schoenstatt.com\\\/de\\\/papst-franziskus-hat-mit-grosseltern-gebetet\\\/#primaryimage\",\"url\":\"https:\\\/\\\/schoenstatt.com\\\/wp-content\\\/uploads\\\/2021\\\/11\\\/foto-abuelos-scaled-1.jpg\",\"contentUrl\":\"https:\\\/\\\/schoenstatt.com\\\/wp-content\\\/uploads\\\/2021\\\/11\\\/foto-abuelos-scaled-1.jpg\",\"width\":2560,\"height\":1920,\"caption\":\"Granparents\"},{\"@type\":\"BreadcrumbList\",\"@id\":\"https:\\\/\\\/schoenstatt.com\\\/de\\\/papst-franziskus-hat-mit-grosseltern-gebetet\\\/#breadcrumb\",\"itemListElement\":[{\"@type\":\"ListItem\",\"position\":1,\"name\":\"Portada\",\"item\":\"https:\\\/\\\/schoenstatt.com\\\/de\\\/home\\\/\"},{\"@type\":\"ListItem\",\"position\":2,\"name\":\"Papst Franziskus hat mit Gro\u00dfeltern gebetet\"}]},{\"@type\":\"WebSite\",\"@id\":\"https:\\\/\\\/schoenstatt.com\\\/de\\\/#website\",\"url\":\"https:\\\/\\\/schoenstatt.com\\\/de\\\/\",\"name\":\"Schoenstatt\",\"description\":\"Apostolic Movement\",\"publisher\":{\"@id\":\"https:\\\/\\\/schoenstatt.com\\\/de\\\/#organization\"},\"potentialAction\":[{\"@type\":\"SearchAction\",\"target\":{\"@type\":\"EntryPoint\",\"urlTemplate\":\"https:\\\/\\\/schoenstatt.com\\\/de\\\/?s={search_term_string}\"},\"query-input\":{\"@type\":\"PropertyValueSpecification\",\"valueRequired\":true,\"valueName\":\"search_term_string\"}}],\"inLanguage\":\"de\"},{\"@type\":\"Organization\",\"@id\":\"https:\\\/\\\/schoenstatt.com\\\/de\\\/#organization\",\"name\":\"Schoenstatt\",\"url\":\"https:\\\/\\\/schoenstatt.com\\\/de\\\/\",\"logo\":{\"@type\":\"ImageObject\",\"inLanguage\":\"de\",\"@id\":\"https:\\\/\\\/schoenstatt.com\\\/de\\\/#\\\/schema\\\/logo\\\/image\\\/\",\"url\":\"https:\\\/\\\/schoenstatt.com\\\/wp-content\\\/uploads\\\/2025\\\/04\\\/logo-schoenstatt-white-696x696-1.png\",\"contentUrl\":\"https:\\\/\\\/schoenstatt.com\\\/wp-content\\\/uploads\\\/2025\\\/04\\\/logo-schoenstatt-white-696x696-1.png\",\"width\":696,\"height\":694,\"caption\":\"Schoenstatt\"},\"image\":{\"@id\":\"https:\\\/\\\/schoenstatt.com\\\/de\\\/#\\\/schema\\\/logo\\\/image\\\/\"}},{\"@type\":\"Person\",\"@id\":\"https:\\\/\\\/schoenstatt.com\\\/de\\\/#\\\/schema\\\/person\\\/5158877ad4acae98b34daaeef2a1ce6e\",\"name\":\"Karen Bueno\",\"image\":{\"@type\":\"ImageObject\",\"inLanguage\":\"de\",\"@id\":\"https:\\\/\\\/secure.gravatar.com\\\/avatar\\\/f9f4b823873154269d2b2130f195f6d41037dd0d7fc5f3cacb5c846bae70d66b?s=96&d=mm&r=g\",\"url\":\"https:\\\/\\\/secure.gravatar.com\\\/avatar\\\/f9f4b823873154269d2b2130f195f6d41037dd0d7fc5f3cacb5c846bae70d66b?s=96&d=mm&r=g\",\"contentUrl\":\"https:\\\/\\\/secure.gravatar.com\\\/avatar\\\/f9f4b823873154269d2b2130f195f6d41037dd0d7fc5f3cacb5c846bae70d66b?s=96&d=mm&r=g\",\"caption\":\"Karen Bueno\"},\"url\":\"https:\\\/\\\/schoenstatt.com\\\/de\\\/author\\\/karen-bueno\\\/\"}]}<\/script>\n<!-- \/ Yoast SEO Premium plugin. -->","yoast_head_json":{"title":"Papst Franziskus hat mit Gro\u00dfeltern gebetet - Schoenstatt","description":"Der neue Welttag wird zuk\u00fcnftig am vierten Sonntag im Juli, um den Tag der Gro\u00dfeltern Jesu, der Heiligen Anna und Joachim, gefeiert.","robots":{"index":"index","follow":"follow","max-snippet":"max-snippet:-1","max-image-preview":"max-image-preview:large","max-video-preview":"max-video-preview:-1"},"canonical":"https:\/\/schoenstatt.com\/de\/papst-franziskus-hat-mit-grosseltern-gebetet\/","og_locale":"de_DE","og_type":"article","og_title":"Papst Franziskus hat mit Gro\u00dfeltern gebetet","og_description":"Der neue Welttag wird zuk\u00fcnftig am vierten Sonntag im Juli, um den Tag der Gro\u00dfeltern Jesu, der Heiligen Anna und Joachim, gefeiert.","og_url":"https:\/\/schoenstatt.com\/de\/papst-franziskus-hat-mit-grosseltern-gebetet\/","og_site_name":"Schoenstatt","article_published_time":"2021-07-27T15:09:06+00:00","article_modified_time":"2025-08-20T23:21:04+00:00","og_image":[{"width":2560,"height":1920,"url":"https:\/\/schoenstatt.com\/wp-content\/uploads\/2021\/11\/foto-abuelos-scaled-1.jpg","type":"image\/jpeg"}],"author":"Karen Bueno","twitter_card":"summary_large_image","twitter_misc":{"Verfasst von":"Karen Bueno","Gesch\u00e4tzte Lesezeit":"3\u00a0Minuten"},"schema":{"@context":"https:\/\/schema.org","@graph":[{"@type":"Article","@id":"https:\/\/schoenstatt.com\/de\/papst-franziskus-hat-mit-grosseltern-gebetet\/#article","isPartOf":{"@id":"https:\/\/schoenstatt.com\/de\/papst-franziskus-hat-mit-grosseltern-gebetet\/"},"author":{"name":"Karen Bueno","@id":"https:\/\/schoenstatt.com\/de\/#\/schema\/person\/5158877ad4acae98b34daaeef2a1ce6e"},"headline":"Papst Franziskus hat mit Gro\u00dfeltern gebetet","datePublished":"2021-07-27T15:09:06+00:00","dateModified":"2025-08-20T23:21:04+00:00","mainEntityOfPage":{"@id":"https:\/\/schoenstatt.com\/de\/papst-franziskus-hat-mit-grosseltern-gebetet\/"},"wordCount":528,"publisher":{"@id":"https:\/\/schoenstatt.com\/de\/#organization"},"image":{"@id":"https:\/\/schoenstatt.com\/de\/papst-franziskus-hat-mit-grosseltern-gebetet\/#primaryimage"},"thumbnailUrl":"https:\/\/schoenstatt.com\/wp-content\/uploads\/2021\/11\/foto-abuelos-scaled-1.jpg","keywords":["\u00c4ltere Menschen \/ Gro\u00dfeltern","Papst Franziskus"],"articleSection":["Kirche"],"inLanguage":"de"},{"@type":"WebPage","@id":"https:\/\/schoenstatt.com\/de\/papst-franziskus-hat-mit-grosseltern-gebetet\/","url":"https:\/\/schoenstatt.com\/de\/papst-franziskus-hat-mit-grosseltern-gebetet\/","name":"Papst Franziskus hat mit Gro\u00dfeltern gebetet - Schoenstatt","isPartOf":{"@id":"https:\/\/schoenstatt.com\/de\/#website"},"primaryImageOfPage":{"@id":"https:\/\/schoenstatt.com\/de\/papst-franziskus-hat-mit-grosseltern-gebetet\/#primaryimage"},"image":{"@id":"https:\/\/schoenstatt.com\/de\/papst-franziskus-hat-mit-grosseltern-gebetet\/#primaryimage"},"thumbnailUrl":"https:\/\/schoenstatt.com\/wp-content\/uploads\/2021\/11\/foto-abuelos-scaled-1.jpg","datePublished":"2021-07-27T15:09:06+00:00","dateModified":"2025-08-20T23:21:04+00:00","description":"Der neue Welttag wird zuk\u00fcnftig am vierten Sonntag im Juli, um den Tag der Gro\u00dfeltern Jesu, der Heiligen Anna und Joachim, gefeiert.","breadcrumb":{"@id":"https:\/\/schoenstatt.com\/de\/papst-franziskus-hat-mit-grosseltern-gebetet\/#breadcrumb"},"inLanguage":"de","potentialAction":[{"@type":"ReadAction","target":["https:\/\/schoenstatt.com\/de\/papst-franziskus-hat-mit-grosseltern-gebetet\/"]}]},{"@type":"ImageObject","inLanguage":"de","@id":"https:\/\/schoenstatt.com\/de\/papst-franziskus-hat-mit-grosseltern-gebetet\/#primaryimage","url":"https:\/\/schoenstatt.com\/wp-content\/uploads\/2021\/11\/foto-abuelos-scaled-1.jpg","contentUrl":"https:\/\/schoenstatt.com\/wp-content\/uploads\/2021\/11\/foto-abuelos-scaled-1.jpg","width":2560,"height":1920,"caption":"Granparents"},{"@type":"BreadcrumbList","@id":"https:\/\/schoenstatt.com\/de\/papst-franziskus-hat-mit-grosseltern-gebetet\/#breadcrumb","itemListElement":[{"@type":"ListItem","position":1,"name":"Portada","item":"https:\/\/schoenstatt.com\/de\/home\/"},{"@type":"ListItem","position":2,"name":"Papst Franziskus hat mit Gro\u00dfeltern gebetet"}]},{"@type":"WebSite","@id":"https:\/\/schoenstatt.com\/de\/#website","url":"https:\/\/schoenstatt.com\/de\/","name":"Schoenstatt","description":"Apostolic Movement","publisher":{"@id":"https:\/\/schoenstatt.com\/de\/#organization"},"potentialAction":[{"@type":"SearchAction","target":{"@type":"EntryPoint","urlTemplate":"https:\/\/schoenstatt.com\/de\/?s={search_term_string}"},"query-input":{"@type":"PropertyValueSpecification","valueRequired":true,"valueName":"search_term_string"}}],"inLanguage":"de"},{"@type":"Organization","@id":"https:\/\/schoenstatt.com\/de\/#organization","name":"Schoenstatt","url":"https:\/\/schoenstatt.com\/de\/","logo":{"@type":"ImageObject","inLanguage":"de","@id":"https:\/\/schoenstatt.com\/de\/#\/schema\/logo\/image\/","url":"https:\/\/schoenstatt.com\/wp-content\/uploads\/2025\/04\/logo-schoenstatt-white-696x696-1.png","contentUrl":"https:\/\/schoenstatt.com\/wp-content\/uploads\/2025\/04\/logo-schoenstatt-white-696x696-1.png","width":696,"height":694,"caption":"Schoenstatt"},"image":{"@id":"https:\/\/schoenstatt.com\/de\/#\/schema\/logo\/image\/"}},{"@type":"Person","@id":"https:\/\/schoenstatt.com\/de\/#\/schema\/person\/5158877ad4acae98b34daaeef2a1ce6e","name":"Karen Bueno","image":{"@type":"ImageObject","inLanguage":"de","@id":"https:\/\/secure.gravatar.com\/avatar\/f9f4b823873154269d2b2130f195f6d41037dd0d7fc5f3cacb5c846bae70d66b?s=96&d=mm&r=g","url":"https:\/\/secure.gravatar.com\/avatar\/f9f4b823873154269d2b2130f195f6d41037dd0d7fc5f3cacb5c846bae70d66b?s=96&d=mm&r=g","contentUrl":"https:\/\/secure.gravatar.com\/avatar\/f9f4b823873154269d2b2130f195f6d41037dd0d7fc5f3cacb5c846bae70d66b?s=96&d=mm&r=g","caption":"Karen Bueno"},"url":"https:\/\/schoenstatt.com\/de\/author\/karen-bueno\/"}]}},"_links":{"self":[{"href":"https:\/\/schoenstatt.com\/de\/wp-json\/wp\/v2\/posts\/20885","targetHints":{"allow":["GET"]}}],"collection":[{"href":"https:\/\/schoenstatt.com\/de\/wp-json\/wp\/v2\/posts"}],"about":[{"href":"https:\/\/schoenstatt.com\/de\/wp-json\/wp\/v2\/types\/post"}],"author":[{"embeddable":true,"href":"https:\/\/schoenstatt.com\/de\/wp-json\/wp\/v2\/users\/3"}],"replies":[{"embeddable":true,"href":"https:\/\/schoenstatt.com\/de\/wp-json\/wp\/v2\/comments?post=20885"}],"version-history":[{"count":1,"href":"https:\/\/schoenstatt.com\/de\/wp-json\/wp\/v2\/posts\/20885\/revisions"}],"predecessor-version":[{"id":44597,"href":"https:\/\/schoenstatt.com\/de\/wp-json\/wp\/v2\/posts\/20885\/revisions\/44597"}],"wp:featuredmedia":[{"embeddable":true,"href":"https:\/\/schoenstatt.com\/de\/wp-json\/wp\/v2\/media\/20879"}],"wp:attachment":[{"href":"https:\/\/schoenstatt.com\/de\/wp-json\/wp\/v2\/media?parent=20885"}],"wp:term":[{"taxonomy":"category","embeddable":true,"href":"https:\/\/schoenstatt.com\/de\/wp-json\/wp\/v2\/categories?post=20885"},{"taxonomy":"post_tag","embeddable":true,"href":"https:\/\/schoenstatt.com\/de\/wp-json\/wp\/v2\/tags?post=20885"}],"curies":[{"name":"wp","href":"https:\/\/api.w.org\/{rel}","templated":true}]}}