{"id":20325,"date":"2021-08-15T23:18:52","date_gmt":"2021-08-15T21:18:52","guid":{"rendered":"https:\/\/schoenstatt.com\/spiritualitat\/liga-feminina-de-schoenstatt-no-brasil-completa-50-anos\/"},"modified":"2025-08-18T20:28:55","modified_gmt":"2025-08-18T18:28:55","slug":"die-schoenstatt-frauenliga-in-brasilien-feiert-ihr-50-jaehriges-bestehen","status":"publish","type":"post","link":"https:\/\/schoenstatt.com\/de\/die-schoenstatt-frauenliga-in-brasilien-feiert-ihr-50-jaehriges-bestehen\/","title":{"rendered":"Die Sch\u00f6nstatt-Frauenliga in Brasilien feiert ihr 50-j\u00e4hriges Bestehen"},"content":{"rendered":"<p>Es waren f\u00fcnf Jahrzehnte mit reicher Geschichte, mit Herausforderungen, Wachstum und besonderen Gnaden der Mutter und K\u00f6nigin. Am 18. Juli 2021 feierte die <a href=\"https:\/\/schoenstatt.com\/de\/in-gemeinschaft\/frauen\/frauenliga\/\">Sch\u00f6nstatt-Frauenliga (Lafs)<\/a> in Brasilien das 50-j\u00e4hrige Jubil\u00e4um ihrer Gr\u00fcndung.<\/p>\n<p>Sowohl virtuell als auch pers\u00f6nlich vereint, hatten die Mitglieder der Frauenliga ein besonderes Programm f\u00fcr das Wochenende.<\/p>\n<p>Am Samstag (17.7.) beteten die Mitglieder aus dem ganzen Land gemeinsam den Rosenkranz. Die s\u00fcdlichen und nord\u00f6stlichen Regionen hielten ein Jubil\u00e4umstreffen ab, bei dem sie die Kr\u00f6nung der Gottesmutter erneuerten. In Londrina\/PR, der Stadt, in der die Gemeinschaft entstand, wurde eine Jubil\u00e4umsmesse gefeiert.<\/p>\n<p>Aguida Maria Lopes Magalh\u00e3es aus der Region Nordost sagte:\u00a0\u201e<em>Die Frauenliga hat mir erm\u00f6glicht, ein gr\u00f6\u00dferes Bewusstsein als Christin zu entwickeln: dieses Bewusstsein, Maria zu sein, \u00fcberall dort, wo ich bin, ob zu Hause, in der Familie oder am Arbeitsplatz. Es hat mir geholfen, bewusster zu leben. Durch meine Selbsterkenntnis und den Willen, mich zu engagieren, durfte ich anderen Maria bringen.\u201c<\/em><\/p>\n<p><img fetchpriority=\"high\" decoding=\"async\" class=\"aligncenter wp-image-20307 size-full\" src=\"https:\/\/schoenstatt.com\/wp-content\/uploads\/2021\/10\/brasil.png\" alt=\"\" width=\"1024\" height=\"683\" \/><\/p>\n<h3>Durch die Frauenliga habe ich gelernt, die Bewegung zu lieben<\/h3>\n<p>Die Feierlichkeiten fanden in f\u00fcnf brasilianischen Bundesstaaten statt. Magda L\u00facia Caldeira Navarro aus der s\u00fcd\u00f6stlichen Region bekr\u00e4ftigt:\u00a0<em>\u201eMit den Frauen lernte ich die Bewegung lieben, ich lernte die wunderbare Welt des Ideals kennen, ein lebendiger Tabernakel des Allerh\u00f6chsten zu sein. Ich kann mir mein Leben ohne mein absolutes \u201aJa\u2018 zum Heiligtum nicht mehr vorstellen, mein Leben f\u00fcr die Gottesmutter und ihr Werk zu geben.\u201c<\/em><\/p>\n<p>Im Heiligtum \u201eTabor der Freiheit\u201c im Bundesstaat Minas Gerais schloss eine Gruppe der Apostolischen Frauenliga w\u00e4hrend der Jubil\u00e4umsfeierlichkeiten ihr Liebesb\u00fcndnis. Carla Bianchetti aus dieser Gruppe bekr\u00e4ftigt:\u00a0\u201e<em>Von heute an sind wir eine Familie. M\u00f6gen wir Lichtblicke und Hoffnungszeichen f\u00fcr andere Frauen sein. M\u00f6gen wir unserem B\u00fcndnis treu bleiben!\u201c<\/em><\/p>\n<p><img decoding=\"async\" class=\"aligncenter wp-image-20319 size-full\" src=\"https:\/\/schoenstatt.com\/wp-content\/uploads\/2021\/10\/peregrina.png\" alt=\"\" width=\"765\" height=\"1022\" \/><\/p>\n<h3>Durch die Frauenliga habe ich gelernt, die Bewegung zu lieben<\/h3>\n<p>Natalia Kist aus der s\u00fcdlichen Region sagt, dass dieses Jubil\u00e4um ihre Liebe und ihre Begeisterung erneuert hat:<em>\u00a0\u201eIch habe das Gef\u00fchl, dass in jeder Sch\u00f6nstattgemeinschaft Platz f\u00fcr uns alle ist, in allen Phasen unseres Lebens und dass wir uns als Frauen in der Gesellschaft, aber auch als Gruppe weiterentwickeln k\u00f6nnen (und m\u00fcssen). Auch wenn es schwierig ist, m\u00fcssen wir uns hingeben und blind auf die Dreimal Wunderbare Mutter von Sch\u00f6nstatt vertrauen, das wird immer der beste und f\u00fcr mich der einzig richtige Weg sein.\u201c<\/em><\/p>\n<p>Ana Becker lebt in der Stadt Curitiba, Paran\u00e1, und geh\u00f6rt zur Gr\u00fcndergeneration der Frauenliga in Brasilien. Sie erinnert sich:<em> \u201eWir haben die Frauenliga in Brasilien mit f\u00fcnf Frauen gegr\u00fcndet. Es ist eine gro\u00dfe Freude, dass wir heute das goldene Jubil\u00e4um feiern k\u00f6nnen. Ich m\u00f6chte unserer Dreimal Wunderbaren Mutter f\u00fcr diesen Segen, f\u00fcr dieses Jubil\u00e4um danken und ich w\u00fcnsche der Frauenliga in Brasilien noch viele gesegnete Jahre.<\/em><\/p>\n<p><img decoding=\"async\" class=\"aligncenter wp-image-20315 size-full\" src=\"https:\/\/schoenstatt.com\/wp-content\/uploads\/2021\/10\/peregrina2.png\" alt=\"\" width=\"766\" height=\"1024\" \/><\/p>\n","protected":false},"excerpt":{"rendered":"<p>Die Feierlichkeiten werden in Brasilien von Norden bis S\u00fcden stattfinden.<br \/>\n15. August  2021<\/p>\n","protected":false},"author":3,"featured_media":20310,"comment_status":"closed","ping_status":"open","sticky":false,"template":"","format":"standard","meta":{"footnotes":""},"categories":[195,918,907],"tags":[1255,1133,1210],"class_list":["post-20325","post","type-post","status-publish","format-standard","has-post-thumbnail","hentry","category-amerika-de","category-frauen-de","category-schoenstatt-gemeinschaften-de","tag-frauen-de","tag-schonstatt-brasilien-de","tag-schonstatt-frauenliga-de"],"yoast_head":"<!-- This site is optimized with the Yoast SEO Premium plugin v27.4 (Yoast SEO v27.5) - https:\/\/yoast.com\/product\/yoast-seo-premium-wordpress\/ -->\n<title>Die Sch\u00f6nstatt-Frauenliga in Brasilien feiert ihr 50-j\u00e4hriges Bestehen<\/title>\n<meta name=\"description\" content=\"In diesen 50 Jahren hat die LAFS ihre Sendung behalten: der apostolische Arm Sch\u00f6nstatts zu sein; durch das Apostolat des Seins.\" \/>\n<meta name=\"robots\" content=\"index, follow, max-snippet:-1, max-image-preview:large, max-video-preview:-1\" \/>\n<link rel=\"canonical\" href=\"https:\/\/schoenstatt.com\/de\/die-schoenstatt-frauenliga-in-brasilien-feiert-ihr-50-jaehriges-bestehen\/\" \/>\n<meta property=\"og:locale\" content=\"de_DE\" \/>\n<meta property=\"og:type\" content=\"article\" \/>\n<meta property=\"og:title\" content=\"Die Sch\u00f6nstatt-Frauenliga in Brasilien feiert ihr 50-j\u00e4hriges Bestehen\" \/>\n<meta property=\"og:description\" content=\"In diesen 50 Jahren hat die LAFS ihre Sendung behalten: der apostolische Arm Sch\u00f6nstatts zu sein; durch das Apostolat des Seins.\" \/>\n<meta property=\"og:url\" content=\"https:\/\/schoenstatt.com\/de\/die-schoenstatt-frauenliga-in-brasilien-feiert-ihr-50-jaehriges-bestehen\/\" \/>\n<meta property=\"og:site_name\" content=\"Schoenstatt\" \/>\n<meta property=\"article:published_time\" content=\"2021-08-15T21:18:52+00:00\" \/>\n<meta property=\"article:modified_time\" content=\"2025-08-18T18:28:55+00:00\" \/>\n<meta property=\"og:image\" content=\"https:\/\/schoenstatt.com\/wp-content\/uploads\/2021\/10\/SAM-Schoenstatt-Community-of-Working-Women-Hdr_-2.jpg\" \/>\n\t<meta property=\"og:image:width\" content=\"1920\" \/>\n\t<meta property=\"og:image:height\" content=\"1281\" \/>\n\t<meta property=\"og:image:type\" content=\"image\/jpeg\" \/>\n<meta name=\"author\" content=\"Karen Bueno\" \/>\n<meta name=\"twitter:card\" content=\"summary_large_image\" \/>\n<meta name=\"twitter:label1\" content=\"Verfasst von\" \/>\n\t<meta name=\"twitter:data1\" content=\"Karen Bueno\" \/>\n\t<meta name=\"twitter:label2\" content=\"Gesch\u00e4tzte Lesezeit\" \/>\n\t<meta name=\"twitter:data2\" content=\"3\u00a0Minuten\" \/>\n<script type=\"application\/ld+json\" class=\"yoast-schema-graph\">{\"@context\":\"https:\\\/\\\/schema.org\",\"@graph\":[{\"@type\":\"Article\",\"@id\":\"https:\\\/\\\/schoenstatt.com\\\/de\\\/die-schoenstatt-frauenliga-in-brasilien-feiert-ihr-50-jaehriges-bestehen\\\/#article\",\"isPartOf\":{\"@id\":\"https:\\\/\\\/schoenstatt.com\\\/de\\\/die-schoenstatt-frauenliga-in-brasilien-feiert-ihr-50-jaehriges-bestehen\\\/\"},\"author\":{\"name\":\"Karen Bueno\",\"@id\":\"https:\\\/\\\/schoenstatt.com\\\/de\\\/#\\\/schema\\\/person\\\/5158877ad4acae98b34daaeef2a1ce6e\"},\"headline\":\"Die Sch\u00f6nstatt-Frauenliga in Brasilien feiert ihr 50-j\u00e4hriges Bestehen\",\"datePublished\":\"2021-08-15T21:18:52+00:00\",\"dateModified\":\"2025-08-18T18:28:55+00:00\",\"mainEntityOfPage\":{\"@id\":\"https:\\\/\\\/schoenstatt.com\\\/de\\\/die-schoenstatt-frauenliga-in-brasilien-feiert-ihr-50-jaehriges-bestehen\\\/\"},\"wordCount\":496,\"publisher\":{\"@id\":\"https:\\\/\\\/schoenstatt.com\\\/de\\\/#organization\"},\"image\":{\"@id\":\"https:\\\/\\\/schoenstatt.com\\\/de\\\/die-schoenstatt-frauenliga-in-brasilien-feiert-ihr-50-jaehriges-bestehen\\\/#primaryimage\"},\"thumbnailUrl\":\"https:\\\/\\\/schoenstatt.com\\\/wp-content\\\/uploads\\\/2021\\\/10\\\/SAM-Schoenstatt-Community-of-Working-Women-Hdr_-2.jpg\",\"keywords\":[\"Frauen\",\"Sch\u00f6nstatt Brasilien\",\"Sch\u00f6nstatt-Frauenliga\"],\"articleSection\":[\"Amerika\",\"Frauen\",\"Schoenstatt Gemeinschaften\"],\"inLanguage\":\"de\"},{\"@type\":\"WebPage\",\"@id\":\"https:\\\/\\\/schoenstatt.com\\\/de\\\/die-schoenstatt-frauenliga-in-brasilien-feiert-ihr-50-jaehriges-bestehen\\\/\",\"url\":\"https:\\\/\\\/schoenstatt.com\\\/de\\\/die-schoenstatt-frauenliga-in-brasilien-feiert-ihr-50-jaehriges-bestehen\\\/\",\"name\":\"Die Sch\u00f6nstatt-Frauenliga in Brasilien feiert ihr 50-j\u00e4hriges Bestehen\",\"isPartOf\":{\"@id\":\"https:\\\/\\\/schoenstatt.com\\\/de\\\/#website\"},\"primaryImageOfPage\":{\"@id\":\"https:\\\/\\\/schoenstatt.com\\\/de\\\/die-schoenstatt-frauenliga-in-brasilien-feiert-ihr-50-jaehriges-bestehen\\\/#primaryimage\"},\"image\":{\"@id\":\"https:\\\/\\\/schoenstatt.com\\\/de\\\/die-schoenstatt-frauenliga-in-brasilien-feiert-ihr-50-jaehriges-bestehen\\\/#primaryimage\"},\"thumbnailUrl\":\"https:\\\/\\\/schoenstatt.com\\\/wp-content\\\/uploads\\\/2021\\\/10\\\/SAM-Schoenstatt-Community-of-Working-Women-Hdr_-2.jpg\",\"datePublished\":\"2021-08-15T21:18:52+00:00\",\"dateModified\":\"2025-08-18T18:28:55+00:00\",\"description\":\"In diesen 50 Jahren hat die LAFS ihre Sendung behalten: der apostolische Arm Sch\u00f6nstatts zu sein; durch das Apostolat des Seins.\",\"breadcrumb\":{\"@id\":\"https:\\\/\\\/schoenstatt.com\\\/de\\\/die-schoenstatt-frauenliga-in-brasilien-feiert-ihr-50-jaehriges-bestehen\\\/#breadcrumb\"},\"inLanguage\":\"de\",\"potentialAction\":[{\"@type\":\"ReadAction\",\"target\":[\"https:\\\/\\\/schoenstatt.com\\\/de\\\/die-schoenstatt-frauenliga-in-brasilien-feiert-ihr-50-jaehriges-bestehen\\\/\"]}]},{\"@type\":\"ImageObject\",\"inLanguage\":\"de\",\"@id\":\"https:\\\/\\\/schoenstatt.com\\\/de\\\/die-schoenstatt-frauenliga-in-brasilien-feiert-ihr-50-jaehriges-bestehen\\\/#primaryimage\",\"url\":\"https:\\\/\\\/schoenstatt.com\\\/wp-content\\\/uploads\\\/2021\\\/10\\\/SAM-Schoenstatt-Community-of-Working-Women-Hdr_-2.jpg\",\"contentUrl\":\"https:\\\/\\\/schoenstatt.com\\\/wp-content\\\/uploads\\\/2021\\\/10\\\/SAM-Schoenstatt-Community-of-Working-Women-Hdr_-2.jpg\",\"width\":1920,\"height\":1281,\"caption\":\"Schoenstatt Womens League\"},{\"@type\":\"BreadcrumbList\",\"@id\":\"https:\\\/\\\/schoenstatt.com\\\/de\\\/die-schoenstatt-frauenliga-in-brasilien-feiert-ihr-50-jaehriges-bestehen\\\/#breadcrumb\",\"itemListElement\":[{\"@type\":\"ListItem\",\"position\":1,\"name\":\"Portada\",\"item\":\"https:\\\/\\\/schoenstatt.com\\\/de\\\/home\\\/\"},{\"@type\":\"ListItem\",\"position\":2,\"name\":\"Die Sch\u00f6nstatt-Frauenliga in Brasilien feiert ihr 50-j\u00e4hriges Bestehen\"}]},{\"@type\":\"WebSite\",\"@id\":\"https:\\\/\\\/schoenstatt.com\\\/de\\\/#website\",\"url\":\"https:\\\/\\\/schoenstatt.com\\\/de\\\/\",\"name\":\"Schoenstatt\",\"description\":\"Apostolic Movement\",\"publisher\":{\"@id\":\"https:\\\/\\\/schoenstatt.com\\\/de\\\/#organization\"},\"potentialAction\":[{\"@type\":\"SearchAction\",\"target\":{\"@type\":\"EntryPoint\",\"urlTemplate\":\"https:\\\/\\\/schoenstatt.com\\\/de\\\/?s={search_term_string}\"},\"query-input\":{\"@type\":\"PropertyValueSpecification\",\"valueRequired\":true,\"valueName\":\"search_term_string\"}}],\"inLanguage\":\"de\"},{\"@type\":\"Organization\",\"@id\":\"https:\\\/\\\/schoenstatt.com\\\/de\\\/#organization\",\"name\":\"Schoenstatt\",\"url\":\"https:\\\/\\\/schoenstatt.com\\\/de\\\/\",\"logo\":{\"@type\":\"ImageObject\",\"inLanguage\":\"de\",\"@id\":\"https:\\\/\\\/schoenstatt.com\\\/de\\\/#\\\/schema\\\/logo\\\/image\\\/\",\"url\":\"https:\\\/\\\/schoenstatt.com\\\/wp-content\\\/uploads\\\/2025\\\/04\\\/logo-schoenstatt-white-696x696-1.png\",\"contentUrl\":\"https:\\\/\\\/schoenstatt.com\\\/wp-content\\\/uploads\\\/2025\\\/04\\\/logo-schoenstatt-white-696x696-1.png\",\"width\":696,\"height\":694,\"caption\":\"Schoenstatt\"},\"image\":{\"@id\":\"https:\\\/\\\/schoenstatt.com\\\/de\\\/#\\\/schema\\\/logo\\\/image\\\/\"}},{\"@type\":\"Person\",\"@id\":\"https:\\\/\\\/schoenstatt.com\\\/de\\\/#\\\/schema\\\/person\\\/5158877ad4acae98b34daaeef2a1ce6e\",\"name\":\"Karen Bueno\",\"image\":{\"@type\":\"ImageObject\",\"inLanguage\":\"de\",\"@id\":\"https:\\\/\\\/secure.gravatar.com\\\/avatar\\\/f9f4b823873154269d2b2130f195f6d41037dd0d7fc5f3cacb5c846bae70d66b?s=96&d=mm&r=g\",\"url\":\"https:\\\/\\\/secure.gravatar.com\\\/avatar\\\/f9f4b823873154269d2b2130f195f6d41037dd0d7fc5f3cacb5c846bae70d66b?s=96&d=mm&r=g\",\"contentUrl\":\"https:\\\/\\\/secure.gravatar.com\\\/avatar\\\/f9f4b823873154269d2b2130f195f6d41037dd0d7fc5f3cacb5c846bae70d66b?s=96&d=mm&r=g\",\"caption\":\"Karen Bueno\"},\"url\":\"https:\\\/\\\/schoenstatt.com\\\/de\\\/author\\\/karen-bueno\\\/\"}]}<\/script>\n<!-- \/ Yoast SEO Premium plugin. -->","yoast_head_json":{"title":"Die Sch\u00f6nstatt-Frauenliga in Brasilien feiert ihr 50-j\u00e4hriges Bestehen","description":"In diesen 50 Jahren hat die LAFS ihre Sendung behalten: der apostolische Arm Sch\u00f6nstatts zu sein; durch das Apostolat des Seins.","robots":{"index":"index","follow":"follow","max-snippet":"max-snippet:-1","max-image-preview":"max-image-preview:large","max-video-preview":"max-video-preview:-1"},"canonical":"https:\/\/schoenstatt.com\/de\/die-schoenstatt-frauenliga-in-brasilien-feiert-ihr-50-jaehriges-bestehen\/","og_locale":"de_DE","og_type":"article","og_title":"Die Sch\u00f6nstatt-Frauenliga in Brasilien feiert ihr 50-j\u00e4hriges Bestehen","og_description":"In diesen 50 Jahren hat die LAFS ihre Sendung behalten: der apostolische Arm Sch\u00f6nstatts zu sein; durch das Apostolat des Seins.","og_url":"https:\/\/schoenstatt.com\/de\/die-schoenstatt-frauenliga-in-brasilien-feiert-ihr-50-jaehriges-bestehen\/","og_site_name":"Schoenstatt","article_published_time":"2021-08-15T21:18:52+00:00","article_modified_time":"2025-08-18T18:28:55+00:00","og_image":[{"width":1920,"height":1281,"url":"https:\/\/schoenstatt.com\/wp-content\/uploads\/2021\/10\/SAM-Schoenstatt-Community-of-Working-Women-Hdr_-2.jpg","type":"image\/jpeg"}],"author":"Karen Bueno","twitter_card":"summary_large_image","twitter_misc":{"Verfasst von":"Karen Bueno","Gesch\u00e4tzte Lesezeit":"3\u00a0Minuten"},"schema":{"@context":"https:\/\/schema.org","@graph":[{"@type":"Article","@id":"https:\/\/schoenstatt.com\/de\/die-schoenstatt-frauenliga-in-brasilien-feiert-ihr-50-jaehriges-bestehen\/#article","isPartOf":{"@id":"https:\/\/schoenstatt.com\/de\/die-schoenstatt-frauenliga-in-brasilien-feiert-ihr-50-jaehriges-bestehen\/"},"author":{"name":"Karen Bueno","@id":"https:\/\/schoenstatt.com\/de\/#\/schema\/person\/5158877ad4acae98b34daaeef2a1ce6e"},"headline":"Die Sch\u00f6nstatt-Frauenliga in Brasilien feiert ihr 50-j\u00e4hriges Bestehen","datePublished":"2021-08-15T21:18:52+00:00","dateModified":"2025-08-18T18:28:55+00:00","mainEntityOfPage":{"@id":"https:\/\/schoenstatt.com\/de\/die-schoenstatt-frauenliga-in-brasilien-feiert-ihr-50-jaehriges-bestehen\/"},"wordCount":496,"publisher":{"@id":"https:\/\/schoenstatt.com\/de\/#organization"},"image":{"@id":"https:\/\/schoenstatt.com\/de\/die-schoenstatt-frauenliga-in-brasilien-feiert-ihr-50-jaehriges-bestehen\/#primaryimage"},"thumbnailUrl":"https:\/\/schoenstatt.com\/wp-content\/uploads\/2021\/10\/SAM-Schoenstatt-Community-of-Working-Women-Hdr_-2.jpg","keywords":["Frauen","Sch\u00f6nstatt Brasilien","Sch\u00f6nstatt-Frauenliga"],"articleSection":["Amerika","Frauen","Schoenstatt Gemeinschaften"],"inLanguage":"de"},{"@type":"WebPage","@id":"https:\/\/schoenstatt.com\/de\/die-schoenstatt-frauenliga-in-brasilien-feiert-ihr-50-jaehriges-bestehen\/","url":"https:\/\/schoenstatt.com\/de\/die-schoenstatt-frauenliga-in-brasilien-feiert-ihr-50-jaehriges-bestehen\/","name":"Die Sch\u00f6nstatt-Frauenliga in Brasilien feiert ihr 50-j\u00e4hriges Bestehen","isPartOf":{"@id":"https:\/\/schoenstatt.com\/de\/#website"},"primaryImageOfPage":{"@id":"https:\/\/schoenstatt.com\/de\/die-schoenstatt-frauenliga-in-brasilien-feiert-ihr-50-jaehriges-bestehen\/#primaryimage"},"image":{"@id":"https:\/\/schoenstatt.com\/de\/die-schoenstatt-frauenliga-in-brasilien-feiert-ihr-50-jaehriges-bestehen\/#primaryimage"},"thumbnailUrl":"https:\/\/schoenstatt.com\/wp-content\/uploads\/2021\/10\/SAM-Schoenstatt-Community-of-Working-Women-Hdr_-2.jpg","datePublished":"2021-08-15T21:18:52+00:00","dateModified":"2025-08-18T18:28:55+00:00","description":"In diesen 50 Jahren hat die LAFS ihre Sendung behalten: der apostolische Arm Sch\u00f6nstatts zu sein; durch das Apostolat des Seins.","breadcrumb":{"@id":"https:\/\/schoenstatt.com\/de\/die-schoenstatt-frauenliga-in-brasilien-feiert-ihr-50-jaehriges-bestehen\/#breadcrumb"},"inLanguage":"de","potentialAction":[{"@type":"ReadAction","target":["https:\/\/schoenstatt.com\/de\/die-schoenstatt-frauenliga-in-brasilien-feiert-ihr-50-jaehriges-bestehen\/"]}]},{"@type":"ImageObject","inLanguage":"de","@id":"https:\/\/schoenstatt.com\/de\/die-schoenstatt-frauenliga-in-brasilien-feiert-ihr-50-jaehriges-bestehen\/#primaryimage","url":"https:\/\/schoenstatt.com\/wp-content\/uploads\/2021\/10\/SAM-Schoenstatt-Community-of-Working-Women-Hdr_-2.jpg","contentUrl":"https:\/\/schoenstatt.com\/wp-content\/uploads\/2021\/10\/SAM-Schoenstatt-Community-of-Working-Women-Hdr_-2.jpg","width":1920,"height":1281,"caption":"Schoenstatt Womens League"},{"@type":"BreadcrumbList","@id":"https:\/\/schoenstatt.com\/de\/die-schoenstatt-frauenliga-in-brasilien-feiert-ihr-50-jaehriges-bestehen\/#breadcrumb","itemListElement":[{"@type":"ListItem","position":1,"name":"Portada","item":"https:\/\/schoenstatt.com\/de\/home\/"},{"@type":"ListItem","position":2,"name":"Die Sch\u00f6nstatt-Frauenliga in Brasilien feiert ihr 50-j\u00e4hriges Bestehen"}]},{"@type":"WebSite","@id":"https:\/\/schoenstatt.com\/de\/#website","url":"https:\/\/schoenstatt.com\/de\/","name":"Schoenstatt","description":"Apostolic Movement","publisher":{"@id":"https:\/\/schoenstatt.com\/de\/#organization"},"potentialAction":[{"@type":"SearchAction","target":{"@type":"EntryPoint","urlTemplate":"https:\/\/schoenstatt.com\/de\/?s={search_term_string}"},"query-input":{"@type":"PropertyValueSpecification","valueRequired":true,"valueName":"search_term_string"}}],"inLanguage":"de"},{"@type":"Organization","@id":"https:\/\/schoenstatt.com\/de\/#organization","name":"Schoenstatt","url":"https:\/\/schoenstatt.com\/de\/","logo":{"@type":"ImageObject","inLanguage":"de","@id":"https:\/\/schoenstatt.com\/de\/#\/schema\/logo\/image\/","url":"https:\/\/schoenstatt.com\/wp-content\/uploads\/2025\/04\/logo-schoenstatt-white-696x696-1.png","contentUrl":"https:\/\/schoenstatt.com\/wp-content\/uploads\/2025\/04\/logo-schoenstatt-white-696x696-1.png","width":696,"height":694,"caption":"Schoenstatt"},"image":{"@id":"https:\/\/schoenstatt.com\/de\/#\/schema\/logo\/image\/"}},{"@type":"Person","@id":"https:\/\/schoenstatt.com\/de\/#\/schema\/person\/5158877ad4acae98b34daaeef2a1ce6e","name":"Karen Bueno","image":{"@type":"ImageObject","inLanguage":"de","@id":"https:\/\/secure.gravatar.com\/avatar\/f9f4b823873154269d2b2130f195f6d41037dd0d7fc5f3cacb5c846bae70d66b?s=96&d=mm&r=g","url":"https:\/\/secure.gravatar.com\/avatar\/f9f4b823873154269d2b2130f195f6d41037dd0d7fc5f3cacb5c846bae70d66b?s=96&d=mm&r=g","contentUrl":"https:\/\/secure.gravatar.com\/avatar\/f9f4b823873154269d2b2130f195f6d41037dd0d7fc5f3cacb5c846bae70d66b?s=96&d=mm&r=g","caption":"Karen Bueno"},"url":"https:\/\/schoenstatt.com\/de\/author\/karen-bueno\/"}]}},"_links":{"self":[{"href":"https:\/\/schoenstatt.com\/de\/wp-json\/wp\/v2\/posts\/20325","targetHints":{"allow":["GET"]}}],"collection":[{"href":"https:\/\/schoenstatt.com\/de\/wp-json\/wp\/v2\/posts"}],"about":[{"href":"https:\/\/schoenstatt.com\/de\/wp-json\/wp\/v2\/types\/post"}],"author":[{"embeddable":true,"href":"https:\/\/schoenstatt.com\/de\/wp-json\/wp\/v2\/users\/3"}],"replies":[{"embeddable":true,"href":"https:\/\/schoenstatt.com\/de\/wp-json\/wp\/v2\/comments?post=20325"}],"version-history":[{"count":6,"href":"https:\/\/schoenstatt.com\/de\/wp-json\/wp\/v2\/posts\/20325\/revisions"}],"predecessor-version":[{"id":62376,"href":"https:\/\/schoenstatt.com\/de\/wp-json\/wp\/v2\/posts\/20325\/revisions\/62376"}],"wp:featuredmedia":[{"embeddable":true,"href":"https:\/\/schoenstatt.com\/de\/wp-json\/wp\/v2\/media\/20310"}],"wp:attachment":[{"href":"https:\/\/schoenstatt.com\/de\/wp-json\/wp\/v2\/media?parent=20325"}],"wp:term":[{"taxonomy":"category","embeddable":true,"href":"https:\/\/schoenstatt.com\/de\/wp-json\/wp\/v2\/categories?post=20325"},{"taxonomy":"post_tag","embeddable":true,"href":"https:\/\/schoenstatt.com\/de\/wp-json\/wp\/v2\/tags?post=20325"}],"curies":[{"name":"wp","href":"https:\/\/api.w.org\/{rel}","templated":true}]}}