{"id":20058,"date":"2021-08-22T16:46:19","date_gmt":"2021-08-22T14:46:19","guid":{"rendered":"https:\/\/schoenstatt.com\/spiritualitat\/academia-de-familias-en-austria-de-pequena-planta-a-un-arbol-robusto\/"},"modified":"2025-05-15T19:55:47","modified_gmt":"2025-05-15T17:55:47","slug":"oesterreichische-familienakademie-eine-kleine-pflanze-wird-zum-groben-baum","status":"publish","type":"post","link":"https:\/\/schoenstatt.com\/de\/oesterreichische-familienakademie-eine-kleine-pflanze-wird-zum-groben-baum\/","title":{"rendered":"\u00d6sterreichische Familienakademie &#8211; Eine kleine Pflanze wird zum gro\u00dfen Baum"},"content":{"rendered":"<p>Nach \u00fcber 30 Jahren Leitung in rastlosem Einsatz von Ehepaar Berger und einem enormen Wachstum in der Ehearbeit wurde an diesem geschichtstr\u00e4chtigen 16. Juli (Gr\u00fcndung der Familienbewegung im KZ Dachau 1942 durch Pater Kentenich und Dr. Fritz K\u00fchr) die Leitung der Familienakademie an Ehepaar Patricia und G\u00fcnther Mayrhofer \u00fcbergeben f\u00fcr die kommenden 6 Jahre.<\/p>\n<h3>Familienakademie \u2013 2-j\u00e4hrigen Ausbildung zum Familientrainer<\/h3>\n<p>\u201eWas als kleines Pfl\u00e4nzchen begann \u2013 so schreibt Gabi Kr\u00e4ftner \u2013 ist mittlerweile ein m\u00e4chtiger Baum mit vielen Fr\u00fcchten geworden.\u00a0<a href=\"https:\/\/www.ehe-familie.at\/angebot\/akademie-fuer-ehe-und-familie\/\">425 Ehepaare aus \u00d6sterreich<\/a>\u00a0haben bisher in 67 Kursen an der 2-j\u00e4hrigen Ausbildung zum Familientrainer teilgenommen und von 300 Referenten- und Begleit-Ehepaaren St\u00e4rkung und Wachstum in ihrem Beziehungs- und Glaubensleben erfahren. W\u00e4hrend dieser 30 Jahre haben Ehepaare 190.000 Stunden ehrenamtlich f\u00fcr andere Familien gearbeitet. Die bew\u00e4hrte Kentenich P\u00e4dagogik wird in Akademiekursen nun auch erfolgreich in Ungarn, Deutschland, Schweiz, Litauen, Spanien, Kroatien, Tschechien, Rum\u00e4nien und sogar in Brasilien weitergegeben.\u201c<\/p>\n<p><img fetchpriority=\"high\" decoding=\"async\" class=\"aligncenter wp-image-20030 size-full\" src=\"https:\/\/schoenstatt.com\/wp-content\/uploads\/2021\/08\/077Dankes_Ubergabefest_Akademie_2021.jpg\" alt=\"\" width=\"1500\" height=\"1000\" \/><\/p>\n<p>Bei der Feier war sogar Altbischof Dr. Klaus K\u00fcng zugegen, der von Anfang an die Akademie f\u00fcr Familienp\u00e4dagogik stark unterst\u00fctzte, bei zahlreichen Sendungsfeiern mitwirkte und jedes Mal die neuausgebildeten Familientrainerehepaare interessiert aufnahm. Er w\u00fcrdigte das \u201eau\u00dferordentliche Wirken\u201c von Eva und Erich Berger und w\u00fcnschte den engagierten Nachfolgern Gottes Segen f\u00fcr diese verantwortungsvolle Aufgabe. Er ist \u00fcberzeugt, dass die Fr\u00fcchte der Arbeit der Akademien zeigen, dass die P\u00e4dagogik Josef Kentenichs sich als wertvoll und hilfreich erweise, auch in einer weitgehend s\u00e4kularisierten Gesellschaft. Au\u00dferdem forderte er auf: \u201eIch m\u00f6chte heute die Gelegenheit nutzen, alle zu ermutigen, auch die die \u00fcber das Internet in anderen L\u00e4ndern mit uns verbunden sind, mit gro\u00dfem Vertrauen in die Hilfe des Herrn und die F\u00fcrsprache Mariens weiterzumachen, nicht locker zu lassen, nicht nachzugeben dem Druck einer Konsumgesellschaft, die durch ihre Art die Menschen oft dazu f\u00fchrt in eine Sackgasse zu geraten.\u201c<\/p>\n<p>Skirmant\u0117 und Nerijus aus der Ukraine und Karoly und Erika Varga aus Ungarn bedankten sich bei Ehepaar Berger f\u00fcr ihren Einsatz, die Familienakademie auch in ihren L\u00e4ndern zu etablieren und das Vertrauen, das sie in die dortigen Leitungsehepaare setzten. Familienakademie hei\u00dfe f\u00fcr sie, zu einer gro\u00dfen internationalen Familie zu geh\u00f6ren. \u201eF\u00fcr uns ist es ein gro\u00dfes Wunder wie ihr die Familienakademie gef\u00fchrt habt.\u201c<br \/>\nFam. Mayrhofer lie\u00df es sich nicht nehmen bei der anschlie\u00dfenden Agape in gem\u00fctlicher Atmosph\u00e4re mit einer k\u00f6stlichen Festtagstorte aufzuwarten.<\/p>\n<p><img decoding=\"async\" class=\"aligncenter wp-image-20016 size-large\" src=\"https:\/\/schoenstatt.com\/wp-content\/uploads\/2021\/08\/Obispo-1024x683.jpg\" alt=\"\" width=\"840\" height=\"560\" \/><\/p>\n<h3>\u201eWir vertrauen Ehepaaren, dass sie wachsen k\u00f6nnen!\u201c<\/h3>\n<p><strong>Interview mit Eva und Erich Berger<\/strong><\/p>\n<p>Ehepaar Berger: Sie haben vor 30 Jahren Pionierarbeit geleistet mit der Gr\u00fcndung und dem Aufbau der \u00f6sterreichischen Familienakademie. Was hat sie dazu bewogen, wie ist diese Idee entstanden?<\/p>\n<p>Uns hat eigentlich nichts Gro\u00dfes \u201ebewogen\u201c. Wir haben einfach zugesagt eine Projektgruppe \u00fcber ca. 1 Jahr zu leiten \u2013 eine Anfrage von Pater T. Beller und Sr. M. Elmengard im Jahr 1989. Pater T. Beller hatte drei Beweggr\u00fcnde aus unserer Sicht: Er sp\u00fcrte, er wird, trotz seiner Leistungsf\u00e4higkeit, bald an seine Grenzen sto\u00dfen. Er brauchte Multiplikatoren.<\/p>\n<p>Er hatte die tiefe prophetische \u00dcberzeugung von der Sendung von Ehepaaren f\u00fcr die Kirche von morgen. Und er wollte den Erfahrungsschatz von damals \u00fcber 10 Jahre Familienarbeit in der Nachfolge Pater Kentenichs allen interessierten Familien weitergeben \u2013 auch \u00fcber die Grenzen Sch\u00f6nstatts hinaus. Denn: \u201eDie gr\u00f6\u00dfte S\u00fcnde in der W\u00fcste ist, anderen nicht zu sagen, wo die Quelle ist\u201c In der Projektgruppe haben wir und f\u00fcnf anderen Ehepaaren Feuer gefangen \u2013 und bald ist ein Fl\u00e4chenbrand entstanden.<\/p>\n<p>Was war eine der h\u00e4rtesten Herausforderungen auf diesem langen Weg? Was das herausragendste gl\u00fccklichmachende Ereignis f\u00fcr Sie beide?<\/p>\n<p>\u201eDie Teilnahme an der Akademie war die beste Entscheidung meines Lebens!\u201c. \u201eEs gibt einen Adalbert vor dem Jahr 2008 und einen Adalbert nach dem Jahr 2009!\u201c (den Jahren an denen Adalbert mit seiner Frau am Akademie-Kurs teilgenommen hat). Solche R\u00fcckmeldungen, von denen wir sehr viele bekommen, sind begl\u00fcckend f\u00fcr uns und f\u00fcr unsere Mitarbeiter. Sie zeigen, wir geben den Menschen das, was sie brauchen, eigentlich, was sie ersehnen.<\/p>\n<p>Hart f\u00fcr uns ist, es gelingt uns nicht immer, diese Erfahrungen, die wir mit der Akademie f\u00fcr Familienp\u00e4dagogik in \u00d6sterreich und in anderen L\u00e4ndern gemacht haben, zu kommunizieren. Manchmal st\u00f6\u00dft unser Vertrauen in die Sendung Pater Kentenichs f\u00fcr die Zukunft von Kirche und Gesellschaft auf Unverst\u00e4ndnis. F\u00fcr uns ist sein pastorales Konzept, das auf das innige organische Zusammenwirken von Psychologie, P\u00e4dagogik und Theologie aufbaut, ein echtes Erfolgsmodell, dem wir unsere Lebenskraft zur Verf\u00fcgung stellen.<\/p>\n<p><img decoding=\"async\" class=\"aligncenter wp-image-20040 size-large\" src=\"https:\/\/schoenstatt.com\/wp-content\/uploads\/2021\/08\/Ehepaar-Berger-1-1024x683.jpg\" alt=\"\" width=\"840\" height=\"560\" \/><\/p>\n<p><strong>Welche Eigenschaften sind Ihnen beiden zugewachsen in diesen 30 Jahren in der Familienakademie?<\/strong><\/p>\n<p>Vertrauen! Wir haben gelernt in der Schule Pater Kentenichs zu vertrauen. Wir vertrauen Ehepaaren, dass sie wachsen k\u00f6nnen \u2013 ohne dass wir therapeutisch intervenieren. Und dieses Vertrauen sp\u00fcren die Paare, ohne dass wir es verbal ausdr\u00fccken. Wir vertrauen in die Wirkung der Gnade, in Sch\u00f6nstatt sprechen wir von den drei Wallfahrtsgnaden \u2013 wir vertrauen auf sie. Wir vertrauen darauf, dass die Gottesmutter zu Jesus geht und ihn aufmerksam macht: <a href=\"https:\/\/schoenstatt.com\/de\/welche-bedeutung-hat-dieser-krug-und-warum-steht-er-im-heiligtum\/\">\u201eSie haben keinen Wein mehr<\/a>!\u201c\u00a0\u2013 so wie es auf unseren Kr\u00fcgen in \u00d6sterreich steht. Wir vertrauen auf Wandlungswunder, dass das Wasser unserer Bem\u00fchungen ausreicht \u2013 wenn die Kr\u00fcge gef\u00fcllt sind \u2013 bis zum Rand!<\/p>\n<p><strong>Welche F\u00e4higkeiten bringen Patricia und G\u00fcnther Mayrhofer f\u00fcr Ihre neue Aufgabe mit und was ist Ihr Wunsch an die beiden?<\/strong><\/p>\n<p>Wir lieben Entdeckungsreisen. Um allen zu erm\u00f6glichen, die F\u00e4higkeiten von Patricia und G\u00fcnther selbst zu entdecken, m\u00f6chten wir keine F\u00e4higkeiten von ihnen beschreiben.<\/p>\n<p>An den Fr\u00fcchten werdet ihr sie erkennen!<\/p>\n<p>In einem Kurs, in dem sie das zweite Jahr, wir nennen es \u201eKunst der Weitergabe und Begleitung\u201c, geleitet haben, wurden Familien mit Vorw\u00fcrfen gegen Pater Kentenich pers\u00f6nlich konfrontiert und attackiert. Ein Mann steckte das mit den Worten weg: \u201eIch kenne den Kentenich nicht, ich kenne die Zeitzeugen nicht \u2013 aber ich kenne euch \u2013 Ihr seid meine Zeitzeugen und euch vertraue ich!\u201c \u2013 damit meinte er Patricia und G\u00fcnther und ihr Team. \u201eZeitzeugen\u201c f\u00fcr Pater Kentenich!<\/p>\n<p>Unser Wunsch: Sie m\u00f6gen es mit Hilfe der Gottesmutter schaffen, die Freude an ihrer eigenen Familie und die Freude am Dienst f\u00fcr andere Familien unter einen Hut zu bringen.<\/p>\n<p>Herzlichen Dank f\u00fcr Ihr Erz\u00e4hlen \u00fcber Ihr jahrzehntelanges tiefes Engagement f\u00fcr die Familienakademie. Gerne werde ich in Sch\u00f6nstatt f\u00fcr Sie und all diese vielen Familien, die durch die Akademie neue Sch\u00e4tze in Ihrer Ehe entdecken durften und die Zuk\u00fcnftigen, die es noch tun, beim Urheiligtum eine gro\u00dfe Kerze entz\u00fcnden.<\/p>\n<p><img loading=\"lazy\" decoding=\"async\" class=\"wp-image-20012 size-large\" src=\"https:\/\/schoenstatt.com\/wp-content\/uploads\/2021\/08\/013Dankes_Ubergabefest_Akademie_2021-1024x683.jpg\" alt=\"\" width=\"840\" height=\"560\" \/><\/p>\n","protected":false},"excerpt":{"rendered":"<p>Dank an das Ehepaar Eva und Erich Berger f\u00fcr 30 Jahren Einsatz f\u00fcr die Familie<\/p>\n","protected":false},"author":3,"featured_media":20002,"comment_status":"closed","ping_status":"open","sticky":false,"template":"","format":"standard","meta":{"footnotes":""},"categories":[874,678],"tags":[774,1121],"class_list":["post-20058","post","type-post","status-publish","format-standard","has-post-thumbnail","hentry","category-familie-de","category-lander-de","tag-familie-de","tag-schonstatt-osterreich-de"],"yoast_head":"<!-- This site is optimized with the Yoast SEO Premium plugin v27.4 (Yoast SEO v27.4) - https:\/\/yoast.com\/product\/yoast-seo-premium-wordpress\/ -->\n<title>\u00d6sterreichische Familienakademie - Eine kleine Pflanze wird zum gro\u00dfen Baum - Schoenstatt<\/title>\n<meta name=\"description\" content=\"Familienakademie: Fr\u00fcchte der Arbeit zeigen, dass die P\u00e4dagogik Josef Kentenichs sich als wertvoll und hilfreich erweise.\" \/>\n<meta name=\"robots\" content=\"index, follow, max-snippet:-1, max-image-preview:large, max-video-preview:-1\" \/>\n<link rel=\"canonical\" href=\"https:\/\/schoenstatt.com\/de\/oesterreichische-familienakademie-eine-kleine-pflanze-wird-zum-groben-baum\/\" \/>\n<meta property=\"og:locale\" content=\"de_DE\" \/>\n<meta property=\"og:type\" content=\"article\" \/>\n<meta property=\"og:title\" content=\"\u00d6sterreichische Familienakademie - Eine kleine Pflanze wird zum gro\u00dfen Baum\" \/>\n<meta property=\"og:description\" content=\"Familienakademie: Fr\u00fcchte der Arbeit zeigen, dass die P\u00e4dagogik Josef Kentenichs sich als wertvoll und hilfreich erweise.\" \/>\n<meta property=\"og:url\" content=\"https:\/\/schoenstatt.com\/de\/oesterreichische-familienakademie-eine-kleine-pflanze-wird-zum-groben-baum\/\" \/>\n<meta property=\"og:site_name\" content=\"Schoenstatt\" \/>\n<meta property=\"article:published_time\" content=\"2021-08-22T14:46:19+00:00\" \/>\n<meta property=\"article:modified_time\" content=\"2025-05-15T17:55:47+00:00\" \/>\n<meta property=\"og:image\" content=\"https:\/\/schoenstatt.com\/wp-content\/uploads\/2021\/10\/076Dankes_Ubergabefest_Akademie_2021-4.jpg\" \/>\n\t<meta property=\"og:image:width\" content=\"1500\" \/>\n\t<meta property=\"og:image:height\" content=\"531\" \/>\n\t<meta property=\"og:image:type\" content=\"image\/jpeg\" \/>\n<meta name=\"author\" content=\"Karen Bueno\" \/>\n<meta name=\"twitter:card\" content=\"summary_large_image\" \/>\n<meta name=\"twitter:label1\" content=\"Verfasst von\" \/>\n\t<meta name=\"twitter:data1\" content=\"Karen Bueno\" \/>\n\t<meta name=\"twitter:label2\" content=\"Gesch\u00e4tzte Lesezeit\" \/>\n\t<meta name=\"twitter:data2\" content=\"6\u00a0Minuten\" \/>\n<script type=\"application\/ld+json\" class=\"yoast-schema-graph\">{\"@context\":\"https:\\\/\\\/schema.org\",\"@graph\":[{\"@type\":\"Article\",\"@id\":\"https:\\\/\\\/schoenstatt.com\\\/de\\\/oesterreichische-familienakademie-eine-kleine-pflanze-wird-zum-groben-baum\\\/#article\",\"isPartOf\":{\"@id\":\"https:\\\/\\\/schoenstatt.com\\\/de\\\/oesterreichische-familienakademie-eine-kleine-pflanze-wird-zum-groben-baum\\\/\"},\"author\":{\"name\":\"Karen Bueno\",\"@id\":\"https:\\\/\\\/schoenstatt.com\\\/de\\\/#\\\/schema\\\/person\\\/5158877ad4acae98b34daaeef2a1ce6e\"},\"headline\":\"\u00d6sterreichische Familienakademie &#8211; Eine kleine Pflanze wird zum gro\u00dfen Baum\",\"datePublished\":\"2021-08-22T14:46:19+00:00\",\"dateModified\":\"2025-05-15T17:55:47+00:00\",\"mainEntityOfPage\":{\"@id\":\"https:\\\/\\\/schoenstatt.com\\\/de\\\/oesterreichische-familienakademie-eine-kleine-pflanze-wird-zum-groben-baum\\\/\"},\"wordCount\":1120,\"publisher\":{\"@id\":\"https:\\\/\\\/schoenstatt.com\\\/de\\\/#organization\"},\"image\":{\"@id\":\"https:\\\/\\\/schoenstatt.com\\\/de\\\/oesterreichische-familienakademie-eine-kleine-pflanze-wird-zum-groben-baum\\\/#primaryimage\"},\"thumbnailUrl\":\"https:\\\/\\\/schoenstatt.com\\\/wp-content\\\/uploads\\\/2021\\\/10\\\/076Dankes_Ubergabefest_Akademie_2021-4.jpg\",\"keywords\":[\"Familie\",\"Sch\u00f6nstatt \u00d6sterreich\"],\"articleSection\":[\"Familie\",\"L\u00e4nder\"],\"inLanguage\":\"de\"},{\"@type\":\"WebPage\",\"@id\":\"https:\\\/\\\/schoenstatt.com\\\/de\\\/oesterreichische-familienakademie-eine-kleine-pflanze-wird-zum-groben-baum\\\/\",\"url\":\"https:\\\/\\\/schoenstatt.com\\\/de\\\/oesterreichische-familienakademie-eine-kleine-pflanze-wird-zum-groben-baum\\\/\",\"name\":\"\u00d6sterreichische Familienakademie - Eine kleine Pflanze wird zum gro\u00dfen Baum - Schoenstatt\",\"isPartOf\":{\"@id\":\"https:\\\/\\\/schoenstatt.com\\\/de\\\/#website\"},\"primaryImageOfPage\":{\"@id\":\"https:\\\/\\\/schoenstatt.com\\\/de\\\/oesterreichische-familienakademie-eine-kleine-pflanze-wird-zum-groben-baum\\\/#primaryimage\"},\"image\":{\"@id\":\"https:\\\/\\\/schoenstatt.com\\\/de\\\/oesterreichische-familienakademie-eine-kleine-pflanze-wird-zum-groben-baum\\\/#primaryimage\"},\"thumbnailUrl\":\"https:\\\/\\\/schoenstatt.com\\\/wp-content\\\/uploads\\\/2021\\\/10\\\/076Dankes_Ubergabefest_Akademie_2021-4.jpg\",\"datePublished\":\"2021-08-22T14:46:19+00:00\",\"dateModified\":\"2025-05-15T17:55:47+00:00\",\"description\":\"Familienakademie: Fr\u00fcchte der Arbeit zeigen, dass die P\u00e4dagogik Josef Kentenichs sich als wertvoll und hilfreich erweise.\",\"breadcrumb\":{\"@id\":\"https:\\\/\\\/schoenstatt.com\\\/de\\\/oesterreichische-familienakademie-eine-kleine-pflanze-wird-zum-groben-baum\\\/#breadcrumb\"},\"inLanguage\":\"de\",\"potentialAction\":[{\"@type\":\"ReadAction\",\"target\":[\"https:\\\/\\\/schoenstatt.com\\\/de\\\/oesterreichische-familienakademie-eine-kleine-pflanze-wird-zum-groben-baum\\\/\"]}]},{\"@type\":\"ImageObject\",\"inLanguage\":\"de\",\"@id\":\"https:\\\/\\\/schoenstatt.com\\\/de\\\/oesterreichische-familienakademie-eine-kleine-pflanze-wird-zum-groben-baum\\\/#primaryimage\",\"url\":\"https:\\\/\\\/schoenstatt.com\\\/wp-content\\\/uploads\\\/2021\\\/10\\\/076Dankes_Ubergabefest_Akademie_2021-4.jpg\",\"contentUrl\":\"https:\\\/\\\/schoenstatt.com\\\/wp-content\\\/uploads\\\/2021\\\/10\\\/076Dankes_Ubergabefest_Akademie_2021-4.jpg\",\"width\":1500,\"height\":531,\"caption\":\"Family Academy in Austria\"},{\"@type\":\"BreadcrumbList\",\"@id\":\"https:\\\/\\\/schoenstatt.com\\\/de\\\/oesterreichische-familienakademie-eine-kleine-pflanze-wird-zum-groben-baum\\\/#breadcrumb\",\"itemListElement\":[{\"@type\":\"ListItem\",\"position\":1,\"name\":\"Portada\",\"item\":\"https:\\\/\\\/schoenstatt.com\\\/de\\\/home\\\/\"},{\"@type\":\"ListItem\",\"position\":2,\"name\":\"\u00d6sterreichische Familienakademie &#8211; Eine kleine Pflanze wird zum gro\u00dfen Baum\"}]},{\"@type\":\"WebSite\",\"@id\":\"https:\\\/\\\/schoenstatt.com\\\/de\\\/#website\",\"url\":\"https:\\\/\\\/schoenstatt.com\\\/de\\\/\",\"name\":\"Schoenstatt\",\"description\":\"Apostolic Movement\",\"publisher\":{\"@id\":\"https:\\\/\\\/schoenstatt.com\\\/de\\\/#organization\"},\"potentialAction\":[{\"@type\":\"SearchAction\",\"target\":{\"@type\":\"EntryPoint\",\"urlTemplate\":\"https:\\\/\\\/schoenstatt.com\\\/de\\\/?s={search_term_string}\"},\"query-input\":{\"@type\":\"PropertyValueSpecification\",\"valueRequired\":true,\"valueName\":\"search_term_string\"}}],\"inLanguage\":\"de\"},{\"@type\":\"Organization\",\"@id\":\"https:\\\/\\\/schoenstatt.com\\\/de\\\/#organization\",\"name\":\"Schoenstatt\",\"url\":\"https:\\\/\\\/schoenstatt.com\\\/de\\\/\",\"logo\":{\"@type\":\"ImageObject\",\"inLanguage\":\"de\",\"@id\":\"https:\\\/\\\/schoenstatt.com\\\/de\\\/#\\\/schema\\\/logo\\\/image\\\/\",\"url\":\"https:\\\/\\\/schoenstatt.com\\\/wp-content\\\/uploads\\\/2025\\\/04\\\/logo-schoenstatt-white-696x696-1.png\",\"contentUrl\":\"https:\\\/\\\/schoenstatt.com\\\/wp-content\\\/uploads\\\/2025\\\/04\\\/logo-schoenstatt-white-696x696-1.png\",\"width\":696,\"height\":694,\"caption\":\"Schoenstatt\"},\"image\":{\"@id\":\"https:\\\/\\\/schoenstatt.com\\\/de\\\/#\\\/schema\\\/logo\\\/image\\\/\"}},{\"@type\":\"Person\",\"@id\":\"https:\\\/\\\/schoenstatt.com\\\/de\\\/#\\\/schema\\\/person\\\/5158877ad4acae98b34daaeef2a1ce6e\",\"name\":\"Karen Bueno\",\"image\":{\"@type\":\"ImageObject\",\"inLanguage\":\"de\",\"@id\":\"https:\\\/\\\/secure.gravatar.com\\\/avatar\\\/f9f4b823873154269d2b2130f195f6d41037dd0d7fc5f3cacb5c846bae70d66b?s=96&d=mm&r=g\",\"url\":\"https:\\\/\\\/secure.gravatar.com\\\/avatar\\\/f9f4b823873154269d2b2130f195f6d41037dd0d7fc5f3cacb5c846bae70d66b?s=96&d=mm&r=g\",\"contentUrl\":\"https:\\\/\\\/secure.gravatar.com\\\/avatar\\\/f9f4b823873154269d2b2130f195f6d41037dd0d7fc5f3cacb5c846bae70d66b?s=96&d=mm&r=g\",\"caption\":\"Karen Bueno\"},\"url\":\"https:\\\/\\\/schoenstatt.com\\\/de\\\/author\\\/karen-bueno\\\/\"}]}<\/script>\n<!-- \/ Yoast SEO Premium plugin. -->","yoast_head_json":{"title":"\u00d6sterreichische Familienakademie - Eine kleine Pflanze wird zum gro\u00dfen Baum - Schoenstatt","description":"Familienakademie: Fr\u00fcchte der Arbeit zeigen, dass die P\u00e4dagogik Josef Kentenichs sich als wertvoll und hilfreich erweise.","robots":{"index":"index","follow":"follow","max-snippet":"max-snippet:-1","max-image-preview":"max-image-preview:large","max-video-preview":"max-video-preview:-1"},"canonical":"https:\/\/schoenstatt.com\/de\/oesterreichische-familienakademie-eine-kleine-pflanze-wird-zum-groben-baum\/","og_locale":"de_DE","og_type":"article","og_title":"\u00d6sterreichische Familienakademie - Eine kleine Pflanze wird zum gro\u00dfen Baum","og_description":"Familienakademie: Fr\u00fcchte der Arbeit zeigen, dass die P\u00e4dagogik Josef Kentenichs sich als wertvoll und hilfreich erweise.","og_url":"https:\/\/schoenstatt.com\/de\/oesterreichische-familienakademie-eine-kleine-pflanze-wird-zum-groben-baum\/","og_site_name":"Schoenstatt","article_published_time":"2021-08-22T14:46:19+00:00","article_modified_time":"2025-05-15T17:55:47+00:00","og_image":[{"width":1500,"height":531,"url":"https:\/\/schoenstatt.com\/wp-content\/uploads\/2021\/10\/076Dankes_Ubergabefest_Akademie_2021-4.jpg","type":"image\/jpeg"}],"author":"Karen Bueno","twitter_card":"summary_large_image","twitter_misc":{"Verfasst von":"Karen Bueno","Gesch\u00e4tzte Lesezeit":"6\u00a0Minuten"},"schema":{"@context":"https:\/\/schema.org","@graph":[{"@type":"Article","@id":"https:\/\/schoenstatt.com\/de\/oesterreichische-familienakademie-eine-kleine-pflanze-wird-zum-groben-baum\/#article","isPartOf":{"@id":"https:\/\/schoenstatt.com\/de\/oesterreichische-familienakademie-eine-kleine-pflanze-wird-zum-groben-baum\/"},"author":{"name":"Karen Bueno","@id":"https:\/\/schoenstatt.com\/de\/#\/schema\/person\/5158877ad4acae98b34daaeef2a1ce6e"},"headline":"\u00d6sterreichische Familienakademie &#8211; Eine kleine Pflanze wird zum gro\u00dfen Baum","datePublished":"2021-08-22T14:46:19+00:00","dateModified":"2025-05-15T17:55:47+00:00","mainEntityOfPage":{"@id":"https:\/\/schoenstatt.com\/de\/oesterreichische-familienakademie-eine-kleine-pflanze-wird-zum-groben-baum\/"},"wordCount":1120,"publisher":{"@id":"https:\/\/schoenstatt.com\/de\/#organization"},"image":{"@id":"https:\/\/schoenstatt.com\/de\/oesterreichische-familienakademie-eine-kleine-pflanze-wird-zum-groben-baum\/#primaryimage"},"thumbnailUrl":"https:\/\/schoenstatt.com\/wp-content\/uploads\/2021\/10\/076Dankes_Ubergabefest_Akademie_2021-4.jpg","keywords":["Familie","Sch\u00f6nstatt \u00d6sterreich"],"articleSection":["Familie","L\u00e4nder"],"inLanguage":"de"},{"@type":"WebPage","@id":"https:\/\/schoenstatt.com\/de\/oesterreichische-familienakademie-eine-kleine-pflanze-wird-zum-groben-baum\/","url":"https:\/\/schoenstatt.com\/de\/oesterreichische-familienakademie-eine-kleine-pflanze-wird-zum-groben-baum\/","name":"\u00d6sterreichische Familienakademie - Eine kleine Pflanze wird zum gro\u00dfen Baum - Schoenstatt","isPartOf":{"@id":"https:\/\/schoenstatt.com\/de\/#website"},"primaryImageOfPage":{"@id":"https:\/\/schoenstatt.com\/de\/oesterreichische-familienakademie-eine-kleine-pflanze-wird-zum-groben-baum\/#primaryimage"},"image":{"@id":"https:\/\/schoenstatt.com\/de\/oesterreichische-familienakademie-eine-kleine-pflanze-wird-zum-groben-baum\/#primaryimage"},"thumbnailUrl":"https:\/\/schoenstatt.com\/wp-content\/uploads\/2021\/10\/076Dankes_Ubergabefest_Akademie_2021-4.jpg","datePublished":"2021-08-22T14:46:19+00:00","dateModified":"2025-05-15T17:55:47+00:00","description":"Familienakademie: Fr\u00fcchte der Arbeit zeigen, dass die P\u00e4dagogik Josef Kentenichs sich als wertvoll und hilfreich erweise.","breadcrumb":{"@id":"https:\/\/schoenstatt.com\/de\/oesterreichische-familienakademie-eine-kleine-pflanze-wird-zum-groben-baum\/#breadcrumb"},"inLanguage":"de","potentialAction":[{"@type":"ReadAction","target":["https:\/\/schoenstatt.com\/de\/oesterreichische-familienakademie-eine-kleine-pflanze-wird-zum-groben-baum\/"]}]},{"@type":"ImageObject","inLanguage":"de","@id":"https:\/\/schoenstatt.com\/de\/oesterreichische-familienakademie-eine-kleine-pflanze-wird-zum-groben-baum\/#primaryimage","url":"https:\/\/schoenstatt.com\/wp-content\/uploads\/2021\/10\/076Dankes_Ubergabefest_Akademie_2021-4.jpg","contentUrl":"https:\/\/schoenstatt.com\/wp-content\/uploads\/2021\/10\/076Dankes_Ubergabefest_Akademie_2021-4.jpg","width":1500,"height":531,"caption":"Family Academy in Austria"},{"@type":"BreadcrumbList","@id":"https:\/\/schoenstatt.com\/de\/oesterreichische-familienakademie-eine-kleine-pflanze-wird-zum-groben-baum\/#breadcrumb","itemListElement":[{"@type":"ListItem","position":1,"name":"Portada","item":"https:\/\/schoenstatt.com\/de\/home\/"},{"@type":"ListItem","position":2,"name":"\u00d6sterreichische Familienakademie &#8211; Eine kleine Pflanze wird zum gro\u00dfen Baum"}]},{"@type":"WebSite","@id":"https:\/\/schoenstatt.com\/de\/#website","url":"https:\/\/schoenstatt.com\/de\/","name":"Schoenstatt","description":"Apostolic Movement","publisher":{"@id":"https:\/\/schoenstatt.com\/de\/#organization"},"potentialAction":[{"@type":"SearchAction","target":{"@type":"EntryPoint","urlTemplate":"https:\/\/schoenstatt.com\/de\/?s={search_term_string}"},"query-input":{"@type":"PropertyValueSpecification","valueRequired":true,"valueName":"search_term_string"}}],"inLanguage":"de"},{"@type":"Organization","@id":"https:\/\/schoenstatt.com\/de\/#organization","name":"Schoenstatt","url":"https:\/\/schoenstatt.com\/de\/","logo":{"@type":"ImageObject","inLanguage":"de","@id":"https:\/\/schoenstatt.com\/de\/#\/schema\/logo\/image\/","url":"https:\/\/schoenstatt.com\/wp-content\/uploads\/2025\/04\/logo-schoenstatt-white-696x696-1.png","contentUrl":"https:\/\/schoenstatt.com\/wp-content\/uploads\/2025\/04\/logo-schoenstatt-white-696x696-1.png","width":696,"height":694,"caption":"Schoenstatt"},"image":{"@id":"https:\/\/schoenstatt.com\/de\/#\/schema\/logo\/image\/"}},{"@type":"Person","@id":"https:\/\/schoenstatt.com\/de\/#\/schema\/person\/5158877ad4acae98b34daaeef2a1ce6e","name":"Karen Bueno","image":{"@type":"ImageObject","inLanguage":"de","@id":"https:\/\/secure.gravatar.com\/avatar\/f9f4b823873154269d2b2130f195f6d41037dd0d7fc5f3cacb5c846bae70d66b?s=96&d=mm&r=g","url":"https:\/\/secure.gravatar.com\/avatar\/f9f4b823873154269d2b2130f195f6d41037dd0d7fc5f3cacb5c846bae70d66b?s=96&d=mm&r=g","contentUrl":"https:\/\/secure.gravatar.com\/avatar\/f9f4b823873154269d2b2130f195f6d41037dd0d7fc5f3cacb5c846bae70d66b?s=96&d=mm&r=g","caption":"Karen Bueno"},"url":"https:\/\/schoenstatt.com\/de\/author\/karen-bueno\/"}]}},"_links":{"self":[{"href":"https:\/\/schoenstatt.com\/de\/wp-json\/wp\/v2\/posts\/20058","targetHints":{"allow":["GET"]}}],"collection":[{"href":"https:\/\/schoenstatt.com\/de\/wp-json\/wp\/v2\/posts"}],"about":[{"href":"https:\/\/schoenstatt.com\/de\/wp-json\/wp\/v2\/types\/post"}],"author":[{"embeddable":true,"href":"https:\/\/schoenstatt.com\/de\/wp-json\/wp\/v2\/users\/3"}],"replies":[{"embeddable":true,"href":"https:\/\/schoenstatt.com\/de\/wp-json\/wp\/v2\/comments?post=20058"}],"version-history":[{"count":1,"href":"https:\/\/schoenstatt.com\/de\/wp-json\/wp\/v2\/posts\/20058\/revisions"}],"predecessor-version":[{"id":44630,"href":"https:\/\/schoenstatt.com\/de\/wp-json\/wp\/v2\/posts\/20058\/revisions\/44630"}],"wp:featuredmedia":[{"embeddable":true,"href":"https:\/\/schoenstatt.com\/de\/wp-json\/wp\/v2\/media\/20002"}],"wp:attachment":[{"href":"https:\/\/schoenstatt.com\/de\/wp-json\/wp\/v2\/media?parent=20058"}],"wp:term":[{"taxonomy":"category","embeddable":true,"href":"https:\/\/schoenstatt.com\/de\/wp-json\/wp\/v2\/categories?post=20058"},{"taxonomy":"post_tag","embeddable":true,"href":"https:\/\/schoenstatt.com\/de\/wp-json\/wp\/v2\/tags?post=20058"}],"curies":[{"name":"wp","href":"https:\/\/api.w.org\/{rel}","templated":true}]}}