{"id":19571,"date":"2021-09-07T21:55:29","date_gmt":"2021-09-07T19:55:29","guid":{"rendered":"https:\/\/schoenstatt.com\/spiritualitat\/ecuador-celebro-los-90-anos-de-la-jf-internacional\/"},"modified":"2025-08-18T17:23:52","modified_gmt":"2025-08-18T15:23:52","slug":"ecuador-feierte-90-jahre-der-internationalen-maedchenjugend","status":"publish","type":"post","link":"https:\/\/schoenstatt.com\/de\/ecuador-feierte-90-jahre-der-internationalen-maedchenjugend\/","title":{"rendered":"Ecuador feierte 90 Jahre der internationalen M\u00e4dchenjugend"},"content":{"rendered":"<h3>Es war eine feierliche und tiefgr\u00fcndige Zeremonie&#8230;<\/h3>\n<p>Am vergangenen Samstag, 14. August, war das\u00a0<a href=\"http:\/\/schoenstatt.ec\/\" target=\"_blank\" rel=\"noopener\">Sch\u00f6nstatt-Nationalheiligtum in Ecuador<\/a> festlich geschm\u00fcckt. Etwa 180 wei\u00df gekleidete M\u00e4dchen feierten den 90. Jahrestag der Gr\u00fcndung der Internationalen M\u00e4dchenjugend mit einem feierlichen Gottesdienst. Es war eine feierliche und tiefgr\u00fcndige Zeremonie, an der M\u00e4dchen aus allen Generationen der M\u00e4dchenjugend teilnahmen. Verschiedene Anekdoten erinnerten an die Zeit, die bei den Jugendlichen von heute Fr\u00fcchte trugen.<\/p>\n<p><img fetchpriority=\"high\" decoding=\"async\" class=\"aligncenter wp-image-19554 size-large\" src=\"https:\/\/schoenstatt.com\/wp-content\/uploads\/2021\/10\/PSX_20210819_000611-1-1024x682.jpg\" alt=\"\" width=\"840\" height=\"559\" \/><\/p>\n<p>Als symbolischer Akt der Einheit aller Generationen wurden w\u00e4hrend der Gabenbereitung 90 wei\u00dfe Rosen von verschiedenen Mitgliedern der M\u00e4dchenjugend \u00fcberreicht. Diese gro\u00dfe Feier ist eingefasst in das goldene Jubil\u00e4um des Nationalheiligtums, denn es feiert 50 Jahre seit seiner Einweihung, zu der die <a href=\"https:\/\/schoenstatt.com\/de\/in-gemeinschaft\/frauen\/maedchen-junge-frauen\/\">M\u00e4dchenjugend<\/a> das Jubil\u00e4umsgeschenk an die Gottesmutter verk\u00fcndet hat. Es ist eine Kr\u00f6nung der K\u00f6nigin der reinen Liebe, basierend auf der Tatsache, dass die M\u00e4dchenjugend Ecuadors vor 50 Jahren die Gottesmutter zum ersten Mal mit diesem Titel gekr\u00f6nt hat.<\/p>\n<p><img decoding=\"async\" class=\"aligncenter wp-image-19558 size-large\" src=\"https:\/\/schoenstatt.com\/wp-content\/uploads\/2021\/10\/IMG-1818-1-683x1024.jpg\" alt=\"\" width=\"683\" height=\"1024\" \/><\/p>\n<h3>Was sie an diesem Tag verband, war die Freude, Teil der M\u00e4dchenjugend zu sein oder gewesen zu sein<\/h3>\n<p>Am Ende der Zeremonie wurden alle Anwesenden eingeladen, den Tunnel der Erinnerungen zu durchschreiten, in dem Fotos von den verschiedenen Aktivit\u00e4ten vorgestellt wurden, die in diesen Jahren als M\u00e4dchenjugend durchgef\u00fchrt wurden. Es spielte keine Rolle, wie alt oder wie lange jede einzelne schon in Sch\u00f6nstatt ist; was sie an diesem Tag verband, war die Freude, Teil der M\u00e4dchenjugend zu sein oder gewesen zu sein, was in den Liedern zum Ausdruck kam, die eine nach der anderen an die verschiedenen Generationen erinnerten, die die M\u00e4dchenjugend im Land durchlaufen haben.<\/p>\n<p>Es war ein Tag des Feierns, der Begegnung und der tiefgreifenden Erneuerung, der das Ideal &#8222;Ja, Vater, Feld der Lilien&#8220; wieder aufleben lie\u00df.<\/p>\n","protected":false},"excerpt":{"rendered":"<p>180 M\u00e4dchen nahmen an der Feier im Sch\u00f6nstatt-Nationalheiligtum in Guayaquil teil<\/p>\n","protected":false},"author":3,"featured_media":19552,"comment_status":"closed","ping_status":"open","sticky":false,"template":"","format":"standard","meta":{"footnotes":""},"categories":[195,922],"tags":[1026,928,1166],"class_list":["post-19571","post","type-post","status-publish","format-standard","has-post-thumbnail","hentry","category-amerika-de","category-jugend-de","tag-guayaquil-ecuador-de","tag-schonstatt-ecuador-de","tag-schoenstatt-maedchen-junge-frauen-mjf-de"],"yoast_head":"<!-- This site is optimized with the Yoast SEO Premium plugin v27.4 (Yoast SEO v27.4) - https:\/\/yoast.com\/product\/yoast-seo-premium-wordpress\/ -->\n<title>Ecuador feierte 90 Jahre der internationalen M\u00e4dchenjugend - Schoenstatt<\/title>\n<meta name=\"description\" content=\"180 M\u00e4dchen aus Ecuador feierten das 90-j\u00e4hrige Bestehen der Internationalen M\u00e4dchenjugend im Landesheiligtum von Sch\u00f6nstatt in Ecuador.\" \/>\n<meta name=\"robots\" content=\"index, follow, max-snippet:-1, max-image-preview:large, max-video-preview:-1\" \/>\n<link rel=\"canonical\" href=\"https:\/\/schoenstatt.com\/de\/ecuador-feierte-90-jahre-der-internationalen-maedchenjugend\/\" \/>\n<meta property=\"og:locale\" content=\"de_DE\" \/>\n<meta property=\"og:type\" content=\"article\" \/>\n<meta property=\"og:title\" content=\"Ecuador feierte 90 Jahre der internationalen M\u00e4dchenjugend\" \/>\n<meta property=\"og:description\" content=\"180 M\u00e4dchen aus Ecuador feierten das 90-j\u00e4hrige Bestehen der Internationalen M\u00e4dchenjugend im Landesheiligtum von Sch\u00f6nstatt in Ecuador.\" \/>\n<meta property=\"og:url\" content=\"https:\/\/schoenstatt.com\/de\/ecuador-feierte-90-jahre-der-internationalen-maedchenjugend\/\" \/>\n<meta property=\"og:site_name\" content=\"Schoenstatt\" \/>\n<meta property=\"article:published_time\" content=\"2021-09-07T19:55:29+00:00\" \/>\n<meta property=\"article:modified_time\" content=\"2025-08-18T15:23:52+00:00\" \/>\n<meta property=\"og:image\" content=\"https:\/\/schoenstatt.com\/wp-content\/uploads\/2021\/10\/WhatsApp-Image-2021-08-19-at-11.20.43-1-2.jpeg\" \/>\n\t<meta property=\"og:image:width\" content=\"1024\" \/>\n\t<meta property=\"og:image:height\" content=\"768\" \/>\n\t<meta property=\"og:image:type\" content=\"image\/jpeg\" \/>\n<meta name=\"author\" content=\"Karen Bueno\" \/>\n<meta name=\"twitter:card\" content=\"summary_large_image\" \/>\n<meta name=\"twitter:label1\" content=\"Verfasst von\" \/>\n\t<meta name=\"twitter:data1\" content=\"Karen Bueno\" \/>\n\t<meta name=\"twitter:label2\" content=\"Gesch\u00e4tzte Lesezeit\" \/>\n\t<meta name=\"twitter:data2\" content=\"2\u00a0Minuten\" \/>\n<script type=\"application\/ld+json\" class=\"yoast-schema-graph\">{\"@context\":\"https:\\\/\\\/schema.org\",\"@graph\":[{\"@type\":\"Article\",\"@id\":\"https:\\\/\\\/schoenstatt.com\\\/de\\\/ecuador-feierte-90-jahre-der-internationalen-maedchenjugend\\\/#article\",\"isPartOf\":{\"@id\":\"https:\\\/\\\/schoenstatt.com\\\/de\\\/ecuador-feierte-90-jahre-der-internationalen-maedchenjugend\\\/\"},\"author\":{\"name\":\"Karen Bueno\",\"@id\":\"https:\\\/\\\/schoenstatt.com\\\/de\\\/#\\\/schema\\\/person\\\/5158877ad4acae98b34daaeef2a1ce6e\"},\"headline\":\"Ecuador feierte 90 Jahre der internationalen M\u00e4dchenjugend\",\"datePublished\":\"2021-09-07T19:55:29+00:00\",\"dateModified\":\"2025-08-18T15:23:52+00:00\",\"mainEntityOfPage\":{\"@id\":\"https:\\\/\\\/schoenstatt.com\\\/de\\\/ecuador-feierte-90-jahre-der-internationalen-maedchenjugend\\\/\"},\"wordCount\":306,\"publisher\":{\"@id\":\"https:\\\/\\\/schoenstatt.com\\\/de\\\/#organization\"},\"image\":{\"@id\":\"https:\\\/\\\/schoenstatt.com\\\/de\\\/ecuador-feierte-90-jahre-der-internationalen-maedchenjugend\\\/#primaryimage\"},\"thumbnailUrl\":\"https:\\\/\\\/schoenstatt.com\\\/wp-content\\\/uploads\\\/2021\\\/10\\\/WhatsApp-Image-2021-08-19-at-11.20.43-1-2.jpeg\",\"keywords\":[\"Guayaquil - Ecuador\",\"Sch\u00f6nstatt Ecuador\",\"Sch\u00f6nstatt M\u00e4dchen\\\/Junge Frauen - MJF\"],\"articleSection\":[\"Amerika\",\"Jugend\"],\"inLanguage\":\"de\"},{\"@type\":\"WebPage\",\"@id\":\"https:\\\/\\\/schoenstatt.com\\\/de\\\/ecuador-feierte-90-jahre-der-internationalen-maedchenjugend\\\/\",\"url\":\"https:\\\/\\\/schoenstatt.com\\\/de\\\/ecuador-feierte-90-jahre-der-internationalen-maedchenjugend\\\/\",\"name\":\"Ecuador feierte 90 Jahre der internationalen M\u00e4dchenjugend - Schoenstatt\",\"isPartOf\":{\"@id\":\"https:\\\/\\\/schoenstatt.com\\\/de\\\/#website\"},\"primaryImageOfPage\":{\"@id\":\"https:\\\/\\\/schoenstatt.com\\\/de\\\/ecuador-feierte-90-jahre-der-internationalen-maedchenjugend\\\/#primaryimage\"},\"image\":{\"@id\":\"https:\\\/\\\/schoenstatt.com\\\/de\\\/ecuador-feierte-90-jahre-der-internationalen-maedchenjugend\\\/#primaryimage\"},\"thumbnailUrl\":\"https:\\\/\\\/schoenstatt.com\\\/wp-content\\\/uploads\\\/2021\\\/10\\\/WhatsApp-Image-2021-08-19-at-11.20.43-1-2.jpeg\",\"datePublished\":\"2021-09-07T19:55:29+00:00\",\"dateModified\":\"2025-08-18T15:23:52+00:00\",\"description\":\"180 M\u00e4dchen aus Ecuador feierten das 90-j\u00e4hrige Bestehen der Internationalen M\u00e4dchenjugend im Landesheiligtum von Sch\u00f6nstatt in Ecuador.\",\"breadcrumb\":{\"@id\":\"https:\\\/\\\/schoenstatt.com\\\/de\\\/ecuador-feierte-90-jahre-der-internationalen-maedchenjugend\\\/#breadcrumb\"},\"inLanguage\":\"de\",\"potentialAction\":[{\"@type\":\"ReadAction\",\"target\":[\"https:\\\/\\\/schoenstatt.com\\\/de\\\/ecuador-feierte-90-jahre-der-internationalen-maedchenjugend\\\/\"]}]},{\"@type\":\"ImageObject\",\"inLanguage\":\"de\",\"@id\":\"https:\\\/\\\/schoenstatt.com\\\/de\\\/ecuador-feierte-90-jahre-der-internationalen-maedchenjugend\\\/#primaryimage\",\"url\":\"https:\\\/\\\/schoenstatt.com\\\/wp-content\\\/uploads\\\/2021\\\/10\\\/WhatsApp-Image-2021-08-19-at-11.20.43-1-2.jpeg\",\"contentUrl\":\"https:\\\/\\\/schoenstatt.com\\\/wp-content\\\/uploads\\\/2021\\\/10\\\/WhatsApp-Image-2021-08-19-at-11.20.43-1-2.jpeg\",\"width\":1024,\"height\":768,\"caption\":\"Ecuador\"},{\"@type\":\"BreadcrumbList\",\"@id\":\"https:\\\/\\\/schoenstatt.com\\\/de\\\/ecuador-feierte-90-jahre-der-internationalen-maedchenjugend\\\/#breadcrumb\",\"itemListElement\":[{\"@type\":\"ListItem\",\"position\":1,\"name\":\"Portada\",\"item\":\"https:\\\/\\\/schoenstatt.com\\\/de\\\/home\\\/\"},{\"@type\":\"ListItem\",\"position\":2,\"name\":\"Ecuador feierte 90 Jahre der internationalen M\u00e4dchenjugend\"}]},{\"@type\":\"WebSite\",\"@id\":\"https:\\\/\\\/schoenstatt.com\\\/de\\\/#website\",\"url\":\"https:\\\/\\\/schoenstatt.com\\\/de\\\/\",\"name\":\"Schoenstatt\",\"description\":\"Apostolic Movement\",\"publisher\":{\"@id\":\"https:\\\/\\\/schoenstatt.com\\\/de\\\/#organization\"},\"potentialAction\":[{\"@type\":\"SearchAction\",\"target\":{\"@type\":\"EntryPoint\",\"urlTemplate\":\"https:\\\/\\\/schoenstatt.com\\\/de\\\/?s={search_term_string}\"},\"query-input\":{\"@type\":\"PropertyValueSpecification\",\"valueRequired\":true,\"valueName\":\"search_term_string\"}}],\"inLanguage\":\"de\"},{\"@type\":\"Organization\",\"@id\":\"https:\\\/\\\/schoenstatt.com\\\/de\\\/#organization\",\"name\":\"Schoenstatt\",\"url\":\"https:\\\/\\\/schoenstatt.com\\\/de\\\/\",\"logo\":{\"@type\":\"ImageObject\",\"inLanguage\":\"de\",\"@id\":\"https:\\\/\\\/schoenstatt.com\\\/de\\\/#\\\/schema\\\/logo\\\/image\\\/\",\"url\":\"https:\\\/\\\/schoenstatt.com\\\/wp-content\\\/uploads\\\/2025\\\/04\\\/logo-schoenstatt-white-696x696-1.png\",\"contentUrl\":\"https:\\\/\\\/schoenstatt.com\\\/wp-content\\\/uploads\\\/2025\\\/04\\\/logo-schoenstatt-white-696x696-1.png\",\"width\":696,\"height\":694,\"caption\":\"Schoenstatt\"},\"image\":{\"@id\":\"https:\\\/\\\/schoenstatt.com\\\/de\\\/#\\\/schema\\\/logo\\\/image\\\/\"}},{\"@type\":\"Person\",\"@id\":\"https:\\\/\\\/schoenstatt.com\\\/de\\\/#\\\/schema\\\/person\\\/5158877ad4acae98b34daaeef2a1ce6e\",\"name\":\"Karen Bueno\",\"image\":{\"@type\":\"ImageObject\",\"inLanguage\":\"de\",\"@id\":\"https:\\\/\\\/secure.gravatar.com\\\/avatar\\\/f9f4b823873154269d2b2130f195f6d41037dd0d7fc5f3cacb5c846bae70d66b?s=96&d=mm&r=g\",\"url\":\"https:\\\/\\\/secure.gravatar.com\\\/avatar\\\/f9f4b823873154269d2b2130f195f6d41037dd0d7fc5f3cacb5c846bae70d66b?s=96&d=mm&r=g\",\"contentUrl\":\"https:\\\/\\\/secure.gravatar.com\\\/avatar\\\/f9f4b823873154269d2b2130f195f6d41037dd0d7fc5f3cacb5c846bae70d66b?s=96&d=mm&r=g\",\"caption\":\"Karen Bueno\"},\"url\":\"https:\\\/\\\/schoenstatt.com\\\/de\\\/author\\\/karen-bueno\\\/\"}]}<\/script>\n<!-- \/ Yoast SEO Premium plugin. -->","yoast_head_json":{"title":"Ecuador feierte 90 Jahre der internationalen M\u00e4dchenjugend - Schoenstatt","description":"180 M\u00e4dchen aus Ecuador feierten das 90-j\u00e4hrige Bestehen der Internationalen M\u00e4dchenjugend im Landesheiligtum von Sch\u00f6nstatt in Ecuador.","robots":{"index":"index","follow":"follow","max-snippet":"max-snippet:-1","max-image-preview":"max-image-preview:large","max-video-preview":"max-video-preview:-1"},"canonical":"https:\/\/schoenstatt.com\/de\/ecuador-feierte-90-jahre-der-internationalen-maedchenjugend\/","og_locale":"de_DE","og_type":"article","og_title":"Ecuador feierte 90 Jahre der internationalen M\u00e4dchenjugend","og_description":"180 M\u00e4dchen aus Ecuador feierten das 90-j\u00e4hrige Bestehen der Internationalen M\u00e4dchenjugend im Landesheiligtum von Sch\u00f6nstatt in Ecuador.","og_url":"https:\/\/schoenstatt.com\/de\/ecuador-feierte-90-jahre-der-internationalen-maedchenjugend\/","og_site_name":"Schoenstatt","article_published_time":"2021-09-07T19:55:29+00:00","article_modified_time":"2025-08-18T15:23:52+00:00","og_image":[{"width":1024,"height":768,"url":"https:\/\/schoenstatt.com\/wp-content\/uploads\/2021\/10\/WhatsApp-Image-2021-08-19-at-11.20.43-1-2.jpeg","type":"image\/jpeg"}],"author":"Karen Bueno","twitter_card":"summary_large_image","twitter_misc":{"Verfasst von":"Karen Bueno","Gesch\u00e4tzte Lesezeit":"2\u00a0Minuten"},"schema":{"@context":"https:\/\/schema.org","@graph":[{"@type":"Article","@id":"https:\/\/schoenstatt.com\/de\/ecuador-feierte-90-jahre-der-internationalen-maedchenjugend\/#article","isPartOf":{"@id":"https:\/\/schoenstatt.com\/de\/ecuador-feierte-90-jahre-der-internationalen-maedchenjugend\/"},"author":{"name":"Karen Bueno","@id":"https:\/\/schoenstatt.com\/de\/#\/schema\/person\/5158877ad4acae98b34daaeef2a1ce6e"},"headline":"Ecuador feierte 90 Jahre der internationalen M\u00e4dchenjugend","datePublished":"2021-09-07T19:55:29+00:00","dateModified":"2025-08-18T15:23:52+00:00","mainEntityOfPage":{"@id":"https:\/\/schoenstatt.com\/de\/ecuador-feierte-90-jahre-der-internationalen-maedchenjugend\/"},"wordCount":306,"publisher":{"@id":"https:\/\/schoenstatt.com\/de\/#organization"},"image":{"@id":"https:\/\/schoenstatt.com\/de\/ecuador-feierte-90-jahre-der-internationalen-maedchenjugend\/#primaryimage"},"thumbnailUrl":"https:\/\/schoenstatt.com\/wp-content\/uploads\/2021\/10\/WhatsApp-Image-2021-08-19-at-11.20.43-1-2.jpeg","keywords":["Guayaquil - Ecuador","Sch\u00f6nstatt Ecuador","Sch\u00f6nstatt M\u00e4dchen\/Junge Frauen - MJF"],"articleSection":["Amerika","Jugend"],"inLanguage":"de"},{"@type":"WebPage","@id":"https:\/\/schoenstatt.com\/de\/ecuador-feierte-90-jahre-der-internationalen-maedchenjugend\/","url":"https:\/\/schoenstatt.com\/de\/ecuador-feierte-90-jahre-der-internationalen-maedchenjugend\/","name":"Ecuador feierte 90 Jahre der internationalen M\u00e4dchenjugend - Schoenstatt","isPartOf":{"@id":"https:\/\/schoenstatt.com\/de\/#website"},"primaryImageOfPage":{"@id":"https:\/\/schoenstatt.com\/de\/ecuador-feierte-90-jahre-der-internationalen-maedchenjugend\/#primaryimage"},"image":{"@id":"https:\/\/schoenstatt.com\/de\/ecuador-feierte-90-jahre-der-internationalen-maedchenjugend\/#primaryimage"},"thumbnailUrl":"https:\/\/schoenstatt.com\/wp-content\/uploads\/2021\/10\/WhatsApp-Image-2021-08-19-at-11.20.43-1-2.jpeg","datePublished":"2021-09-07T19:55:29+00:00","dateModified":"2025-08-18T15:23:52+00:00","description":"180 M\u00e4dchen aus Ecuador feierten das 90-j\u00e4hrige Bestehen der Internationalen M\u00e4dchenjugend im Landesheiligtum von Sch\u00f6nstatt in Ecuador.","breadcrumb":{"@id":"https:\/\/schoenstatt.com\/de\/ecuador-feierte-90-jahre-der-internationalen-maedchenjugend\/#breadcrumb"},"inLanguage":"de","potentialAction":[{"@type":"ReadAction","target":["https:\/\/schoenstatt.com\/de\/ecuador-feierte-90-jahre-der-internationalen-maedchenjugend\/"]}]},{"@type":"ImageObject","inLanguage":"de","@id":"https:\/\/schoenstatt.com\/de\/ecuador-feierte-90-jahre-der-internationalen-maedchenjugend\/#primaryimage","url":"https:\/\/schoenstatt.com\/wp-content\/uploads\/2021\/10\/WhatsApp-Image-2021-08-19-at-11.20.43-1-2.jpeg","contentUrl":"https:\/\/schoenstatt.com\/wp-content\/uploads\/2021\/10\/WhatsApp-Image-2021-08-19-at-11.20.43-1-2.jpeg","width":1024,"height":768,"caption":"Ecuador"},{"@type":"BreadcrumbList","@id":"https:\/\/schoenstatt.com\/de\/ecuador-feierte-90-jahre-der-internationalen-maedchenjugend\/#breadcrumb","itemListElement":[{"@type":"ListItem","position":1,"name":"Portada","item":"https:\/\/schoenstatt.com\/de\/home\/"},{"@type":"ListItem","position":2,"name":"Ecuador feierte 90 Jahre der internationalen M\u00e4dchenjugend"}]},{"@type":"WebSite","@id":"https:\/\/schoenstatt.com\/de\/#website","url":"https:\/\/schoenstatt.com\/de\/","name":"Schoenstatt","description":"Apostolic Movement","publisher":{"@id":"https:\/\/schoenstatt.com\/de\/#organization"},"potentialAction":[{"@type":"SearchAction","target":{"@type":"EntryPoint","urlTemplate":"https:\/\/schoenstatt.com\/de\/?s={search_term_string}"},"query-input":{"@type":"PropertyValueSpecification","valueRequired":true,"valueName":"search_term_string"}}],"inLanguage":"de"},{"@type":"Organization","@id":"https:\/\/schoenstatt.com\/de\/#organization","name":"Schoenstatt","url":"https:\/\/schoenstatt.com\/de\/","logo":{"@type":"ImageObject","inLanguage":"de","@id":"https:\/\/schoenstatt.com\/de\/#\/schema\/logo\/image\/","url":"https:\/\/schoenstatt.com\/wp-content\/uploads\/2025\/04\/logo-schoenstatt-white-696x696-1.png","contentUrl":"https:\/\/schoenstatt.com\/wp-content\/uploads\/2025\/04\/logo-schoenstatt-white-696x696-1.png","width":696,"height":694,"caption":"Schoenstatt"},"image":{"@id":"https:\/\/schoenstatt.com\/de\/#\/schema\/logo\/image\/"}},{"@type":"Person","@id":"https:\/\/schoenstatt.com\/de\/#\/schema\/person\/5158877ad4acae98b34daaeef2a1ce6e","name":"Karen Bueno","image":{"@type":"ImageObject","inLanguage":"de","@id":"https:\/\/secure.gravatar.com\/avatar\/f9f4b823873154269d2b2130f195f6d41037dd0d7fc5f3cacb5c846bae70d66b?s=96&d=mm&r=g","url":"https:\/\/secure.gravatar.com\/avatar\/f9f4b823873154269d2b2130f195f6d41037dd0d7fc5f3cacb5c846bae70d66b?s=96&d=mm&r=g","contentUrl":"https:\/\/secure.gravatar.com\/avatar\/f9f4b823873154269d2b2130f195f6d41037dd0d7fc5f3cacb5c846bae70d66b?s=96&d=mm&r=g","caption":"Karen Bueno"},"url":"https:\/\/schoenstatt.com\/de\/author\/karen-bueno\/"}]}},"_links":{"self":[{"href":"https:\/\/schoenstatt.com\/de\/wp-json\/wp\/v2\/posts\/19571","targetHints":{"allow":["GET"]}}],"collection":[{"href":"https:\/\/schoenstatt.com\/de\/wp-json\/wp\/v2\/posts"}],"about":[{"href":"https:\/\/schoenstatt.com\/de\/wp-json\/wp\/v2\/types\/post"}],"author":[{"embeddable":true,"href":"https:\/\/schoenstatt.com\/de\/wp-json\/wp\/v2\/users\/3"}],"replies":[{"embeddable":true,"href":"https:\/\/schoenstatt.com\/de\/wp-json\/wp\/v2\/comments?post=19571"}],"version-history":[{"count":4,"href":"https:\/\/schoenstatt.com\/de\/wp-json\/wp\/v2\/posts\/19571\/revisions"}],"predecessor-version":[{"id":62270,"href":"https:\/\/schoenstatt.com\/de\/wp-json\/wp\/v2\/posts\/19571\/revisions\/62270"}],"wp:featuredmedia":[{"embeddable":true,"href":"https:\/\/schoenstatt.com\/de\/wp-json\/wp\/v2\/media\/19552"}],"wp:attachment":[{"href":"https:\/\/schoenstatt.com\/de\/wp-json\/wp\/v2\/media?parent=19571"}],"wp:term":[{"taxonomy":"category","embeddable":true,"href":"https:\/\/schoenstatt.com\/de\/wp-json\/wp\/v2\/categories?post=19571"},{"taxonomy":"post_tag","embeddable":true,"href":"https:\/\/schoenstatt.com\/de\/wp-json\/wp\/v2\/tags?post=19571"}],"curies":[{"name":"wp","href":"https:\/\/api.w.org\/{rel}","templated":true}]}}