{"id":19418,"date":"2021-09-10T02:31:45","date_gmt":"2021-09-10T00:31:45","guid":{"rendered":"https:\/\/schoenstatt.com\/spiritualitat\/bendicion-del-santuario-en-santa-cruz-bolivia-al-fin-llego-el-dia\/"},"modified":"2025-08-16T05:15:23","modified_gmt":"2025-08-16T03:15:23","slug":"freude-ueber-einweihung-des-heiligtums-in-santa-cruz-bolivien","status":"publish","type":"post","link":"https:\/\/schoenstatt.com\/de\/freude-ueber-einweihung-des-heiligtums-in-santa-cruz-bolivien\/","title":{"rendered":"Freude \u00fcber Einweihung des Heiligtums in Santa Cruz, Bolivien"},"content":{"rendered":"<h3>Vereinigung der Herzen<\/h3>\n<p>Am Samstag, 4. September, fand die lang erwartete Einweihung des Sch\u00f6nstatt-Heiligtums in\u00a0<a href=\"https:\/\/www.wikiwand.com\/de\/Santa_Cruz_de_la_Sierra\" target=\"_blank\" rel=\"noopener\">Santa Cruz de la Sierra,<\/a> Bolivien, statt. Es war 11.00 Uhr, als bereits alles f\u00fcr die Einweihung des Heiligtums vorbereitet war. Die G\u00e4ste, die Familie, die Pilger und eine gro\u00dfe Delegation aus der Stadt La Paz, die Sch\u00f6nstattbr\u00fcder und -schwestern vom Heiligtum in Achumani, kamen gerade an. Es war sehr hei\u00df und schw\u00fcl, das \u00fcbliche Wetter in dieser Jahreszeit.<\/p>\n<p>Aus der geplanten Bauzeit von 145 Tagen wurden mehr als 630 Tage, denn die Pandemie verz\u00f6gerte sowohl den Bau als auch die drei geplanten Einweihungstermine.<\/p>\n<p>&#8222;Los Sembradores&#8220;, eine musikalische Gast-Gruppe, stimmte uns vor Beginn der Zeremonie ein. Das war ein gro\u00dfer Beitrag zur Beruhigung der unserer Nerven.<\/p>\n<p>Es war ein freudiges Familienfest. Unsere Feier begann mit dem Einzug der Flaggen, danach folgten Sergio Gualberti, Erzbischof von Santa Cruz de la Sierra, in Begleitung von Mons. Estanislao Dowlaszewicz, Weihbischof ebendieser Erzdi\u00f6zese.<\/p>\n<h3>Die Predigt: eine Sch\u00f6nstatt-Katechese<\/h3>\n<p>Die Predigt unseres Pfarrers war eine Sch\u00f6nstatt-Katechese, ein Dekalog von Meilensteinen f\u00fcr die Familie, wobei die Kultur der Begegnung die Wurzel dieser Begegnung zwischen dem Nat\u00fcrlichen und dem \u00dcbernat\u00fcrlichen war. Einem Pfarrer zu begegnen, der zu uns \u00fcber den praktischen Glauben spricht, \u00fcber den Puls der Zeit, \u00fcber das, was Gott<\/p>\n<p><img fetchpriority=\"high\" decoding=\"async\" class=\"alignright wp-image-19372 size-large\" src=\"https:\/\/schoenstatt.com\/wp-content\/uploads\/2021\/10\/Santu-Sta-Cruz-Eduardo-Gutierrez-C-4sp21-A-1024x684.jpeg\" alt=\"\" width=\"840\" height=\"561\" \/><\/p>\n<p>uns mit der Pandemie sagen wollte, war ein deutliches Zeichen, dass unsere Gottesmutter die Herzen und eine gemeinsame Mission vereint.<\/p>\n<p>Die Reliquie, eine von Johannes Paul II., die sich auf die Begegnung mit der Sch\u00f6nstattfamilie zum 100. Geburtstag Pater Kentenichs bezog, lie\u00df unsere Herzen noch einmal vor R\u00fchrung schlagen: &#8222;Habt keine Angst, kanonisiert ihn selbst, totus tuus.&#8220;\u00a0 Diese S\u00e4tze waren eine gro\u00dfe Herausforderung f\u00fcr uns.<\/p>\n<h3><\/h3>\n<h3>Die Gnaden werden Zeugen des B\u00fcndnisses sein<\/h3>\n<p>Dank der tadellosen Produktion von Diakon\u00eda, der Produktionsfirma der Katholischen Universit\u00e4t, verfolgten viele die Feier online. Die Momente vergingen, und mit ihnen eine Ansammlung von Gef\u00fchlen. Nach der Salbung unserer Weihekreuze mit \u00d6l stand der kr\u00f6nende Moment bevor. Die Gottesmutter, auf einer Plattform getragen, erreichte ihre letzte Ruhest\u00e4tte. Wir sp\u00fcrten eine tiefe Verbindung der Herzen. Gott schenkte den Segen eines Heiligtums einer Familie, die wartete, wartete und wartete, ohne die Hoffnung zu verlieren, und die es verstand, ihrem Ruf treu zu bleiben.<\/p>\n<p><img decoding=\"async\" class=\"alignright wp-image-19386 size-large\" src=\"https:\/\/schoenstatt.com\/wp-content\/uploads\/2021\/10\/Santu-Sta-Cruz-Eduardo-Gutierrez-C-4sp21-B-896x1024.jpeg\" alt=\"\" width=\"840\" height=\"960\" \/><br \/>\nDas L\u00e4uten der Glocke erinnerte an die gute Nachricht, dass die Zeit des Wartens vorbei war. Und mit der neuen Zeit beginnt eine Etappe des Dienstes an der Kirche, die bezeugt, dass Gottes Pl\u00e4ne vollkommen sind und die Gnaden Zeugnisse der Liebe Marias im B\u00fcndnis mit ihren Gl\u00e4ubigen sein werden.<\/p>\n<h3>Monsignore Gualberti: Die Laien sind meine beste Unterst\u00fctzung<\/h3>\n<p>In der Predigt der ersten Eucharistiefeier in unserem Heiligtum erinnerte Pater Claudio Mart\u00ednez Cohen daran, wie sich die Wege zum Bau des Heiligtums in den letzten acht Jahren ge\u00f6ffnet und geschlossen haben. Die Hindernisse waren vielf\u00e4ltig! Monsignore Gualberti hatte zun\u00e4chst zur Bedingung f\u00fcr den Bau gemacht, dass einer der Sch\u00f6nstattpatres in Santa Cruz wohnt \u2013 eine Bedingung, die einfach nicht zu erf\u00fcllen war. Kurz darauf, bei einem weiteren Besuch von Pater Claudio beim Monsignore, sagte er ihm, dass er den Bau genehmigt habe, weil die Sch\u00f6nstatt-Laien seine beste St\u00fctze seien und wir gezeigt h\u00e4tten, dass wir ausreichend engagiert seien, um das Heiligtum spirituell zu unterst\u00fctzen<\/p>\n<p><img decoding=\"async\" class=\"aligncenter wp-image-19390 size-large\" src=\"https:\/\/schoenstatt.com\/wp-content\/uploads\/2021\/10\/WhatsApp-Image-2021-09-08-at-10.13.16-AM-1024x768.jpeg\" alt=\"\" width=\"840\" height=\"630\" \/><\/p>\n<h3>Jenecher\u00fa, ein lebendiges Feuer der Hoffnung<\/h3>\n<p>In den Worten von Pater Claudio Mart\u00ednez Cohen, Berater der Sch\u00f6nstattfamilie von Santa Cruz, \u201edr\u00fcckt sich der Familiengeist im Ideal des Heiligtums aus: &#8218;Jenecher\u00fa, lebendiges Feuer der Hoffnung&#8216;, das auf das Feuer der Bauern anspielt, das immer brennt und alle mit seiner W\u00e4rme und seinem Licht umgibt. Auf diese Weise will diese Familie ein Ort der pers\u00f6nlichen Begegnung und der sicheren Zuflucht in den sch\u00f6nsten und schwersten Zeiten sein und dies mit allen teilen, die zu ihr kommen. Maria ist der sichere Hafen und die Aussendung, um Gottes Liebe und Barmherzigkeit zu verk\u00fcnden. Es handelt sich um eine wachsende Familie, zu der sowohl Erwachsene als auch Jugendliche z\u00e4hlen.<\/p>\n<h3>Schwester M. Silvia Beltr\u00e1n: Der Himmel hat die Erde ber\u00fchrt<\/h3>\n<p>Schwester M. Silvia Beltr\u00e1n, die auch Beraterin der Sch\u00f6nstattfamilie von Santa Cruz ist, dr\u00fcckte ihrerseits aus, dass \u201eich durch die Beratung der Familie von Santa Cruz dieses &#8218;lebendige Feuer der Hoffnung&#8216; kennengelernt habe, das im Herzen eines jeden Kindes der Gottesmutter brennt. Sie brachten dies vor allem in den Jahren des Wartens und des Aufschubs der Einweihung ihres Heiligtums zum Ausdruck. Ihre Akzeptanz, ihre Freude und ihre Treue erreichten am 4. September ihren H\u00f6hepunkt, denn die Einweihung des Heiligtums war f\u00fcr sie die Verwirklichung eines lang ersehnten Traums von mehr als 20 Jahren\u201c.<\/p>\n<p>Zum Engagement der Sch\u00f6nstattfamilie f\u00fcgte sie hinzu: \u201eSie haben der Gottesmutter mit ganz konkreten Taten bewiesen, wie sehr sie sie lieben. Viele Weihen der Militanz, Liebesb\u00fcndnisse, Segnungen des Hausheiligtums. Sie alle wurden im Herzen der Gottesmutter in ihrem k\u00fcrzlich eingeweihten Heiligtum versiegelt.\u201c Und sie endete mit den Worten: \u201eEs war eine Erfahrung, bei der wir gesp\u00fcrt haben, dass der Himmel die Erde ber\u00fchrt hat in diesem Land von Santa Cruz, das von nun an Teil des gro\u00dfen Netzes von Heiligt\u00fcmern unserer internationalen Familie ist.\u201c<\/p>\n<h3>P. Claudio Mart\u00ednez Felmer: Die Gottesmutter ist gekommen, um f\u00fcr immer zu bleiben<\/h3>\n<p>Pater Claudio Mart\u00ednez Felmer, Jugendreferent in Santa Cruz, sagte, dass \u201ewir Tage der tiefen Begegnung mit Gott und der Gottesmutter erlebt haben und eine ganz besondere Freude \u00fcber die Einweihung unseres Heiligtums, wegen der pers\u00f6nlichen und pers\u00f6nlichen Wiederbegegnung mit vielen, nach so langer Zeit, die nur virtuell verbunden waren\u201c, und er f\u00fcgte hinzu, dass &#8222;es ohne Zweifel eine gro\u00dfe Teamarbeit der gesamten lokalen Familie war, begleitet von enormen Beitr\u00e4gen zum Gnadenkapital. Wir konnten auch auf die Unterst\u00fctzung verschiedener Plattformen z\u00e4hlen, um die Zeremonie zu \u00fcbertragen, so dass viele diesen Moment der Gnade begleiten konnten.\u201c<\/p>\n<p>\u00dcber seine pers\u00f6nliche Erfahrung sagte er: \u201eIch habe dieses lebendige Feuer der Hoffnung, das Teil ihres Ideals ist, in den Versprechen der Pioniere und in den Liebesb\u00fcndnissen von zwei Gruppen der M\u00e4nnerjugend \u2013 den ersten, die im k\u00fcrzlich eingeweihten Heiligtum geschlossen wurden \u2013pers\u00f6nlich erlebt.\u201c Und er schloss mit den Worten: \u201eEs hat lange gedauert, aber die <a href=\"https:\/\/schoenstatt.com\/de\/spiritualitaet\/\">Gottesmutter<\/a> ist hat sich niedergelassen, um f\u00fcr immer in ihrem Heiligtum zu bleiben. Es ist ein gro\u00dfes Geschenk f\u00fcr die Sch\u00f6nstattfamilie von Santa Cruz und Bolivien, und wir hoffen, auch f\u00fcr alle die kommen, um der Gottesmutter und ihrem Sohn Jesus in diesem geliebten Land zu begegnen.\u201c<\/p>\n<p><img loading=\"lazy\" decoding=\"async\" class=\"aligncenter wp-image-19382 size-large\" src=\"https:\/\/schoenstatt.com\/wp-content\/uploads\/2021\/10\/Santu-Sta-Cruz-Eduardo-Gutierrez-C-4sp21-D-753x1024.jpeg\" alt=\"\" width=\"753\" height=\"1024\" \/><\/p>\n","protected":false},"excerpt":{"rendered":"<p>Nach langem Warten erlebte die Sch\u00f6nstattfamilie von Santa Cruz einen Tag der Freude.<\/p>\n","protected":false},"author":3,"featured_media":19404,"comment_status":"closed","ping_status":"open","sticky":false,"template":"","format":"standard","meta":{"footnotes":""},"categories":[195,678],"tags":[1125,1197],"class_list":["post-19418","post","type-post","status-publish","format-standard","has-post-thumbnail","hentry","category-amerika-de","category-lander-de","tag-schonstatt-bolivien-de","tag-schonstatt-heiligtum-de"],"yoast_head":"<!-- This site is optimized with the Yoast SEO Premium plugin v27.4 (Yoast SEO v27.4) - https:\/\/yoast.com\/product\/yoast-seo-premium-wordpress\/ -->\n<title>Freude \u00fcber Einweihung des Heiligtums in Santa Cruz, Bolivien - Schoenstatt<\/title>\n<meta name=\"description\" content=\"Mit dem Ideal: &quot;Jenecher\u00fa, lebendiges Feuer der Hoffnung&quot; und nach einer gr\u00fcndlichen Vorbereitung hat Bolivien nun zwei Heiligt\u00fcmer.\" \/>\n<meta name=\"robots\" content=\"index, follow, max-snippet:-1, max-image-preview:large, max-video-preview:-1\" \/>\n<link rel=\"canonical\" href=\"https:\/\/schoenstatt.com\/de\/freude-ueber-einweihung-des-heiligtums-in-santa-cruz-bolivien\/\" \/>\n<meta property=\"og:locale\" content=\"de_DE\" \/>\n<meta property=\"og:type\" content=\"article\" \/>\n<meta property=\"og:title\" content=\"Freude \u00fcber Einweihung des Heiligtums in Santa Cruz, Bolivien\" \/>\n<meta property=\"og:description\" content=\"Mit dem Ideal: &quot;Jenecher\u00fa, lebendiges Feuer der Hoffnung&quot; und nach einer gr\u00fcndlichen Vorbereitung hat Bolivien nun zwei Heiligt\u00fcmer.\" \/>\n<meta property=\"og:url\" content=\"https:\/\/schoenstatt.com\/de\/freude-ueber-einweihung-des-heiligtums-in-santa-cruz-bolivien\/\" \/>\n<meta property=\"og:site_name\" content=\"Schoenstatt\" \/>\n<meta property=\"article:published_time\" content=\"2021-09-10T00:31:45+00:00\" \/>\n<meta property=\"article:modified_time\" content=\"2025-08-16T03:15:23+00:00\" \/>\n<meta property=\"og:image\" content=\"https:\/\/schoenstatt.com\/wp-content\/uploads\/2021\/10\/Santu-Sta-Cruz-Eduardo-Gutierrez-C-4sp21-C-1-scaled-3.jpeg\" \/>\n\t<meta property=\"og:image:width\" content=\"2560\" \/>\n\t<meta property=\"og:image:height\" content=\"1947\" \/>\n\t<meta property=\"og:image:type\" content=\"image\/jpeg\" \/>\n<meta name=\"author\" content=\"Karen Bueno\" \/>\n<meta name=\"twitter:card\" content=\"summary_large_image\" \/>\n<meta name=\"twitter:label1\" content=\"Verfasst von\" \/>\n\t<meta name=\"twitter:data1\" content=\"Karen Bueno\" \/>\n\t<meta name=\"twitter:label2\" content=\"Gesch\u00e4tzte Lesezeit\" \/>\n\t<meta name=\"twitter:data2\" content=\"6\u00a0Minuten\" \/>\n<script type=\"application\/ld+json\" class=\"yoast-schema-graph\">{\"@context\":\"https:\\\/\\\/schema.org\",\"@graph\":[{\"@type\":\"Article\",\"@id\":\"https:\\\/\\\/schoenstatt.com\\\/de\\\/freude-ueber-einweihung-des-heiligtums-in-santa-cruz-bolivien\\\/#article\",\"isPartOf\":{\"@id\":\"https:\\\/\\\/schoenstatt.com\\\/de\\\/freude-ueber-einweihung-des-heiligtums-in-santa-cruz-bolivien\\\/\"},\"author\":{\"name\":\"Karen Bueno\",\"@id\":\"https:\\\/\\\/schoenstatt.com\\\/de\\\/#\\\/schema\\\/person\\\/5158877ad4acae98b34daaeef2a1ce6e\"},\"headline\":\"Freude \u00fcber Einweihung des Heiligtums in Santa Cruz, Bolivien\",\"datePublished\":\"2021-09-10T00:31:45+00:00\",\"dateModified\":\"2025-08-16T03:15:23+00:00\",\"mainEntityOfPage\":{\"@id\":\"https:\\\/\\\/schoenstatt.com\\\/de\\\/freude-ueber-einweihung-des-heiligtums-in-santa-cruz-bolivien\\\/\"},\"wordCount\":1123,\"publisher\":{\"@id\":\"https:\\\/\\\/schoenstatt.com\\\/de\\\/#organization\"},\"image\":{\"@id\":\"https:\\\/\\\/schoenstatt.com\\\/de\\\/freude-ueber-einweihung-des-heiligtums-in-santa-cruz-bolivien\\\/#primaryimage\"},\"thumbnailUrl\":\"https:\\\/\\\/schoenstatt.com\\\/wp-content\\\/uploads\\\/2021\\\/10\\\/Santu-Sta-Cruz-Eduardo-Gutierrez-C-4sp21-C-1-scaled-3.jpeg\",\"keywords\":[\"Sch\u00f6nstatt Bolivien\",\"Sch\u00f6nstatt-Heiligtum\"],\"articleSection\":[\"Amerika\",\"L\u00e4nder\"],\"inLanguage\":\"de\"},{\"@type\":\"WebPage\",\"@id\":\"https:\\\/\\\/schoenstatt.com\\\/de\\\/freude-ueber-einweihung-des-heiligtums-in-santa-cruz-bolivien\\\/\",\"url\":\"https:\\\/\\\/schoenstatt.com\\\/de\\\/freude-ueber-einweihung-des-heiligtums-in-santa-cruz-bolivien\\\/\",\"name\":\"Freude \u00fcber Einweihung des Heiligtums in Santa Cruz, Bolivien - Schoenstatt\",\"isPartOf\":{\"@id\":\"https:\\\/\\\/schoenstatt.com\\\/de\\\/#website\"},\"primaryImageOfPage\":{\"@id\":\"https:\\\/\\\/schoenstatt.com\\\/de\\\/freude-ueber-einweihung-des-heiligtums-in-santa-cruz-bolivien\\\/#primaryimage\"},\"image\":{\"@id\":\"https:\\\/\\\/schoenstatt.com\\\/de\\\/freude-ueber-einweihung-des-heiligtums-in-santa-cruz-bolivien\\\/#primaryimage\"},\"thumbnailUrl\":\"https:\\\/\\\/schoenstatt.com\\\/wp-content\\\/uploads\\\/2021\\\/10\\\/Santu-Sta-Cruz-Eduardo-Gutierrez-C-4sp21-C-1-scaled-3.jpeg\",\"datePublished\":\"2021-09-10T00:31:45+00:00\",\"dateModified\":\"2025-08-16T03:15:23+00:00\",\"description\":\"Mit dem Ideal: \\\"Jenecher\u00fa, lebendiges Feuer der Hoffnung\\\" und nach einer gr\u00fcndlichen Vorbereitung hat Bolivien nun zwei Heiligt\u00fcmer.\",\"breadcrumb\":{\"@id\":\"https:\\\/\\\/schoenstatt.com\\\/de\\\/freude-ueber-einweihung-des-heiligtums-in-santa-cruz-bolivien\\\/#breadcrumb\"},\"inLanguage\":\"de\",\"potentialAction\":[{\"@type\":\"ReadAction\",\"target\":[\"https:\\\/\\\/schoenstatt.com\\\/de\\\/freude-ueber-einweihung-des-heiligtums-in-santa-cruz-bolivien\\\/\"]}]},{\"@type\":\"ImageObject\",\"inLanguage\":\"de\",\"@id\":\"https:\\\/\\\/schoenstatt.com\\\/de\\\/freude-ueber-einweihung-des-heiligtums-in-santa-cruz-bolivien\\\/#primaryimage\",\"url\":\"https:\\\/\\\/schoenstatt.com\\\/wp-content\\\/uploads\\\/2021\\\/10\\\/Santu-Sta-Cruz-Eduardo-Gutierrez-C-4sp21-C-1-scaled-3.jpeg\",\"contentUrl\":\"https:\\\/\\\/schoenstatt.com\\\/wp-content\\\/uploads\\\/2021\\\/10\\\/Santu-Sta-Cruz-Eduardo-Gutierrez-C-4sp21-C-1-scaled-3.jpeg\",\"width\":2560,\"height\":1947,\"caption\":\"Bendici\u00f3n del Santuario\"},{\"@type\":\"BreadcrumbList\",\"@id\":\"https:\\\/\\\/schoenstatt.com\\\/de\\\/freude-ueber-einweihung-des-heiligtums-in-santa-cruz-bolivien\\\/#breadcrumb\",\"itemListElement\":[{\"@type\":\"ListItem\",\"position\":1,\"name\":\"Portada\",\"item\":\"https:\\\/\\\/schoenstatt.com\\\/de\\\/home\\\/\"},{\"@type\":\"ListItem\",\"position\":2,\"name\":\"Freude \u00fcber Einweihung des Heiligtums in Santa Cruz, Bolivien\"}]},{\"@type\":\"WebSite\",\"@id\":\"https:\\\/\\\/schoenstatt.com\\\/de\\\/#website\",\"url\":\"https:\\\/\\\/schoenstatt.com\\\/de\\\/\",\"name\":\"Schoenstatt\",\"description\":\"Apostolic Movement\",\"publisher\":{\"@id\":\"https:\\\/\\\/schoenstatt.com\\\/de\\\/#organization\"},\"potentialAction\":[{\"@type\":\"SearchAction\",\"target\":{\"@type\":\"EntryPoint\",\"urlTemplate\":\"https:\\\/\\\/schoenstatt.com\\\/de\\\/?s={search_term_string}\"},\"query-input\":{\"@type\":\"PropertyValueSpecification\",\"valueRequired\":true,\"valueName\":\"search_term_string\"}}],\"inLanguage\":\"de\"},{\"@type\":\"Organization\",\"@id\":\"https:\\\/\\\/schoenstatt.com\\\/de\\\/#organization\",\"name\":\"Schoenstatt\",\"url\":\"https:\\\/\\\/schoenstatt.com\\\/de\\\/\",\"logo\":{\"@type\":\"ImageObject\",\"inLanguage\":\"de\",\"@id\":\"https:\\\/\\\/schoenstatt.com\\\/de\\\/#\\\/schema\\\/logo\\\/image\\\/\",\"url\":\"https:\\\/\\\/schoenstatt.com\\\/wp-content\\\/uploads\\\/2025\\\/04\\\/logo-schoenstatt-white-696x696-1.png\",\"contentUrl\":\"https:\\\/\\\/schoenstatt.com\\\/wp-content\\\/uploads\\\/2025\\\/04\\\/logo-schoenstatt-white-696x696-1.png\",\"width\":696,\"height\":694,\"caption\":\"Schoenstatt\"},\"image\":{\"@id\":\"https:\\\/\\\/schoenstatt.com\\\/de\\\/#\\\/schema\\\/logo\\\/image\\\/\"}},{\"@type\":\"Person\",\"@id\":\"https:\\\/\\\/schoenstatt.com\\\/de\\\/#\\\/schema\\\/person\\\/5158877ad4acae98b34daaeef2a1ce6e\",\"name\":\"Karen Bueno\",\"image\":{\"@type\":\"ImageObject\",\"inLanguage\":\"de\",\"@id\":\"https:\\\/\\\/secure.gravatar.com\\\/avatar\\\/f9f4b823873154269d2b2130f195f6d41037dd0d7fc5f3cacb5c846bae70d66b?s=96&d=mm&r=g\",\"url\":\"https:\\\/\\\/secure.gravatar.com\\\/avatar\\\/f9f4b823873154269d2b2130f195f6d41037dd0d7fc5f3cacb5c846bae70d66b?s=96&d=mm&r=g\",\"contentUrl\":\"https:\\\/\\\/secure.gravatar.com\\\/avatar\\\/f9f4b823873154269d2b2130f195f6d41037dd0d7fc5f3cacb5c846bae70d66b?s=96&d=mm&r=g\",\"caption\":\"Karen Bueno\"},\"url\":\"https:\\\/\\\/schoenstatt.com\\\/de\\\/author\\\/karen-bueno\\\/\"}]}<\/script>\n<!-- \/ Yoast SEO Premium plugin. -->","yoast_head_json":{"title":"Freude \u00fcber Einweihung des Heiligtums in Santa Cruz, Bolivien - Schoenstatt","description":"Mit dem Ideal: \"Jenecher\u00fa, lebendiges Feuer der Hoffnung\" und nach einer gr\u00fcndlichen Vorbereitung hat Bolivien nun zwei Heiligt\u00fcmer.","robots":{"index":"index","follow":"follow","max-snippet":"max-snippet:-1","max-image-preview":"max-image-preview:large","max-video-preview":"max-video-preview:-1"},"canonical":"https:\/\/schoenstatt.com\/de\/freude-ueber-einweihung-des-heiligtums-in-santa-cruz-bolivien\/","og_locale":"de_DE","og_type":"article","og_title":"Freude \u00fcber Einweihung des Heiligtums in Santa Cruz, Bolivien","og_description":"Mit dem Ideal: \"Jenecher\u00fa, lebendiges Feuer der Hoffnung\" und nach einer gr\u00fcndlichen Vorbereitung hat Bolivien nun zwei Heiligt\u00fcmer.","og_url":"https:\/\/schoenstatt.com\/de\/freude-ueber-einweihung-des-heiligtums-in-santa-cruz-bolivien\/","og_site_name":"Schoenstatt","article_published_time":"2021-09-10T00:31:45+00:00","article_modified_time":"2025-08-16T03:15:23+00:00","og_image":[{"width":2560,"height":1947,"url":"https:\/\/schoenstatt.com\/wp-content\/uploads\/2021\/10\/Santu-Sta-Cruz-Eduardo-Gutierrez-C-4sp21-C-1-scaled-3.jpeg","type":"image\/jpeg"}],"author":"Karen Bueno","twitter_card":"summary_large_image","twitter_misc":{"Verfasst von":"Karen Bueno","Gesch\u00e4tzte Lesezeit":"6\u00a0Minuten"},"schema":{"@context":"https:\/\/schema.org","@graph":[{"@type":"Article","@id":"https:\/\/schoenstatt.com\/de\/freude-ueber-einweihung-des-heiligtums-in-santa-cruz-bolivien\/#article","isPartOf":{"@id":"https:\/\/schoenstatt.com\/de\/freude-ueber-einweihung-des-heiligtums-in-santa-cruz-bolivien\/"},"author":{"name":"Karen Bueno","@id":"https:\/\/schoenstatt.com\/de\/#\/schema\/person\/5158877ad4acae98b34daaeef2a1ce6e"},"headline":"Freude \u00fcber Einweihung des Heiligtums in Santa Cruz, Bolivien","datePublished":"2021-09-10T00:31:45+00:00","dateModified":"2025-08-16T03:15:23+00:00","mainEntityOfPage":{"@id":"https:\/\/schoenstatt.com\/de\/freude-ueber-einweihung-des-heiligtums-in-santa-cruz-bolivien\/"},"wordCount":1123,"publisher":{"@id":"https:\/\/schoenstatt.com\/de\/#organization"},"image":{"@id":"https:\/\/schoenstatt.com\/de\/freude-ueber-einweihung-des-heiligtums-in-santa-cruz-bolivien\/#primaryimage"},"thumbnailUrl":"https:\/\/schoenstatt.com\/wp-content\/uploads\/2021\/10\/Santu-Sta-Cruz-Eduardo-Gutierrez-C-4sp21-C-1-scaled-3.jpeg","keywords":["Sch\u00f6nstatt Bolivien","Sch\u00f6nstatt-Heiligtum"],"articleSection":["Amerika","L\u00e4nder"],"inLanguage":"de"},{"@type":"WebPage","@id":"https:\/\/schoenstatt.com\/de\/freude-ueber-einweihung-des-heiligtums-in-santa-cruz-bolivien\/","url":"https:\/\/schoenstatt.com\/de\/freude-ueber-einweihung-des-heiligtums-in-santa-cruz-bolivien\/","name":"Freude \u00fcber Einweihung des Heiligtums in Santa Cruz, Bolivien - Schoenstatt","isPartOf":{"@id":"https:\/\/schoenstatt.com\/de\/#website"},"primaryImageOfPage":{"@id":"https:\/\/schoenstatt.com\/de\/freude-ueber-einweihung-des-heiligtums-in-santa-cruz-bolivien\/#primaryimage"},"image":{"@id":"https:\/\/schoenstatt.com\/de\/freude-ueber-einweihung-des-heiligtums-in-santa-cruz-bolivien\/#primaryimage"},"thumbnailUrl":"https:\/\/schoenstatt.com\/wp-content\/uploads\/2021\/10\/Santu-Sta-Cruz-Eduardo-Gutierrez-C-4sp21-C-1-scaled-3.jpeg","datePublished":"2021-09-10T00:31:45+00:00","dateModified":"2025-08-16T03:15:23+00:00","description":"Mit dem Ideal: \"Jenecher\u00fa, lebendiges Feuer der Hoffnung\" und nach einer gr\u00fcndlichen Vorbereitung hat Bolivien nun zwei Heiligt\u00fcmer.","breadcrumb":{"@id":"https:\/\/schoenstatt.com\/de\/freude-ueber-einweihung-des-heiligtums-in-santa-cruz-bolivien\/#breadcrumb"},"inLanguage":"de","potentialAction":[{"@type":"ReadAction","target":["https:\/\/schoenstatt.com\/de\/freude-ueber-einweihung-des-heiligtums-in-santa-cruz-bolivien\/"]}]},{"@type":"ImageObject","inLanguage":"de","@id":"https:\/\/schoenstatt.com\/de\/freude-ueber-einweihung-des-heiligtums-in-santa-cruz-bolivien\/#primaryimage","url":"https:\/\/schoenstatt.com\/wp-content\/uploads\/2021\/10\/Santu-Sta-Cruz-Eduardo-Gutierrez-C-4sp21-C-1-scaled-3.jpeg","contentUrl":"https:\/\/schoenstatt.com\/wp-content\/uploads\/2021\/10\/Santu-Sta-Cruz-Eduardo-Gutierrez-C-4sp21-C-1-scaled-3.jpeg","width":2560,"height":1947,"caption":"Bendici\u00f3n del Santuario"},{"@type":"BreadcrumbList","@id":"https:\/\/schoenstatt.com\/de\/freude-ueber-einweihung-des-heiligtums-in-santa-cruz-bolivien\/#breadcrumb","itemListElement":[{"@type":"ListItem","position":1,"name":"Portada","item":"https:\/\/schoenstatt.com\/de\/home\/"},{"@type":"ListItem","position":2,"name":"Freude \u00fcber Einweihung des Heiligtums in Santa Cruz, Bolivien"}]},{"@type":"WebSite","@id":"https:\/\/schoenstatt.com\/de\/#website","url":"https:\/\/schoenstatt.com\/de\/","name":"Schoenstatt","description":"Apostolic Movement","publisher":{"@id":"https:\/\/schoenstatt.com\/de\/#organization"},"potentialAction":[{"@type":"SearchAction","target":{"@type":"EntryPoint","urlTemplate":"https:\/\/schoenstatt.com\/de\/?s={search_term_string}"},"query-input":{"@type":"PropertyValueSpecification","valueRequired":true,"valueName":"search_term_string"}}],"inLanguage":"de"},{"@type":"Organization","@id":"https:\/\/schoenstatt.com\/de\/#organization","name":"Schoenstatt","url":"https:\/\/schoenstatt.com\/de\/","logo":{"@type":"ImageObject","inLanguage":"de","@id":"https:\/\/schoenstatt.com\/de\/#\/schema\/logo\/image\/","url":"https:\/\/schoenstatt.com\/wp-content\/uploads\/2025\/04\/logo-schoenstatt-white-696x696-1.png","contentUrl":"https:\/\/schoenstatt.com\/wp-content\/uploads\/2025\/04\/logo-schoenstatt-white-696x696-1.png","width":696,"height":694,"caption":"Schoenstatt"},"image":{"@id":"https:\/\/schoenstatt.com\/de\/#\/schema\/logo\/image\/"}},{"@type":"Person","@id":"https:\/\/schoenstatt.com\/de\/#\/schema\/person\/5158877ad4acae98b34daaeef2a1ce6e","name":"Karen Bueno","image":{"@type":"ImageObject","inLanguage":"de","@id":"https:\/\/secure.gravatar.com\/avatar\/f9f4b823873154269d2b2130f195f6d41037dd0d7fc5f3cacb5c846bae70d66b?s=96&d=mm&r=g","url":"https:\/\/secure.gravatar.com\/avatar\/f9f4b823873154269d2b2130f195f6d41037dd0d7fc5f3cacb5c846bae70d66b?s=96&d=mm&r=g","contentUrl":"https:\/\/secure.gravatar.com\/avatar\/f9f4b823873154269d2b2130f195f6d41037dd0d7fc5f3cacb5c846bae70d66b?s=96&d=mm&r=g","caption":"Karen Bueno"},"url":"https:\/\/schoenstatt.com\/de\/author\/karen-bueno\/"}]}},"_links":{"self":[{"href":"https:\/\/schoenstatt.com\/de\/wp-json\/wp\/v2\/posts\/19418","targetHints":{"allow":["GET"]}}],"collection":[{"href":"https:\/\/schoenstatt.com\/de\/wp-json\/wp\/v2\/posts"}],"about":[{"href":"https:\/\/schoenstatt.com\/de\/wp-json\/wp\/v2\/types\/post"}],"author":[{"embeddable":true,"href":"https:\/\/schoenstatt.com\/de\/wp-json\/wp\/v2\/users\/3"}],"replies":[{"embeddable":true,"href":"https:\/\/schoenstatt.com\/de\/wp-json\/wp\/v2\/comments?post=19418"}],"version-history":[{"count":4,"href":"https:\/\/schoenstatt.com\/de\/wp-json\/wp\/v2\/posts\/19418\/revisions"}],"predecessor-version":[{"id":62175,"href":"https:\/\/schoenstatt.com\/de\/wp-json\/wp\/v2\/posts\/19418\/revisions\/62175"}],"wp:featuredmedia":[{"embeddable":true,"href":"https:\/\/schoenstatt.com\/de\/wp-json\/wp\/v2\/media\/19404"}],"wp:attachment":[{"href":"https:\/\/schoenstatt.com\/de\/wp-json\/wp\/v2\/media?parent=19418"}],"wp:term":[{"taxonomy":"category","embeddable":true,"href":"https:\/\/schoenstatt.com\/de\/wp-json\/wp\/v2\/categories?post=19418"},{"taxonomy":"post_tag","embeddable":true,"href":"https:\/\/schoenstatt.com\/de\/wp-json\/wp\/v2\/tags?post=19418"}],"curies":[{"name":"wp","href":"https:\/\/api.w.org\/{rel}","templated":true}]}}