{"id":18998,"date":"2021-10-03T11:04:05","date_gmt":"2021-10-03T09:04:05","guid":{"rendered":"https:\/\/schoenstatt.com\/?p=18998"},"modified":"2025-08-19T17:22:39","modified_gmt":"2025-08-19T15:22:39","slug":"interview-mit-sr-m-isabell-naumann","status":"publish","type":"post","link":"https:\/\/schoenstatt.com\/de\/interview-mit-sr-m-isabell-naumann\/","title":{"rendered":"Interview mit Sr. M. Isabell Naumann"},"content":{"rendered":"<p>Schwester M. Isabell Naumann spricht nach ihrer Ernennung durch Papst Franziskus als Mitglied der <a href=\"https:\/\/www.vatican.va\/roman_curia\/congregations\/cfaith\/cti_index_ge.htm\" target=\"_blank\" rel=\"noopener\">Internationalen Theologischen Kommission<\/a>.<\/p>\n<p>M. Isabell Naumann ist k\u00fcrzlich zum Mitglied der Internationalen Theologischen Kommission ernannt worden. Derzeit ist sie Pr\u00e4sidentin des Sydney Catholic Institute &#8211; der kirchlichen Fakult\u00e4t f\u00fcr Australien, Neuseeland und Ozeanien &#8211; und hochrangige Professorin f\u00fcr Systematische Theologie. Au\u00dferdem ist sie au\u00dferordentliche Professorin f\u00fcr Systematische Theologie an der Universit\u00e4t von Notre Dame, Australien.<\/p>\n<p><img fetchpriority=\"high\" decoding=\"async\" class=\"alignleft wp-image-18644 size-full\" src=\"https:\/\/schoenstatt.com\/wp-content\/uploads\/2021\/10\/Isabell-Naumann-n37b-198x300-1.jpg\" alt=\"Sr. M. isabell Naumann\" width=\"198\" height=\"300\" \/><\/p>\n<p>Wir ver\u00f6ffentlichen das Interview mit M. Isabell Naumann, nachdem sie von Papst Franziskus zum Mitglied der Internationalen Theologischen Kommission ernannt wurde. Sie hat in den Vereinigten Staaten und in mehreren L\u00e4ndern Asiens und Europas Vortr\u00e4ge gehalten und war und ist Mitglied mehrerer nationaler und internationaler akademischer Gremien und R\u00e4te, darunter zwei Amtszeiten im P\u00e4pstlichen Rat f\u00fcr Kultur.<\/p>\n<p>Als Mitglied des <a href=\"https:\/\/schoenstatt.com\/de\/in-gemeinschaft\/frauen\/marienschwestern\/\">S\u00e4kularinstituts der Sch\u00f6nst\u00e4tter Marienschwestern<\/a> bekleidet sie derzeit das Amt der Provinzvikarin f\u00fcr Australien und die Philippinen.<\/p>\n<p><strong>Schw. M. Isabell, am 29. September ver\u00f6ffentlichte das vatikanische Bulletin die Ernennungen der neuen Mitglieder der Internationalen Theologischen Kommission. Sie haben die Ernennung doch sicher schon vor der offiziellen Bekanntgabe erhalten. Wie haben Sie auf diese Nachricht reagiert?<\/strong><\/p>\n<p>Ja, ich habe die Ernennung vor der offiziellen Bekanntgabe erhalten, und das hat mich \u00fcberrascht. Es ist sicherlich eine Ehre, an der wichtigen Arbeit der Kommission mitzuwirken und mitzuarbeiten.<\/p>\n<p><strong>Die Internationale Theologische Kommission hat die Aufgabe, Lehrfragen von gro\u00dfer Bedeutung zu untersuchen. Ausgehend von Ihrer Erfahrung und Ihrem Hintergrund in der australischen\/ozeanischen und asiatischen Region und Kultur, welche lehrhafte Frage ist Ihrer Meinung nach die Wichtigste in unserer Zeit?<\/strong><\/p>\n<p>Es handelt sich nicht um ein einzelnes Thema, sondern um zusammenh\u00e4ngende Fragen, die die christliche theologische Anthropologie in all ihren Dimensionen betreffen, z. B. die Menschenw\u00fcrde und die menschliche Arbeit, und nat\u00fcrlich den ganzheitlichen und komplexen Bereich der Kultur, der auf den Grundlagen des Werks und der Lehre Christi, dem Verm\u00e4chtnis der g\u00f6ttlichen Offenbarung und dem Besten unserer christlichen Tradition beruht. Dies ist die immerw\u00e4hrende, aber gegenw\u00e4rtig dringlichste Aufgabe, vor der die Kirche steht.<\/p>\n<p><strong>Die Kirche in Australien h\u00e4lt derzeit eine Vollversammlung ab, der Sie angeh\u00f6ren. Welche der vielen f\u00fcr die Vollversammlung vorgeschlagenen Themen sind Ihrer Meinung nach f\u00fcr die Kirche im weiteren Sinne relevant?<\/strong><\/p>\n<p>Nach dem Kirchenrecht hat ein Plenarkonzil pastoralen Charakter und muss sich mit den &#8222;pastoralen Bed\u00fcrfnissen des Gottesvolkes&#8220; (can. 445) befassen sowie mit &#8222;allem, was angemessen erscheint&#8220; in den Bereichen der St\u00e4rkung des Glaubens, der Organisation gemeinsamer pastoraler Aktionen, der Regelung der Br\u00e4uche und der Einhaltung der gemeinsamen kirchlichen Disziplin.\u00a0 Obwohl der Glaube nach wie vor einen wichtigen Einfluss auf das Leben der katholischen Bev\u00f6lkerung aus\u00fcbt und sowohl die Kirche als auch die Gesellschaft vom geistigen und kulturellen Erbe fr\u00fcherer Generationen zehren, gibt es viele Menschen, die sich als &#8222;religionslos&#8220; bezeichnen, und andere, die sich vielleicht vage als Christen betrachten, sich aber nicht mit einer bestimmten Konfession oder \u00f6rtlichen Kirchengemeinschaft identifizieren. Aus dieser Perspektive w\u00e4re der Bereich des Glaubens, der Glaubensidentit\u00e4t und der Glaubensverpflichtung am besorgniserregendsten, weil wir in Australien in erster Linie eine Glaubenskrise erleben.\u00a0 \u00a0Die Ortskirche hat St\u00e4rken und Gaben, die sie in diese dringende Aufgabe einbringen kann, und ich bin \u00fcberzeugt, dass der Plenarrat eine geeignete Plattform bieten wird, um dieses wichtige Thema in einer authentischen kirchlichen Weise des respektvollen Dialogs und der echten geistlichen Unterscheidung unter der Leitung des Heiligen Geistes anzugehen.<\/p>\n<p><strong>K\u00f6nnen Sie uns etwas mehr \u00fcber die Bedeutung des Plenarrats f\u00fcr die australische Kirche erz\u00e4hlen?<\/strong><\/p>\n<p>Die Tagesordnung des Rates besteht aus einer Reihe von Themen, die alle f\u00fcr die Kirche in Australien von Bedeutung sind. Dazu geh\u00f6ren nicht nur Fragen der Leitung und Struktur, sondern auch &#8211; und das ist sehr wichtig &#8211; Bekehrung, Gebet und Ausbildung.<\/p>\n<p>Was die Frage der Kirchenleitung betrifft, so war ich Mitglied einer Expertengruppe, die auf Ersuchen der Australischen Katholischen Bischofskonferenz und der Katholischen Ordensgemeinschaft Australiens als Reaktion auf die Royal Commission into Institutional Responses to Child Sexual Abuse die Kirchenleitung \u00fcberpr\u00fcfte. Dieses Projektteam f\u00fchrte die \u00dcberpr\u00fcfung &#8222;im Lichte der katholischen Ekklesiologie&#8220; durch, d. h. der theologischen Grunds\u00e4tze, die dem Wesen der Kirche zugrunde liegen. Die Ergebnisse und Empfehlungen dieser \u00dcberpr\u00fcfung wurden am 1. Mai 2020 unter dem Titel &#8222;The Light of the Southern Cross: Promoting Stewardship in the Catholic Church in Australia&#8220; ver\u00f6ffentlicht. Viele dieser Empfehlungen werden wichtiges Material f\u00fcr die Diskussionen im Plenum des Rates liefern.<\/p>\n<p>Zu den Themen, die auf der Tagesordnung stehen, geh\u00f6ren auch Fragen der Priesterausbildung. Ich war 11 Jahre lang Studienleiterin am Priesterseminar der Erzdi\u00f6zese Sydney und hoffe daher, mit der P\u00e4dagogik unseres Gr\u00fcnders und dieser Erfahrung einen besonderen Beitrag zu diesem Forschungsbereich leisten zu k\u00f6nnen.<\/p>\n<p><strong>Wie sehen Sie Ihren pers\u00f6nlichen Beitrag zur Internationalen Theologischen Kommission als Pr\u00e4sidentin des P\u00e4pstlichen Katholischen Instituts in Sydney und als Mitglied des S\u00e4kularinstituts der Sch\u00f6nst\u00e4tter Marienschwestern?\u00a0<\/strong><\/p>\n<p>Mein pers\u00f6nlicher Beitrag wird sicherlich vom Charisma unseres Gr\u00fcnders und dem Reichtum und der Tiefe unserer Sch\u00f6nstatt-Spiritualit\u00e4t inspiriert sein, aber auch von meiner langj\u00e4hrigen akademischen Lehrt\u00e4tigkeit, Forschung und angewandten theologischen Auslegung in der akademischen Leitung und Regierung.<\/p>\n<p>Danke Schw. M. Isabell, f\u00fcr Ihre Gedanken und Ihre Vision f\u00fcr die Zukunft. Maria m\u00f6ge die Gaben des Heiligen Geistes f\u00fcr Sie erflehen und unser Gr\u00fcnder m\u00f6ge f\u00fcr alle Ihre Bed\u00fcrfnisse F\u00fcrsprache einlegen.<\/p>\n","protected":false},"excerpt":{"rendered":"<p>Australische Theologin, Marienschwester, \u00fcber die Herausforderungen einer zeitgem\u00e4\u00dfen Theologie<\/p>\n","protected":false},"author":1,"featured_media":18749,"comment_status":"closed","ping_status":"open","sticky":false,"template":"","format":"standard","meta":{"footnotes":""},"categories":[851,907],"tags":[853,1117,1222],"class_list":["post-18998","post","type-post","status-publish","format-standard","has-post-thumbnail","hentry","category-kirche-de","category-schoenstatt-gemeinschaften-de","tag-kirche-de","tag-schonstatt-australien-de","tag-sr-m-isabell-naumann-de"],"yoast_head":"<!-- This site is optimized with the Yoast SEO Premium plugin v27.4 (Yoast SEO v27.5) - https:\/\/yoast.com\/product\/yoast-seo-premium-wordpress\/ -->\n<title>Interview mit Sr. M. Isabell Naumann - Schoenstatt<\/title>\n<meta name=\"description\" content=\"Schwester M. Isabell Naumann spricht nach ihrer Ernennung durch Papst Franziskus als Mitglied der Internationalen Theologischen Kommission.\" \/>\n<meta name=\"robots\" content=\"index, follow, max-snippet:-1, max-image-preview:large, max-video-preview:-1\" \/>\n<link rel=\"canonical\" href=\"https:\/\/schoenstatt.com\/de\/interview-mit-sr-m-isabell-naumann\/\" \/>\n<meta property=\"og:locale\" content=\"de_DE\" \/>\n<meta property=\"og:type\" content=\"article\" \/>\n<meta property=\"og:title\" content=\"Interview mit Sr. M. Isabell Naumann\" \/>\n<meta property=\"og:description\" content=\"Schwester M. Isabell Naumann spricht nach ihrer Ernennung durch Papst Franziskus als Mitglied der Internationalen Theologischen Kommission.\" \/>\n<meta property=\"og:url\" content=\"https:\/\/schoenstatt.com\/de\/interview-mit-sr-m-isabell-naumann\/\" \/>\n<meta property=\"og:site_name\" content=\"Schoenstatt\" \/>\n<meta property=\"article:published_time\" content=\"2021-10-03T09:04:05+00:00\" \/>\n<meta property=\"article:modified_time\" content=\"2025-08-19T15:22:39+00:00\" \/>\n<meta property=\"og:image\" content=\"https:\/\/schoenstatt.com\/wp-content\/uploads\/2021\/10\/Vaticano-1.jpg\" \/>\n\t<meta property=\"og:image:width\" content=\"2505\" \/>\n\t<meta property=\"og:image:height\" content=\"1339\" \/>\n\t<meta property=\"og:image:type\" content=\"image\/jpeg\" \/>\n<meta name=\"author\" content=\"admin\" \/>\n<meta name=\"twitter:card\" content=\"summary_large_image\" \/>\n<meta name=\"twitter:label1\" content=\"Verfasst von\" \/>\n\t<meta name=\"twitter:data1\" content=\"admin\" \/>\n\t<meta name=\"twitter:label2\" content=\"Gesch\u00e4tzte Lesezeit\" \/>\n\t<meta name=\"twitter:data2\" content=\"5\u00a0Minuten\" \/>\n<script type=\"application\/ld+json\" class=\"yoast-schema-graph\">{\"@context\":\"https:\\\/\\\/schema.org\",\"@graph\":[{\"@type\":\"Article\",\"@id\":\"https:\\\/\\\/schoenstatt.com\\\/de\\\/interview-mit-sr-m-isabell-naumann\\\/#article\",\"isPartOf\":{\"@id\":\"https:\\\/\\\/schoenstatt.com\\\/de\\\/interview-mit-sr-m-isabell-naumann\\\/\"},\"author\":{\"name\":\"admin\",\"@id\":\"https:\\\/\\\/schoenstatt.com\\\/de\\\/#\\\/schema\\\/person\\\/489465b1850e7b216fe2c10dfc262551\"},\"headline\":\"Interview mit Sr. M. Isabell Naumann\",\"datePublished\":\"2021-10-03T09:04:05+00:00\",\"dateModified\":\"2025-08-19T15:22:39+00:00\",\"mainEntityOfPage\":{\"@id\":\"https:\\\/\\\/schoenstatt.com\\\/de\\\/interview-mit-sr-m-isabell-naumann\\\/\"},\"wordCount\":926,\"publisher\":{\"@id\":\"https:\\\/\\\/schoenstatt.com\\\/de\\\/#organization\"},\"image\":{\"@id\":\"https:\\\/\\\/schoenstatt.com\\\/de\\\/interview-mit-sr-m-isabell-naumann\\\/#primaryimage\"},\"thumbnailUrl\":\"https:\\\/\\\/schoenstatt.com\\\/wp-content\\\/uploads\\\/2021\\\/10\\\/Vaticano-1.jpg\",\"keywords\":[\"Kirche\",\"Sch\u00f6nstatt Australien\",\"Sr. M. Isabell Naumann\"],\"articleSection\":[\"Kirche\",\"Schoenstatt Gemeinschaften\"],\"inLanguage\":\"de\"},{\"@type\":\"WebPage\",\"@id\":\"https:\\\/\\\/schoenstatt.com\\\/de\\\/interview-mit-sr-m-isabell-naumann\\\/\",\"url\":\"https:\\\/\\\/schoenstatt.com\\\/de\\\/interview-mit-sr-m-isabell-naumann\\\/\",\"name\":\"Interview mit Sr. M. Isabell Naumann - Schoenstatt\",\"isPartOf\":{\"@id\":\"https:\\\/\\\/schoenstatt.com\\\/de\\\/#website\"},\"primaryImageOfPage\":{\"@id\":\"https:\\\/\\\/schoenstatt.com\\\/de\\\/interview-mit-sr-m-isabell-naumann\\\/#primaryimage\"},\"image\":{\"@id\":\"https:\\\/\\\/schoenstatt.com\\\/de\\\/interview-mit-sr-m-isabell-naumann\\\/#primaryimage\"},\"thumbnailUrl\":\"https:\\\/\\\/schoenstatt.com\\\/wp-content\\\/uploads\\\/2021\\\/10\\\/Vaticano-1.jpg\",\"datePublished\":\"2021-10-03T09:04:05+00:00\",\"dateModified\":\"2025-08-19T15:22:39+00:00\",\"description\":\"Schwester M. Isabell Naumann spricht nach ihrer Ernennung durch Papst Franziskus als Mitglied der Internationalen Theologischen Kommission.\",\"breadcrumb\":{\"@id\":\"https:\\\/\\\/schoenstatt.com\\\/de\\\/interview-mit-sr-m-isabell-naumann\\\/#breadcrumb\"},\"inLanguage\":\"de\",\"potentialAction\":[{\"@type\":\"ReadAction\",\"target\":[\"https:\\\/\\\/schoenstatt.com\\\/de\\\/interview-mit-sr-m-isabell-naumann\\\/\"]}]},{\"@type\":\"ImageObject\",\"inLanguage\":\"de\",\"@id\":\"https:\\\/\\\/schoenstatt.com\\\/de\\\/interview-mit-sr-m-isabell-naumann\\\/#primaryimage\",\"url\":\"https:\\\/\\\/schoenstatt.com\\\/wp-content\\\/uploads\\\/2021\\\/10\\\/Vaticano-1.jpg\",\"contentUrl\":\"https:\\\/\\\/schoenstatt.com\\\/wp-content\\\/uploads\\\/2021\\\/10\\\/Vaticano-1.jpg\",\"width\":2505,\"height\":1339,\"caption\":\"vatican\"},{\"@type\":\"BreadcrumbList\",\"@id\":\"https:\\\/\\\/schoenstatt.com\\\/de\\\/interview-mit-sr-m-isabell-naumann\\\/#breadcrumb\",\"itemListElement\":[{\"@type\":\"ListItem\",\"position\":1,\"name\":\"Portada\",\"item\":\"https:\\\/\\\/schoenstatt.com\\\/de\\\/home\\\/\"},{\"@type\":\"ListItem\",\"position\":2,\"name\":\"Interview mit Sr. M. Isabell Naumann\"}]},{\"@type\":\"WebSite\",\"@id\":\"https:\\\/\\\/schoenstatt.com\\\/de\\\/#website\",\"url\":\"https:\\\/\\\/schoenstatt.com\\\/de\\\/\",\"name\":\"Schoenstatt\",\"description\":\"Apostolic Movement\",\"publisher\":{\"@id\":\"https:\\\/\\\/schoenstatt.com\\\/de\\\/#organization\"},\"potentialAction\":[{\"@type\":\"SearchAction\",\"target\":{\"@type\":\"EntryPoint\",\"urlTemplate\":\"https:\\\/\\\/schoenstatt.com\\\/de\\\/?s={search_term_string}\"},\"query-input\":{\"@type\":\"PropertyValueSpecification\",\"valueRequired\":true,\"valueName\":\"search_term_string\"}}],\"inLanguage\":\"de\"},{\"@type\":\"Organization\",\"@id\":\"https:\\\/\\\/schoenstatt.com\\\/de\\\/#organization\",\"name\":\"Schoenstatt\",\"url\":\"https:\\\/\\\/schoenstatt.com\\\/de\\\/\",\"logo\":{\"@type\":\"ImageObject\",\"inLanguage\":\"de\",\"@id\":\"https:\\\/\\\/schoenstatt.com\\\/de\\\/#\\\/schema\\\/logo\\\/image\\\/\",\"url\":\"https:\\\/\\\/schoenstatt.com\\\/wp-content\\\/uploads\\\/2025\\\/04\\\/logo-schoenstatt-white-696x696-1.png\",\"contentUrl\":\"https:\\\/\\\/schoenstatt.com\\\/wp-content\\\/uploads\\\/2025\\\/04\\\/logo-schoenstatt-white-696x696-1.png\",\"width\":696,\"height\":694,\"caption\":\"Schoenstatt\"},\"image\":{\"@id\":\"https:\\\/\\\/schoenstatt.com\\\/de\\\/#\\\/schema\\\/logo\\\/image\\\/\"}},{\"@type\":\"Person\",\"@id\":\"https:\\\/\\\/schoenstatt.com\\\/de\\\/#\\\/schema\\\/person\\\/489465b1850e7b216fe2c10dfc262551\",\"name\":\"admin\",\"image\":{\"@type\":\"ImageObject\",\"inLanguage\":\"de\",\"@id\":\"https:\\\/\\\/secure.gravatar.com\\\/avatar\\\/02e8345e1ec40ab0e0a2a98fdde64a684bbaf994cddcb778b25b8b024ee9dfe6?s=96&d=mm&r=g\",\"url\":\"https:\\\/\\\/secure.gravatar.com\\\/avatar\\\/02e8345e1ec40ab0e0a2a98fdde64a684bbaf994cddcb778b25b8b024ee9dfe6?s=96&d=mm&r=g\",\"contentUrl\":\"https:\\\/\\\/secure.gravatar.com\\\/avatar\\\/02e8345e1ec40ab0e0a2a98fdde64a684bbaf994cddcb778b25b8b024ee9dfe6?s=96&d=mm&r=g\",\"caption\":\"admin\"},\"sameAs\":[\"https:\\\/\\\/schoenstatt.com\"],\"url\":\"https:\\\/\\\/schoenstatt.com\\\/de\\\/author\\\/admin\\\/\"}]}<\/script>\n<!-- \/ Yoast SEO Premium plugin. -->","yoast_head_json":{"title":"Interview mit Sr. M. Isabell Naumann - Schoenstatt","description":"Schwester M. Isabell Naumann spricht nach ihrer Ernennung durch Papst Franziskus als Mitglied der Internationalen Theologischen Kommission.","robots":{"index":"index","follow":"follow","max-snippet":"max-snippet:-1","max-image-preview":"max-image-preview:large","max-video-preview":"max-video-preview:-1"},"canonical":"https:\/\/schoenstatt.com\/de\/interview-mit-sr-m-isabell-naumann\/","og_locale":"de_DE","og_type":"article","og_title":"Interview mit Sr. M. Isabell Naumann","og_description":"Schwester M. Isabell Naumann spricht nach ihrer Ernennung durch Papst Franziskus als Mitglied der Internationalen Theologischen Kommission.","og_url":"https:\/\/schoenstatt.com\/de\/interview-mit-sr-m-isabell-naumann\/","og_site_name":"Schoenstatt","article_published_time":"2021-10-03T09:04:05+00:00","article_modified_time":"2025-08-19T15:22:39+00:00","og_image":[{"width":2505,"height":1339,"url":"https:\/\/schoenstatt.com\/wp-content\/uploads\/2021\/10\/Vaticano-1.jpg","type":"image\/jpeg"}],"author":"admin","twitter_card":"summary_large_image","twitter_misc":{"Verfasst von":"admin","Gesch\u00e4tzte Lesezeit":"5\u00a0Minuten"},"schema":{"@context":"https:\/\/schema.org","@graph":[{"@type":"Article","@id":"https:\/\/schoenstatt.com\/de\/interview-mit-sr-m-isabell-naumann\/#article","isPartOf":{"@id":"https:\/\/schoenstatt.com\/de\/interview-mit-sr-m-isabell-naumann\/"},"author":{"name":"admin","@id":"https:\/\/schoenstatt.com\/de\/#\/schema\/person\/489465b1850e7b216fe2c10dfc262551"},"headline":"Interview mit Sr. M. Isabell Naumann","datePublished":"2021-10-03T09:04:05+00:00","dateModified":"2025-08-19T15:22:39+00:00","mainEntityOfPage":{"@id":"https:\/\/schoenstatt.com\/de\/interview-mit-sr-m-isabell-naumann\/"},"wordCount":926,"publisher":{"@id":"https:\/\/schoenstatt.com\/de\/#organization"},"image":{"@id":"https:\/\/schoenstatt.com\/de\/interview-mit-sr-m-isabell-naumann\/#primaryimage"},"thumbnailUrl":"https:\/\/schoenstatt.com\/wp-content\/uploads\/2021\/10\/Vaticano-1.jpg","keywords":["Kirche","Sch\u00f6nstatt Australien","Sr. M. Isabell Naumann"],"articleSection":["Kirche","Schoenstatt Gemeinschaften"],"inLanguage":"de"},{"@type":"WebPage","@id":"https:\/\/schoenstatt.com\/de\/interview-mit-sr-m-isabell-naumann\/","url":"https:\/\/schoenstatt.com\/de\/interview-mit-sr-m-isabell-naumann\/","name":"Interview mit Sr. M. Isabell Naumann - Schoenstatt","isPartOf":{"@id":"https:\/\/schoenstatt.com\/de\/#website"},"primaryImageOfPage":{"@id":"https:\/\/schoenstatt.com\/de\/interview-mit-sr-m-isabell-naumann\/#primaryimage"},"image":{"@id":"https:\/\/schoenstatt.com\/de\/interview-mit-sr-m-isabell-naumann\/#primaryimage"},"thumbnailUrl":"https:\/\/schoenstatt.com\/wp-content\/uploads\/2021\/10\/Vaticano-1.jpg","datePublished":"2021-10-03T09:04:05+00:00","dateModified":"2025-08-19T15:22:39+00:00","description":"Schwester M. Isabell Naumann spricht nach ihrer Ernennung durch Papst Franziskus als Mitglied der Internationalen Theologischen Kommission.","breadcrumb":{"@id":"https:\/\/schoenstatt.com\/de\/interview-mit-sr-m-isabell-naumann\/#breadcrumb"},"inLanguage":"de","potentialAction":[{"@type":"ReadAction","target":["https:\/\/schoenstatt.com\/de\/interview-mit-sr-m-isabell-naumann\/"]}]},{"@type":"ImageObject","inLanguage":"de","@id":"https:\/\/schoenstatt.com\/de\/interview-mit-sr-m-isabell-naumann\/#primaryimage","url":"https:\/\/schoenstatt.com\/wp-content\/uploads\/2021\/10\/Vaticano-1.jpg","contentUrl":"https:\/\/schoenstatt.com\/wp-content\/uploads\/2021\/10\/Vaticano-1.jpg","width":2505,"height":1339,"caption":"vatican"},{"@type":"BreadcrumbList","@id":"https:\/\/schoenstatt.com\/de\/interview-mit-sr-m-isabell-naumann\/#breadcrumb","itemListElement":[{"@type":"ListItem","position":1,"name":"Portada","item":"https:\/\/schoenstatt.com\/de\/home\/"},{"@type":"ListItem","position":2,"name":"Interview mit Sr. M. Isabell Naumann"}]},{"@type":"WebSite","@id":"https:\/\/schoenstatt.com\/de\/#website","url":"https:\/\/schoenstatt.com\/de\/","name":"Schoenstatt","description":"Apostolic Movement","publisher":{"@id":"https:\/\/schoenstatt.com\/de\/#organization"},"potentialAction":[{"@type":"SearchAction","target":{"@type":"EntryPoint","urlTemplate":"https:\/\/schoenstatt.com\/de\/?s={search_term_string}"},"query-input":{"@type":"PropertyValueSpecification","valueRequired":true,"valueName":"search_term_string"}}],"inLanguage":"de"},{"@type":"Organization","@id":"https:\/\/schoenstatt.com\/de\/#organization","name":"Schoenstatt","url":"https:\/\/schoenstatt.com\/de\/","logo":{"@type":"ImageObject","inLanguage":"de","@id":"https:\/\/schoenstatt.com\/de\/#\/schema\/logo\/image\/","url":"https:\/\/schoenstatt.com\/wp-content\/uploads\/2025\/04\/logo-schoenstatt-white-696x696-1.png","contentUrl":"https:\/\/schoenstatt.com\/wp-content\/uploads\/2025\/04\/logo-schoenstatt-white-696x696-1.png","width":696,"height":694,"caption":"Schoenstatt"},"image":{"@id":"https:\/\/schoenstatt.com\/de\/#\/schema\/logo\/image\/"}},{"@type":"Person","@id":"https:\/\/schoenstatt.com\/de\/#\/schema\/person\/489465b1850e7b216fe2c10dfc262551","name":"admin","image":{"@type":"ImageObject","inLanguage":"de","@id":"https:\/\/secure.gravatar.com\/avatar\/02e8345e1ec40ab0e0a2a98fdde64a684bbaf994cddcb778b25b8b024ee9dfe6?s=96&d=mm&r=g","url":"https:\/\/secure.gravatar.com\/avatar\/02e8345e1ec40ab0e0a2a98fdde64a684bbaf994cddcb778b25b8b024ee9dfe6?s=96&d=mm&r=g","contentUrl":"https:\/\/secure.gravatar.com\/avatar\/02e8345e1ec40ab0e0a2a98fdde64a684bbaf994cddcb778b25b8b024ee9dfe6?s=96&d=mm&r=g","caption":"admin"},"sameAs":["https:\/\/schoenstatt.com"],"url":"https:\/\/schoenstatt.com\/de\/author\/admin\/"}]}},"_links":{"self":[{"href":"https:\/\/schoenstatt.com\/de\/wp-json\/wp\/v2\/posts\/18998","targetHints":{"allow":["GET"]}}],"collection":[{"href":"https:\/\/schoenstatt.com\/de\/wp-json\/wp\/v2\/posts"}],"about":[{"href":"https:\/\/schoenstatt.com\/de\/wp-json\/wp\/v2\/types\/post"}],"author":[{"embeddable":true,"href":"https:\/\/schoenstatt.com\/de\/wp-json\/wp\/v2\/users\/1"}],"replies":[{"embeddable":true,"href":"https:\/\/schoenstatt.com\/de\/wp-json\/wp\/v2\/comments?post=18998"}],"version-history":[{"count":8,"href":"https:\/\/schoenstatt.com\/de\/wp-json\/wp\/v2\/posts\/18998\/revisions"}],"predecessor-version":[{"id":62597,"href":"https:\/\/schoenstatt.com\/de\/wp-json\/wp\/v2\/posts\/18998\/revisions\/62597"}],"wp:featuredmedia":[{"embeddable":true,"href":"https:\/\/schoenstatt.com\/de\/wp-json\/wp\/v2\/media\/18749"}],"wp:attachment":[{"href":"https:\/\/schoenstatt.com\/de\/wp-json\/wp\/v2\/media?parent=18998"}],"wp:term":[{"taxonomy":"category","embeddable":true,"href":"https:\/\/schoenstatt.com\/de\/wp-json\/wp\/v2\/categories?post=18998"},{"taxonomy":"post_tag","embeddable":true,"href":"https:\/\/schoenstatt.com\/de\/wp-json\/wp\/v2\/tags?post=18998"}],"curies":[{"name":"wp","href":"https:\/\/api.w.org\/{rel}","templated":true}]}}