{"id":18890,"date":"2021-09-27T21:31:53","date_gmt":"2021-09-27T19:31:53","guid":{"rendered":"https:\/\/schoenstatt.com\/?p=18890"},"modified":"2025-08-21T01:20:20","modified_gmt":"2025-08-20T23:20:20","slug":"papst-an-jugend-liebe-respekt-und-menschenrechte-verteidigen","status":"publish","type":"post","link":"https:\/\/schoenstatt.com\/de\/papst-an-jugend-liebe-respekt-und-menschenrechte-verteidigen\/","title":{"rendered":"Papst an Jugend: Liebe, Respekt und Menschenrechte verteidigen"},"content":{"rendered":"<p>Der 36. katholische Weltjugendtag wird am 21. November in den Orstkirchen begangen und steht unter dem biblischen Motto\u00a0\u201e<em>Steh auf! Ich erw\u00e4hle dich zum Zeugen dessen, was du gesehen hast<\/em>\u201d\u00a0(vgl.\u00a0Apg\u00a026,16). Ausgehend von der Bekehrung des Saulus zum Paulus ruft der Papst dementsprechend alle jungen Menschen zur pers\u00f6nlichen Begegnung mit Gott und zum Gespr\u00e4ch mit ihm im Gebet auf. Denn:<\/p>\n<p>\u201eEs gibt keinen Menschen, der f\u00fcr Gott unwiederbringlich verloren ist. Durch eine pers\u00f6nliche Begegnung mit ihm ist es immer m\u00f6glich, neu anzufangen. Kein junger Mensch ist au\u00dferhalb der Reichweite von Gottes Gnade und Barmherzigkeit.&#8220;<\/p>\n<p><strong>Neuanfang und Perspektivwechsel<\/strong><\/p>\n<p>Der Papst erw\u00e4hnt die N\u00f6te junger Menschen in der Corona-Krise, legt den Schwerpunkt jedoch auf positive Aspekte wie Solidarit\u00e4t in schwierigen Zeiten. Zudem wirbt er f\u00fcr einen Neuanfang und einen Perspektivwechsel. Dazu wendet er sich in seiner Botschaft, im Stil seines <a href=\"https:\/\/www.vatican.va\/content\/francesco\/de\/apost_exhortations\/documents\/papa-francesco_esortazione-ap_20190325_christus-vivit.html\" target=\"_blank\" rel=\"noopener\">Schreibens an die Jugend \u201eChristus Vivit<\/a>&#8220;\u00a0nach der Jugendsynode von 2019, immer wieder auch direkt an junge Menschen:<\/p>\n<p>\u201eDie Aufforderung Christi an Paulus richtet sich heute an jeden einzelnen von euch jungen Menschen: Steh auf! Du kannst nicht einfach am Boden liegenbleiben und dich selbst bemitleiden, es wartet eine Aufgabe auf dich! Auch du kannst ein Zeuge der Werke sein, die Jesus in dir begonnen hat.&#8220;<\/p>\n<p><img fetchpriority=\"high\" decoding=\"async\" class=\"aligncenter wp-image-18863 size-large\" src=\"https:\/\/schoenstatt.com\/wp-content\/uploads\/2021\/10\/martinezjose603-1592176447338-cathopic-1024x768.jpg\" alt=\"Papst Franziskus\" width=\"800\" height=\"600\" \/><\/p>\n<h3><\/h3>\n<h3>Steht auf!<\/h3>\n<p>Wie junge Menschen aktiv werden sollen, da hat Papst Franziskus \u00fcbrigens klare Vorstellungen zu. In sechs Punkten, die jeweils mit \u201eSteh auf&#8220; beginnen, ruft er zum Handeln f\u00fcr eine bessere und geschwisterlichere Welt, die auch die Sch\u00f6pfung achtet und sch\u00fctzt. Konkret hei\u00dft es hier unter Punkt zwei etwa:<\/p>\n<blockquote><p>\u201eSteh auf und verteidige die soziale Gerechtigkeit, die Wahrheit und Rechtschaffenheit, die Menschenrechte, die Verfolgten, die Armen und Schwachen, die, die in der Gesellschaft keine Stimme haben, die Migranten\u201c<\/p>\n<p>\u201eSteh auf und verteidige die soziale Gerechtigkeit, die Wahrheit und Rechtschaffenheit, die Menschenrechte, die Verfolgten, die Armen und Schwachen, die, die in der Gesellschaft keine Stimme haben, die Migranten.&#8220;<\/p><\/blockquote>\n<p>Es gehe ebenso darum, Zeugnis f\u00fcr die\u00a0\u201eG\u00fcte und Sch\u00f6nheit Gottes&#8220; abzulegen und mutig eine\u00a0\u201eintegrale \u00d6kologie&#8220; zu verteidigen, so Franziskus. An junge Leute weltweit sendet er auch den Appell,\u00a0 aufzustehen f\u00fcr Liebe und Respekt in allen zwischenmenschlichen Beziehungen &#8211; etwa in der Familie und bei der Begegnung unterschiedlicher Generationen. Zudem ist dem Papst wichtig, dass der Glaube weitergegeben wird:<\/p>\n<p>\u201eSteh auf und bezeuge freudig, dass Christus lebt! Verbreite seine Botschaft der Liebe und des Heils unter Gleichaltrigen, in der Schule, an der Universit\u00e4t, am Arbeitsplatz, in der digitalen Welt, \u00fcberall.&#8220;<\/p>\n<p><strong>Followers und Fake News<\/strong><\/p>\n<p>Apropos digitale Welt : Auch dieses Thema hat der Papst auf dem Schirm. Diesbez\u00fcglich warnt er vor Hass im Netz:<\/p>\n<p>\u201eWie viele junge Menschen werden heute, vielleicht getrieben von ihren politischen oder religi\u00f6sen \u00dcberzeugungen, zu Werkzeugen der Gewalt und der Zerst\u00f6rung im Leben vieler Menschen! Einige Digital Natives sehen in der virtuellen Umgebung und in den sozialen Netzwerken ein neues Schlachtfeld und nutzen skrupellos die Waffe der\u00a0Fake News, um Gift zu verbreiten und ihre Gegner zu vernichten.&#8220;<\/p>\n<p>Es besteht hier die Gefahr, auch schnell zu Opfern zu werden oder \u201edass man f\u00fcr Dinge k\u00e4mpft, die urspr\u00fcnglich gerechte Werte verteidigen, die aber, wenn man sie auf die Spitze treibt, zu zerst\u00f6rerischen Ideologien werden&#8220;, betont Franziskus.<\/p>\n<p>Die Menschen suchten zunehmend das Rampenlicht, um \u201eFreunden\u201c und\u00a0Followers\u00a0ein Bild von sich zu zeigen, das jedoch \u201emanchmal nicht der Wahrheit entspricht&#8220;, f\u00fchrt das Kirchenoberhaupt weiter in seiner Botschaft zum 36. Weltjugendtag aus. \u201eChristus, das Mittagslicht, kommt, um uns zu erleuchten und uns in unserer Echtheit wiederherzustellen, indem er uns von allen Masken befreit. Er zeigt uns deutlich, was wir sind, denn er liebt uns so, wie wir sind.&#8220;<\/p>\n<p><img decoding=\"async\" class=\"aligncenter wp-image-18871 size-large\" src=\"https:\/\/schoenstatt.com\/wp-content\/uploads\/2021\/10\/Foto-JMJ-1024x577.png\" alt=\"Jugend\" width=\"800\" height=\"451\" \/><\/p>\n<h3>Kein Glaube ohne Kirche<\/h3>\n<p>Auch auf die verbreitete Aussage \u201eJesus ja, Kirche nein\u201c geht der Papst ein &#8211; und macht klar:\u00a0\u201eMan kann Jesus nicht kennen, wenn man die Kirche nicht kennt. Man kann Jesus nicht kennenlernen, wenn nicht durch die Br\u00fcder und Schwestern seiner Gemeinschaft. Man kann sich nicht voll und ganz als Christ bezeichnen, wenn man nicht die kirchliche Dimension des Glaubens lebt.&#8220;<\/p>\n<h3><strong>Auf zur geistlichen Pilgerreise<\/strong><\/h3>\n<p>Papst Franziskus&#8216; Botschaft an die Jugend anl\u00e4sslich des 36. di\u00f6zesanen Weltjugendtags blickt nat\u00fcrlich auch auf den n\u00e4chsten internationalen Weltjugendtag 2023 in Lissabon. Der jetzige Weltjugendtag, der am 21. November, dem Christk\u00f6nigsfest,\u00a0 in den jeweiligen Ortskirchen begangen wird, sei der Beginn einer\u00a0\u201egeistlichen Pilgerreise&#8220;.<\/p>\n<p>\u201eIch hoffe, dass wir alle diese Etappen als echte Pilger und nicht als ,Glaubenstouristen` erleben k\u00f6nnen! Seien wir offen f\u00fcr die \u00dcberraschungen Gottes, der unseren Weg mit seinem Licht erleuchten m\u00f6chte. Seien wir offen f\u00fcr das, was er uns sagen m\u00f6chte \u2013 auch durch unsere Br\u00fcder und unsere Schwestern. So helfen wir uns gegenseitig dabei aufzustehen und werden in diesem schwierigen Moment der Geschichte zu Propheten einer neuen, hoffnungsvollen Zeit! Die selige Jungfrau Maria sei unsere F\u00fcrsprecherin.&#8220;<\/p>\n<p>Papst Franziskus hatte \u00fcbrigens erst im Vorjahr den\u00a0<a href=\"https:\/\/schoenstatt.com\/de\/vatikan-pastorale-richtlinien-fuer-weltjugendtage-in-ortskirchen\/\" target=\"_blank\" rel=\"noopener\">Termin der \u00f6rtlichen Weltjugendtage vom Palmsonntag auf den\u00a0\u00a0Christk\u00f6nigssonntag verlegt.<\/a><\/p>\n<p>Lesen Sie die komplette <a href=\"https:\/\/www.vatican.va\/content\/francesco\/de\/messages\/youth\/documents\/papa-francesco_20210914_messaggio-giovani_2021.html\" target=\"_blank\" rel=\"noopener\">BOTSCHAFT VON PAPST FRANZISKUS ZUM 36. WELTJUGENDTAG.<\/a><\/p>\n<p><strong>Begleitmaterial<\/strong><\/p>\n<p>Der Vatikan hat zur Vorbereitung des di\u00f6zesanen Weltjugendtags im Internet Materialien in mehreren Sprachen -darunter auch deutsch- zusammengestellt: zu finden auf\u00a0\u00a0<a href=\"http:\/\/www.laityfamilylife.va\/content\/laityfamilylife\/en\/GMGpastoralGuidelines.html\" target=\"_blank\" rel=\"noopener\">www.laityfamilylife.va.<\/a><\/p>\n<p><img decoding=\"async\" class=\"aligncenter wp-image-18875 size-large\" src=\"https:\/\/schoenstatt.com\/wp-content\/uploads\/2021\/10\/cathopic_154611295287230-1024x683.jpg\" alt=\"\" width=\"840\" height=\"560\" \/><\/p>\n<p><em>Quelle: Vatican news<\/em><br \/>\n<em>Bilder: Vatican news, Cathopic<\/em><\/p>\n","protected":false},"excerpt":{"rendered":"<p>Steh auf! Auch du kannst ein Zeuge der Werke sein, die Jesus in dir begonnen hat.<\/p>\n","protected":false},"author":3,"featured_media":18869,"comment_status":"closed","ping_status":"open","sticky":false,"template":"","format":"standard","meta":{"footnotes":""},"categories":[922,852],"tags":[1264,854,1261],"class_list":["post-18890","post","type-post","status-publish","format-standard","has-post-thumbnail","hentry","category-jugend-de","category-papst-franziskus-de","tag-jugend-de","tag-papst-franziskus-de","tag-weltjugendtag-wjt-de"],"yoast_head":"<!-- This site is optimized with the Yoast SEO Premium plugin v27.4 (Yoast SEO v27.4) - https:\/\/yoast.com\/product\/yoast-seo-premium-wordpress\/ -->\n<title>Papst an Jugend: Liebe, Respekt und Menschenrechte verteidigen<\/title>\n<meta name=\"description\" content=\"Steh auf! Es wartet eine Aufgabe auf dich! Auch du kannst ein Zeuge der Werke sein, die Jesus in dir begonnen hat.\" \/>\n<meta name=\"robots\" content=\"index, follow, max-snippet:-1, max-image-preview:large, max-video-preview:-1\" \/>\n<link rel=\"canonical\" href=\"https:\/\/schoenstatt.com\/de\/papst-an-jugend-liebe-respekt-und-menschenrechte-verteidigen\/\" \/>\n<meta property=\"og:locale\" content=\"de_DE\" \/>\n<meta property=\"og:type\" content=\"article\" \/>\n<meta property=\"og:title\" content=\"Papst an Jugend: Liebe, Respekt und Menschenrechte verteidigen\" \/>\n<meta property=\"og:description\" content=\"Steh auf! Es wartet eine Aufgabe auf dich! Auch du kannst ein Zeuge der Werke sein, die Jesus in dir begonnen hat.\" \/>\n<meta property=\"og:url\" content=\"https:\/\/schoenstatt.com\/de\/papst-an-jugend-liebe-respekt-und-menschenrechte-verteidigen\/\" \/>\n<meta property=\"og:site_name\" content=\"Schoenstatt\" \/>\n<meta property=\"article:published_time\" content=\"2021-09-27T19:31:53+00:00\" \/>\n<meta property=\"article:modified_time\" content=\"2025-08-20T23:20:20+00:00\" \/>\n<meta property=\"og:image\" content=\"https:\/\/schoenstatt.com\/wp-content\/uploads\/2021\/10\/cathopic_1534900675840200-scaled-3.jpg\" \/>\n\t<meta property=\"og:image:width\" content=\"2560\" \/>\n\t<meta property=\"og:image:height\" content=\"1707\" \/>\n\t<meta property=\"og:image:type\" content=\"image\/jpeg\" \/>\n<meta name=\"author\" content=\"Karen Bueno\" \/>\n<meta name=\"twitter:card\" content=\"summary_large_image\" \/>\n<meta name=\"twitter:label1\" content=\"Verfasst von\" \/>\n\t<meta name=\"twitter:data1\" content=\"Karen Bueno\" \/>\n\t<meta name=\"twitter:label2\" content=\"Gesch\u00e4tzte Lesezeit\" \/>\n\t<meta name=\"twitter:data2\" content=\"5\u00a0Minuten\" \/>\n<script type=\"application\/ld+json\" class=\"yoast-schema-graph\">{\"@context\":\"https:\\\/\\\/schema.org\",\"@graph\":[{\"@type\":\"Article\",\"@id\":\"https:\\\/\\\/schoenstatt.com\\\/de\\\/papst-an-jugend-liebe-respekt-und-menschenrechte-verteidigen\\\/#article\",\"isPartOf\":{\"@id\":\"https:\\\/\\\/schoenstatt.com\\\/de\\\/papst-an-jugend-liebe-respekt-und-menschenrechte-verteidigen\\\/\"},\"author\":{\"name\":\"Karen Bueno\",\"@id\":\"https:\\\/\\\/schoenstatt.com\\\/de\\\/#\\\/schema\\\/person\\\/5158877ad4acae98b34daaeef2a1ce6e\"},\"headline\":\"Papst an Jugend: Liebe, Respekt und Menschenrechte verteidigen\",\"datePublished\":\"2021-09-27T19:31:53+00:00\",\"dateModified\":\"2025-08-20T23:20:20+00:00\",\"mainEntityOfPage\":{\"@id\":\"https:\\\/\\\/schoenstatt.com\\\/de\\\/papst-an-jugend-liebe-respekt-und-menschenrechte-verteidigen\\\/\"},\"wordCount\":884,\"publisher\":{\"@id\":\"https:\\\/\\\/schoenstatt.com\\\/de\\\/#organization\"},\"image\":{\"@id\":\"https:\\\/\\\/schoenstatt.com\\\/de\\\/papst-an-jugend-liebe-respekt-und-menschenrechte-verteidigen\\\/#primaryimage\"},\"thumbnailUrl\":\"https:\\\/\\\/schoenstatt.com\\\/wp-content\\\/uploads\\\/2021\\\/10\\\/cathopic_1534900675840200-scaled-3.jpg\",\"keywords\":[\"Jugend\",\"Papst Franziskus\",\"Weltjugendtag - WJT\"],\"articleSection\":[\"Jugend\",\"Papst Franziskus\"],\"inLanguage\":\"de\"},{\"@type\":\"WebPage\",\"@id\":\"https:\\\/\\\/schoenstatt.com\\\/de\\\/papst-an-jugend-liebe-respekt-und-menschenrechte-verteidigen\\\/\",\"url\":\"https:\\\/\\\/schoenstatt.com\\\/de\\\/papst-an-jugend-liebe-respekt-und-menschenrechte-verteidigen\\\/\",\"name\":\"Papst an Jugend: Liebe, Respekt und Menschenrechte verteidigen\",\"isPartOf\":{\"@id\":\"https:\\\/\\\/schoenstatt.com\\\/de\\\/#website\"},\"primaryImageOfPage\":{\"@id\":\"https:\\\/\\\/schoenstatt.com\\\/de\\\/papst-an-jugend-liebe-respekt-und-menschenrechte-verteidigen\\\/#primaryimage\"},\"image\":{\"@id\":\"https:\\\/\\\/schoenstatt.com\\\/de\\\/papst-an-jugend-liebe-respekt-und-menschenrechte-verteidigen\\\/#primaryimage\"},\"thumbnailUrl\":\"https:\\\/\\\/schoenstatt.com\\\/wp-content\\\/uploads\\\/2021\\\/10\\\/cathopic_1534900675840200-scaled-3.jpg\",\"datePublished\":\"2021-09-27T19:31:53+00:00\",\"dateModified\":\"2025-08-20T23:20:20+00:00\",\"description\":\"Steh auf! Es wartet eine Aufgabe auf dich! Auch du kannst ein Zeuge der Werke sein, die Jesus in dir begonnen hat.\",\"breadcrumb\":{\"@id\":\"https:\\\/\\\/schoenstatt.com\\\/de\\\/papst-an-jugend-liebe-respekt-und-menschenrechte-verteidigen\\\/#breadcrumb\"},\"inLanguage\":\"de\",\"potentialAction\":[{\"@type\":\"ReadAction\",\"target\":[\"https:\\\/\\\/schoenstatt.com\\\/de\\\/papst-an-jugend-liebe-respekt-und-menschenrechte-verteidigen\\\/\"]}]},{\"@type\":\"ImageObject\",\"inLanguage\":\"de\",\"@id\":\"https:\\\/\\\/schoenstatt.com\\\/de\\\/papst-an-jugend-liebe-respekt-und-menschenrechte-verteidigen\\\/#primaryimage\",\"url\":\"https:\\\/\\\/schoenstatt.com\\\/wp-content\\\/uploads\\\/2021\\\/10\\\/cathopic_1534900675840200-scaled-3.jpg\",\"contentUrl\":\"https:\\\/\\\/schoenstatt.com\\\/wp-content\\\/uploads\\\/2021\\\/10\\\/cathopic_1534900675840200-scaled-3.jpg\",\"width\":2560,\"height\":1707,\"caption\":\"Pray\"},{\"@type\":\"BreadcrumbList\",\"@id\":\"https:\\\/\\\/schoenstatt.com\\\/de\\\/papst-an-jugend-liebe-respekt-und-menschenrechte-verteidigen\\\/#breadcrumb\",\"itemListElement\":[{\"@type\":\"ListItem\",\"position\":1,\"name\":\"Portada\",\"item\":\"https:\\\/\\\/schoenstatt.com\\\/de\\\/home\\\/\"},{\"@type\":\"ListItem\",\"position\":2,\"name\":\"Papst an Jugend: Liebe, Respekt und Menschenrechte verteidigen\"}]},{\"@type\":\"WebSite\",\"@id\":\"https:\\\/\\\/schoenstatt.com\\\/de\\\/#website\",\"url\":\"https:\\\/\\\/schoenstatt.com\\\/de\\\/\",\"name\":\"Schoenstatt\",\"description\":\"Apostolic Movement\",\"publisher\":{\"@id\":\"https:\\\/\\\/schoenstatt.com\\\/de\\\/#organization\"},\"potentialAction\":[{\"@type\":\"SearchAction\",\"target\":{\"@type\":\"EntryPoint\",\"urlTemplate\":\"https:\\\/\\\/schoenstatt.com\\\/de\\\/?s={search_term_string}\"},\"query-input\":{\"@type\":\"PropertyValueSpecification\",\"valueRequired\":true,\"valueName\":\"search_term_string\"}}],\"inLanguage\":\"de\"},{\"@type\":\"Organization\",\"@id\":\"https:\\\/\\\/schoenstatt.com\\\/de\\\/#organization\",\"name\":\"Schoenstatt\",\"url\":\"https:\\\/\\\/schoenstatt.com\\\/de\\\/\",\"logo\":{\"@type\":\"ImageObject\",\"inLanguage\":\"de\",\"@id\":\"https:\\\/\\\/schoenstatt.com\\\/de\\\/#\\\/schema\\\/logo\\\/image\\\/\",\"url\":\"https:\\\/\\\/schoenstatt.com\\\/wp-content\\\/uploads\\\/2025\\\/04\\\/logo-schoenstatt-white-696x696-1.png\",\"contentUrl\":\"https:\\\/\\\/schoenstatt.com\\\/wp-content\\\/uploads\\\/2025\\\/04\\\/logo-schoenstatt-white-696x696-1.png\",\"width\":696,\"height\":694,\"caption\":\"Schoenstatt\"},\"image\":{\"@id\":\"https:\\\/\\\/schoenstatt.com\\\/de\\\/#\\\/schema\\\/logo\\\/image\\\/\"}},{\"@type\":\"Person\",\"@id\":\"https:\\\/\\\/schoenstatt.com\\\/de\\\/#\\\/schema\\\/person\\\/5158877ad4acae98b34daaeef2a1ce6e\",\"name\":\"Karen Bueno\",\"image\":{\"@type\":\"ImageObject\",\"inLanguage\":\"de\",\"@id\":\"https:\\\/\\\/secure.gravatar.com\\\/avatar\\\/f9f4b823873154269d2b2130f195f6d41037dd0d7fc5f3cacb5c846bae70d66b?s=96&d=mm&r=g\",\"url\":\"https:\\\/\\\/secure.gravatar.com\\\/avatar\\\/f9f4b823873154269d2b2130f195f6d41037dd0d7fc5f3cacb5c846bae70d66b?s=96&d=mm&r=g\",\"contentUrl\":\"https:\\\/\\\/secure.gravatar.com\\\/avatar\\\/f9f4b823873154269d2b2130f195f6d41037dd0d7fc5f3cacb5c846bae70d66b?s=96&d=mm&r=g\",\"caption\":\"Karen Bueno\"},\"url\":\"https:\\\/\\\/schoenstatt.com\\\/de\\\/author\\\/karen-bueno\\\/\"}]}<\/script>\n<!-- \/ Yoast SEO Premium plugin. -->","yoast_head_json":{"title":"Papst an Jugend: Liebe, Respekt und Menschenrechte verteidigen","description":"Steh auf! Es wartet eine Aufgabe auf dich! Auch du kannst ein Zeuge der Werke sein, die Jesus in dir begonnen hat.","robots":{"index":"index","follow":"follow","max-snippet":"max-snippet:-1","max-image-preview":"max-image-preview:large","max-video-preview":"max-video-preview:-1"},"canonical":"https:\/\/schoenstatt.com\/de\/papst-an-jugend-liebe-respekt-und-menschenrechte-verteidigen\/","og_locale":"de_DE","og_type":"article","og_title":"Papst an Jugend: Liebe, Respekt und Menschenrechte verteidigen","og_description":"Steh auf! Es wartet eine Aufgabe auf dich! Auch du kannst ein Zeuge der Werke sein, die Jesus in dir begonnen hat.","og_url":"https:\/\/schoenstatt.com\/de\/papst-an-jugend-liebe-respekt-und-menschenrechte-verteidigen\/","og_site_name":"Schoenstatt","article_published_time":"2021-09-27T19:31:53+00:00","article_modified_time":"2025-08-20T23:20:20+00:00","og_image":[{"width":2560,"height":1707,"url":"https:\/\/schoenstatt.com\/wp-content\/uploads\/2021\/10\/cathopic_1534900675840200-scaled-3.jpg","type":"image\/jpeg"}],"author":"Karen Bueno","twitter_card":"summary_large_image","twitter_misc":{"Verfasst von":"Karen Bueno","Gesch\u00e4tzte Lesezeit":"5\u00a0Minuten"},"schema":{"@context":"https:\/\/schema.org","@graph":[{"@type":"Article","@id":"https:\/\/schoenstatt.com\/de\/papst-an-jugend-liebe-respekt-und-menschenrechte-verteidigen\/#article","isPartOf":{"@id":"https:\/\/schoenstatt.com\/de\/papst-an-jugend-liebe-respekt-und-menschenrechte-verteidigen\/"},"author":{"name":"Karen Bueno","@id":"https:\/\/schoenstatt.com\/de\/#\/schema\/person\/5158877ad4acae98b34daaeef2a1ce6e"},"headline":"Papst an Jugend: Liebe, Respekt und Menschenrechte verteidigen","datePublished":"2021-09-27T19:31:53+00:00","dateModified":"2025-08-20T23:20:20+00:00","mainEntityOfPage":{"@id":"https:\/\/schoenstatt.com\/de\/papst-an-jugend-liebe-respekt-und-menschenrechte-verteidigen\/"},"wordCount":884,"publisher":{"@id":"https:\/\/schoenstatt.com\/de\/#organization"},"image":{"@id":"https:\/\/schoenstatt.com\/de\/papst-an-jugend-liebe-respekt-und-menschenrechte-verteidigen\/#primaryimage"},"thumbnailUrl":"https:\/\/schoenstatt.com\/wp-content\/uploads\/2021\/10\/cathopic_1534900675840200-scaled-3.jpg","keywords":["Jugend","Papst Franziskus","Weltjugendtag - WJT"],"articleSection":["Jugend","Papst Franziskus"],"inLanguage":"de"},{"@type":"WebPage","@id":"https:\/\/schoenstatt.com\/de\/papst-an-jugend-liebe-respekt-und-menschenrechte-verteidigen\/","url":"https:\/\/schoenstatt.com\/de\/papst-an-jugend-liebe-respekt-und-menschenrechte-verteidigen\/","name":"Papst an Jugend: Liebe, Respekt und Menschenrechte verteidigen","isPartOf":{"@id":"https:\/\/schoenstatt.com\/de\/#website"},"primaryImageOfPage":{"@id":"https:\/\/schoenstatt.com\/de\/papst-an-jugend-liebe-respekt-und-menschenrechte-verteidigen\/#primaryimage"},"image":{"@id":"https:\/\/schoenstatt.com\/de\/papst-an-jugend-liebe-respekt-und-menschenrechte-verteidigen\/#primaryimage"},"thumbnailUrl":"https:\/\/schoenstatt.com\/wp-content\/uploads\/2021\/10\/cathopic_1534900675840200-scaled-3.jpg","datePublished":"2021-09-27T19:31:53+00:00","dateModified":"2025-08-20T23:20:20+00:00","description":"Steh auf! Es wartet eine Aufgabe auf dich! Auch du kannst ein Zeuge der Werke sein, die Jesus in dir begonnen hat.","breadcrumb":{"@id":"https:\/\/schoenstatt.com\/de\/papst-an-jugend-liebe-respekt-und-menschenrechte-verteidigen\/#breadcrumb"},"inLanguage":"de","potentialAction":[{"@type":"ReadAction","target":["https:\/\/schoenstatt.com\/de\/papst-an-jugend-liebe-respekt-und-menschenrechte-verteidigen\/"]}]},{"@type":"ImageObject","inLanguage":"de","@id":"https:\/\/schoenstatt.com\/de\/papst-an-jugend-liebe-respekt-und-menschenrechte-verteidigen\/#primaryimage","url":"https:\/\/schoenstatt.com\/wp-content\/uploads\/2021\/10\/cathopic_1534900675840200-scaled-3.jpg","contentUrl":"https:\/\/schoenstatt.com\/wp-content\/uploads\/2021\/10\/cathopic_1534900675840200-scaled-3.jpg","width":2560,"height":1707,"caption":"Pray"},{"@type":"BreadcrumbList","@id":"https:\/\/schoenstatt.com\/de\/papst-an-jugend-liebe-respekt-und-menschenrechte-verteidigen\/#breadcrumb","itemListElement":[{"@type":"ListItem","position":1,"name":"Portada","item":"https:\/\/schoenstatt.com\/de\/home\/"},{"@type":"ListItem","position":2,"name":"Papst an Jugend: Liebe, Respekt und Menschenrechte verteidigen"}]},{"@type":"WebSite","@id":"https:\/\/schoenstatt.com\/de\/#website","url":"https:\/\/schoenstatt.com\/de\/","name":"Schoenstatt","description":"Apostolic Movement","publisher":{"@id":"https:\/\/schoenstatt.com\/de\/#organization"},"potentialAction":[{"@type":"SearchAction","target":{"@type":"EntryPoint","urlTemplate":"https:\/\/schoenstatt.com\/de\/?s={search_term_string}"},"query-input":{"@type":"PropertyValueSpecification","valueRequired":true,"valueName":"search_term_string"}}],"inLanguage":"de"},{"@type":"Organization","@id":"https:\/\/schoenstatt.com\/de\/#organization","name":"Schoenstatt","url":"https:\/\/schoenstatt.com\/de\/","logo":{"@type":"ImageObject","inLanguage":"de","@id":"https:\/\/schoenstatt.com\/de\/#\/schema\/logo\/image\/","url":"https:\/\/schoenstatt.com\/wp-content\/uploads\/2025\/04\/logo-schoenstatt-white-696x696-1.png","contentUrl":"https:\/\/schoenstatt.com\/wp-content\/uploads\/2025\/04\/logo-schoenstatt-white-696x696-1.png","width":696,"height":694,"caption":"Schoenstatt"},"image":{"@id":"https:\/\/schoenstatt.com\/de\/#\/schema\/logo\/image\/"}},{"@type":"Person","@id":"https:\/\/schoenstatt.com\/de\/#\/schema\/person\/5158877ad4acae98b34daaeef2a1ce6e","name":"Karen Bueno","image":{"@type":"ImageObject","inLanguage":"de","@id":"https:\/\/secure.gravatar.com\/avatar\/f9f4b823873154269d2b2130f195f6d41037dd0d7fc5f3cacb5c846bae70d66b?s=96&d=mm&r=g","url":"https:\/\/secure.gravatar.com\/avatar\/f9f4b823873154269d2b2130f195f6d41037dd0d7fc5f3cacb5c846bae70d66b?s=96&d=mm&r=g","contentUrl":"https:\/\/secure.gravatar.com\/avatar\/f9f4b823873154269d2b2130f195f6d41037dd0d7fc5f3cacb5c846bae70d66b?s=96&d=mm&r=g","caption":"Karen Bueno"},"url":"https:\/\/schoenstatt.com\/de\/author\/karen-bueno\/"}]}},"_links":{"self":[{"href":"https:\/\/schoenstatt.com\/de\/wp-json\/wp\/v2\/posts\/18890","targetHints":{"allow":["GET"]}}],"collection":[{"href":"https:\/\/schoenstatt.com\/de\/wp-json\/wp\/v2\/posts"}],"about":[{"href":"https:\/\/schoenstatt.com\/de\/wp-json\/wp\/v2\/types\/post"}],"author":[{"embeddable":true,"href":"https:\/\/schoenstatt.com\/de\/wp-json\/wp\/v2\/users\/3"}],"replies":[{"embeddable":true,"href":"https:\/\/schoenstatt.com\/de\/wp-json\/wp\/v2\/comments?post=18890"}],"version-history":[{"count":6,"href":"https:\/\/schoenstatt.com\/de\/wp-json\/wp\/v2\/posts\/18890\/revisions"}],"predecessor-version":[{"id":62926,"href":"https:\/\/schoenstatt.com\/de\/wp-json\/wp\/v2\/posts\/18890\/revisions\/62926"}],"wp:featuredmedia":[{"embeddable":true,"href":"https:\/\/schoenstatt.com\/de\/wp-json\/wp\/v2\/media\/18869"}],"wp:attachment":[{"href":"https:\/\/schoenstatt.com\/de\/wp-json\/wp\/v2\/media?parent=18890"}],"wp:term":[{"taxonomy":"category","embeddable":true,"href":"https:\/\/schoenstatt.com\/de\/wp-json\/wp\/v2\/categories?post=18890"},{"taxonomy":"post_tag","embeddable":true,"href":"https:\/\/schoenstatt.com\/de\/wp-json\/wp\/v2\/tags?post=18890"}],"curies":[{"name":"wp","href":"https:\/\/api.w.org\/{rel}","templated":true}]}}