{"id":18712,"date":"2021-10-02T21:25:20","date_gmt":"2021-10-02T19:25:20","guid":{"rendered":"https:\/\/schoenstatt.com\/?p=18712"},"modified":"2025-08-19T20:04:16","modified_gmt":"2025-08-19T18:04:16","slug":"lebensbejaherin-im-interview","status":"publish","type":"post","link":"https:\/\/schoenstatt.com\/de\/lebensbejaherin-im-interview\/","title":{"rendered":"Lebensbejaherin im Interview"},"content":{"rendered":"<p>Die Rede ist von einer jungen Frau aus der Sch\u00f6nstatt-Bewegung, die ihr Apostolat als \u201eLebensbejaherin\u201c gefunden hat. Dass sie im Interview anonym bleiben m\u00f6chte, liegt daran, dass Gegner des Lebensschutzes auf Menschen wie sie inzwischen oft radikal mit Hetzkampagnen und mehr reagieren. Im Interview mit schoenstatt.de macht sie deutlich, was ihr wichtig ist.<\/p>\n<h3><strong>Sie haben jahrelange Erfahrung mit und Kontakt zu schwangeren Frauen in Not. Und Sie betonen Ihr christliches Wertefundament. W\u00fcrden Sie sich als Lebenssch\u00fctzerin bezeichnen?<\/strong><\/h3>\n<p>Das ist eine spannende Frage. Eigentlich bezeichne ich mich nicht so und tue mich etwas schwer mit dem Begriff. Denn inzwischen gibt es auch sehr extreme Richtungen unter den sogenannten Lebenssch\u00fctzern und mit diesen identifiziere ich mich nicht.<\/p>\n<p>Mir ist das ungeborene Leben wichtig. F\u00fcr mich beginnt es ab dem Zeitpunkt, in dem sich Ei- und Samenzelle verschmelzen. Es ist f\u00fcr mich ein Wunder, ab dann Leben und dementsprechend sch\u00fctzenswert. Ungeborenes Leben braucht F\u00fcrsprecher, eine Stimme, denn ein Kind im Mutterleib kann seine eigene Stimme ja noch nicht \u00e4u\u00dfern.<\/p>\n<h3><strong>Ist der Blick \u201enur\u201c auf das ungeborene Leben nicht zu einseitig?<\/strong><\/h3>\n<p>Manche Lebenssch\u00fctzer blicken nur auf das ungeborene Kind und nicht auf die schwangere Frau, ja verurteilen und moralisieren bisweilen ausschlie\u00dflich. Das ist nicht meine Haltung. Meiner Meinung nach kann ich Mutter und Kind nur zusammensehen. Ich vergleiche das mal so: Wir haben in Sch\u00f6nstatt eine Beziehung zu Maria, der Gottesmutter, und d\u00fcrfen die tiefe Verbundenheit zu ihrem Sohn sp\u00fcren. Wir glauben und erfahren, dass sie zu Christus f\u00fchrt. Es ist eine Herzensverbindung, etwas zutiefst Menschliches.<\/p>\n<p>Viele Schwangere sp\u00fcren und wissen im \u00dcbrigen um diese Verbindung zu ihrem Kind und sprechen davon. Deshalb treffen sie in der Regel keine leichtfertige Entscheidung.<\/p>\n<h3><strong>Wie w\u00fcrden Sie sich dann bezeichnen?<\/strong><\/h3>\n<p>Ich bezeichne mich als \u201eLebensbejaherin\u201c.<\/p>\n<p><img fetchpriority=\"high\" decoding=\"async\" class=\"aligncenter wp-image-18719 size-large\" src=\"https:\/\/schoenstatt.com\/wp-content\/uploads\/2021\/10\/cathopic_1520274913198722-1024x790.jpg\" alt=\"Baby\" width=\"800\" height=\"617\" \/><\/p>\n<h3><strong>Wie meinen Sie das? Was verstehen Sie darunter?<\/strong><\/h3>\n<p>Ich bejahe das Leben \u2013 in seiner F\u00fclle. Das Leben des Kindes und das Leben der Frau. Ich bejahe das Leben mit seinen H\u00f6hen und Tiefen, mit Freude und Leid. Insofern bejahe ich auch Konfliktsituationen und dass Frauen da hineingeraten k\u00f6nnen. Ich m\u00f6chte nicht schwarz-wei\u00df malen, sondern das Leben in all seinen Farben und Facetten betrachten und sch\u00e4tzen. Paradies ist eben woanders.<\/p>\n<p>Wenn ich schwangeren Frauen in Not begegnet bin, gibt es vieles, was sie an Sorge und Leid mitbringen. Das sehe ich und ich nehme es ernst. Die Frauen selbst befinden sich meist wie in einer inneren Zerrei\u00dfprobe und das Kind an sich ist in dem Sinne nicht das Problem, sondern vieles andere Drumherum, zum Beispiel der fehlende Schul- oder Berufsabschluss, die finanzielle Lage, \u00dcberforderung, keine Unterst\u00fctzung im Umfeld, Partnerschaftsprobleme, und so weiter. Ich schaue mit der Frau zusammen an, was ihr helfen k\u00f6nnte, besonders auch auf lange Sicht hin. Wir schauen was zu ihren \u00dcberzeugungen passt und wie so mancher Stein auf dem Weg wegger\u00e4umt werden k\u00f6nnte.<\/p>\n<h3><strong>Sie bejahen also die Situation der Schwangeren und des Kindes &#8230;<\/strong><\/h3>\n<p>Ja, ich bejahe das Leben, aber ich \u00fcberlasse mich nicht einfach dem Leben, sondern suche zugleich nach tragf\u00e4higen L\u00f6sungen und M\u00f6glichkeiten, die stimmig sind. Ich nehme das Leben sozusagen in die Hand. Ich bin der Meinung, eine Schwangere in Not hat ein Recht auf Hilfe und Unterst\u00fctzung, damit sie aus dem Konflikt herauskommt und ihr Leben wieder in die Hand nehmen kann. Da reicht manchmal schon ein offenes Ohr. Manchmal ist praktische Hilfe notwendig. Und manchmal braucht es ganz viel Unterst\u00fctzung, die sich in viele Lebensbereiche hinein erstreckt. Dann erst, wenn s\u00e4mtliche Steine aus dem Weg ger\u00e4umt werden k\u00f6nnen, ergibt sich die Chance, wirklich innerlich frei w\u00e4hlen zu k\u00f6nnen.<\/p>\n<h3><strong>Im Blick auf das politische Streitthema. Was empfinden Sie als schwierig?\u00a0<\/strong><\/h3>\n<p>\u00dcber die Forderungen der \u201eEntkriminalisierung von Schwangerschaftsabbr\u00fcchen\u201c oder beispielsweise \u201ereproduktiver Gesundheit\u201c kann man leicht dr\u00fcber lesen, wenn man sich mit der Terminologie nicht genauer besch\u00e4ftigt. Das kann sehr schnell irref\u00fchrend sein. Dahinter stecken oft ideologische Denkmuster, ein Feminismus, der nur das Leben der Frau als lebenswert betrachtet. Und es geht um ein Recht auf Abtreibung, sozusagen zu jeder Zeit.<\/p>\n<h3><strong>Und was macht diese angebliche Freiheit dann mit einer Schwangeren?<\/strong><\/h3>\n<p>Ein Beispiel: Mit Ablauf der 12-Wochenfrist f\u00e4llt bei vielen schwangeren Frauen eine Art Druck ab. Unter anderem, weil das Umfeld dann nicht mehr zu Abtreibung dr\u00e4ngen kann, oder weil damit eine Entscheidung steht. Fallen die umstrittenen Paragraphen weg, dann k\u00f6nnte f\u00fcr manche Schwangere der Druck bis zur Geburt bestehen bleiben, sich doch noch f\u00fcr eine Abtreibung entscheiden zu m\u00fcssen. Und das ist es ja, was innerlich unfrei macht. Frauen erleben sich unter gro\u00dfem Druck. Druck engt ein. Dahingegen sollten so viele Angebote wie m\u00f6glich f\u00fcr Frauen bestehen, damit sie wieder aufatmen und ein Leben mit Kind f\u00fcr m\u00f6glich und machbar erachten k\u00f6nnen.<\/p>\n<h3><strong>Christsein und politisch sein? Wie passt das f\u00fcr Sie zusammen?<\/strong><\/h3>\n<p>Ich lebe ja in dieser Welt und in dieser Gesellschaft und habe von Gott das Leben auf und in dieser Welt geschenkt bekommen. Damit habe ich zugleich einen Auftrag, erhalten. F\u00fcr mich geh\u00f6rt es dazu, aus meinem Christsein heraus gesellschaftliche Themen mitzugestalten. Sei es, wie wir mit unserer Erde umgehen, f\u00fcr Gerechtigkeit und Frieden einstehen oder unser Miteinander gestalten.<\/p>\n<p>Meine Wurzeln, mein Glaube, ist mein Fundament. Daraus lebe ich. Ich finde, dass wir als Christen die Augen offenhalten und wachsam sein m\u00fcssen, was die Gesellschaft bewegt.<\/p>\n<p>Und dann kommt die Freiheit ins Spiel: Jeder muss f\u00fcr sich selbst schauen: Wo setze ich mich ein und wie \u2013 eben auch entsprechend der eigenen F\u00e4higkeit und Berufung. So haben wir als Christen auch nicht alle dieselbe Meinung, weil wir einfach Individuen sind. Aber ich glaube, es gibt Werte, f\u00fcr die wir einstehen d\u00fcrfen und sollten. Daher m\u00f6chte ich auf dieses Thema aufmerksam machen. Ich m\u00f6chte aufmerksam machen, dass es hier um das Leben geht.<\/p>\n<h3><strong>Welche M\u00f6glichkeiten sehen Sie f\u00fcr sich, im Blick auf die Politik?<\/strong><\/h3>\n<p>Was mein Anliegen betrifft, von dem ich hier erz\u00e4hle: Da habe ich eine Petition unterschrieben (siehe unten). Denn ich kann und m\u00f6chte nicht still hinnehmen, was sich gerade tut. Ich m\u00f6chte mit meiner Unterschrift zumindest klar machen: Moment mal, ich denke nicht, dass es das Beste f\u00fcr schwangere Frauen ist, wenn sie bis zur Geburt die M\u00f6glichkeit haben, abzutreiben. Ich unterst\u00fctze diese Str\u00f6mungen nicht und ich m\u00f6chte daher f\u00fcr die Kinder einstehen, die im Mutterleib bereits leben!<\/p>\n<h3><strong>Eine Frage zum Schluss: Welche Welt w\u00fcnschen Sie sich \u2013 im Hinblick auf das Thema Lebensschutz?\u00a0<\/strong><\/h3>\n<p>Dass wir Christen unsere von Gott geschenkte W\u00fcrde nicht vergessen und somit f\u00fcr ein menschenw\u00fcrdiges Leben von Beginn an und bis zum Tod einstehen. Dass M\u00e4dchen und Frauen starke Pers\u00f6nlichkeiten sein d\u00fcrfen und ein Recht auf Hilfe haben \u2013 auch und gerade in einem Schwangerschaftskonflikt. Ich w\u00fcnsche mir weniger Schubladendenken und Verurteilung, sondern mehr offene Herzen. Ich w\u00fcnsche mir eine kinder- und familienfreundliche Gesellschaft, in der Kinder bekommen nicht bis aufs \u00e4u\u00dferste geplant wird und wenn es anders kommt, dann \u201edas Kartenhaus zusammenf\u00e4llt\u201c. Ich w\u00fcnsche mir mehr Unterst\u00fctzung f\u00fcr Familien und alleinerziehende M\u00fctter. Ich w\u00fcnsche mir, dass jedes Kind willkommen ist!<\/p>\n<p><strong>Vielen Dank f\u00fcr dieses Gespr\u00e4ch und ihr Engagement.<\/strong><\/p>\n","protected":false},"excerpt":{"rendered":"<p>Sie engagiert sich in der Beratung von Frauen, die ungewollt schwanger werden und dadurch in Not geraten<\/p>\n","protected":false},"author":3,"featured_media":18715,"comment_status":"closed","ping_status":"open","sticky":false,"template":"","format":"standard","meta":{"footnotes":""},"categories":[874,918,910],"tags":[774,1255,1216,755,1213],"class_list":["post-18712","post","type-post","status-publish","format-standard","has-post-thumbnail","hentry","category-familie-de","category-frauen-de","category-gesellschaft-de","tag-familie-de","tag-frauen-de","tag-gesellschaft-de","tag-soziales-de","tag-soziales-projekt-de"],"yoast_head":"<!-- This site is optimized with the Yoast SEO Premium plugin v27.4 (Yoast SEO v27.5) - https:\/\/yoast.com\/product\/yoast-seo-premium-wordpress\/ -->\n<title>Lebensbejaherin im Interview - Schoenstatt<\/title>\n<meta name=\"description\" content=\"Eine junge Frau aus der Sch\u00f6nstatt-Bewegung, deren Einsatz aus ihrem Glauben an den Gott des Lebens motiviert ist.\" \/>\n<meta name=\"robots\" content=\"index, follow, max-snippet:-1, max-image-preview:large, max-video-preview:-1\" \/>\n<link rel=\"canonical\" href=\"https:\/\/schoenstatt.com\/de\/lebensbejaherin-im-interview\/\" \/>\n<meta property=\"og:locale\" content=\"de_DE\" \/>\n<meta property=\"og:type\" content=\"article\" \/>\n<meta property=\"og:title\" content=\"Lebensbejaherin im Interview\" \/>\n<meta property=\"og:description\" content=\"Eine junge Frau aus der Sch\u00f6nstatt-Bewegung, deren Einsatz aus ihrem Glauben an den Gott des Lebens motiviert ist.\" \/>\n<meta property=\"og:url\" content=\"https:\/\/schoenstatt.com\/de\/lebensbejaherin-im-interview\/\" \/>\n<meta property=\"og:site_name\" content=\"Schoenstatt\" \/>\n<meta property=\"article:published_time\" content=\"2021-10-02T19:25:20+00:00\" \/>\n<meta property=\"article:modified_time\" content=\"2025-08-19T18:04:16+00:00\" \/>\n<meta property=\"og:image\" content=\"https:\/\/schoenstatt.com\/wp-content\/uploads\/2021\/10\/cathopic_1493658149729310-scaled-1.jpg\" \/>\n\t<meta property=\"og:image:width\" content=\"2560\" \/>\n\t<meta property=\"og:image:height\" content=\"1702\" \/>\n\t<meta property=\"og:image:type\" content=\"image\/jpeg\" \/>\n<meta name=\"author\" content=\"Karen Bueno\" \/>\n<meta name=\"twitter:card\" content=\"summary_large_image\" \/>\n<meta name=\"twitter:label1\" content=\"Verfasst von\" \/>\n\t<meta name=\"twitter:data1\" content=\"Karen Bueno\" \/>\n\t<meta name=\"twitter:label2\" content=\"Gesch\u00e4tzte Lesezeit\" \/>\n\t<meta name=\"twitter:data2\" content=\"6\u00a0Minuten\" \/>\n<script type=\"application\/ld+json\" class=\"yoast-schema-graph\">{\"@context\":\"https:\\\/\\\/schema.org\",\"@graph\":[{\"@type\":\"Article\",\"@id\":\"https:\\\/\\\/schoenstatt.com\\\/de\\\/lebensbejaherin-im-interview\\\/#article\",\"isPartOf\":{\"@id\":\"https:\\\/\\\/schoenstatt.com\\\/de\\\/lebensbejaherin-im-interview\\\/\"},\"author\":{\"name\":\"Karen Bueno\",\"@id\":\"https:\\\/\\\/schoenstatt.com\\\/de\\\/#\\\/schema\\\/person\\\/5158877ad4acae98b34daaeef2a1ce6e\"},\"headline\":\"Lebensbejaherin im Interview\",\"datePublished\":\"2021-10-02T19:25:20+00:00\",\"dateModified\":\"2025-08-19T18:04:16+00:00\",\"mainEntityOfPage\":{\"@id\":\"https:\\\/\\\/schoenstatt.com\\\/de\\\/lebensbejaherin-im-interview\\\/\"},\"wordCount\":1245,\"publisher\":{\"@id\":\"https:\\\/\\\/schoenstatt.com\\\/de\\\/#organization\"},\"image\":{\"@id\":\"https:\\\/\\\/schoenstatt.com\\\/de\\\/lebensbejaherin-im-interview\\\/#primaryimage\"},\"thumbnailUrl\":\"https:\\\/\\\/schoenstatt.com\\\/wp-content\\\/uploads\\\/2021\\\/10\\\/cathopic_1493658149729310-scaled-1.jpg\",\"keywords\":[\"Familie\",\"Frauen\",\"Gesellschaft\",\"Soziales\",\"Soziales Projekt\"],\"articleSection\":[\"Familie\",\"Frauen\",\"Gesellschaft\"],\"inLanguage\":\"de\"},{\"@type\":\"WebPage\",\"@id\":\"https:\\\/\\\/schoenstatt.com\\\/de\\\/lebensbejaherin-im-interview\\\/\",\"url\":\"https:\\\/\\\/schoenstatt.com\\\/de\\\/lebensbejaherin-im-interview\\\/\",\"name\":\"Lebensbejaherin im Interview - Schoenstatt\",\"isPartOf\":{\"@id\":\"https:\\\/\\\/schoenstatt.com\\\/de\\\/#website\"},\"primaryImageOfPage\":{\"@id\":\"https:\\\/\\\/schoenstatt.com\\\/de\\\/lebensbejaherin-im-interview\\\/#primaryimage\"},\"image\":{\"@id\":\"https:\\\/\\\/schoenstatt.com\\\/de\\\/lebensbejaherin-im-interview\\\/#primaryimage\"},\"thumbnailUrl\":\"https:\\\/\\\/schoenstatt.com\\\/wp-content\\\/uploads\\\/2021\\\/10\\\/cathopic_1493658149729310-scaled-1.jpg\",\"datePublished\":\"2021-10-02T19:25:20+00:00\",\"dateModified\":\"2025-08-19T18:04:16+00:00\",\"description\":\"Eine junge Frau aus der Sch\u00f6nstatt-Bewegung, deren Einsatz aus ihrem Glauben an den Gott des Lebens motiviert ist.\",\"breadcrumb\":{\"@id\":\"https:\\\/\\\/schoenstatt.com\\\/de\\\/lebensbejaherin-im-interview\\\/#breadcrumb\"},\"inLanguage\":\"de\",\"potentialAction\":[{\"@type\":\"ReadAction\",\"target\":[\"https:\\\/\\\/schoenstatt.com\\\/de\\\/lebensbejaherin-im-interview\\\/\"]}]},{\"@type\":\"ImageObject\",\"inLanguage\":\"de\",\"@id\":\"https:\\\/\\\/schoenstatt.com\\\/de\\\/lebensbejaherin-im-interview\\\/#primaryimage\",\"url\":\"https:\\\/\\\/schoenstatt.com\\\/wp-content\\\/uploads\\\/2021\\\/10\\\/cathopic_1493658149729310-scaled-1.jpg\",\"contentUrl\":\"https:\\\/\\\/schoenstatt.com\\\/wp-content\\\/uploads\\\/2021\\\/10\\\/cathopic_1493658149729310-scaled-1.jpg\",\"width\":2560,\"height\":1702,\"caption\":\"Lebensbejaherin\"},{\"@type\":\"BreadcrumbList\",\"@id\":\"https:\\\/\\\/schoenstatt.com\\\/de\\\/lebensbejaherin-im-interview\\\/#breadcrumb\",\"itemListElement\":[{\"@type\":\"ListItem\",\"position\":1,\"name\":\"Portada\",\"item\":\"https:\\\/\\\/schoenstatt.com\\\/de\\\/home\\\/\"},{\"@type\":\"ListItem\",\"position\":2,\"name\":\"Lebensbejaherin im Interview\"}]},{\"@type\":\"WebSite\",\"@id\":\"https:\\\/\\\/schoenstatt.com\\\/de\\\/#website\",\"url\":\"https:\\\/\\\/schoenstatt.com\\\/de\\\/\",\"name\":\"Schoenstatt\",\"description\":\"Apostolic Movement\",\"publisher\":{\"@id\":\"https:\\\/\\\/schoenstatt.com\\\/de\\\/#organization\"},\"potentialAction\":[{\"@type\":\"SearchAction\",\"target\":{\"@type\":\"EntryPoint\",\"urlTemplate\":\"https:\\\/\\\/schoenstatt.com\\\/de\\\/?s={search_term_string}\"},\"query-input\":{\"@type\":\"PropertyValueSpecification\",\"valueRequired\":true,\"valueName\":\"search_term_string\"}}],\"inLanguage\":\"de\"},{\"@type\":\"Organization\",\"@id\":\"https:\\\/\\\/schoenstatt.com\\\/de\\\/#organization\",\"name\":\"Schoenstatt\",\"url\":\"https:\\\/\\\/schoenstatt.com\\\/de\\\/\",\"logo\":{\"@type\":\"ImageObject\",\"inLanguage\":\"de\",\"@id\":\"https:\\\/\\\/schoenstatt.com\\\/de\\\/#\\\/schema\\\/logo\\\/image\\\/\",\"url\":\"https:\\\/\\\/schoenstatt.com\\\/wp-content\\\/uploads\\\/2025\\\/04\\\/logo-schoenstatt-white-696x696-1.png\",\"contentUrl\":\"https:\\\/\\\/schoenstatt.com\\\/wp-content\\\/uploads\\\/2025\\\/04\\\/logo-schoenstatt-white-696x696-1.png\",\"width\":696,\"height\":694,\"caption\":\"Schoenstatt\"},\"image\":{\"@id\":\"https:\\\/\\\/schoenstatt.com\\\/de\\\/#\\\/schema\\\/logo\\\/image\\\/\"}},{\"@type\":\"Person\",\"@id\":\"https:\\\/\\\/schoenstatt.com\\\/de\\\/#\\\/schema\\\/person\\\/5158877ad4acae98b34daaeef2a1ce6e\",\"name\":\"Karen Bueno\",\"image\":{\"@type\":\"ImageObject\",\"inLanguage\":\"de\",\"@id\":\"https:\\\/\\\/secure.gravatar.com\\\/avatar\\\/f9f4b823873154269d2b2130f195f6d41037dd0d7fc5f3cacb5c846bae70d66b?s=96&d=mm&r=g\",\"url\":\"https:\\\/\\\/secure.gravatar.com\\\/avatar\\\/f9f4b823873154269d2b2130f195f6d41037dd0d7fc5f3cacb5c846bae70d66b?s=96&d=mm&r=g\",\"contentUrl\":\"https:\\\/\\\/secure.gravatar.com\\\/avatar\\\/f9f4b823873154269d2b2130f195f6d41037dd0d7fc5f3cacb5c846bae70d66b?s=96&d=mm&r=g\",\"caption\":\"Karen Bueno\"},\"url\":\"https:\\\/\\\/schoenstatt.com\\\/de\\\/author\\\/karen-bueno\\\/\"}]}<\/script>\n<!-- \/ Yoast SEO Premium plugin. -->","yoast_head_json":{"title":"Lebensbejaherin im Interview - Schoenstatt","description":"Eine junge Frau aus der Sch\u00f6nstatt-Bewegung, deren Einsatz aus ihrem Glauben an den Gott des Lebens motiviert ist.","robots":{"index":"index","follow":"follow","max-snippet":"max-snippet:-1","max-image-preview":"max-image-preview:large","max-video-preview":"max-video-preview:-1"},"canonical":"https:\/\/schoenstatt.com\/de\/lebensbejaherin-im-interview\/","og_locale":"de_DE","og_type":"article","og_title":"Lebensbejaherin im Interview","og_description":"Eine junge Frau aus der Sch\u00f6nstatt-Bewegung, deren Einsatz aus ihrem Glauben an den Gott des Lebens motiviert ist.","og_url":"https:\/\/schoenstatt.com\/de\/lebensbejaherin-im-interview\/","og_site_name":"Schoenstatt","article_published_time":"2021-10-02T19:25:20+00:00","article_modified_time":"2025-08-19T18:04:16+00:00","og_image":[{"width":2560,"height":1702,"url":"https:\/\/schoenstatt.com\/wp-content\/uploads\/2021\/10\/cathopic_1493658149729310-scaled-1.jpg","type":"image\/jpeg"}],"author":"Karen Bueno","twitter_card":"summary_large_image","twitter_misc":{"Verfasst von":"Karen Bueno","Gesch\u00e4tzte Lesezeit":"6\u00a0Minuten"},"schema":{"@context":"https:\/\/schema.org","@graph":[{"@type":"Article","@id":"https:\/\/schoenstatt.com\/de\/lebensbejaherin-im-interview\/#article","isPartOf":{"@id":"https:\/\/schoenstatt.com\/de\/lebensbejaherin-im-interview\/"},"author":{"name":"Karen Bueno","@id":"https:\/\/schoenstatt.com\/de\/#\/schema\/person\/5158877ad4acae98b34daaeef2a1ce6e"},"headline":"Lebensbejaherin im Interview","datePublished":"2021-10-02T19:25:20+00:00","dateModified":"2025-08-19T18:04:16+00:00","mainEntityOfPage":{"@id":"https:\/\/schoenstatt.com\/de\/lebensbejaherin-im-interview\/"},"wordCount":1245,"publisher":{"@id":"https:\/\/schoenstatt.com\/de\/#organization"},"image":{"@id":"https:\/\/schoenstatt.com\/de\/lebensbejaherin-im-interview\/#primaryimage"},"thumbnailUrl":"https:\/\/schoenstatt.com\/wp-content\/uploads\/2021\/10\/cathopic_1493658149729310-scaled-1.jpg","keywords":["Familie","Frauen","Gesellschaft","Soziales","Soziales Projekt"],"articleSection":["Familie","Frauen","Gesellschaft"],"inLanguage":"de"},{"@type":"WebPage","@id":"https:\/\/schoenstatt.com\/de\/lebensbejaherin-im-interview\/","url":"https:\/\/schoenstatt.com\/de\/lebensbejaherin-im-interview\/","name":"Lebensbejaherin im Interview - Schoenstatt","isPartOf":{"@id":"https:\/\/schoenstatt.com\/de\/#website"},"primaryImageOfPage":{"@id":"https:\/\/schoenstatt.com\/de\/lebensbejaherin-im-interview\/#primaryimage"},"image":{"@id":"https:\/\/schoenstatt.com\/de\/lebensbejaherin-im-interview\/#primaryimage"},"thumbnailUrl":"https:\/\/schoenstatt.com\/wp-content\/uploads\/2021\/10\/cathopic_1493658149729310-scaled-1.jpg","datePublished":"2021-10-02T19:25:20+00:00","dateModified":"2025-08-19T18:04:16+00:00","description":"Eine junge Frau aus der Sch\u00f6nstatt-Bewegung, deren Einsatz aus ihrem Glauben an den Gott des Lebens motiviert ist.","breadcrumb":{"@id":"https:\/\/schoenstatt.com\/de\/lebensbejaherin-im-interview\/#breadcrumb"},"inLanguage":"de","potentialAction":[{"@type":"ReadAction","target":["https:\/\/schoenstatt.com\/de\/lebensbejaherin-im-interview\/"]}]},{"@type":"ImageObject","inLanguage":"de","@id":"https:\/\/schoenstatt.com\/de\/lebensbejaherin-im-interview\/#primaryimage","url":"https:\/\/schoenstatt.com\/wp-content\/uploads\/2021\/10\/cathopic_1493658149729310-scaled-1.jpg","contentUrl":"https:\/\/schoenstatt.com\/wp-content\/uploads\/2021\/10\/cathopic_1493658149729310-scaled-1.jpg","width":2560,"height":1702,"caption":"Lebensbejaherin"},{"@type":"BreadcrumbList","@id":"https:\/\/schoenstatt.com\/de\/lebensbejaherin-im-interview\/#breadcrumb","itemListElement":[{"@type":"ListItem","position":1,"name":"Portada","item":"https:\/\/schoenstatt.com\/de\/home\/"},{"@type":"ListItem","position":2,"name":"Lebensbejaherin im Interview"}]},{"@type":"WebSite","@id":"https:\/\/schoenstatt.com\/de\/#website","url":"https:\/\/schoenstatt.com\/de\/","name":"Schoenstatt","description":"Apostolic Movement","publisher":{"@id":"https:\/\/schoenstatt.com\/de\/#organization"},"potentialAction":[{"@type":"SearchAction","target":{"@type":"EntryPoint","urlTemplate":"https:\/\/schoenstatt.com\/de\/?s={search_term_string}"},"query-input":{"@type":"PropertyValueSpecification","valueRequired":true,"valueName":"search_term_string"}}],"inLanguage":"de"},{"@type":"Organization","@id":"https:\/\/schoenstatt.com\/de\/#organization","name":"Schoenstatt","url":"https:\/\/schoenstatt.com\/de\/","logo":{"@type":"ImageObject","inLanguage":"de","@id":"https:\/\/schoenstatt.com\/de\/#\/schema\/logo\/image\/","url":"https:\/\/schoenstatt.com\/wp-content\/uploads\/2025\/04\/logo-schoenstatt-white-696x696-1.png","contentUrl":"https:\/\/schoenstatt.com\/wp-content\/uploads\/2025\/04\/logo-schoenstatt-white-696x696-1.png","width":696,"height":694,"caption":"Schoenstatt"},"image":{"@id":"https:\/\/schoenstatt.com\/de\/#\/schema\/logo\/image\/"}},{"@type":"Person","@id":"https:\/\/schoenstatt.com\/de\/#\/schema\/person\/5158877ad4acae98b34daaeef2a1ce6e","name":"Karen Bueno","image":{"@type":"ImageObject","inLanguage":"de","@id":"https:\/\/secure.gravatar.com\/avatar\/f9f4b823873154269d2b2130f195f6d41037dd0d7fc5f3cacb5c846bae70d66b?s=96&d=mm&r=g","url":"https:\/\/secure.gravatar.com\/avatar\/f9f4b823873154269d2b2130f195f6d41037dd0d7fc5f3cacb5c846bae70d66b?s=96&d=mm&r=g","contentUrl":"https:\/\/secure.gravatar.com\/avatar\/f9f4b823873154269d2b2130f195f6d41037dd0d7fc5f3cacb5c846bae70d66b?s=96&d=mm&r=g","caption":"Karen Bueno"},"url":"https:\/\/schoenstatt.com\/de\/author\/karen-bueno\/"}]}},"_links":{"self":[{"href":"https:\/\/schoenstatt.com\/de\/wp-json\/wp\/v2\/posts\/18712","targetHints":{"allow":["GET"]}}],"collection":[{"href":"https:\/\/schoenstatt.com\/de\/wp-json\/wp\/v2\/posts"}],"about":[{"href":"https:\/\/schoenstatt.com\/de\/wp-json\/wp\/v2\/types\/post"}],"author":[{"embeddable":true,"href":"https:\/\/schoenstatt.com\/de\/wp-json\/wp\/v2\/users\/3"}],"replies":[{"embeddable":true,"href":"https:\/\/schoenstatt.com\/de\/wp-json\/wp\/v2\/comments?post=18712"}],"version-history":[{"count":1,"href":"https:\/\/schoenstatt.com\/de\/wp-json\/wp\/v2\/posts\/18712\/revisions"}],"predecessor-version":[{"id":44725,"href":"https:\/\/schoenstatt.com\/de\/wp-json\/wp\/v2\/posts\/18712\/revisions\/44725"}],"wp:featuredmedia":[{"embeddable":true,"href":"https:\/\/schoenstatt.com\/de\/wp-json\/wp\/v2\/media\/18715"}],"wp:attachment":[{"href":"https:\/\/schoenstatt.com\/de\/wp-json\/wp\/v2\/media?parent=18712"}],"wp:term":[{"taxonomy":"category","embeddable":true,"href":"https:\/\/schoenstatt.com\/de\/wp-json\/wp\/v2\/categories?post=18712"},{"taxonomy":"post_tag","embeddable":true,"href":"https:\/\/schoenstatt.com\/de\/wp-json\/wp\/v2\/tags?post=18712"}],"curies":[{"name":"wp","href":"https:\/\/api.w.org\/{rel}","templated":true}]}}